{"id":46103,"date":"2022-10-06T09:13:15","date_gmt":"2022-10-06T12:13:15","guid":{"rendered":"http:\/\/lahoradelcampo.com.uy\/site\/?p=46103"},"modified":"2022-10-06T09:13:19","modified_gmt":"2022-10-06T12:13:19","slug":"luego-de-dos-subas-consecutivas-los-lacteos-volvieron-a-caer","status":"publish","type":"post","link":"https:\/\/lahoradelcampo.com.uy\/site\/luego-de-dos-subas-consecutivas-los-lacteos-volvieron-a-caer\/","title":{"rendered":"Luego de dos subas consecutivas, los l\u00e1cteos volvieron a caer"},"content":{"rendered":"\n<figure class=\"wp-block-image\"><img data-recalc-dims=\"1\" loading=\"lazy\" decoding=\"async\" width=\"810\" height=\"810\" data-attachment-id=\"46105\" data-permalink=\"https:\/\/lahoradelcampo.com.uy\/site\/luego-de-dos-subas-consecutivas-los-lacteos-volvieron-a-caer\/fonterra317\/\" data-orig-file=\"https:\/\/i0.wp.com\/lahoradelcampo.com.uy\/site\/wp-content\/uploads\/2022\/10\/Fonterra317.jpg?fit=945%2C945&amp;ssl=1\" data-orig-size=\"945,945\" data-comments-opened=\"1\" data-image-meta=\"{&quot;aperture&quot;:&quot;0&quot;,&quot;credit&quot;:&quot;&quot;,&quot;camera&quot;:&quot;&quot;,&quot;caption&quot;:&quot;&quot;,&quot;created_timestamp&quot;:&quot;0&quot;,&quot;copyright&quot;:&quot;&quot;,&quot;focal_length&quot;:&quot;0&quot;,&quot;iso&quot;:&quot;0&quot;,&quot;shutter_speed&quot;:&quot;0&quot;,&quot;title&quot;:&quot;&quot;,&quot;orientation&quot;:&quot;1&quot;}\" data-image-title=\"Fonterra317\" data-image-description=\"\" data-image-caption=\"\" data-large-file=\"https:\/\/i0.wp.com\/lahoradelcampo.com.uy\/site\/wp-content\/uploads\/2022\/10\/Fonterra317.jpg?fit=810%2C810&amp;ssl=1\" src=\"https:\/\/i0.wp.com\/lahoradelcampo.com.uy\/site\/wp-content\/uploads\/2022\/10\/Fonterra317.jpg?resize=810%2C810\" alt=\"\" class=\"wp-image-46105\" srcset=\"https:\/\/i0.wp.com\/lahoradelcampo.com.uy\/site\/wp-content\/uploads\/2022\/10\/Fonterra317.jpg?w=945&amp;ssl=1 945w, https:\/\/i0.wp.com\/lahoradelcampo.com.uy\/site\/wp-content\/uploads\/2022\/10\/Fonterra317.jpg?resize=150%2C150&amp;ssl=1 150w, https:\/\/i0.wp.com\/lahoradelcampo.com.uy\/site\/wp-content\/uploads\/2022\/10\/Fonterra317.jpg?resize=300%2C300&amp;ssl=1 300w, https:\/\/i0.wp.com\/lahoradelcampo.com.uy\/site\/wp-content\/uploads\/2022\/10\/Fonterra317.jpg?resize=768%2C768&amp;ssl=1 768w\" sizes=\"auto, (max-width: 810px) 100vw, 810px\" \/><\/figure>\n\n\n\n<p>El evento 317 de la plataforma electr\u00f3nica GlobalDairyTrade registr\u00f3 una ca\u00edda del 3,5% tras dos subas consecutivas en las licitaciones anteriores; con un aumento de la oferta y una menor operativa de los compradores del norte asi\u00e1tico. El promedio de los l\u00e1cteos comercializados fue de US$ 3.911 por tonelada.<br><\/p>\n\n\n\n<p>El volumen total de todos los productos vendidos lleg\u00f3 a 30.852 toneladas, un incremento del 18,2% respecto a la subasta previa. La leche en polvo entera (LPE) represent\u00f3 el 49,6% del volumen comercializado, sumando 14.899 toneladas. Este total implica una suba del 22% entre subastas y un 1,6% menos que lo comercializado en la primera semana de octubre del a\u00f1o pasado. La LPE cotiz\u00f3 a US$ 3.573 por tonelada, 4,3% por debajo de la subasta anterior.<br><\/p>\n\n\n\n<p>El volumen de participaci\u00f3n del Norte de Asia, principalmente China, fue del 37,9% en la comercializaci\u00f3n del d\u00eda de ayer. Este porcentaje sigue bastante por debajo del promedio de los \u00faltimos 4 a\u00f1os, cuando particip\u00f3 del 52,2%. <br><\/p>\n\n\n\n<p>Se sigue notando claramente la baja presencia en las compras de China que podr\u00eda traer una mejora de precios.<br><\/p>\n\n\n\n<p>En el caso de la leche en polvo descremada, el promedio registrado ayer fue de US$ 3.497 por tonelada, valor que se posiciona un 1,6% por debajo de la subasta previa. El cheddar cay\u00f3 un 3,8% y se ubic\u00f3 en US$ 4.966 por tonelada, mientras que la manteca cerr\u00f3 en US$ 4.983 por tonelada, siendo el producto de mayor ca\u00edda en la jornada de ayer, un 7%. <\/p>\n\n\n\n<p>Salto, jueves 6 de octubre de 2022<\/p>\n","protected":false},"excerpt":{"rendered":"<p>El evento 317 de la plataforma electr\u00f3nica GlobalDairyTrade registr\u00f3 una ca\u00edda del 3,5% tras dos subas consecutivas en las licitaciones anteriores; con un aumento de la oferta y una menor [&hellip;]<\/p>\n","protected":false},"author":5,"featured_media":30286,"comment_status":"open","ping_status":"open","sticky":false,"template":"","format":"standard","meta":{"_price":"","_stock":"","_tribe_ticket_header":"","_tribe_default_ticket_provider":"","_tribe_ticket_capacity":"0","_ticket_start_date":"","_ticket_end_date":"","_tribe_ticket_show_description":"","_tribe_ticket_show_not_going":false,"_tribe_ticket_use_global_stock":"","_tribe_ticket_global_stock_level":"","_global_stock_mode":"","_global_stock_cap":"","_tribe_rsvp_for_event":"","_tribe_ticket_going_count":"","_tribe_ticket_not_going_count":"","_tribe_tickets_list":"[]","_tribe_ticket_has_attendee_info_fields":false,"h5ap_radio_sources":[],"_jetpack_newsletter_access":"","_jetpack_dont_email_post_to_subs":false,"_jetpack_newsletter_tier_id":0,"_jetpack_memberships_contains_paywalled_content":false,"_jetpack_memberships_contains_paid_content":false,"footnotes":""},"categories":[21,11],"tags":[],"class_list":["post-46103","post","type-post","status-publish","format-standard","has-post-thumbnail","hentry","category-actualidad","category-lecheria"],"jetpack_featured_media_url":"https:\/\/i0.wp.com\/lahoradelcampo.com.uy\/site\/wp-content\/uploads\/2021\/05\/Fonterra1.jpg?fit=880%2C440&ssl=1","jetpack_sharing_enabled":true,"jetpack_shortlink":"https:\/\/wp.me\/p99IaT-bZB","jetpack-related-posts":[{"id":55041,"url":"https:\/\/lahoradelcampo.com.uy\/site\/lpe-comienza-noviembre-con-suba-del-44-en-la-licitacion-de-gdt\/","url_meta":{"origin":46103,"position":0},"title":"LPE comienza noviembre con suba del 4,4% en la licitaci\u00f3n de GDT","author":"La Hora del Campo","date":"6 noviembre, 2024","format":false,"excerpt":"La licitaci\u00f3n 367 de la plataforma electr\u00f3nica Global Dairy Trade (GDT), la primera del mes de noviembre cerr\u00f3 con subas en el promedio general de todos los l\u00e1cteos, as\u00ed como tambi\u00e9n para los principales productos de exportaci\u00f3n de nuestro pa\u00eds. El promedio ponderado para todos los l\u00e1cteos, donde mayormente se\u2026","rel":"","context":"En \u00abActualidad\u00bb","block_context":{"text":"Actualidad","link":"https:\/\/lahoradelcampo.com.uy\/site\/category\/actualidad\/"},"img":{"alt_text":"","src":"https:\/\/i0.wp.com\/lahoradelcampo.com.uy\/site\/wp-content\/uploads\/2024\/11\/Fonterra-noviembre.jpg?fit=880%2C440&ssl=1&resize=350%2C200","width":350,"height":200,"srcset":"https:\/\/i0.wp.com\/lahoradelcampo.com.uy\/site\/wp-content\/uploads\/2024\/11\/Fonterra-noviembre.jpg?fit=880%2C440&ssl=1&resize=350%2C200 1x, https:\/\/i0.wp.com\/lahoradelcampo.com.uy\/site\/wp-content\/uploads\/2024\/11\/Fonterra-noviembre.jpg?fit=880%2C440&ssl=1&resize=525%2C300 1.5x, https:\/\/i0.wp.com\/lahoradelcampo.com.uy\/site\/wp-content\/uploads\/2024\/11\/Fonterra-noviembre.jpg?fit=880%2C440&ssl=1&resize=700%2C400 2x"},"classes":[]},{"id":56115,"url":"https:\/\/lahoradelcampo.com.uy\/site\/luego-de-cuatro-subas-consecutivas-los-lacteos-caen-levemente\/","url_meta":{"origin":46103,"position":1},"title":"Luego de cuatro subas consecutivas los l\u00e1cteos caen levemente","author":"La Hora del Campo","date":"25 mayo, 2025","format":false,"excerpt":"En la licitaci\u00f3n 380 de la plataforma electr\u00f3nica Global Dairy Trade (GDT), la segunda del mes de mayo revirti\u00f3 las subas consecutivas que se ven\u00edan registrando tanto para la leche en polvo entera como descremada. Las bajas tambi\u00e9n alcanzaron al Cheddar y la manteca, pero no as\u00ed al queso Mozzarella,\u2026","rel":"","context":"En \u00abActualidad\u00bb","block_context":{"text":"Actualidad","link":"https:\/\/lahoradelcampo.com.uy\/site\/category\/actualidad\/"},"img":{"alt_text":"","src":"https:\/\/i0.wp.com\/lahoradelcampo.com.uy\/site\/wp-content\/uploads\/2025\/05\/Fonterra-2damayo.jpg?fit=880%2C440&ssl=1&resize=350%2C200","width":350,"height":200,"srcset":"https:\/\/i0.wp.com\/lahoradelcampo.com.uy\/site\/wp-content\/uploads\/2025\/05\/Fonterra-2damayo.jpg?fit=880%2C440&ssl=1&resize=350%2C200 1x, https:\/\/i0.wp.com\/lahoradelcampo.com.uy\/site\/wp-content\/uploads\/2025\/05\/Fonterra-2damayo.jpg?fit=880%2C440&ssl=1&resize=525%2C300 1.5x, https:\/\/i0.wp.com\/lahoradelcampo.com.uy\/site\/wp-content\/uploads\/2025\/05\/Fonterra-2damayo.jpg?fit=880%2C440&ssl=1&resize=700%2C400 2x"},"classes":[]},{"id":55419,"url":"https:\/\/lahoradelcampo.com.uy\/site\/el-ano-inicia-con-baja-en-los-lacteos-a-nivel-internacional\/","url_meta":{"origin":46103,"position":2},"title":"El a\u00f1o inicia con baja en los l\u00e1cteos a nivel internacional","author":"La Hora del Campo","date":"8 enero, 2025","format":false,"excerpt":"La licitaci\u00f3n 371 de la plataforma electr\u00f3nica Global Dairy Trade (GDT), la primera del 2025 cerr\u00f3 con nuevos descensos en el promedio general de todos los l\u00e1cteos, as\u00ed como tambi\u00e9n para los principales productos de exportaci\u00f3n de Uruguay, salvo en los quesos. Recordemos que luego de varias licitaciones con subas\u2026","rel":"","context":"En \u00abActualidad\u00bb","block_context":{"text":"Actualidad","link":"https:\/\/lahoradelcampo.com.uy\/site\/category\/actualidad\/"},"img":{"alt_text":"","src":"https:\/\/i0.wp.com\/lahoradelcampo.com.uy\/site\/wp-content\/uploads\/2025\/01\/fonterra-1radenenero.jpg?fit=880%2C440&ssl=1&resize=350%2C200","width":350,"height":200,"srcset":"https:\/\/i0.wp.com\/lahoradelcampo.com.uy\/site\/wp-content\/uploads\/2025\/01\/fonterra-1radenenero.jpg?fit=880%2C440&ssl=1&resize=350%2C200 1x, https:\/\/i0.wp.com\/lahoradelcampo.com.uy\/site\/wp-content\/uploads\/2025\/01\/fonterra-1radenenero.jpg?fit=880%2C440&ssl=1&resize=525%2C300 1.5x, https:\/\/i0.wp.com\/lahoradelcampo.com.uy\/site\/wp-content\/uploads\/2025\/01\/fonterra-1radenenero.jpg?fit=880%2C440&ssl=1&resize=700%2C400 2x"},"classes":[]},{"id":47023,"url":"https:\/\/lahoradelcampo.com.uy\/site\/gdt-quebro-la-baja-de-las-ultimas-tres-ventas-consecutivas\/","url_meta":{"origin":46103,"position":3},"title":"GDT quebr\u00f3 la baja de las \u00faltimas tres ventas consecutivas","author":"La Hora del Campo","date":"17 noviembre, 2022","format":false,"excerpt":"La plataforma electr\u00f3nica Global Dairy Trade (GDT) realiz\u00f3 este martes su licitaci\u00f3n de productos l\u00e1cteos n\u00famero 320, la segunda del mes de noviembre, donde se quebr\u00f3 la tendencia bajista que tra\u00eda el promedio de los l\u00e1cteos en las tres \u00faltimas subastas consecutivas. En esta venta, el volumen de productos ofertados\u2026","rel":"","context":"En \u00abActualidad\u00bb","block_context":{"text":"Actualidad","link":"https:\/\/lahoradelcampo.com.uy\/site\/category\/actualidad\/"},"img":{"alt_text":"","src":"https:\/\/i0.wp.com\/lahoradelcampo.com.uy\/site\/wp-content\/uploads\/2019\/09\/fonterra-3.jpg?fit=880%2C440&ssl=1&resize=350%2C200","width":350,"height":200,"srcset":"https:\/\/i0.wp.com\/lahoradelcampo.com.uy\/site\/wp-content\/uploads\/2019\/09\/fonterra-3.jpg?fit=880%2C440&ssl=1&resize=350%2C200 1x, https:\/\/i0.wp.com\/lahoradelcampo.com.uy\/site\/wp-content\/uploads\/2019\/09\/fonterra-3.jpg?fit=880%2C440&ssl=1&resize=525%2C300 1.5x, https:\/\/i0.wp.com\/lahoradelcampo.com.uy\/site\/wp-content\/uploads\/2019\/09\/fonterra-3.jpg?fit=880%2C440&ssl=1&resize=700%2C400 2x"},"classes":[]},{"id":55141,"url":"https:\/\/lahoradelcampo.com.uy\/site\/promedio-de-lacteos-supero-los-us-4-000-por-tonelada\/","url_meta":{"origin":46103,"position":4},"title":"Promedio de l\u00e1cteos super\u00f3 los US$ 4.000 por tonelada","author":"La Hora del Campo","date":"20 noviembre, 2024","format":false,"excerpt":"La licitaci\u00f3n 368 de la plataforma electr\u00f3nica Global Dairy Trade (GDT), la segunda del mes de noviembre cerr\u00f3 con nuevas subas en el promedio general de todos los l\u00e1cteos, as\u00ed como tambi\u00e9n para los principales productos de exportaci\u00f3n de Uruguay, salvo en los quesos. El promedio ponderado para todos los\u2026","rel":"","context":"En \u00abActualidad\u00bb","block_context":{"text":"Actualidad","link":"https:\/\/lahoradelcampo.com.uy\/site\/category\/actualidad\/"},"img":{"alt_text":"","src":"https:\/\/i0.wp.com\/lahoradelcampo.com.uy\/site\/wp-content\/uploads\/2024\/11\/GDT-368-Fonterra.jpg?fit=880%2C440&ssl=1&resize=350%2C200","width":350,"height":200,"srcset":"https:\/\/i0.wp.com\/lahoradelcampo.com.uy\/site\/wp-content\/uploads\/2024\/11\/GDT-368-Fonterra.jpg?fit=880%2C440&ssl=1&resize=350%2C200 1x, https:\/\/i0.wp.com\/lahoradelcampo.com.uy\/site\/wp-content\/uploads\/2024\/11\/GDT-368-Fonterra.jpg?fit=880%2C440&ssl=1&resize=525%2C300 1.5x, https:\/\/i0.wp.com\/lahoradelcampo.com.uy\/site\/wp-content\/uploads\/2024\/11\/GDT-368-Fonterra.jpg?fit=880%2C440&ssl=1&resize=700%2C400 2x"},"classes":[]},{"id":56488,"url":"https:\/\/lahoradelcampo.com.uy\/site\/sube-07-el-promedio-de-los-lacteos-en-la-primera-licitacion-de-agosto\/","url_meta":{"origin":46103,"position":5},"title":"Sube 0,7% el promedio de los l\u00e1cteos en la primera licitaci\u00f3n de agosto","author":"La Hora del Campo","date":"7 agosto, 2025","format":false,"excerpt":"La licitaci\u00f3n N.\u00ba 385 de la plataforma electr\u00f3nica Global Dairy Trade (GDT), correspondiente a la primera subasta del mes de agosto, mantuvo la tendencia alcista iniciada en la venta anterior. El promedio ponderado para todos los productos l\u00e1cteos alcanz\u00f3 los US$ 4.249 por tonelada, lo que represent\u00f3 una suba del\u2026","rel":"","context":"En \u00abActualidad\u00bb","block_context":{"text":"Actualidad","link":"https:\/\/lahoradelcampo.com.uy\/site\/category\/actualidad\/"},"img":{"alt_text":"","src":"https:\/\/i0.wp.com\/lahoradelcampo.com.uy\/site\/wp-content\/uploads\/2025\/08\/Fonterra-agosto1.jpg?fit=880%2C440&ssl=1&resize=350%2C200","width":350,"height":200,"srcset":"https:\/\/i0.wp.com\/lahoradelcampo.com.uy\/site\/wp-content\/uploads\/2025\/08\/Fonterra-agosto1.jpg?fit=880%2C440&ssl=1&resize=350%2C200 1x, https:\/\/i0.wp.com\/lahoradelcampo.com.uy\/site\/wp-content\/uploads\/2025\/08\/Fonterra-agosto1.jpg?fit=880%2C440&ssl=1&resize=525%2C300 1.5x, https:\/\/i0.wp.com\/lahoradelcampo.com.uy\/site\/wp-content\/uploads\/2025\/08\/Fonterra-agosto1.jpg?fit=880%2C440&ssl=1&resize=700%2C400 2x"},"classes":[]}],"jetpack_likes_enabled":true,"_links":{"self":[{"href":"https:\/\/lahoradelcampo.com.uy\/site\/wp-json\/wp\/v2\/posts\/46103","targetHints":{"allow":["GET"]}}],"collection":[{"href":"https:\/\/lahoradelcampo.com.uy\/site\/wp-json\/wp\/v2\/posts"}],"about":[{"href":"https:\/\/lahoradelcampo.com.uy\/site\/wp-json\/wp\/v2\/types\/post"}],"author":[{"embeddable":true,"href":"https:\/\/lahoradelcampo.com.uy\/site\/wp-json\/wp\/v2\/users\/5"}],"replies":[{"embeddable":true,"href":"https:\/\/lahoradelcampo.com.uy\/site\/wp-json\/wp\/v2\/comments?post=46103"}],"version-history":[{"count":1,"href":"https:\/\/lahoradelcampo.com.uy\/site\/wp-json\/wp\/v2\/posts\/46103\/revisions"}],"predecessor-version":[{"id":46107,"href":"https:\/\/lahoradelcampo.com.uy\/site\/wp-json\/wp\/v2\/posts\/46103\/revisions\/46107"}],"wp:featuredmedia":[{"embeddable":true,"href":"https:\/\/lahoradelcampo.com.uy\/site\/wp-json\/wp\/v2\/media\/30286"}],"wp:attachment":[{"href":"https:\/\/lahoradelcampo.com.uy\/site\/wp-json\/wp\/v2\/media?parent=46103"}],"wp:term":[{"taxonomy":"category","embeddable":true,"href":"https:\/\/lahoradelcampo.com.uy\/site\/wp-json\/wp\/v2\/categories?post=46103"},{"taxonomy":"post_tag","embeddable":true,"href":"https:\/\/lahoradelcampo.com.uy\/site\/wp-json\/wp\/v2\/tags?post=46103"}],"curies":[{"name":"wp","href":"https:\/\/api.w.org\/{rel}","templated":true}]}}