{"id":46099,"date":"2022-10-04T06:07:48","date_gmt":"2022-10-04T09:07:48","guid":{"rendered":"http:\/\/lahoradelcampo.com.uy\/site\/?p=46099"},"modified":"2022-10-04T12:10:41","modified_gmt":"2022-10-04T15:10:41","slug":"la-ciencia-uruguaya-en-las-lanas-finas-despertaron-el-interes-de-gucci","status":"publish","type":"post","link":"https:\/\/lahoradelcampo.com.uy\/site\/la-ciencia-uruguaya-en-las-lanas-finas-despertaron-el-interes-de-gucci\/","title":{"rendered":"La ciencia uruguaya en las lanas finas despertaron el inter\u00e9s de Gucci"},"content":{"rendered":"\n<figure class=\"wp-block-image\"><img data-recalc-dims=\"1\" loading=\"lazy\" decoding=\"async\" width=\"810\" height=\"405\" data-attachment-id=\"36083\" data-permalink=\"https:\/\/lahoradelcampo.com.uy\/site\/mercado-uruguayo-con-el-foco-en-lanas-finas-y-superfinas\/lana-wool\/\" data-orig-file=\"https:\/\/i0.wp.com\/lahoradelcampo.com.uy\/site\/wp-content\/uploads\/2021\/11\/lana-wool.jpg?fit=880%2C440&amp;ssl=1\" data-orig-size=\"880,440\" data-comments-opened=\"1\" data-image-meta=\"{&quot;aperture&quot;:&quot;0&quot;,&quot;credit&quot;:&quot;&quot;,&quot;camera&quot;:&quot;&quot;,&quot;caption&quot;:&quot;&quot;,&quot;created_timestamp&quot;:&quot;0&quot;,&quot;copyright&quot;:&quot;&quot;,&quot;focal_length&quot;:&quot;0&quot;,&quot;iso&quot;:&quot;0&quot;,&quot;shutter_speed&quot;:&quot;0&quot;,&quot;title&quot;:&quot;&quot;,&quot;orientation&quot;:&quot;1&quot;}\" data-image-title=\"lana-wool\" data-image-description=\"\" data-image-caption=\"\" data-large-file=\"https:\/\/i0.wp.com\/lahoradelcampo.com.uy\/site\/wp-content\/uploads\/2021\/11\/lana-wool.jpg?fit=810%2C405&amp;ssl=1\" src=\"https:\/\/i0.wp.com\/lahoradelcampo.com.uy\/site\/wp-content\/uploads\/2021\/11\/lana-wool.jpg?resize=810%2C405\" alt=\"\" class=\"wp-image-36083\" srcset=\"https:\/\/i0.wp.com\/lahoradelcampo.com.uy\/site\/wp-content\/uploads\/2021\/11\/lana-wool.jpg?w=880&amp;ssl=1 880w, https:\/\/i0.wp.com\/lahoradelcampo.com.uy\/site\/wp-content\/uploads\/2021\/11\/lana-wool.jpg?resize=300%2C150&amp;ssl=1 300w, https:\/\/i0.wp.com\/lahoradelcampo.com.uy\/site\/wp-content\/uploads\/2021\/11\/lana-wool.jpg?resize=768%2C384&amp;ssl=1 768w, https:\/\/i0.wp.com\/lahoradelcampo.com.uy\/site\/wp-content\/uploads\/2021\/11\/lana-wool.jpg?resize=820%2C410&amp;ssl=1 820w\" sizes=\"auto, (max-width: 810px) 100vw, 810px\" \/><\/figure>\n\n\n\n<p>Lanas finas uruguayas ser\u00e1n materia prima de las prendas Gucci luego de que la productora nacional Gabriela Bordabehere recibiera el premio Acci\u00f3n Clim\u00e1tica en la Semana de la Moda Sostenible de Mil\u00e1n. Esta doble distinci\u00f3n resulta del trabajo realizado por la ingeniera agr\u00f3noma en los predios \u00abLa Soledad\u00bb y \u00abManantiales\u00bb de Tacuaremb\u00f3 en el marco del Programa de Ganader\u00eda Regenerativa, una iniciativa de Nativa Precious Fiber una marca del grupo Chargeurs y Lanas Trinidad, con el respaldo cient\u00edfico del Instituto Nacional de Investigaci\u00f3n Agropecuaria (INIA).<br><\/p>\n\n\n\n<p>Alineados con las demandas del mercado que apuntan a una producci\u00f3n m\u00e1s sostenible, este programa se cre\u00f3 con el fin de otorgar una certificaci\u00f3n a los predios que producen lana que cumplen determinados est\u00e1ndares vinculados a la salud del suelo, el aumento de la biodiversidad y el bienestar animal. Este trabajo fue verificado por la firma extranjera Quantis, sin embargo, los datos y las mediciones en las que se sustentan son realizadas por cient\u00edficos uruguayos que trabajan en el Instituto Nacional de Investigaci\u00f3n Agropecuaria (INIA).<br><\/p>\n\n\n\n<p>El aporte del Instituto en las etapas de gestaci\u00f3n del proyecto consisti\u00f3 en adaptarlo a las condiciones locales. \u00abA nivel mundial lo regenerativo est\u00e1 asociado a recuperar carbono en el suelo, por eso Quantis ten\u00eda idea de enfocar las mediciones \u00fanicamente en un an\u00e1lisis de ciclo de vida de emisiones de gases de efecto invernadero. Pero en Uruguay no puede ser el \u00fanico foco porque ya tenemos stock de carbono alto, por eso la contrapropuesta de INIA fue contemplar otros aspectos ambientales importantes\u00bb, explic\u00f3 el Ing. Agr. \u00d3scar Blumetto, investigador del instituto involucrado.<br><\/p>\n\n\n\n<p>En este sentido, y tras intercambios de todas las partes, se dise\u00f1\u00f3 una certificaci\u00f3n que sigue los principios globales de la ganader\u00eda regenerativa, pero que est\u00e1 hecha a medida para Uruguay ya que incluye indicadores que es importante considerar a nivel local.<br><\/p>\n\n\n\n<p>\u00abUno de ellos es el \u00cdndice de Integridad Ecosist\u00e9mica, con el que estudiamos la estructura de la vegetaci\u00f3n y las especies que la integran, el estado del suelo en cuanto a erosi\u00f3n y riesgo de erosi\u00f3n, y el estado de los cursos de agua. Tambi\u00e9n sumamos las mediciones del stock de carbono en suelo y las poblaciones de aves, y realizamos una predicci\u00f3n de c\u00f3mo est\u00e1n gen\u00e9ticamente los carneros a nivel de peso de vell\u00f3n, emisiones de metano, eficiencia y resistencia a par\u00e1sitos gastrointestinales\u00bb, detall\u00f3 Blumetto.<br><\/p>\n\n\n\n<p>Definidos los indicadores a medir, en 2021 se comenz\u00f3 a implementar el plan piloto del programa en los predios liderados por Bordabehere y a la par se iniciaron las negociaciones con Gucci, en las que INIA tambi\u00e9n particip\u00f3.<br><\/p>\n\n\n\n<p>\u00abGucci tiene un departamento de ambiente y fui convocado para presentarles qu\u00e9 est\u00e1bamos haciendo, qu\u00e9 med\u00edamos, cu\u00e1l era el punto de partida y cu\u00e1les eran las metas para los pr\u00f3ximos a\u00f1os. Y este \u00faltimo punto es clave, porque la evaluaci\u00f3n que hace INIA es una foto inicial de los predios que integran el programa, pero es parte de un plan que apunta a generar un ida y vuelta con los productores para que hagan una transici\u00f3n hacia la ganader\u00eda regenerativa y que vayan mejorando a trav\u00e9s del manejo los indicadores ambientales\u00bb, destac\u00f3 Blumetto.<br><\/p>\n\n\n\n<p>Consultado por la posibilidad de extender la certificaci\u00f3n a otros predios, el Ing. Agr. Gabriel Ciappesoni, investigador de INIA, se\u00f1al\u00f3 que \u00abel objetivo del Instituto es dise\u00f1ar un protocolo que est\u00e9 abierto a todos los productores que lo puedan adoptar\u00bb. Resalt\u00f3 que \u00ablo que se certificar\u00eda es el sistema de producci\u00f3n, por lo tanto, no debemos pensarlo como una propuesta solo para el sector lanero, sino que eventualmente lo podr\u00eda aprovechar el sector c\u00e1rnico tambi\u00e9n\u00bb.<br><\/p>\n\n\n\n<p>En Uruguay INIA trabaja realizando este tipo de mediciones y generando conocimiento al respecto hace m\u00e1s de cinco a\u00f1os. \u00abINIA viene realizando estos mismos trabajos con los predios del proyecto RUMIAR (INIA) y SMARTER (financiamiento Horizon 2020 Uni\u00f3n Europea) y tambi\u00e9n en establecimientos del proyecto de Sostenibilidad de la Cadena C\u00e1rnica (INIA-INAC-FUCREA)\u00bb, se\u00f1al\u00f3 Ciappesoni.<br><\/p>\n\n\n\n<p>El experto apunt\u00f3 que en Uruguay hay actualmente 18 establecimientos que cuentan con la evaluaci\u00f3n ambiental de INIA y hay ocho que est\u00e1n en proceso para obtenerla. \u00abDel total, la gran mayor\u00eda forman parte del Consorcio Regional de Lanas Ultrafinas\u00bb, agreg\u00f3.<\/p>\n\n\n\n<p>Sobre las evaluaciones ambientales ya realizadas, Blumetto se\u00f1al\u00f3 que \u00aben t\u00e9rminos generales, hay cosas para mejorar, pero hay cosas que est\u00e1n bien\u00bb. Si bien esto es un punto a favor, tambi\u00e9n implica un desaf\u00edo.<br><\/p>\n\n\n\n<p>\u00abPara el mundo hoy los ejemplos de ganader\u00eda y agricultura regenerativa empiezan con una situaci\u00f3n complicada, por eso si se proponen revertirla los resultados se van a ver r\u00e1pidamente. Uruguay no empieza en esa tan mala situaci\u00f3n, por eso el camino hasta ver resultados es m\u00e1s desafiante. Hay cuestiones que simplemente deben conservarse y otras s\u00ed se pueden mejorar, y en eso vamos a trabajar en estos a\u00f1os con los productores, para encontrar las herramientas de manejo que les permitan alcanzar la mejor evaluaci\u00f3n ambiental final de sus predios\u00bb, concluy\u00f3. <\/p>\n\n\n\n<p>Salto, martes 4 de octubre de 2022<\/p>\n","protected":false},"excerpt":{"rendered":"<p>Lanas finas uruguayas ser\u00e1n materia prima de las prendas Gucci luego de que la productora nacional Gabriela Bordabehere recibiera el premio Acci\u00f3n Clim\u00e1tica en la Semana de la Moda Sostenible [&hellip;]<\/p>\n","protected":false},"author":5,"featured_media":36083,"comment_status":"open","ping_status":"open","sticky":false,"template":"","format":"standard","meta":{"_price":"","_stock":"","_tribe_ticket_header":"","_tribe_default_ticket_provider":"","_tribe_ticket_capacity":"0","_ticket_start_date":"","_ticket_end_date":"","_tribe_ticket_show_description":"","_tribe_ticket_show_not_going":false,"_tribe_ticket_use_global_stock":"","_tribe_ticket_global_stock_level":"","_global_stock_mode":"","_global_stock_cap":"","_tribe_rsvp_for_event":"","_tribe_ticket_going_count":"","_tribe_ticket_not_going_count":"","_tribe_tickets_list":"[]","_tribe_ticket_has_attendee_info_fields":false,"h5ap_radio_sources":[],"_jetpack_newsletter_access":"","_jetpack_dont_email_post_to_subs":false,"_jetpack_newsletter_tier_id":0,"_jetpack_memberships_contains_paywalled_content":false,"_jetpack_memberships_contains_paid_content":false,"footnotes":""},"categories":[21,13],"tags":[],"class_list":["post-46099","post","type-post","status-publish","format-standard","has-post-thumbnail","hentry","category-actualidad","category-ovinos"],"jetpack_featured_media_url":"https:\/\/i0.wp.com\/lahoradelcampo.com.uy\/site\/wp-content\/uploads\/2021\/11\/lana-wool.jpg?fit=880%2C440&ssl=1","jetpack_sharing_enabled":true,"jetpack_shortlink":"https:\/\/wp.me\/p99IaT-bZx","jetpack-related-posts":[{"id":911,"url":"https:\/\/lahoradelcampo.com.uy\/site\/mercado-lanero-continua-con-buenos-valores-en-lanas-finas\/","url_meta":{"origin":46099,"position":0},"title":"Mercado lanero contin\u00faa con buenos valores en lanas finas","author":"La Hora del Campo","date":"11 septiembre, 2017","format":false,"excerpt":"A pesar de la ca\u00edda registrada en las \u00faltimas semanas en el mercado internacional, la lana contin\u00faa manteniendo muy buenos valores en el promedio hist\u00f3rico y en nuestro pa\u00eds se contin\u00faa concretando la comercializaci\u00f3n de lotes de lanas finas con excelentes valores. Este fin de semana se comercializ\u00f3 hacia la\u2026","rel":"","context":"En \u00abActualidad\u00bb","block_context":{"text":"Actualidad","link":"https:\/\/lahoradelcampo.com.uy\/site\/category\/actualidad\/"},"img":{"alt_text":"","src":"https:\/\/i0.wp.com\/lahoradelcampo.com.uy\/site\/wp-content\/uploads\/2017\/09\/lana.jpg?fit=845%2C475&ssl=1&resize=350%2C200","width":350,"height":200,"srcset":"https:\/\/i0.wp.com\/lahoradelcampo.com.uy\/site\/wp-content\/uploads\/2017\/09\/lana.jpg?fit=845%2C475&ssl=1&resize=350%2C200 1x, https:\/\/i0.wp.com\/lahoradelcampo.com.uy\/site\/wp-content\/uploads\/2017\/09\/lana.jpg?fit=845%2C475&ssl=1&resize=525%2C300 1.5x, https:\/\/i0.wp.com\/lahoradelcampo.com.uy\/site\/wp-content\/uploads\/2017\/09\/lana.jpg?fit=845%2C475&ssl=1&resize=700%2C400 2x"},"classes":[]},{"id":46627,"url":"https:\/\/lahoradelcampo.com.uy\/site\/lanas-trinidad-presento-nativa-regenerativa-en-salto\/","url_meta":{"origin":46099,"position":1},"title":"Lanas Trinidad present\u00f3  \u00abNativa regenerativa\u00bb en Salto","author":"La Hora del Campo","date":"28 octubre, 2022","format":false,"excerpt":"En la jornada de ayer en Salto, se realiz\u00f3 la presentaci\u00f3n de \"Nativa regenerativa\", por parte de Lanas Trinidad y Chargeurs. Una nueva certificaci\u00f3n que acompa\u00f1a las nuevas demandas desde el consumidor final. En el hotel Horacio Quiroga, ambas firmas estuvieron acompa\u00f1adas por el Instituto Nacional de Investigaci\u00f3n Agropecuaria (INIA)\u2026","rel":"","context":"En \u00abActualidad\u00bb","block_context":{"text":"Actualidad","link":"https:\/\/lahoradelcampo.com.uy\/site\/category\/actualidad\/"},"img":{"alt_text":"","src":"https:\/\/i0.wp.com\/lahoradelcampo.com.uy\/site\/wp-content\/uploads\/2022\/10\/Lanastrinidad.jpg?fit=880%2C440&ssl=1&resize=350%2C200","width":350,"height":200,"srcset":"https:\/\/i0.wp.com\/lahoradelcampo.com.uy\/site\/wp-content\/uploads\/2022\/10\/Lanastrinidad.jpg?fit=880%2C440&ssl=1&resize=350%2C200 1x, https:\/\/i0.wp.com\/lahoradelcampo.com.uy\/site\/wp-content\/uploads\/2022\/10\/Lanastrinidad.jpg?fit=880%2C440&ssl=1&resize=525%2C300 1.5x, https:\/\/i0.wp.com\/lahoradelcampo.com.uy\/site\/wp-content\/uploads\/2022\/10\/Lanastrinidad.jpg?fit=880%2C440&ssl=1&resize=700%2C400 2x"},"classes":[]},{"id":20536,"url":"https:\/\/lahoradelcampo.com.uy\/site\/cerro-del-bombero-sera-el-foco-de-la-jornada-virtual-del-crilu\/","url_meta":{"origin":46099,"position":2},"title":"Cerro del Bombero ser\u00e1 el foco  de la jornada virtual del CRILU","author":"La Hora del Campo","date":"3 junio, 2020","format":false,"excerpt":"En los \u00faltimos d\u00edas el Instituto Nacional de Investigaci\u00f3n Agropecuaria (INIA) y el Consorcio Regional de Lanas Ultrafinas del Uruguay (CRILU) est\u00e1 organizando una reuni\u00f3n virtual, debido a la imposibilidad de realizar las jornadas presenciales de a\u00f1os anteriores, con los resultados de los proyectos de investigaci\u00f3n que se llevan adelante.\u2026","rel":"","context":"En \u00abActualidad\u00bb","block_context":{"text":"Actualidad","link":"https:\/\/lahoradelcampo.com.uy\/site\/category\/actualidad\/"},"img":{"alt_text":"","src":"https:\/\/i0.wp.com\/lahoradelcampo.com.uy\/site\/wp-content\/uploads\/2017\/10\/Merino-Australiano.jpg?fit=880%2C440&ssl=1&resize=350%2C200","width":350,"height":200,"srcset":"https:\/\/i0.wp.com\/lahoradelcampo.com.uy\/site\/wp-content\/uploads\/2017\/10\/Merino-Australiano.jpg?fit=880%2C440&ssl=1&resize=350%2C200 1x, https:\/\/i0.wp.com\/lahoradelcampo.com.uy\/site\/wp-content\/uploads\/2017\/10\/Merino-Australiano.jpg?fit=880%2C440&ssl=1&resize=525%2C300 1.5x, https:\/\/i0.wp.com\/lahoradelcampo.com.uy\/site\/wp-content\/uploads\/2017\/10\/Merino-Australiano.jpg?fit=880%2C440&ssl=1&resize=700%2C400 2x"},"classes":[]},{"id":34583,"url":"https:\/\/lahoradelcampo.com.uy\/site\/crilu-10-anos-de-trabajo-por-el-desarrollo-de-las-lanas-ultrafinas-uruguayas\/","url_meta":{"origin":46099,"position":3},"title":"CRILU: 10 a\u00f1os de trabajo por el desarrollo de las lanas ultrafinas uruguayas","author":"La Hora del Campo","date":"23 septiembre, 2021","format":false,"excerpt":"Para potenciar el desarrollo, la especializaci\u00f3n y el posicionamiento internacional de uno de los productos estrella del sector ovino nacional, hace 10 a\u00f1os se cre\u00f3 el Consorcio Regional de Innovaci\u00f3n de Lanas Ultrafinas del Uruguay (CRILU). En 2010 los productores, la industria y la ciencia se aliaron para iniciar un\u2026","rel":"","context":"En \u00abActualidad\u00bb","block_context":{"text":"Actualidad","link":"https:\/\/lahoradelcampo.com.uy\/site\/category\/actualidad\/"},"img":{"alt_text":"","src":"https:\/\/i0.wp.com\/lahoradelcampo.com.uy\/site\/wp-content\/uploads\/2021\/05\/fabiomontossi.jpg?fit=880%2C440&ssl=1&resize=350%2C200","width":350,"height":200,"srcset":"https:\/\/i0.wp.com\/lahoradelcampo.com.uy\/site\/wp-content\/uploads\/2021\/05\/fabiomontossi.jpg?fit=880%2C440&ssl=1&resize=350%2C200 1x, https:\/\/i0.wp.com\/lahoradelcampo.com.uy\/site\/wp-content\/uploads\/2021\/05\/fabiomontossi.jpg?fit=880%2C440&ssl=1&resize=525%2C300 1.5x, https:\/\/i0.wp.com\/lahoradelcampo.com.uy\/site\/wp-content\/uploads\/2021\/05\/fabiomontossi.jpg?fit=880%2C440&ssl=1&resize=700%2C400 2x"},"classes":[]},{"id":30614,"url":"https:\/\/lahoradelcampo.com.uy\/site\/operativa-reducida-y-centrada-en-lanas-finas-y-organicas\/","url_meta":{"origin":46099,"position":4},"title":"Operativa reducida y centrada en lanas finas y org\u00e1nicas","author":"La Hora del Campo","date":"28 mayo, 2021","format":false,"excerpt":"La semana fue de muchas consultas, pero pocos negocios y con una industria enfocada en lanas merinas y de preferencia con certificaci\u00f3n org\u00e1nica. \"Fue una semana muy quieta y est\u00e1 dif\u00edcil de encontrar las puntas, tengo algunos lotes de merino que los productores quieren US$ 10 y no he logrado\u2026","rel":"","context":"En \u00abActualidad\u00bb","block_context":{"text":"Actualidad","link":"https:\/\/lahoradelcampo.com.uy\/site\/category\/actualidad\/"},"img":{"alt_text":"","src":"https:\/\/i0.wp.com\/lahoradelcampo.com.uy\/site\/wp-content\/uploads\/2019\/05\/lanasss.jpg?fit=880%2C440&ssl=1&resize=350%2C200","width":350,"height":200,"srcset":"https:\/\/i0.wp.com\/lahoradelcampo.com.uy\/site\/wp-content\/uploads\/2019\/05\/lanasss.jpg?fit=880%2C440&ssl=1&resize=350%2C200 1x, https:\/\/i0.wp.com\/lahoradelcampo.com.uy\/site\/wp-content\/uploads\/2019\/05\/lanasss.jpg?fit=880%2C440&ssl=1&resize=525%2C300 1.5x, https:\/\/i0.wp.com\/lahoradelcampo.com.uy\/site\/wp-content\/uploads\/2019\/05\/lanasss.jpg?fit=880%2C440&ssl=1&resize=700%2C400 2x"},"classes":[]},{"id":29020,"url":"https:\/\/lahoradelcampo.com.uy\/site\/en-el-futuro-las-lanas-finas-tienen-espacio-para-seguir-disminuyendo-el-diametro-y-las-lanas-medias\/","url_meta":{"origin":46099,"position":5},"title":"En el futuro \u00ablas lanas finas tienen espacio para seguir disminuyendo el di\u00e1metro\u00bb \u00bfy las lanas medias?","author":"La Hora del Campo","date":"5 abril, 2021","format":false,"excerpt":"En un momento donde se ha analizado el avance que tuvieron las lanas finas en su colocaci\u00f3n a nivel internacional, dada la disminuci\u00f3n de su micronaje, y las dificultades que se observan para la venta de las lanas de 28 micras y m\u00e1s gruesas, en un di\u00e1logo mantenido con el\u2026","rel":"","context":"En \u00abActualidad\u00bb","block_context":{"text":"Actualidad","link":"https:\/\/lahoradelcampo.com.uy\/site\/category\/actualidad\/"},"img":{"alt_text":"","src":"https:\/\/i0.wp.com\/lahoradelcampo.com.uy\/site\/wp-content\/uploads\/2019\/08\/Roberto-Cardellino.jpg?fit=880%2C440&ssl=1&resize=350%2C200","width":350,"height":200,"srcset":"https:\/\/i0.wp.com\/lahoradelcampo.com.uy\/site\/wp-content\/uploads\/2019\/08\/Roberto-Cardellino.jpg?fit=880%2C440&ssl=1&resize=350%2C200 1x, https:\/\/i0.wp.com\/lahoradelcampo.com.uy\/site\/wp-content\/uploads\/2019\/08\/Roberto-Cardellino.jpg?fit=880%2C440&ssl=1&resize=525%2C300 1.5x, https:\/\/i0.wp.com\/lahoradelcampo.com.uy\/site\/wp-content\/uploads\/2019\/08\/Roberto-Cardellino.jpg?fit=880%2C440&ssl=1&resize=700%2C400 2x"},"classes":[]}],"jetpack_likes_enabled":true,"_links":{"self":[{"href":"https:\/\/lahoradelcampo.com.uy\/site\/wp-json\/wp\/v2\/posts\/46099","targetHints":{"allow":["GET"]}}],"collection":[{"href":"https:\/\/lahoradelcampo.com.uy\/site\/wp-json\/wp\/v2\/posts"}],"about":[{"href":"https:\/\/lahoradelcampo.com.uy\/site\/wp-json\/wp\/v2\/types\/post"}],"author":[{"embeddable":true,"href":"https:\/\/lahoradelcampo.com.uy\/site\/wp-json\/wp\/v2\/users\/5"}],"replies":[{"embeddable":true,"href":"https:\/\/lahoradelcampo.com.uy\/site\/wp-json\/wp\/v2\/comments?post=46099"}],"version-history":[{"count":1,"href":"https:\/\/lahoradelcampo.com.uy\/site\/wp-json\/wp\/v2\/posts\/46099\/revisions"}],"predecessor-version":[{"id":46101,"href":"https:\/\/lahoradelcampo.com.uy\/site\/wp-json\/wp\/v2\/posts\/46099\/revisions\/46101"}],"wp:featuredmedia":[{"embeddable":true,"href":"https:\/\/lahoradelcampo.com.uy\/site\/wp-json\/wp\/v2\/media\/36083"}],"wp:attachment":[{"href":"https:\/\/lahoradelcampo.com.uy\/site\/wp-json\/wp\/v2\/media?parent=46099"}],"wp:term":[{"taxonomy":"category","embeddable":true,"href":"https:\/\/lahoradelcampo.com.uy\/site\/wp-json\/wp\/v2\/categories?post=46099"},{"taxonomy":"post_tag","embeddable":true,"href":"https:\/\/lahoradelcampo.com.uy\/site\/wp-json\/wp\/v2\/tags?post=46099"}],"curies":[{"name":"wp","href":"https:\/\/api.w.org\/{rel}","templated":true}]}}