{"id":46095,"date":"2022-10-04T12:07:34","date_gmt":"2022-10-04T15:07:34","guid":{"rendered":"http:\/\/lahoradelcampo.com.uy\/site\/?p=46095"},"modified":"2022-10-04T12:07:45","modified_gmt":"2022-10-04T15:07:45","slug":"en-setiembre-el-ingreso-por-las-exportaciones-de-carne-bovina-subio-un-8","status":"publish","type":"post","link":"https:\/\/lahoradelcampo.com.uy\/site\/en-setiembre-el-ingreso-por-las-exportaciones-de-carne-bovina-subio-un-8\/","title":{"rendered":"En setiembre el ingreso por las exportaciones de carne bovina subi\u00f3 un 8%"},"content":{"rendered":"\n<figure class=\"wp-block-image\"><img data-recalc-dims=\"1\" loading=\"lazy\" decoding=\"async\" width=\"810\" height=\"405\" data-attachment-id=\"22710\" data-permalink=\"https:\/\/lahoradelcampo.com.uy\/site\/japon-autorizo-la-importacion-de-carne-vacuna-francesa\/carneexport\/\" data-orig-file=\"https:\/\/i0.wp.com\/lahoradelcampo.com.uy\/site\/wp-content\/uploads\/2020\/08\/carneexport.jpg?fit=880%2C440&amp;ssl=1\" data-orig-size=\"880,440\" data-comments-opened=\"1\" data-image-meta=\"{&quot;aperture&quot;:&quot;0&quot;,&quot;credit&quot;:&quot;&quot;,&quot;camera&quot;:&quot;&quot;,&quot;caption&quot;:&quot;&quot;,&quot;created_timestamp&quot;:&quot;0&quot;,&quot;copyright&quot;:&quot;&quot;,&quot;focal_length&quot;:&quot;0&quot;,&quot;iso&quot;:&quot;0&quot;,&quot;shutter_speed&quot;:&quot;0&quot;,&quot;title&quot;:&quot;&quot;,&quot;orientation&quot;:&quot;1&quot;}\" data-image-title=\"carneexport\" data-image-description=\"\" data-image-caption=\"\" data-large-file=\"https:\/\/i0.wp.com\/lahoradelcampo.com.uy\/site\/wp-content\/uploads\/2020\/08\/carneexport.jpg?fit=810%2C405&amp;ssl=1\" src=\"https:\/\/i0.wp.com\/lahoradelcampo.com.uy\/site\/wp-content\/uploads\/2020\/08\/carneexport.jpg?resize=810%2C405\" alt=\"\" class=\"wp-image-22710\" srcset=\"https:\/\/i0.wp.com\/lahoradelcampo.com.uy\/site\/wp-content\/uploads\/2020\/08\/carneexport.jpg?w=880&amp;ssl=1 880w, https:\/\/i0.wp.com\/lahoradelcampo.com.uy\/site\/wp-content\/uploads\/2020\/08\/carneexport.jpg?resize=300%2C150&amp;ssl=1 300w, https:\/\/i0.wp.com\/lahoradelcampo.com.uy\/site\/wp-content\/uploads\/2020\/08\/carneexport.jpg?resize=768%2C384&amp;ssl=1 768w, https:\/\/i0.wp.com\/lahoradelcampo.com.uy\/site\/wp-content\/uploads\/2020\/08\/carneexport.jpg?resize=820%2C410&amp;ssl=1 820w\" sizes=\"auto, (max-width: 810px) 100vw, 810px\" \/><\/figure>\n\n\n\n<p>Las solicitudes de exportaci\u00f3n de bienes durante el mes de setiembre, seg\u00fan la Uni\u00f3n de Exportadores del Uruguay, han ca\u00eddo un 2,2% respecto a igual mes de 2022, tras alcanzar US$ 819,4 millones. <br><\/p>\n\n\n\n<p>La ca\u00edda se debe a un descenso del 46,3% de las ventas a China por menores colocaciones de carne, madera y l\u00e1cteos, que la llev\u00f3 a quedar en segundo lugar del ranking. Brasil pas\u00f3 a liderar el ranking mensual, tras un incremento de 45,2% por mayores solicitudes de l\u00e1cteos y veh\u00edculos. Argentina creci\u00f3 82,9% principalmente por las compras de soja.<br><\/p>\n\n\n\n<p>En d\u00f3lares las exportaciones de carne bovina ascienden a US$ 227.756.174, lo que representa una ca\u00edda del 23,5% respecto a setiembre de 2021. En tanto que en volumen, este producto suma 39.532 toneladas, con una ca\u00edda del 28,9%. <br><\/p>\n\n\n\n<p>A pesar del contexto interanual negativo, setiembre fue un mes de recuperaci\u00f3n para este producto, ya que los datos publicados del mes de setiembre, marcan un incremento del 8% en el ingreso de divisas y 12,4% en el volumen exportado respecto al mes de agosto de este a\u00f1o. <\/p>\n\n\n\n<p>Salto, martes 4 de octubre de 2022<\/p>\n","protected":false},"excerpt":{"rendered":"<p>Las solicitudes de exportaci\u00f3n de bienes durante el mes de setiembre, seg\u00fan la Uni\u00f3n de Exportadores del Uruguay, han ca\u00eddo un 2,2% respecto a igual mes de 2022, tras alcanzar [&hellip;]<\/p>\n","protected":false},"author":5,"featured_media":22710,"comment_status":"open","ping_status":"open","sticky":false,"template":"","format":"standard","meta":{"_price":"","_stock":"","_tribe_ticket_header":"","_tribe_default_ticket_provider":"","_tribe_ticket_capacity":"0","_ticket_start_date":"","_ticket_end_date":"","_tribe_ticket_show_description":"","_tribe_ticket_show_not_going":false,"_tribe_ticket_use_global_stock":"","_tribe_ticket_global_stock_level":"","_global_stock_mode":"","_global_stock_cap":"","_tribe_rsvp_for_event":"","_tribe_ticket_going_count":"","_tribe_ticket_not_going_count":"","_tribe_tickets_list":"[]","_tribe_ticket_has_attendee_info_fields":false,"h5ap_radio_sources":[],"_jetpack_newsletter_access":"","_jetpack_dont_email_post_to_subs":false,"_jetpack_newsletter_tier_id":0,"_jetpack_memberships_contains_paywalled_content":false,"_jetpack_memberships_contains_paid_content":false,"footnotes":""},"categories":[21,5],"tags":[],"class_list":["post-46095","post","type-post","status-publish","format-standard","has-post-thumbnail","hentry","category-actualidad","category-ganaderia"],"jetpack_featured_media_url":"https:\/\/i0.wp.com\/lahoradelcampo.com.uy\/site\/wp-content\/uploads\/2020\/08\/carneexport.jpg?fit=880%2C440&ssl=1","jetpack_sharing_enabled":true,"jetpack_shortlink":"https:\/\/wp.me\/p99IaT-bZt","jetpack-related-posts":[{"id":45225,"url":"https:\/\/lahoradelcampo.com.uy\/site\/exportaciones-crecieron-28-en-agosto-en-el-ano-un-375\/","url_meta":{"origin":46095,"position":0},"title":"Exportaciones crecieron 28% en agosto; en el a\u00f1o un 37,5%.","author":"La Hora del Campo","date":"5 septiembre, 2022","format":false,"excerpt":"En agosto las exportaciones volvieron a crecer, esta vez en un 28%, inform\u00f3 la Uni\u00f3n de Exportadores del Uruguay (UEU), en su \u00faltimo informe. El aumento acumulado en los \u00faltimos 8 meses es de 37,5%. En el desarrollo del informe de la UEU se se\u00f1ala que las solicitudes de exportaci\u00f3n\u2026","rel":"","context":"En \u00abActualidad\u00bb","block_context":{"text":"Actualidad","link":"https:\/\/lahoradelcampo.com.uy\/site\/category\/actualidad\/"},"img":{"alt_text":"","src":"https:\/\/i0.wp.com\/lahoradelcampo.com.uy\/site\/wp-content\/uploads\/2019\/05\/exportaciones.jpg?fit=880%2C440&ssl=1&resize=350%2C200","width":350,"height":200,"srcset":"https:\/\/i0.wp.com\/lahoradelcampo.com.uy\/site\/wp-content\/uploads\/2019\/05\/exportaciones.jpg?fit=880%2C440&ssl=1&resize=350%2C200 1x, https:\/\/i0.wp.com\/lahoradelcampo.com.uy\/site\/wp-content\/uploads\/2019\/05\/exportaciones.jpg?fit=880%2C440&ssl=1&resize=525%2C300 1.5x, https:\/\/i0.wp.com\/lahoradelcampo.com.uy\/site\/wp-content\/uploads\/2019\/05\/exportaciones.jpg?fit=880%2C440&ssl=1&resize=700%2C400 2x"},"classes":[]},{"id":44411,"url":"https:\/\/lahoradelcampo.com.uy\/site\/la-soja-lidero-las-exportaciones-en-el-mes-de-julio\/","url_meta":{"origin":46095,"position":1},"title":"La soja lider\u00f3 las exportaciones en el mes de julio","author":"La Hora del Campo","date":"2 agosto, 2022","format":false,"excerpt":"De acuerdo al an\u00e1lisis de los Documentos \u00danicos de Aduanas (DUAs) realizado por la Uni\u00f3n de Exportadores del Uruguay (UEU), durante el pasado mes de julio las exportaciones uruguayas crecieron un 24,4% en divisas, ingresando al pa\u00eds US$ 1.132 millones. En este total no se suman las ventas que se\u2026","rel":"","context":"En \u00abActualidad\u00bb","block_context":{"text":"Actualidad","link":"https:\/\/lahoradelcampo.com.uy\/site\/category\/actualidad\/"},"img":{"alt_text":"","src":"https:\/\/i0.wp.com\/lahoradelcampo.com.uy\/site\/wp-content\/uploads\/2021\/05\/soja1.jpg?fit=880%2C440&ssl=1&resize=350%2C200","width":350,"height":200,"srcset":"https:\/\/i0.wp.com\/lahoradelcampo.com.uy\/site\/wp-content\/uploads\/2021\/05\/soja1.jpg?fit=880%2C440&ssl=1&resize=350%2C200 1x, https:\/\/i0.wp.com\/lahoradelcampo.com.uy\/site\/wp-content\/uploads\/2021\/05\/soja1.jpg?fit=880%2C440&ssl=1&resize=525%2C300 1.5x, https:\/\/i0.wp.com\/lahoradelcampo.com.uy\/site\/wp-content\/uploads\/2021\/05\/soja1.jpg?fit=880%2C440&ssl=1&resize=700%2C400 2x"},"classes":[]},{"id":49810,"url":"https:\/\/lahoradelcampo.com.uy\/site\/exportaciones-de-bienes-cae-un-4-en-el-reciente-mes-de-marzo\/","url_meta":{"origin":46095,"position":2},"title":"Exportaciones de bienes cae un 4% en el reciente mes de marzo","author":"La Hora del Campo","date":"5 abril, 2023","format":false,"excerpt":"En marzo de 2023, las exportaciones de Uruguay experimentaron una ca\u00edda interanual del 4%, alcanzando un total de U$S 1.033 millones en solicitudes de exportaci\u00f3n, incluyendo zonas francas. La disminuci\u00f3n se debi\u00f3 principalmente a la baja en la venta de carne bovina, trigo y soja. Sin embargo, algunos productos como\u2026","rel":"","context":"En \u00abActualidad\u00bb","block_context":{"text":"Actualidad","link":"https:\/\/lahoradelcampo.com.uy\/site\/category\/actualidad\/"},"img":{"alt_text":"","src":"https:\/\/i0.wp.com\/lahoradelcampo.com.uy\/site\/wp-content\/uploads\/2019\/05\/exportaciones.jpg?fit=880%2C440&ssl=1&resize=350%2C200","width":350,"height":200,"srcset":"https:\/\/i0.wp.com\/lahoradelcampo.com.uy\/site\/wp-content\/uploads\/2019\/05\/exportaciones.jpg?fit=880%2C440&ssl=1&resize=350%2C200 1x, https:\/\/i0.wp.com\/lahoradelcampo.com.uy\/site\/wp-content\/uploads\/2019\/05\/exportaciones.jpg?fit=880%2C440&ssl=1&resize=525%2C300 1.5x, https:\/\/i0.wp.com\/lahoradelcampo.com.uy\/site\/wp-content\/uploads\/2019\/05\/exportaciones.jpg?fit=880%2C440&ssl=1&resize=700%2C400 2x"},"classes":[]},{"id":48639,"url":"https:\/\/lahoradelcampo.com.uy\/site\/exportaciones-de-bienes-en-enero-crecieron-2-interanual\/","url_meta":{"origin":46095,"position":3},"title":"Exportaciones de bienes en enero crecieron 2% interanual","author":"La Hora del Campo","date":"8 febrero, 2023","format":false,"excerpt":"Las exportaciones de bienes, incluyendo zonas francas, totalizaron U$S 852 millones en el primer mes de 2023, registrando as\u00ed un leve incremento de 2% interanual. Esto se explica por el crecimiento de las exportaciones de celulosa, l\u00e1cteos, arroz y otros alimentos, as\u00ed como por el sostenido descenso de las exportaciones\u2026","rel":"","context":"En \u00abActualidad\u00bb","block_context":{"text":"Actualidad","link":"https:\/\/lahoradelcampo.com.uy\/site\/category\/actualidad\/"},"img":{"alt_text":"","src":"https:\/\/i0.wp.com\/lahoradelcampo.com.uy\/site\/wp-content\/uploads\/2019\/05\/exportaciones.jpg?fit=880%2C440&ssl=1&resize=350%2C200","width":350,"height":200,"srcset":"https:\/\/i0.wp.com\/lahoradelcampo.com.uy\/site\/wp-content\/uploads\/2019\/05\/exportaciones.jpg?fit=880%2C440&ssl=1&resize=350%2C200 1x, https:\/\/i0.wp.com\/lahoradelcampo.com.uy\/site\/wp-content\/uploads\/2019\/05\/exportaciones.jpg?fit=880%2C440&ssl=1&resize=525%2C300 1.5x, https:\/\/i0.wp.com\/lahoradelcampo.com.uy\/site\/wp-content\/uploads\/2019\/05\/exportaciones.jpg?fit=880%2C440&ssl=1&resize=700%2C400 2x"},"classes":[]},{"id":47881,"url":"https:\/\/lahoradelcampo.com.uy\/site\/exportaciones-crecieron-165-y-marcan-un-nuevo-record-en-2022\/","url_meta":{"origin":46095,"position":4},"title":"Exportaciones crecieron 16,5% y marcan un nuevo r\u00e9cord en 2022","author":"La Hora del Campo","date":"4 enero, 2023","format":false,"excerpt":"Las exportaciones uruguayas de bienes incluyendo zonas francas alcanzaron un r\u00e9cord hist\u00f3rico en 2022, despu\u00e9s de superar los niveles m\u00e1ximos de 2021. Las ventas al exterior totalizaron US$ 13.356 millones en 2022, pautando un crecimiento de 16,5% frente al registro de 2021. Las cifras alcanzan un r\u00e9cord desde que Uruguay\u2026","rel":"","context":"En \u00abActualidad\u00bb","block_context":{"text":"Actualidad","link":"https:\/\/lahoradelcampo.com.uy\/site\/category\/actualidad\/"},"img":{"alt_text":"","src":"https:\/\/i0.wp.com\/lahoradelcampo.com.uy\/site\/wp-content\/uploads\/2019\/05\/exportaciones.jpg?fit=880%2C440&ssl=1&resize=350%2C200","width":350,"height":200,"srcset":"https:\/\/i0.wp.com\/lahoradelcampo.com.uy\/site\/wp-content\/uploads\/2019\/05\/exportaciones.jpg?fit=880%2C440&ssl=1&resize=350%2C200 1x, https:\/\/i0.wp.com\/lahoradelcampo.com.uy\/site\/wp-content\/uploads\/2019\/05\/exportaciones.jpg?fit=880%2C440&ssl=1&resize=525%2C300 1.5x, https:\/\/i0.wp.com\/lahoradelcampo.com.uy\/site\/wp-content\/uploads\/2019\/05\/exportaciones.jpg?fit=880%2C440&ssl=1&resize=700%2C400 2x"},"classes":[]},{"id":53675,"url":"https:\/\/lahoradelcampo.com.uy\/site\/exportaciones-de-carne-vacuna-cayeron-un-28-en-marzo\/","url_meta":{"origin":46095,"position":5},"title":"Exportaciones de carne vacuna cayeron un 28% en marzo","author":"La Hora del Campo","date":"3 abril, 2024","format":false,"excerpt":"El mes de marzo de 2024 ha registrado una disminuci\u00f3n significativa en las exportaciones, seg\u00fan datos proporcionados por el Instituto Uruguay XXI. Las solicitudes de exportaci\u00f3n totalizaron un monto de US$ 893 millones, marcando as\u00ed una reducci\u00f3n del 14% en comparaci\u00f3n con el mismo per\u00edodo del a\u00f1o anterior. Dentro de\u2026","rel":"","context":"En \u00abActualidad\u00bb","block_context":{"text":"Actualidad","link":"https:\/\/lahoradelcampo.com.uy\/site\/category\/actualidad\/"},"img":{"alt_text":"","src":"https:\/\/i0.wp.com\/lahoradelcampo.com.uy\/site\/wp-content\/uploads\/2024\/04\/Exportacionesmarzo.jpg?fit=880%2C440&ssl=1&resize=350%2C200","width":350,"height":200,"srcset":"https:\/\/i0.wp.com\/lahoradelcampo.com.uy\/site\/wp-content\/uploads\/2024\/04\/Exportacionesmarzo.jpg?fit=880%2C440&ssl=1&resize=350%2C200 1x, https:\/\/i0.wp.com\/lahoradelcampo.com.uy\/site\/wp-content\/uploads\/2024\/04\/Exportacionesmarzo.jpg?fit=880%2C440&ssl=1&resize=525%2C300 1.5x, https:\/\/i0.wp.com\/lahoradelcampo.com.uy\/site\/wp-content\/uploads\/2024\/04\/Exportacionesmarzo.jpg?fit=880%2C440&ssl=1&resize=700%2C400 2x"},"classes":[]}],"jetpack_likes_enabled":true,"_links":{"self":[{"href":"https:\/\/lahoradelcampo.com.uy\/site\/wp-json\/wp\/v2\/posts\/46095","targetHints":{"allow":["GET"]}}],"collection":[{"href":"https:\/\/lahoradelcampo.com.uy\/site\/wp-json\/wp\/v2\/posts"}],"about":[{"href":"https:\/\/lahoradelcampo.com.uy\/site\/wp-json\/wp\/v2\/types\/post"}],"author":[{"embeddable":true,"href":"https:\/\/lahoradelcampo.com.uy\/site\/wp-json\/wp\/v2\/users\/5"}],"replies":[{"embeddable":true,"href":"https:\/\/lahoradelcampo.com.uy\/site\/wp-json\/wp\/v2\/comments?post=46095"}],"version-history":[{"count":1,"href":"https:\/\/lahoradelcampo.com.uy\/site\/wp-json\/wp\/v2\/posts\/46095\/revisions"}],"predecessor-version":[{"id":46097,"href":"https:\/\/lahoradelcampo.com.uy\/site\/wp-json\/wp\/v2\/posts\/46095\/revisions\/46097"}],"wp:featuredmedia":[{"embeddable":true,"href":"https:\/\/lahoradelcampo.com.uy\/site\/wp-json\/wp\/v2\/media\/22710"}],"wp:attachment":[{"href":"https:\/\/lahoradelcampo.com.uy\/site\/wp-json\/wp\/v2\/media?parent=46095"}],"wp:term":[{"taxonomy":"category","embeddable":true,"href":"https:\/\/lahoradelcampo.com.uy\/site\/wp-json\/wp\/v2\/categories?post=46095"},{"taxonomy":"post_tag","embeddable":true,"href":"https:\/\/lahoradelcampo.com.uy\/site\/wp-json\/wp\/v2\/tags?post=46095"}],"curies":[{"name":"wp","href":"https:\/\/api.w.org\/{rel}","templated":true}]}}