{"id":46091,"date":"2022-10-04T12:05:18","date_gmt":"2022-10-04T15:05:18","guid":{"rendered":"http:\/\/lahoradelcampo.com.uy\/site\/?p=46091"},"modified":"2022-10-04T12:05:25","modified_gmt":"2022-10-04T15:05:25","slug":"la-cosecha-de-lana-es-excelente-y-un-poco-mas-gruesa-por-efecto-ano","status":"publish","type":"post","link":"https:\/\/lahoradelcampo.com.uy\/site\/la-cosecha-de-lana-es-excelente-y-un-poco-mas-gruesa-por-efecto-ano\/","title":{"rendered":"La cosecha de lana es excelente y un poco m\u00e1s gruesa por efecto a\u00f1o"},"content":{"rendered":"\n<figure class=\"wp-block-image\"><img data-recalc-dims=\"1\" loading=\"lazy\" decoding=\"async\" width=\"810\" height=\"405\" data-attachment-id=\"14991\" data-permalink=\"https:\/\/lahoradelcampo.com.uy\/site\/si-tuviese-que-vender-la-lana-esperaria-a-ver-que-pasa-con-el-mercado\/hugosurraco\/\" data-orig-file=\"https:\/\/i0.wp.com\/lahoradelcampo.com.uy\/site\/wp-content\/uploads\/2019\/10\/HugoSurraco.jpg?fit=880%2C440&amp;ssl=1\" data-orig-size=\"880,440\" data-comments-opened=\"1\" data-image-meta=\"{&quot;aperture&quot;:&quot;0&quot;,&quot;credit&quot;:&quot;&quot;,&quot;camera&quot;:&quot;&quot;,&quot;caption&quot;:&quot;&quot;,&quot;created_timestamp&quot;:&quot;0&quot;,&quot;copyright&quot;:&quot;&quot;,&quot;focal_length&quot;:&quot;0&quot;,&quot;iso&quot;:&quot;0&quot;,&quot;shutter_speed&quot;:&quot;0&quot;,&quot;title&quot;:&quot;&quot;,&quot;orientation&quot;:&quot;1&quot;}\" data-image-title=\"HugoSurraco\" data-image-description=\"\" data-image-caption=\"\" data-large-file=\"https:\/\/i0.wp.com\/lahoradelcampo.com.uy\/site\/wp-content\/uploads\/2019\/10\/HugoSurraco.jpg?fit=810%2C405&amp;ssl=1\" src=\"https:\/\/i0.wp.com\/lahoradelcampo.com.uy\/site\/wp-content\/uploads\/2019\/10\/HugoSurraco.jpg?resize=810%2C405\" alt=\"\" class=\"wp-image-14991\" srcset=\"https:\/\/i0.wp.com\/lahoradelcampo.com.uy\/site\/wp-content\/uploads\/2019\/10\/HugoSurraco.jpg?w=880&amp;ssl=1 880w, https:\/\/i0.wp.com\/lahoradelcampo.com.uy\/site\/wp-content\/uploads\/2019\/10\/HugoSurraco.jpg?resize=300%2C150&amp;ssl=1 300w, https:\/\/i0.wp.com\/lahoradelcampo.com.uy\/site\/wp-content\/uploads\/2019\/10\/HugoSurraco.jpg?resize=768%2C384&amp;ssl=1 768w, https:\/\/i0.wp.com\/lahoradelcampo.com.uy\/site\/wp-content\/uploads\/2019\/10\/HugoSurraco.jpg?resize=820%2C410&amp;ssl=1 820w\" sizes=\"auto, (max-width: 810px) 100vw, 810px\" \/><\/figure>\n\n\n\n<p>La cosecha de lanas \u00abeste a\u00f1o, por suerte, est\u00e1 siendo excelente\u00bb dijo Hugo Surraco, integrante de Lanas Trinidad en di\u00e1logo con Diario Cambio. Indic\u00f3 que es el reflejo del trabajo de cada productor en su predio, pero en este caso tambi\u00e9n por \u00abun excelente a\u00f1o para la oveja\u00bb. <br><\/p>\n\n\n\n<p>En ese sentido record\u00f3 que fue \u00abun a\u00f1o medio seco, cosa que eso ayuda a la calidad y donde la oveja pas\u00f3 muy bien, con una sanidad espectacular\u00bb. Estas caracter\u00edsticas para el ovino generaron que \u00ablos vellones est\u00e1n un poco m\u00e1s pesados que el a\u00f1o pasado, quiz\u00e1s en general rindan un poquito menos y se hayan engrosado un poquito\u00bb dijo Surraco. <br><\/p>\n\n\n\n<p>Si bien remarc\u00f3 que las lanas se \u00abengrosan\u00bb por un tema a\u00f1o, indic\u00f3 que luego cada majada en particular tiene su resultado y explic\u00f3 que los productores con una mayor composici\u00f3n de borregos que capones, podr\u00eda bajar su micronaje en lugar de aumentarlo, \u00abdepende de cada la decisi\u00f3n de productor\u00bb. <br><\/p>\n\n\n\n<p>Sobre la situaci\u00f3n actual de los precios y el comportamiento del mercado internacional y que decirle al productor que espera para vender su lana, Surraco dijo que \u00abes f\u00e1cil hablar con el diario del lunes y es muy dif\u00edcil hacer futurolog\u00eda\u00bb en el mercado lanero. <br><\/p>\n\n\n\n<p>En este sentido se\u00f1al\u00f3 que \u00abla incertidumbre en este momento es lo que prima, la inestabilidad y un mercado bastante trancado, que ojal\u00e1 empiece a moverse y a caminar\u00bb. Al finalizar remarc\u00f3 \u00abno me animar\u00eda a decir esperen o vendan. Realmente eso no lo podr\u00eda decir yo\u00bb.<\/p>\n\n\n\n<p>Salto, martes 4 de octubre de 2022<\/p>\n","protected":false},"excerpt":{"rendered":"<p>La cosecha de lanas \u00abeste a\u00f1o, por suerte, est\u00e1 siendo excelente\u00bb dijo Hugo Surraco, integrante de Lanas Trinidad en di\u00e1logo con Diario Cambio. Indic\u00f3 que es el reflejo del trabajo [&hellip;]<\/p>\n","protected":false},"author":5,"featured_media":14991,"comment_status":"open","ping_status":"open","sticky":false,"template":"","format":"standard","meta":{"_price":"","_stock":"","_tribe_ticket_header":"","_tribe_default_ticket_provider":"","_tribe_ticket_capacity":"0","_ticket_start_date":"","_ticket_end_date":"","_tribe_ticket_show_description":"","_tribe_ticket_show_not_going":false,"_tribe_ticket_use_global_stock":"","_tribe_ticket_global_stock_level":"","_global_stock_mode":"","_global_stock_cap":"","_tribe_rsvp_for_event":"","_tribe_ticket_going_count":"","_tribe_ticket_not_going_count":"","_tribe_tickets_list":"[]","_tribe_ticket_has_attendee_info_fields":false,"h5ap_radio_sources":[],"_jetpack_newsletter_access":"","_jetpack_dont_email_post_to_subs":false,"_jetpack_newsletter_tier_id":0,"_jetpack_memberships_contains_paywalled_content":false,"_jetpack_memberships_contains_paid_content":false,"footnotes":""},"categories":[21,13],"tags":[],"class_list":["post-46091","post","type-post","status-publish","format-standard","has-post-thumbnail","hentry","category-actualidad","category-ovinos"],"jetpack_featured_media_url":"https:\/\/i0.wp.com\/lahoradelcampo.com.uy\/site\/wp-content\/uploads\/2019\/10\/HugoSurraco.jpg?fit=880%2C440&ssl=1","jetpack_sharing_enabled":true,"jetpack_shortlink":"https:\/\/wp.me\/p99IaT-bZp","jetpack-related-posts":[{"id":54997,"url":"https:\/\/lahoradelcampo.com.uy\/site\/hugo-surraco-el-color-de-la-lana-se-deteriora-con-el-tiempo\/","url_meta":{"origin":46091,"position":0},"title":"Hugo Surraco: \u00abel color de la lana se deteriora con el tiempo\u00bb","author":"La Hora del Campo","date":"29 octubre, 2024","format":false,"excerpt":"Este a\u00f1o en particular, se observaron muchos problemas de color en los vellones durante la esquila, lo que ha determinado un alto porcentaje de vell\u00f3n inferior en los distintos lotes. En este sentido ya se ha mencionado en Faxlana, que el Secretariado Uruguayo de la Lana (SUL) recomienda realizar los\u2026","rel":"","context":"En \u00abActualidad\u00bb","block_context":{"text":"Actualidad","link":"https:\/\/lahoradelcampo.com.uy\/site\/category\/actualidad\/"},"img":{"alt_text":"","src":"https:\/\/i0.wp.com\/lahoradelcampo.com.uy\/site\/wp-content\/uploads\/2024\/10\/hugosurraco.jpg?fit=880%2C440&ssl=1&resize=350%2C200","width":350,"height":200,"srcset":"https:\/\/i0.wp.com\/lahoradelcampo.com.uy\/site\/wp-content\/uploads\/2024\/10\/hugosurraco.jpg?fit=880%2C440&ssl=1&resize=350%2C200 1x, https:\/\/i0.wp.com\/lahoradelcampo.com.uy\/site\/wp-content\/uploads\/2024\/10\/hugosurraco.jpg?fit=880%2C440&ssl=1&resize=525%2C300 1.5x, https:\/\/i0.wp.com\/lahoradelcampo.com.uy\/site\/wp-content\/uploads\/2024\/10\/hugosurraco.jpg?fit=880%2C440&ssl=1&resize=700%2C400 2x"},"classes":[]},{"id":37045,"url":"https:\/\/lahoradelcampo.com.uy\/site\/saguinetti-no-estamos-ni-cerca-de-un-proceso-de-liquidacion-de-stock\/","url_meta":{"origin":46091,"position":1},"title":"Sanguinetti: \u00abNo estamos ni cerca de un proceso de liquidaci\u00f3n de stock","author":"La Hora del Campo","date":"30 noviembre, 2021","format":false,"excerpt":"Seg\u00fan los datos publicados por el Instituto Nacional de Carnes (INAC), desde el 1 de enero al 27 de noviembre, la faena ovina suma 1.151.427 cabezas, lo que marca un incremento del 53,4% respecto a igual per\u00edodo de 2020, con incremento en todas las categor\u00edas. Porcentualmente el mayor crecimiento se\u2026","rel":"","context":"En \u00abActualidad\u00bb","block_context":{"text":"Actualidad","link":"https:\/\/lahoradelcampo.com.uy\/site\/category\/actualidad\/"},"img":{"alt_text":"","src":"https:\/\/i0.wp.com\/lahoradelcampo.com.uy\/site\/wp-content\/uploads\/2021\/11\/MiguelSanguinetti.jpg?fit=880%2C440&ssl=1&resize=350%2C200","width":350,"height":200,"srcset":"https:\/\/i0.wp.com\/lahoradelcampo.com.uy\/site\/wp-content\/uploads\/2021\/11\/MiguelSanguinetti.jpg?fit=880%2C440&ssl=1&resize=350%2C200 1x, https:\/\/i0.wp.com\/lahoradelcampo.com.uy\/site\/wp-content\/uploads\/2021\/11\/MiguelSanguinetti.jpg?fit=880%2C440&ssl=1&resize=525%2C300 1.5x, https:\/\/i0.wp.com\/lahoradelcampo.com.uy\/site\/wp-content\/uploads\/2021\/11\/MiguelSanguinetti.jpg?fit=880%2C440&ssl=1&resize=700%2C400 2x"},"classes":[]},{"id":54654,"url":"https:\/\/lahoradelcampo.com.uy\/site\/el-mercado-lanero-presenta-un-nivel-de-optimismo-mayor-al-de-anos-anteriores\/","url_meta":{"origin":46091,"position":2},"title":"El mercado lanero presenta \u00abun nivel de optimismo mayor al de a\u00f1os anteriores\u00bb","author":"La Hora del Campo","date":"25 septiembre, 2024","format":false,"excerpt":"El mercado lanero uruguayo ha logrado ir comercializando lotes de zafras anteriores, que se han venido acumulando, principalmente en el caso de las lanas medias y gruesas que son las que han encontrado mayores dificultades a la hora de vender, en tanto que, en las lanas finas, si bien existe\u2026","rel":"","context":"En \u00abActualidad\u00bb","block_context":{"text":"Actualidad","link":"https:\/\/lahoradelcampo.com.uy\/site\/category\/actualidad\/"},"img":{"alt_text":"","src":"https:\/\/i0.wp.com\/lahoradelcampo.com.uy\/site\/wp-content\/uploads\/2024\/09\/GuzmanSilva-TopFraymarcos.jpg?fit=880%2C440&ssl=1&resize=350%2C200","width":350,"height":200,"srcset":"https:\/\/i0.wp.com\/lahoradelcampo.com.uy\/site\/wp-content\/uploads\/2024\/09\/GuzmanSilva-TopFraymarcos.jpg?fit=880%2C440&ssl=1&resize=350%2C200 1x, https:\/\/i0.wp.com\/lahoradelcampo.com.uy\/site\/wp-content\/uploads\/2024\/09\/GuzmanSilva-TopFraymarcos.jpg?fit=880%2C440&ssl=1&resize=525%2C300 1.5x, https:\/\/i0.wp.com\/lahoradelcampo.com.uy\/site\/wp-content\/uploads\/2024\/09\/GuzmanSilva-TopFraymarcos.jpg?fit=880%2C440&ssl=1&resize=700%2C400 2x"},"classes":[]},{"id":11495,"url":"https:\/\/lahoradelcampo.com.uy\/site\/con-un-excelente-marco-de-publico-se-viene-desarrollando-la-gira-merilin\/","url_meta":{"origin":46091,"position":3},"title":"Con un excelente marco de p\u00fablico se viene desarrollando la gira Meril\u00edn","author":"La Hora del Campo","date":"5 junio, 2019","format":false,"excerpt":"El pasado lunes 3 de junio comenz\u00f3 la gira de la raza Meril\u00edn, la raza ovina nacional, que apunta a mostrar la producci\u00f3n ovina hacia la carne y lana fina, entre 22 y 24 micras, con la raza pura y el potencial que le permite agregar el Meril\u00edn Plus tanto\u2026","rel":"","context":"En \u00abActualidad\u00bb","block_context":{"text":"Actualidad","link":"https:\/\/lahoradelcampo.com.uy\/site\/category\/actualidad\/"},"img":{"alt_text":"","src":"https:\/\/i0.wp.com\/lahoradelcampo.com.uy\/site\/wp-content\/uploads\/2019\/06\/Merilin-gira.jpg?fit=880%2C440&ssl=1&resize=350%2C200","width":350,"height":200,"srcset":"https:\/\/i0.wp.com\/lahoradelcampo.com.uy\/site\/wp-content\/uploads\/2019\/06\/Merilin-gira.jpg?fit=880%2C440&ssl=1&resize=350%2C200 1x, https:\/\/i0.wp.com\/lahoradelcampo.com.uy\/site\/wp-content\/uploads\/2019\/06\/Merilin-gira.jpg?fit=880%2C440&ssl=1&resize=525%2C300 1.5x, https:\/\/i0.wp.com\/lahoradelcampo.com.uy\/site\/wp-content\/uploads\/2019\/06\/Merilin-gira.jpg?fit=880%2C440&ssl=1&resize=700%2C400 2x"},"classes":[]},{"id":44603,"url":"https:\/\/lahoradelcampo.com.uy\/site\/lluvias-atrasan-las-esquilas-y-algunos-productores-cancelan-la-preparto\/","url_meta":{"origin":46091,"position":4},"title":"Lluvias atrasan las esquilas y algunos productores cancelan la preparto","author":"La Hora del Campo","date":"10 agosto, 2022","format":false,"excerpt":"Este a\u00f1o, a diferencia de otros, el clima ha determinado un atraso importante en las esquilas preparto y en algunos casos los productores cancelan los trabajos debido al comienzo de las pariciones en la majada. El coordinador de esquila y acondicionamiento de lana del Secretariado Uruguayo de la Lana (SUL),\u2026","rel":"","context":"En \u00abActualidad\u00bb","block_context":{"text":"Actualidad","link":"https:\/\/lahoradelcampo.com.uy\/site\/category\/actualidad\/"},"img":{"alt_text":"","src":"https:\/\/i0.wp.com\/lahoradelcampo.com.uy\/site\/wp-content\/uploads\/2022\/08\/SUL-depaula.jpg?fit=880%2C440&ssl=1&resize=350%2C200","width":350,"height":200,"srcset":"https:\/\/i0.wp.com\/lahoradelcampo.com.uy\/site\/wp-content\/uploads\/2022\/08\/SUL-depaula.jpg?fit=880%2C440&ssl=1&resize=350%2C200 1x, https:\/\/i0.wp.com\/lahoradelcampo.com.uy\/site\/wp-content\/uploads\/2022\/08\/SUL-depaula.jpg?fit=880%2C440&ssl=1&resize=525%2C300 1.5x, https:\/\/i0.wp.com\/lahoradelcampo.com.uy\/site\/wp-content\/uploads\/2022\/08\/SUL-depaula.jpg?fit=880%2C440&ssl=1&resize=700%2C400 2x"},"classes":[]},{"id":54851,"url":"https:\/\/lahoradelcampo.com.uy\/site\/las-lanas-mas-finas-pueden-implicar-biotipos-menos-resistentes\/","url_meta":{"origin":46091,"position":5},"title":"\u00abLas lanas m\u00e1s finas pueden implicar biotipos menos resistentes\u00bb","author":"La Hora del Campo","date":"11 octubre, 2024","format":false,"excerpt":"Conocidos los datos de la declaraci\u00f3n jurada de Dicose, se observ\u00f3 un nuevo descenso del stock ovino y el mayor volumen de estos contin\u00faa ubic\u00e1ndose en los departamentos de Salto, Artigas y Paysand\u00fa, donde predominan los sistemas laneros basados en las lanas finas y el merino en particular. El presidente\u2026","rel":"","context":"En \u00abActualidad\u00bb","block_context":{"text":"Actualidad","link":"https:\/\/lahoradelcampo.com.uy\/site\/category\/actualidad\/"},"img":{"alt_text":"","src":"https:\/\/i0.wp.com\/lahoradelcampo.com.uy\/site\/wp-content\/uploads\/2017\/10\/Merino-Australiano.jpg?fit=880%2C440&ssl=1&resize=350%2C200","width":350,"height":200,"srcset":"https:\/\/i0.wp.com\/lahoradelcampo.com.uy\/site\/wp-content\/uploads\/2017\/10\/Merino-Australiano.jpg?fit=880%2C440&ssl=1&resize=350%2C200 1x, https:\/\/i0.wp.com\/lahoradelcampo.com.uy\/site\/wp-content\/uploads\/2017\/10\/Merino-Australiano.jpg?fit=880%2C440&ssl=1&resize=525%2C300 1.5x, https:\/\/i0.wp.com\/lahoradelcampo.com.uy\/site\/wp-content\/uploads\/2017\/10\/Merino-Australiano.jpg?fit=880%2C440&ssl=1&resize=700%2C400 2x"},"classes":[]}],"jetpack_likes_enabled":true,"_links":{"self":[{"href":"https:\/\/lahoradelcampo.com.uy\/site\/wp-json\/wp\/v2\/posts\/46091","targetHints":{"allow":["GET"]}}],"collection":[{"href":"https:\/\/lahoradelcampo.com.uy\/site\/wp-json\/wp\/v2\/posts"}],"about":[{"href":"https:\/\/lahoradelcampo.com.uy\/site\/wp-json\/wp\/v2\/types\/post"}],"author":[{"embeddable":true,"href":"https:\/\/lahoradelcampo.com.uy\/site\/wp-json\/wp\/v2\/users\/5"}],"replies":[{"embeddable":true,"href":"https:\/\/lahoradelcampo.com.uy\/site\/wp-json\/wp\/v2\/comments?post=46091"}],"version-history":[{"count":1,"href":"https:\/\/lahoradelcampo.com.uy\/site\/wp-json\/wp\/v2\/posts\/46091\/revisions"}],"predecessor-version":[{"id":46093,"href":"https:\/\/lahoradelcampo.com.uy\/site\/wp-json\/wp\/v2\/posts\/46091\/revisions\/46093"}],"wp:featuredmedia":[{"embeddable":true,"href":"https:\/\/lahoradelcampo.com.uy\/site\/wp-json\/wp\/v2\/media\/14991"}],"wp:attachment":[{"href":"https:\/\/lahoradelcampo.com.uy\/site\/wp-json\/wp\/v2\/media?parent=46091"}],"wp:term":[{"taxonomy":"category","embeddable":true,"href":"https:\/\/lahoradelcampo.com.uy\/site\/wp-json\/wp\/v2\/categories?post=46091"},{"taxonomy":"post_tag","embeddable":true,"href":"https:\/\/lahoradelcampo.com.uy\/site\/wp-json\/wp\/v2\/tags?post=46091"}],"curies":[{"name":"wp","href":"https:\/\/api.w.org\/{rel}","templated":true}]}}