{"id":46087,"date":"2022-10-04T12:03:25","date_gmt":"2022-10-04T15:03:25","guid":{"rendered":"http:\/\/lahoradelcampo.com.uy\/site\/?p=46087"},"modified":"2022-10-04T12:03:31","modified_gmt":"2022-10-04T15:03:31","slug":"marcelo-pereira-de-atras-el-campo-natural-les-gana","status":"publish","type":"post","link":"https:\/\/lahoradelcampo.com.uy\/site\/marcelo-pereira-de-atras-el-campo-natural-les-gana\/","title":{"rendered":"Marcelo Pereira: \u00abDe atr\u00e1s\u2026  el campo natural les gana\u00bb"},"content":{"rendered":"\n<figure class=\"wp-block-image\"><img data-recalc-dims=\"1\" loading=\"lazy\" decoding=\"async\" width=\"810\" height=\"405\" data-attachment-id=\"12187\" data-permalink=\"https:\/\/lahoradelcampo.com.uy\/site\/los-campos-del-norte-estan-con-un-23-mas-del-pasto-necesario\/marcelo-pereira-2\/\" data-orig-file=\"https:\/\/i0.wp.com\/lahoradelcampo.com.uy\/site\/wp-content\/uploads\/2019\/06\/marcelo-pereira.jpg?fit=880%2C440&amp;ssl=1\" data-orig-size=\"880,440\" data-comments-opened=\"1\" data-image-meta=\"{&quot;aperture&quot;:&quot;0&quot;,&quot;credit&quot;:&quot;&quot;,&quot;camera&quot;:&quot;&quot;,&quot;caption&quot;:&quot;&quot;,&quot;created_timestamp&quot;:&quot;0&quot;,&quot;copyright&quot;:&quot;&quot;,&quot;focal_length&quot;:&quot;0&quot;,&quot;iso&quot;:&quot;0&quot;,&quot;shutter_speed&quot;:&quot;0&quot;,&quot;title&quot;:&quot;&quot;,&quot;orientation&quot;:&quot;1&quot;}\" data-image-title=\"marcelo pereira\" data-image-description=\"\" data-image-caption=\"\" data-large-file=\"https:\/\/i0.wp.com\/lahoradelcampo.com.uy\/site\/wp-content\/uploads\/2019\/06\/marcelo-pereira.jpg?fit=810%2C405&amp;ssl=1\" src=\"https:\/\/i0.wp.com\/lahoradelcampo.com.uy\/site\/wp-content\/uploads\/2019\/06\/marcelo-pereira.jpg?resize=810%2C405\" alt=\"\" class=\"wp-image-12187\" srcset=\"https:\/\/i0.wp.com\/lahoradelcampo.com.uy\/site\/wp-content\/uploads\/2019\/06\/marcelo-pereira.jpg?w=880&amp;ssl=1 880w, https:\/\/i0.wp.com\/lahoradelcampo.com.uy\/site\/wp-content\/uploads\/2019\/06\/marcelo-pereira.jpg?resize=300%2C150&amp;ssl=1 300w, https:\/\/i0.wp.com\/lahoradelcampo.com.uy\/site\/wp-content\/uploads\/2019\/06\/marcelo-pereira.jpg?resize=768%2C384&amp;ssl=1 768w, https:\/\/i0.wp.com\/lahoradelcampo.com.uy\/site\/wp-content\/uploads\/2019\/06\/marcelo-pereira.jpg?resize=820%2C410&amp;ssl=1 820w\" sizes=\"auto, (max-width: 810px) 100vw, 810px\" \/><\/figure>\n\n\n\n<p>\u00abDe atr\u00e1s\u2026 el campo natural les gana\u00bb fue el t\u00edtulo de la presentaci\u00f3n realizada por el Ing. Agr. Marcelo Pereira Mach\u00edn, en el marco de la Expo Salto 2022. En la charla el t\u00e9cnico del Plan Agropecuario record\u00f3 que nuestro ecosistema es \u00abpastoril de origen y viene desde hace millones de a\u00f1os\u00bb y explic\u00f3 que \u00ables gana porque los pastizales del R\u00edo de la Plata, hoy pueden hacer un asado con cuero para la mitad de la poblaci\u00f3n del mundo sin dejar mucha huella ambiental\u00bb.<br><\/p>\n\n\n\n<p>\u00abEl camino de la intensificaci\u00f3n sostenible del Uruguay pasa por una base importante del campo natural, el carbono es importante, pero tenemos que ampliar la mirada y ver desde un punto de vista ambiental\u00bb dijo Pereira, qui\u00e9n aclar\u00f3 que verlo desde esta \u00f3ptica implica agregar \u00abel tema de la biodiversidad. La biodiversidad que tiene nuestras pasturas naturales en el mundo es \u00fanica y eso nos permitir\u00eda diferenciarnos\u00bb.<br><\/p>\n\n\n\n<p>Como dato interesante, el t\u00e9cnico del Plan Agropecuario dijo que \u00abse midieron las muestras de suelo que se hicieron en el a\u00f1o 80, cuando se hizo el mapa de suelo, y resulta que los campos naturales, as\u00ed nom\u00e1s pastoreado como est\u00e1n, fijaron 180 kilos de carbono por hect\u00e1rea por a\u00f1o. Eso es un dato brutal para el Uruguay\u00bb. <br><\/p>\n\n\n\n<p>Seg\u00fan Marcelo Pereira hay que hacer que el mundo conozca la informaci\u00f3n y que \u00abnuestro recurso forrajero m\u00e1s importante, el campo natural, nos da la posibilidad de diferenciarnos del resto del mundo y de valorizar nuestra producci\u00f3n m\u00e1s importante\u00bb. <br><\/p>\n\n\n\n<p>En este sentido remarc\u00f3 que \u00ablos que eran tildados de atrasados, los productores ganaderos, hoy son vanguardistas ambientalmente\u00bb. <\/p>\n\n\n\n<p>Salto, martes 4 de octubre de 2022<\/p>\n","protected":false},"excerpt":{"rendered":"<p>\u00abDe atr\u00e1s\u2026 el campo natural les gana\u00bb fue el t\u00edtulo de la presentaci\u00f3n realizada por el Ing. Agr. Marcelo Pereira Mach\u00edn, en el marco de la Expo Salto 2022. En [&hellip;]<\/p>\n","protected":false},"author":5,"featured_media":12187,"comment_status":"open","ping_status":"open","sticky":false,"template":"","format":"standard","meta":{"_price":"","_stock":"","_tribe_ticket_header":"","_tribe_default_ticket_provider":"","_tribe_ticket_capacity":"0","_ticket_start_date":"","_ticket_end_date":"","_tribe_ticket_show_description":"","_tribe_ticket_show_not_going":false,"_tribe_ticket_use_global_stock":"","_tribe_ticket_global_stock_level":"","_global_stock_mode":"","_global_stock_cap":"","_tribe_rsvp_for_event":"","_tribe_ticket_going_count":"","_tribe_ticket_not_going_count":"","_tribe_tickets_list":"[]","_tribe_ticket_has_attendee_info_fields":false,"h5ap_radio_sources":[],"_jetpack_newsletter_access":"","_jetpack_dont_email_post_to_subs":false,"_jetpack_newsletter_tier_id":0,"_jetpack_memberships_contains_paywalled_content":false,"_jetpack_memberships_contains_paid_content":false,"footnotes":""},"categories":[21,5],"tags":[],"class_list":["post-46087","post","type-post","status-publish","format-standard","has-post-thumbnail","hentry","category-actualidad","category-ganaderia"],"jetpack_featured_media_url":"https:\/\/i0.wp.com\/lahoradelcampo.com.uy\/site\/wp-content\/uploads\/2019\/06\/marcelo-pereira.jpg?fit=880%2C440&ssl=1","jetpack_sharing_enabled":true,"jetpack_shortlink":"https:\/\/wp.me\/p99IaT-bZl","jetpack-related-posts":[{"id":54233,"url":"https:\/\/lahoradelcampo.com.uy\/site\/la-estructura-del-campo-natural-cambio-con-la-perdida-de-ovinos-desde-1991\/","url_meta":{"origin":46087,"position":0},"title":"La estructura del campo natural cambio, con la p\u00e9rdida de ovinos desde 1991","author":"La Hora del Campo","date":"19 agosto, 2024","format":false,"excerpt":"El campo natural ha sufrido variaciones en los \u00faltimos a\u00f1os y varios de esos cambios est\u00e1n alineados a tres grandes factores que inciden a nivel mundial, no solamente en Uruguay, sin embargo, la gran variable que aceler\u00f3 estos cambios es la p\u00e9rdida de ovinos que se ha venido sufriendo desde\u2026","rel":"","context":"En \u00abActualidad\u00bb","block_context":{"text":"Actualidad","link":"https:\/\/lahoradelcampo.com.uy\/site\/category\/actualidad\/"},"img":{"alt_text":"","src":"https:\/\/i0.wp.com\/lahoradelcampo.com.uy\/site\/wp-content\/uploads\/2020\/03\/Marcelo-Pereira.jpg?fit=880%2C440&ssl=1&resize=350%2C200","width":350,"height":200,"srcset":"https:\/\/i0.wp.com\/lahoradelcampo.com.uy\/site\/wp-content\/uploads\/2020\/03\/Marcelo-Pereira.jpg?fit=880%2C440&ssl=1&resize=350%2C200 1x, https:\/\/i0.wp.com\/lahoradelcampo.com.uy\/site\/wp-content\/uploads\/2020\/03\/Marcelo-Pereira.jpg?fit=880%2C440&ssl=1&resize=525%2C300 1.5x, https:\/\/i0.wp.com\/lahoradelcampo.com.uy\/site\/wp-content\/uploads\/2020\/03\/Marcelo-Pereira.jpg?fit=880%2C440&ssl=1&resize=700%2C400 2x"},"classes":[]},{"id":7297,"url":"https:\/\/lahoradelcampo.com.uy\/site\/no-es-recomendable-mejorar-el-campo-natural-introduciendo-raigras\/","url_meta":{"origin":46087,"position":1},"title":"No es recomendable mejorar el  campo natural introduciendo raigr\u00e1s","author":"La Hora del Campo","date":"19 mayo, 2018","format":false,"excerpt":"Debido a varias consultas de los productores, sobre la utilizaci\u00f3n de raigr\u00e1s para mejorar el campo natural, el Ing. Marcelo Pereira, director de la regional litoral norte del Instituto Plan Agropecuario, se\u00f1al\u00f3 que la estabilidad del campo natural en la producci\u00f3n de forraje a largo plazo, podr\u00eda verse desestabilizada con\u2026","rel":"","context":"En \u00abActualidad\u00bb","block_context":{"text":"Actualidad","link":"https:\/\/lahoradelcampo.com.uy\/site\/category\/actualidad\/"},"img":{"alt_text":"","src":"https:\/\/i0.wp.com\/lahoradelcampo.com.uy\/site\/wp-content\/uploads\/2018\/05\/Pereira.jpg?fit=880%2C440&ssl=1&resize=350%2C200","width":350,"height":200,"srcset":"https:\/\/i0.wp.com\/lahoradelcampo.com.uy\/site\/wp-content\/uploads\/2018\/05\/Pereira.jpg?fit=880%2C440&ssl=1&resize=350%2C200 1x, https:\/\/i0.wp.com\/lahoradelcampo.com.uy\/site\/wp-content\/uploads\/2018\/05\/Pereira.jpg?fit=880%2C440&ssl=1&resize=525%2C300 1.5x, https:\/\/i0.wp.com\/lahoradelcampo.com.uy\/site\/wp-content\/uploads\/2018\/05\/Pereira.jpg?fit=880%2C440&ssl=1&resize=700%2C400 2x"},"classes":[]},{"id":54117,"url":"https:\/\/lahoradelcampo.com.uy\/site\/las-heladas-deterioraron-la-calidad-del-campo-natural\/","url_meta":{"origin":46087,"position":2},"title":"Las heladas deterioraron la calidad del campo natural","author":"La Hora del Campo","date":"2 agosto, 2024","format":false,"excerpt":"La secuencia de heladas, que se generaron en todo el territorio, ha determinado p\u00e9rdidas de calidad del campo natural. Esta situaci\u00f3n clim\u00e1tica y la falta de precipitaciones, por casi 60 d\u00edas en el norte del pa\u00eds est\u00e1 generando preocupaci\u00f3n en el sector ganadero. El Ing. Agr. Marcelo Pereira Mach\u00edn, t\u00e9cnico\u2026","rel":"","context":"En \u00abActualidad\u00bb","block_context":{"text":"Actualidad","link":"https:\/\/lahoradelcampo.com.uy\/site\/category\/actualidad\/"},"img":{"alt_text":"","src":"https:\/\/i0.wp.com\/lahoradelcampo.com.uy\/site\/wp-content\/uploads\/2020\/03\/Marcelo-Pereira.jpg?fit=880%2C440&ssl=1&resize=350%2C200","width":350,"height":200,"srcset":"https:\/\/i0.wp.com\/lahoradelcampo.com.uy\/site\/wp-content\/uploads\/2020\/03\/Marcelo-Pereira.jpg?fit=880%2C440&ssl=1&resize=350%2C200 1x, https:\/\/i0.wp.com\/lahoradelcampo.com.uy\/site\/wp-content\/uploads\/2020\/03\/Marcelo-Pereira.jpg?fit=880%2C440&ssl=1&resize=525%2C300 1.5x, https:\/\/i0.wp.com\/lahoradelcampo.com.uy\/site\/wp-content\/uploads\/2020\/03\/Marcelo-Pereira.jpg?fit=880%2C440&ssl=1&resize=700%2C400 2x"},"classes":[]},{"id":45797,"url":"https:\/\/lahoradelcampo.com.uy\/site\/con-mas-de-200-reproductores-se-viene-la-expo-salto-2022\/","url_meta":{"origin":46087,"position":3},"title":"Con m\u00e1s de 200 reproductores se viene la Expo Salto 2022","author":"La Hora del Campo","date":"26 septiembre, 2022","format":false,"excerpt":"El viernes, la Asociaci\u00f3n Agropecuaria de Salto (AAS) realiz\u00f3 el lanzamiento de la 114 edici\u00f3n de la Exposici\u00f3n ganadera, industrial, comercial y artesanal de Salto, en el predio de la gremial, con una importante agenda de actividades desde el punto de vista comercial y art\u00edstica, que sumado a la fuerte\u2026","rel":"","context":"En \u00abActualidad\u00bb","block_context":{"text":"Actualidad","link":"https:\/\/lahoradelcampo.com.uy\/site\/category\/actualidad\/"},"img":{"alt_text":"","src":"https:\/\/i0.wp.com\/lahoradelcampo.com.uy\/site\/wp-content\/uploads\/2022\/09\/AAS-Expolanzamiento.jpg?fit=880%2C440&ssl=1&resize=350%2C200","width":350,"height":200,"srcset":"https:\/\/i0.wp.com\/lahoradelcampo.com.uy\/site\/wp-content\/uploads\/2022\/09\/AAS-Expolanzamiento.jpg?fit=880%2C440&ssl=1&resize=350%2C200 1x, https:\/\/i0.wp.com\/lahoradelcampo.com.uy\/site\/wp-content\/uploads\/2022\/09\/AAS-Expolanzamiento.jpg?fit=880%2C440&ssl=1&resize=525%2C300 1.5x, https:\/\/i0.wp.com\/lahoradelcampo.com.uy\/site\/wp-content\/uploads\/2022\/09\/AAS-Expolanzamiento.jpg?fit=880%2C440&ssl=1&resize=700%2C400 2x"},"classes":[]},{"id":44917,"url":"https:\/\/lahoradelcampo.com.uy\/site\/campo-natural-la-quema-es-una-buena-herramienta-en-la-medida-que-se-planifica\/","url_meta":{"origin":46087,"position":4},"title":"Campo natural: \u00abla quema es una buena herramienta en la medida que se planifica\u00bb","author":"La Hora del Campo","date":"22 agosto, 2022","format":false,"excerpt":"En el marco de un ciclo sobre el campo natural, donde t\u00e9cnicos del Instituto Plan Agropecuario responden preguntas e inquietudes de los productores, el Ing. Agr. Marcelo Pereira fue consultado sobre la quema de los campos, cu\u00e1les ser\u00edan las ventas, las desventajas, como y cuando realizarla. En este sentido el\u2026","rel":"","context":"En \u00abActualidad\u00bb","block_context":{"text":"Actualidad","link":"https:\/\/lahoradelcampo.com.uy\/site\/category\/actualidad\/"},"img":{"alt_text":"","src":"https:\/\/i0.wp.com\/lahoradelcampo.com.uy\/site\/wp-content\/uploads\/2020\/03\/Marcelo-Pereira.jpg?fit=880%2C440&ssl=1&resize=350%2C200","width":350,"height":200,"srcset":"https:\/\/i0.wp.com\/lahoradelcampo.com.uy\/site\/wp-content\/uploads\/2020\/03\/Marcelo-Pereira.jpg?fit=880%2C440&ssl=1&resize=350%2C200 1x, https:\/\/i0.wp.com\/lahoradelcampo.com.uy\/site\/wp-content\/uploads\/2020\/03\/Marcelo-Pereira.jpg?fit=880%2C440&ssl=1&resize=525%2C300 1.5x, https:\/\/i0.wp.com\/lahoradelcampo.com.uy\/site\/wp-content\/uploads\/2020\/03\/Marcelo-Pereira.jpg?fit=880%2C440&ssl=1&resize=700%2C400 2x"},"classes":[]},{"id":57103,"url":"https:\/\/lahoradelcampo.com.uy\/site\/no-es-la-oveja-quien-degrada-el-campo-natural-sino-quien-decide-cuantas-pone-y-como-las-maneja\/","url_meta":{"origin":46087,"position":5},"title":"\u00abNo es la oveja quien degrada el campo natural, sino quien decide cu\u00e1ntas pone y c\u00f3mo las maneja\u00bb","author":"La Hora del Campo","date":"21 noviembre, 2025","format":false,"excerpt":"El campo natural, uno de los ecosistemas m\u00e1s valiosos y singulares del pa\u00eds, enfrenta transformaciones profundas que desaf\u00edan la sostenibilidad de los sistemas ganaderos. En ese escenario, el rol del ovino aparece nuevamente en debate, muchas veces se\u00f1alado como responsable del deterioro del pastizal. Sin embargo, el Ing. Agr. Marcelo\u2026","rel":"","context":"En \u00abActualidad\u00bb","block_context":{"text":"Actualidad","link":"https:\/\/lahoradelcampo.com.uy\/site\/category\/actualidad\/"},"img":{"alt_text":"","src":"https:\/\/i0.wp.com\/lahoradelcampo.com.uy\/site\/wp-content\/uploads\/2025\/11\/Marcelo-Pereira-Campo-Natural.jpg?fit=1200%2C651&ssl=1&resize=350%2C200","width":350,"height":200,"srcset":"https:\/\/i0.wp.com\/lahoradelcampo.com.uy\/site\/wp-content\/uploads\/2025\/11\/Marcelo-Pereira-Campo-Natural.jpg?fit=1200%2C651&ssl=1&resize=350%2C200 1x, https:\/\/i0.wp.com\/lahoradelcampo.com.uy\/site\/wp-content\/uploads\/2025\/11\/Marcelo-Pereira-Campo-Natural.jpg?fit=1200%2C651&ssl=1&resize=525%2C300 1.5x, https:\/\/i0.wp.com\/lahoradelcampo.com.uy\/site\/wp-content\/uploads\/2025\/11\/Marcelo-Pereira-Campo-Natural.jpg?fit=1200%2C651&ssl=1&resize=700%2C400 2x, https:\/\/i0.wp.com\/lahoradelcampo.com.uy\/site\/wp-content\/uploads\/2025\/11\/Marcelo-Pereira-Campo-Natural.jpg?fit=1200%2C651&ssl=1&resize=1050%2C600 3x"},"classes":[]}],"jetpack_likes_enabled":true,"_links":{"self":[{"href":"https:\/\/lahoradelcampo.com.uy\/site\/wp-json\/wp\/v2\/posts\/46087","targetHints":{"allow":["GET"]}}],"collection":[{"href":"https:\/\/lahoradelcampo.com.uy\/site\/wp-json\/wp\/v2\/posts"}],"about":[{"href":"https:\/\/lahoradelcampo.com.uy\/site\/wp-json\/wp\/v2\/types\/post"}],"author":[{"embeddable":true,"href":"https:\/\/lahoradelcampo.com.uy\/site\/wp-json\/wp\/v2\/users\/5"}],"replies":[{"embeddable":true,"href":"https:\/\/lahoradelcampo.com.uy\/site\/wp-json\/wp\/v2\/comments?post=46087"}],"version-history":[{"count":1,"href":"https:\/\/lahoradelcampo.com.uy\/site\/wp-json\/wp\/v2\/posts\/46087\/revisions"}],"predecessor-version":[{"id":46089,"href":"https:\/\/lahoradelcampo.com.uy\/site\/wp-json\/wp\/v2\/posts\/46087\/revisions\/46089"}],"wp:featuredmedia":[{"embeddable":true,"href":"https:\/\/lahoradelcampo.com.uy\/site\/wp-json\/wp\/v2\/media\/12187"}],"wp:attachment":[{"href":"https:\/\/lahoradelcampo.com.uy\/site\/wp-json\/wp\/v2\/media?parent=46087"}],"wp:term":[{"taxonomy":"category","embeddable":true,"href":"https:\/\/lahoradelcampo.com.uy\/site\/wp-json\/wp\/v2\/categories?post=46087"},{"taxonomy":"post_tag","embeddable":true,"href":"https:\/\/lahoradelcampo.com.uy\/site\/wp-json\/wp\/v2\/tags?post=46087"}],"curies":[{"name":"wp","href":"https:\/\/api.w.org\/{rel}","templated":true}]}}