{"id":46079,"date":"2022-10-03T07:45:48","date_gmt":"2022-10-03T10:45:48","guid":{"rendered":"http:\/\/lahoradelcampo.com.uy\/site\/?p=46079"},"modified":"2022-10-03T07:45:52","modified_gmt":"2022-10-03T10:45:52","slug":"se-realizo-en-tacuarembo-la-13a-nacional-brangus","status":"publish","type":"post","link":"https:\/\/lahoradelcampo.com.uy\/site\/se-realizo-en-tacuarembo-la-13a-nacional-brangus\/","title":{"rendered":"Se realiz\u00f3 en Tacuaremb\u00f3 la 13a Nacional Brangus"},"content":{"rendered":"\n<figure class=\"wp-block-image\"><img data-recalc-dims=\"1\" loading=\"lazy\" decoding=\"async\" width=\"810\" height=\"405\" data-attachment-id=\"46081\" data-permalink=\"https:\/\/lahoradelcampo.com.uy\/site\/se-realizo-en-tacuarembo-la-13a-nacional-brangus\/nacionalbrangustacuarembo\/\" data-orig-file=\"https:\/\/i0.wp.com\/lahoradelcampo.com.uy\/site\/wp-content\/uploads\/2022\/10\/NacionalBrangusTacuarembo.jpg?fit=880%2C440&amp;ssl=1\" data-orig-size=\"880,440\" data-comments-opened=\"1\" data-image-meta=\"{&quot;aperture&quot;:&quot;0&quot;,&quot;credit&quot;:&quot;&quot;,&quot;camera&quot;:&quot;&quot;,&quot;caption&quot;:&quot;&quot;,&quot;created_timestamp&quot;:&quot;0&quot;,&quot;copyright&quot;:&quot;&quot;,&quot;focal_length&quot;:&quot;0&quot;,&quot;iso&quot;:&quot;0&quot;,&quot;shutter_speed&quot;:&quot;0&quot;,&quot;title&quot;:&quot;&quot;,&quot;orientation&quot;:&quot;1&quot;}\" data-image-title=\"NacionalBrangusTacuarembo\" data-image-description=\"\" data-image-caption=\"\" data-large-file=\"https:\/\/i0.wp.com\/lahoradelcampo.com.uy\/site\/wp-content\/uploads\/2022\/10\/NacionalBrangusTacuarembo.jpg?fit=810%2C405&amp;ssl=1\" src=\"https:\/\/i0.wp.com\/lahoradelcampo.com.uy\/site\/wp-content\/uploads\/2022\/10\/NacionalBrangusTacuarembo.jpg?resize=810%2C405\" alt=\"\" class=\"wp-image-46081\" srcset=\"https:\/\/i0.wp.com\/lahoradelcampo.com.uy\/site\/wp-content\/uploads\/2022\/10\/NacionalBrangusTacuarembo.jpg?w=880&amp;ssl=1 880w, https:\/\/i0.wp.com\/lahoradelcampo.com.uy\/site\/wp-content\/uploads\/2022\/10\/NacionalBrangusTacuarembo.jpg?resize=300%2C150&amp;ssl=1 300w, https:\/\/i0.wp.com\/lahoradelcampo.com.uy\/site\/wp-content\/uploads\/2022\/10\/NacionalBrangusTacuarembo.jpg?resize=768%2C384&amp;ssl=1 768w, https:\/\/i0.wp.com\/lahoradelcampo.com.uy\/site\/wp-content\/uploads\/2022\/10\/NacionalBrangusTacuarembo.jpg?resize=820%2C410&amp;ssl=1 820w\" sizes=\"auto, (max-width: 810px) 100vw, 810px\" \/><\/figure>\n\n\n\n<p>La Sociedad de Criadores de Brangus del\nUruguay realiz\u00f3 este fin de semana en la Rural de Tacuaremb\u00f3 una nueva edici\u00f3n\nde su exposici\u00f3n nacional, donde adem\u00e1s se presentan los toros de la prueba\npastoril. <\/p>\n\n\n\n<p>Este a\u00f1o los mejores ejemplares individuales\nde pedigree fueron presentados por la caba\u00f1a \u201cLa Tribu\u201d de Cerro Largo y en\nmachos por la caba\u00f1a \u201cEl Cang\u00fce\u201d de Paysand\u00fa.<\/p>\n\n\n\n<p>Los premios obtenidos son los siguientes:<\/p>\n\n\n\n<p>Gran Campeona Corral Individual Hembra PO \u2013 Caba\u00f1a\nIpora de Ignacio Favaro Villamil (Tacuaremb\u00f3).<\/p>\n\n\n\n<p>Mejor Lote Hembras PI \u2013 Caba\u00f1a La Castellana\nde Girody SA (R\u00edo Negro)<\/p>\n\n\n\n<p>Gran Campeona Corral Individual PI Nacional\nBrangus \u2013 Caba\u00f1a La Tribu de Martin Gamarra Etcheverry (Cerro Largo)<\/p>\n\n\n\n<p>Lote Campe\u00f3n Machos PO \u2013 Caba\u00f1a Rinc\u00f3n de Los\nNegro de Adri\u00e1n Duarte (Tacuaremb\u00f3)<\/p>\n\n\n\n<p>Gran Campe\u00f3n Corral Individual Macho PO \u2013 Caba\u00f1a\nEl Cang\u00fce de Esteban Morales (Paysand\u00fa)<\/p>\n\n\n\n<p>Lote Campe\u00f3n Machos PI \u2013 Caba\u00f1a El Sauce de Paulo\nAlmeida Prado y Alberto Patron (Cerro Largo)<\/p>\n\n\n\n<p>Gran Campe\u00f3n Macho Individual PI Nacional\nBrangus \u2013 de Caba\u00f1a El Cang\u00fce de Esteban Morales (Paysand\u00fa)<\/p>\n\n\n\n<p>Tras las calificaciones durante las dos\njornadas, en la tarde de ayer se llevaron adelante las ventas, donde se\ncolocaron en primer lugar vientres y luego 25 toros a US$ 2.770 de promedio,\ndonde se&nbsp; incluye un ternero de pedigree.\n<\/p>\n\n\n\n<p>El detalle de los valores otorgados por el\nescritorio Otto Fern\u00e1ndez, a cargo de las ventas, es el siguiente:<\/p>\n\n\n\n<p>Vientres<\/p>\n\n\n\n<p>69 Vaquillonas PO Tatuadas, Max: 1.020, Min:\n648, Prom: 719. <\/p>\n\n\n\n<p>9 Vaquillonas PO sin Tatuar, \u00danico lote: 648<\/p>\n\n\n\n<p>4 Terneras PI, Max: 7.920 (vendido 50%), Min:\n1.080 y Prom: 3.135<\/p>\n\n\n\n<p>10 Vacas y Vaquillonas PI, Max: 1.560, Min:\n960, y Prom: 1.318<\/p>\n\n\n\n<p>Toros<\/p>\n\n\n\n<p>18 Toros Prueba Pastoril, Max 3.300, Min:\n2.160, y Prom 2.610<\/p>\n\n\n\n<p>3 Toros PI Planteleros, Max: 6.000, Min: 3.000\ny Prom: 4.040<\/p>\n\n\n\n<p>1 Ternero PI, Unico lote: 3.180<\/p>\n\n\n\n<p>3 Toros PI, Feria Generales, Max: 2.880, Min:\n1.920, Prom: 2.320.<\/p>\n\n\n\n<p>Promedio Gral Toros: U$S 2.770.<\/p>\n\n\n\n<p>Salto, lunes 3 de octubre de 2022<\/p>\n","protected":false},"excerpt":{"rendered":"<p>La Sociedad de Criadores de Brangus del Uruguay realiz\u00f3 este fin de semana en la Rural de Tacuaremb\u00f3 una nueva edici\u00f3n de su exposici\u00f3n nacional, donde adem\u00e1s se presentan los [&hellip;]<\/p>\n","protected":false},"author":5,"featured_media":46081,"comment_status":"open","ping_status":"open","sticky":false,"template":"","format":"standard","meta":{"_price":"","_stock":"","_tribe_ticket_header":"","_tribe_default_ticket_provider":"","_tribe_ticket_capacity":"0","_ticket_start_date":"","_ticket_end_date":"","_tribe_ticket_show_description":"","_tribe_ticket_show_not_going":false,"_tribe_ticket_use_global_stock":"","_tribe_ticket_global_stock_level":"","_global_stock_mode":"","_global_stock_cap":"","_tribe_rsvp_for_event":"","_tribe_ticket_going_count":"","_tribe_ticket_not_going_count":"","_tribe_tickets_list":"[]","_tribe_ticket_has_attendee_info_fields":false,"h5ap_radio_sources":[],"_jetpack_newsletter_access":"","_jetpack_dont_email_post_to_subs":false,"_jetpack_newsletter_tier_id":0,"_jetpack_memberships_contains_paywalled_content":false,"_jetpack_memberships_contains_paid_content":false,"footnotes":""},"categories":[21,5],"tags":[],"class_list":["post-46079","post","type-post","status-publish","format-standard","has-post-thumbnail","hentry","category-actualidad","category-ganaderia"],"jetpack_featured_media_url":"https:\/\/i0.wp.com\/lahoradelcampo.com.uy\/site\/wp-content\/uploads\/2022\/10\/NacionalBrangusTacuarembo.jpg?fit=880%2C440&ssl=1","jetpack_sharing_enabled":true,"jetpack_shortlink":"https:\/\/wp.me\/p99IaT-bZd","jetpack-related-posts":[{"id":35501,"url":"https:\/\/lahoradelcampo.com.uy\/site\/rincon-de-los-negros-a-us-2-918-de-promedio\/","url_meta":{"origin":46079,"position":0},"title":"Rinc\u00f3n de los Negros a   U$S 2.918  de promedio","author":"La Hora del Campo","date":"15 octubre, 2021","format":false,"excerpt":"Comercializando 56 toros que promediaron U$S 2.918, se realiz\u00f3 en Tacuaremb\u00f3 la venta de los toros Angus y Brangus de caba\u00f1a \u201cRinc\u00f3n de los Negros\u201d, en subasta a cargo de Zambrano y C\u00eda. El valor m\u00e1ximo de las ventas fue U$S 4.440 por un toro Brangus de pedigr\u00ed. Los 29\u2026","rel":"","context":"En \u00abActualidad\u00bb","block_context":{"text":"Actualidad","link":"https:\/\/lahoradelcampo.com.uy\/site\/category\/actualidad\/"},"img":{"alt_text":"","src":"https:\/\/i0.wp.com\/lahoradelcampo.com.uy\/site\/wp-content\/uploads\/2021\/10\/zafra-rinconnegros.jpg?fit=880%2C440&ssl=1&resize=350%2C200","width":350,"height":200,"srcset":"https:\/\/i0.wp.com\/lahoradelcampo.com.uy\/site\/wp-content\/uploads\/2021\/10\/zafra-rinconnegros.jpg?fit=880%2C440&ssl=1&resize=350%2C200 1x, https:\/\/i0.wp.com\/lahoradelcampo.com.uy\/site\/wp-content\/uploads\/2021\/10\/zafra-rinconnegros.jpg?fit=880%2C440&ssl=1&resize=525%2C300 1.5x, https:\/\/i0.wp.com\/lahoradelcampo.com.uy\/site\/wp-content\/uploads\/2021\/10\/zafra-rinconnegros.jpg?fit=880%2C440&ssl=1&resize=700%2C400 2x"},"classes":[]},{"id":34965,"url":"https:\/\/lahoradelcampo.com.uy\/site\/tres-cerros-gano-en-el-braford-y-rincon-de-los-negros-en-el-brangus\/","url_meta":{"origin":46079,"position":1},"title":"Tres Cerros gan\u00f3 en el Braford y Rinc\u00f3n de los Negros en el Brangus","author":"La Hora del Campo","date":"3 octubre, 2021","format":false,"excerpt":"Una vez finalizada la jura de la raza Aberdeen Angus, fue el momento del ingreso de las llamadas razas minoritarias (por su menor presencia en cantidad de animales en la muestra), por lo que entraron a pista las razas sint\u00e9ticas Braford y Brangus y posteriormente el Normando. En el caso\u2026","rel":"","context":"En \u00abActualidad\u00bb","block_context":{"text":"Actualidad","link":"https:\/\/lahoradelcampo.com.uy\/site\/category\/actualidad\/"},"img":{"alt_text":"","src":"https:\/\/i0.wp.com\/lahoradelcampo.com.uy\/site\/wp-content\/uploads\/2021\/10\/Expo-braford.jpg?fit=880%2C440&ssl=1&resize=350%2C200","width":350,"height":200,"srcset":"https:\/\/i0.wp.com\/lahoradelcampo.com.uy\/site\/wp-content\/uploads\/2021\/10\/Expo-braford.jpg?fit=880%2C440&ssl=1&resize=350%2C200 1x, https:\/\/i0.wp.com\/lahoradelcampo.com.uy\/site\/wp-content\/uploads\/2021\/10\/Expo-braford.jpg?fit=880%2C440&ssl=1&resize=525%2C300 1.5x, https:\/\/i0.wp.com\/lahoradelcampo.com.uy\/site\/wp-content\/uploads\/2021\/10\/Expo-braford.jpg?fit=880%2C440&ssl=1&resize=700%2C400 2x"},"classes":[]},{"id":46711,"url":"https:\/\/lahoradelcampo.com.uy\/site\/us-3-430-el-promedio-de-los-2-263-toros-vendidos-en-54-remates\/","url_meta":{"origin":46079,"position":2},"title":"US$ 3.430 el promedio de los 2.263 toros vendidos en 54 remates","author":"La Hora del Campo","date":"31 octubre, 2022","format":false,"excerpt":"Al cierre de este mes de octubre, con 54 remates realizados en 13 departamentos, cerramos el balance de la presente zafra de toros, para este trabajo. Este trabajo cuenta con el aporte de varios colegas: \u00c1lvaro Aguiar (Radio Durazno), Pablo Blanc (El Tel\u00e9grafo), Claudino y Mart\u00edn Ferreira Pinto (Radio Libertadores)\u2026","rel":"","context":"En \u00abActualidad\u00bb","block_context":{"text":"Actualidad","link":"https:\/\/lahoradelcampo.com.uy\/site\/category\/actualidad\/"},"img":{"alt_text":"","src":"https:\/\/i0.wp.com\/lahoradelcampo.com.uy\/site\/wp-content\/uploads\/2020\/10\/zafratoros.jpg?fit=880%2C440&ssl=1&resize=350%2C200","width":350,"height":200,"srcset":"https:\/\/i0.wp.com\/lahoradelcampo.com.uy\/site\/wp-content\/uploads\/2020\/10\/zafratoros.jpg?fit=880%2C440&ssl=1&resize=350%2C200 1x, https:\/\/i0.wp.com\/lahoradelcampo.com.uy\/site\/wp-content\/uploads\/2020\/10\/zafratoros.jpg?fit=880%2C440&ssl=1&resize=525%2C300 1.5x, https:\/\/i0.wp.com\/lahoradelcampo.com.uy\/site\/wp-content\/uploads\/2020\/10\/zafratoros.jpg?fit=880%2C440&ssl=1&resize=700%2C400 2x"},"classes":[]},{"id":15640,"url":"https:\/\/lahoradelcampo.com.uy\/site\/100-de-venta-para-los-toros-de-santa-maria-de-la-buena-union\/","url_meta":{"origin":46079,"position":3},"title":"100% de venta para los toros de Santa Mar\u00eda de la Buena Uni\u00f3n","author":"La Hora del Campo","date":"6 noviembre, 2019","format":false,"excerpt":"En la tarde de ayer se realiz\u00f3 en el local de la Asociaci\u00f3n Rural de Tacuaremb\u00f3 el 10\u00ba remate anual de la caba\u00f1a \"Santa Mar\u00eda de la Buena Uni\u00f3n\" de Yamayo, coloc\u00e1ndose el 100% de la oferta de forma \u00e1gil y din\u00e1mica. Los negocios estuvieron a cargo de los escritorios\u2026","rel":"","context":"En \u00abActualidad\u00bb","block_context":{"text":"Actualidad","link":"https:\/\/lahoradelcampo.com.uy\/site\/category\/actualidad\/"},"img":{"alt_text":"","src":"https:\/\/i0.wp.com\/lahoradelcampo.com.uy\/site\/wp-content\/uploads\/2019\/11\/Yamayo.jpg?fit=880%2C440&ssl=1&resize=350%2C200","width":350,"height":200,"srcset":"https:\/\/i0.wp.com\/lahoradelcampo.com.uy\/site\/wp-content\/uploads\/2019\/11\/Yamayo.jpg?fit=880%2C440&ssl=1&resize=350%2C200 1x, https:\/\/i0.wp.com\/lahoradelcampo.com.uy\/site\/wp-content\/uploads\/2019\/11\/Yamayo.jpg?fit=880%2C440&ssl=1&resize=525%2C300 1.5x, https:\/\/i0.wp.com\/lahoradelcampo.com.uy\/site\/wp-content\/uploads\/2019\/11\/Yamayo.jpg?fit=880%2C440&ssl=1&resize=700%2C400 2x"},"classes":[]},{"id":50110,"url":"https:\/\/lahoradelcampo.com.uy\/site\/congreso-mundial-brangus-comenzo-la-experiencia-argentina\/","url_meta":{"origin":46079,"position":4},"title":"Congreso Mundial Brangus: comenz\u00f3 \u201cla experiencia argentina\u201d","author":"La Hora del Campo","date":"20 abril, 2023","format":false,"excerpt":"Foto: Expoagro El Congreso Mundial de la raza Brangus comenz\u00f3 en Argentina con la visita al establecimiento \"Las Mar\u00edas\" en Corrientes. Este evento, bajo el lema \"La experiencia argentina\", consta de dos etapas, una gira de campo que se llevar\u00e1 a cabo hasta el 24 de abril en seis establecimientos\u2026","rel":"","context":"En \u00abActualidad\u00bb","block_context":{"text":"Actualidad","link":"https:\/\/lahoradelcampo.com.uy\/site\/category\/actualidad\/"},"img":{"alt_text":"","src":"https:\/\/i0.wp.com\/lahoradelcampo.com.uy\/site\/wp-content\/uploads\/2023\/04\/CongresoAngus.jpg?fit=880%2C440&ssl=1&resize=350%2C200","width":350,"height":200,"srcset":"https:\/\/i0.wp.com\/lahoradelcampo.com.uy\/site\/wp-content\/uploads\/2023\/04\/CongresoAngus.jpg?fit=880%2C440&ssl=1&resize=350%2C200 1x, https:\/\/i0.wp.com\/lahoradelcampo.com.uy\/site\/wp-content\/uploads\/2023\/04\/CongresoAngus.jpg?fit=880%2C440&ssl=1&resize=525%2C300 1.5x, https:\/\/i0.wp.com\/lahoradelcampo.com.uy\/site\/wp-content\/uploads\/2023\/04\/CongresoAngus.jpg?fit=880%2C440&ssl=1&resize=700%2C400 2x"},"classes":[]},{"id":1943,"url":"https:\/\/lahoradelcampo.com.uy\/site\/el-futuro-del-brangus-tiene-el-coraje\/","url_meta":{"origin":46079,"position":5},"title":"El futuro del Brangus tiene \u00abEl Coraje\u00bb","author":"La Hora del Campo","date":"30 septiembre, 2017","format":false,"excerpt":"El futuro del Brangus tiene \"El Coraje\", esa es la frase que resuena luego del destacado remate que realiz\u00f3 la caba\u00f1a \"El Coraje\" de la familia Bove Itzaina, en la jornada del viernes en el departamento de Durazno, en el cual un ternero y una ternera , el futuro gen\u00e9tico\u2026","rel":"","context":"En \u00abActualidad\u00bb","block_context":{"text":"Actualidad","link":"https:\/\/lahoradelcampo.com.uy\/site\/category\/actualidad\/"},"img":{"alt_text":"","src":"https:\/\/i0.wp.com\/lahoradelcampo.com.uy\/site\/wp-content\/uploads\/2017\/09\/El-Coraje.jpg?fit=880%2C440&ssl=1&resize=350%2C200","width":350,"height":200,"srcset":"https:\/\/i0.wp.com\/lahoradelcampo.com.uy\/site\/wp-content\/uploads\/2017\/09\/El-Coraje.jpg?fit=880%2C440&ssl=1&resize=350%2C200 1x, https:\/\/i0.wp.com\/lahoradelcampo.com.uy\/site\/wp-content\/uploads\/2017\/09\/El-Coraje.jpg?fit=880%2C440&ssl=1&resize=525%2C300 1.5x, https:\/\/i0.wp.com\/lahoradelcampo.com.uy\/site\/wp-content\/uploads\/2017\/09\/El-Coraje.jpg?fit=880%2C440&ssl=1&resize=700%2C400 2x"},"classes":[]}],"jetpack_likes_enabled":true,"_links":{"self":[{"href":"https:\/\/lahoradelcampo.com.uy\/site\/wp-json\/wp\/v2\/posts\/46079","targetHints":{"allow":["GET"]}}],"collection":[{"href":"https:\/\/lahoradelcampo.com.uy\/site\/wp-json\/wp\/v2\/posts"}],"about":[{"href":"https:\/\/lahoradelcampo.com.uy\/site\/wp-json\/wp\/v2\/types\/post"}],"author":[{"embeddable":true,"href":"https:\/\/lahoradelcampo.com.uy\/site\/wp-json\/wp\/v2\/users\/5"}],"replies":[{"embeddable":true,"href":"https:\/\/lahoradelcampo.com.uy\/site\/wp-json\/wp\/v2\/comments?post=46079"}],"version-history":[{"count":1,"href":"https:\/\/lahoradelcampo.com.uy\/site\/wp-json\/wp\/v2\/posts\/46079\/revisions"}],"predecessor-version":[{"id":46083,"href":"https:\/\/lahoradelcampo.com.uy\/site\/wp-json\/wp\/v2\/posts\/46079\/revisions\/46083"}],"wp:featuredmedia":[{"embeddable":true,"href":"https:\/\/lahoradelcampo.com.uy\/site\/wp-json\/wp\/v2\/media\/46081"}],"wp:attachment":[{"href":"https:\/\/lahoradelcampo.com.uy\/site\/wp-json\/wp\/v2\/media?parent=46079"}],"wp:term":[{"taxonomy":"category","embeddable":true,"href":"https:\/\/lahoradelcampo.com.uy\/site\/wp-json\/wp\/v2\/categories?post=46079"},{"taxonomy":"post_tag","embeddable":true,"href":"https:\/\/lahoradelcampo.com.uy\/site\/wp-json\/wp\/v2\/tags?post=46079"}],"curies":[{"name":"wp","href":"https:\/\/api.w.org\/{rel}","templated":true}]}}