{"id":46071,"date":"2022-10-02T19:26:12","date_gmt":"2022-10-02T22:26:12","guid":{"rendered":"http:\/\/lahoradelcampo.com.uy\/site\/?p=46071"},"modified":"2022-10-02T19:28:13","modified_gmt":"2022-10-02T22:28:13","slug":"cavani-y-parietti-expusieron-la-gran-campeona-criolla-en-la-expo-salto","status":"publish","type":"post","link":"https:\/\/lahoradelcampo.com.uy\/site\/cavani-y-parietti-expusieron-la-gran-campeona-criolla-en-la-expo-salto\/","title":{"rendered":"Criollos: La Gran Campeona fue expuesta por Cavani y Parietti"},"content":{"rendered":"\n<figure class=\"wp-block-image\"><img data-recalc-dims=\"1\" loading=\"lazy\" decoding=\"async\" width=\"810\" height=\"405\" data-attachment-id=\"46073\" data-permalink=\"https:\/\/lahoradelcampo.com.uy\/site\/cavani-y-parietti-expusieron-la-gran-campeona-criolla-en-la-expo-salto\/exposalto-criollos\/\" data-orig-file=\"https:\/\/i0.wp.com\/lahoradelcampo.com.uy\/site\/wp-content\/uploads\/2022\/10\/ExpoSalto-Criollos.jpg?fit=880%2C440&amp;ssl=1\" data-orig-size=\"880,440\" data-comments-opened=\"1\" data-image-meta=\"{&quot;aperture&quot;:&quot;0&quot;,&quot;credit&quot;:&quot;&quot;,&quot;camera&quot;:&quot;&quot;,&quot;caption&quot;:&quot;&quot;,&quot;created_timestamp&quot;:&quot;0&quot;,&quot;copyright&quot;:&quot;&quot;,&quot;focal_length&quot;:&quot;0&quot;,&quot;iso&quot;:&quot;0&quot;,&quot;shutter_speed&quot;:&quot;0&quot;,&quot;title&quot;:&quot;&quot;,&quot;orientation&quot;:&quot;1&quot;}\" data-image-title=\"ExpoSalto-Criollos\" data-image-description=\"\" data-image-caption=\"\" data-large-file=\"https:\/\/i0.wp.com\/lahoradelcampo.com.uy\/site\/wp-content\/uploads\/2022\/10\/ExpoSalto-Criollos.jpg?fit=810%2C405&amp;ssl=1\" src=\"https:\/\/i0.wp.com\/lahoradelcampo.com.uy\/site\/wp-content\/uploads\/2022\/10\/ExpoSalto-Criollos.jpg?resize=810%2C405\" alt=\"\" class=\"wp-image-46073\" srcset=\"https:\/\/i0.wp.com\/lahoradelcampo.com.uy\/site\/wp-content\/uploads\/2022\/10\/ExpoSalto-Criollos.jpg?w=880&amp;ssl=1 880w, https:\/\/i0.wp.com\/lahoradelcampo.com.uy\/site\/wp-content\/uploads\/2022\/10\/ExpoSalto-Criollos.jpg?resize=300%2C150&amp;ssl=1 300w, https:\/\/i0.wp.com\/lahoradelcampo.com.uy\/site\/wp-content\/uploads\/2022\/10\/ExpoSalto-Criollos.jpg?resize=768%2C384&amp;ssl=1 768w, https:\/\/i0.wp.com\/lahoradelcampo.com.uy\/site\/wp-content\/uploads\/2022\/10\/ExpoSalto-Criollos.jpg?resize=820%2C410&amp;ssl=1 820w\" sizes=\"auto, (max-width: 810px) 100vw, 810px\" \/><\/figure>\n\n\n\n<p>Con Magdalena Vergara de jurado, acompa\u00f1ada por Alma Elorza y como secretario Renzo Mazzilli, productos de \u00abSanta Mar\u00eda\u00bb de Carlos Parietti Henderson fueron los grandes campeones de machos y hembras en la pista de Criollos de la Expo Salto, aunque en el caso de las hembras, el ejemplar es compartido con el futbolista Edinson Cavani.<br><\/p>\n\n\n\n<p>En machos, el Gran Campe\u00f3n y Campe\u00f3n Potrillo y Mejor Ejemplar Sin Distinci\u00f3n de Sexo, fue de \u00abSanta Mar\u00eda\u00bb, reservado Gran Campe\u00f3n y Campe\u00f3n Padrillo Mayor de V\u00edctor Alvarez Cibils.<br><\/p>\n\n\n\n<p>En hembras, Gran Campeona y Campeona Yegua Menor de Carlos Parietti y Edinson Cavani; reservada Gran Campeona y reservada Campeona Yegua Menor de Burjel Parietti y Tercera Mejor Hembra de Carlos Parietti y Edinson Cavani.<br><\/p>\n\n\n\n<p>Carlos Parietti dijo que es el fruto de todo el a\u00f1o de trabajo, as\u00ed que nos queda esa satisfacci\u00f3n. Reconoci\u00f3 que Edinson Cavani, hoy viviendo en Valencia \u00abdebe estar mirando y seguramente muy contento por la obtenci\u00f3n del Gran Campeonato\u00bb.<br><\/p>\n\n\n\n<p>Sobre el potrillo dijo que es un animal \u00abcon mucho futuro, muy fuerte y estructurado, que se va a mostar mejor como Padrillo Menor o Padrillo adulto, que como potrillo por su estructura, ya que es demasiado fuerte, pero es lo que uno busca para el trabajo\u00bb.<br><\/p>\n\n\n\n<p>En el caso de la hembra, dijo que es muy linda, un ejemplar con muy buena silueta y muy buena l\u00ednea superior. Tal vez le falta un poco m\u00e1s de alzada, porque a m\u00ed me gustan un poquito m\u00e1s grande, pero son animales muy buenos\u00bb.<br><\/p>\n\n\n\n<p>Sobre el futuro de los dos ejemplares, dijo que el macho participar\u00e1 \u00abde una clasificatoria de morfolog\u00eda para la Ficcc que ser\u00e1 el a\u00f1o que viene en Palermo\u00bb, mientras que la yegua va directamente para cr\u00eda\u00bb.<br><\/p>\n\n\n\n<p>Mejor Incentivo Machos, \u00abSanta Mar\u00eda\u00bb de Carlos Parietti Henderson. Mejor Incentivo Hembras, de Arandusa.<\/p>\n\n\n\n<p>Salto, domingo 2 de octubre de 2022<\/p>\n","protected":false},"excerpt":{"rendered":"<p>Con Magdalena Vergara de jurado, acompa\u00f1ada por Alma Elorza y como secretario Renzo Mazzilli, productos de \u00abSanta Mar\u00eda\u00bb de Carlos Parietti Henderson fueron los grandes campeones de machos y hembras [&hellip;]<\/p>\n","protected":false},"author":5,"featured_media":46073,"comment_status":"open","ping_status":"open","sticky":false,"template":"","format":"standard","meta":{"_price":"","_stock":"","_tribe_ticket_header":"","_tribe_default_ticket_provider":"","_tribe_ticket_capacity":"0","_ticket_start_date":"","_ticket_end_date":"","_tribe_ticket_show_description":"","_tribe_ticket_show_not_going":false,"_tribe_ticket_use_global_stock":"","_tribe_ticket_global_stock_level":"","_global_stock_mode":"","_global_stock_cap":"","_tribe_rsvp_for_event":"","_tribe_ticket_going_count":"","_tribe_ticket_not_going_count":"","_tribe_tickets_list":"[]","_tribe_ticket_has_attendee_info_fields":false,"h5ap_radio_sources":[],"_jetpack_newsletter_access":"","_jetpack_dont_email_post_to_subs":false,"_jetpack_newsletter_tier_id":0,"_jetpack_memberships_contains_paywalled_content":false,"_jetpack_memberships_contains_paid_content":false,"footnotes":""},"categories":[21,23],"tags":[],"class_list":["post-46071","post","type-post","status-publish","format-standard","has-post-thumbnail","hentry","category-actualidad","category-equinos"],"jetpack_featured_media_url":"https:\/\/i0.wp.com\/lahoradelcampo.com.uy\/site\/wp-content\/uploads\/2022\/10\/ExpoSalto-Criollos.jpg?fit=880%2C440&ssl=1","jetpack_sharing_enabled":true,"jetpack_shortlink":"https:\/\/wp.me\/p99IaT-bZ5","jetpack-related-posts":[{"id":34985,"url":"https:\/\/lahoradelcampo.com.uy\/site\/cavani-y-parietti-presentaron-los-mejores-criollos\/","url_meta":{"origin":46071,"position":0},"title":"Cavani y Parietti presentaron los mejores Criollos","author":"La Hora del Campo","date":"3 octubre, 2021","format":false,"excerpt":"El futbolista de la Selecci\u00f3n Uruguaya y jugador del Manchester United, Edinson Cavani, y el productor y caba\u00f1ero de la raza Carlos Parietti, presentaron animales en la Expo Prado, en sociedad, y aqu\u00ed en Salto volvieron a exponer logrando la Gran Campeona Hembra, que a la postre se coron\u00f3 adem\u00e1s\u2026","rel":"","context":"En \u00abActualidad\u00bb","block_context":{"text":"Actualidad","link":"https:\/\/lahoradelcampo.com.uy\/site\/category\/actualidad\/"},"img":{"alt_text":"","src":"https:\/\/i0.wp.com\/lahoradelcampo.com.uy\/site\/wp-content\/uploads\/2021\/10\/Expo-criollos.jpg?fit=880%2C440&ssl=1&resize=350%2C200","width":350,"height":200,"srcset":"https:\/\/i0.wp.com\/lahoradelcampo.com.uy\/site\/wp-content\/uploads\/2021\/10\/Expo-criollos.jpg?fit=880%2C440&ssl=1&resize=350%2C200 1x, https:\/\/i0.wp.com\/lahoradelcampo.com.uy\/site\/wp-content\/uploads\/2021\/10\/Expo-criollos.jpg?fit=880%2C440&ssl=1&resize=525%2C300 1.5x, https:\/\/i0.wp.com\/lahoradelcampo.com.uy\/site\/wp-content\/uploads\/2021\/10\/Expo-criollos.jpg?fit=880%2C440&ssl=1&resize=700%2C400 2x"},"classes":[]},{"id":2339,"url":"https:\/\/lahoradelcampo.com.uy\/site\/santa-maria-y-guillermo-sanguinetti-en-la-raza-criolla\/","url_meta":{"origin":46071,"position":1},"title":"Santa Mar\u00eda y Guillermo Sanguinetti en la raza Criolla","author":"La Hora del Campo","date":"8 octubre, 2017","format":false,"excerpt":"Alejandro y Federico Arralde fueron los jurados de la prueba morfol\u00f3gica de la raza Criolla, realizado en la tarde de ayer en el marco de la Expo Salto. En una pista muy disputada en machos, el Gran Campe\u00f3n y Campe\u00f3n Potrillo fue de Guillermo Sanguinetti; el reservado Gran Campe\u00f3n y\u2026","rel":"","context":"En \u00abActualidad\u00bb","block_context":{"text":"Actualidad","link":"https:\/\/lahoradelcampo.com.uy\/site\/category\/actualidad\/"},"img":{"alt_text":"","src":"https:\/\/i0.wp.com\/lahoradelcampo.com.uy\/site\/wp-content\/uploads\/2017\/10\/Criollos.jpg?fit=880%2C440&ssl=1&resize=350%2C200","width":350,"height":200,"srcset":"https:\/\/i0.wp.com\/lahoradelcampo.com.uy\/site\/wp-content\/uploads\/2017\/10\/Criollos.jpg?fit=880%2C440&ssl=1&resize=350%2C200 1x, https:\/\/i0.wp.com\/lahoradelcampo.com.uy\/site\/wp-content\/uploads\/2017\/10\/Criollos.jpg?fit=880%2C440&ssl=1&resize=525%2C300 1.5x, https:\/\/i0.wp.com\/lahoradelcampo.com.uy\/site\/wp-content\/uploads\/2017\/10\/Criollos.jpg?fit=880%2C440&ssl=1&resize=700%2C400 2x"},"classes":[]},{"id":54817,"url":"https:\/\/lahoradelcampo.com.uy\/site\/excelentes-criollos-en-la-expo-salto\/","url_meta":{"origin":46071,"position":2},"title":"Excelentes Criollos en la Expo Salto","author":"La Hora del Campo","date":"8 octubre, 2024","format":false,"excerpt":"En la tarde de este s\u00e1bado, y como es costumbre en el marco de la Expo Salto, se llev\u00f3 a cabo la evaluaci\u00f3n fenot\u00edpica de la raza Criolla, a cargo de Valent\u00edn Gamarra y Agust\u00edn Fures. El Gran Campe\u00f3n y Mejor Ejemplar sin distinci\u00f3n de g\u00e9nero fue el Campe\u00f3n Potrillo,\u2026","rel":"","context":"En \u00abActualidad\u00bb","block_context":{"text":"Actualidad","link":"https:\/\/lahoradelcampo.com.uy\/site\/category\/actualidad\/"},"img":{"alt_text":"","src":"https:\/\/i0.wp.com\/lahoradelcampo.com.uy\/site\/wp-content\/uploads\/2024\/10\/expoaslto-criollos.jpg?fit=880%2C440&ssl=1&resize=350%2C200","width":350,"height":200,"srcset":"https:\/\/i0.wp.com\/lahoradelcampo.com.uy\/site\/wp-content\/uploads\/2024\/10\/expoaslto-criollos.jpg?fit=880%2C440&ssl=1&resize=350%2C200 1x, https:\/\/i0.wp.com\/lahoradelcampo.com.uy\/site\/wp-content\/uploads\/2024\/10\/expoaslto-criollos.jpg?fit=880%2C440&ssl=1&resize=525%2C300 1.5x, https:\/\/i0.wp.com\/lahoradelcampo.com.uy\/site\/wp-content\/uploads\/2024\/10\/expoaslto-criollos.jpg?fit=880%2C440&ssl=1&resize=700%2C400 2x"},"classes":[]},{"id":24760,"url":"https:\/\/lahoradelcampo.com.uy\/site\/la-revancha-de-dominguez-presento-la-gran-campeona-en-criollos\/","url_meta":{"origin":46071,"position":3},"title":"La Revancha de Dominguez present\u00f3 la Gran Campeona en Criollos","author":"La Hora del Campo","date":"18 octubre, 2020","format":false,"excerpt":"Jos\u00e9 Luis Savio y Carlos Parietti fueron los encargados de calificar en la Expo Chiflero los mejores ejemplares expuestos por la raza criolla. En una pista con pocos animales, pero con un importante nivel de morfolog\u00eda. En las calificaciones, en la categor\u00eda incentivo la mejor hembra fue expuesta por el\u2026","rel":"","context":"En \u00abActualidad\u00bb","block_context":{"text":"Actualidad","link":"https:\/\/lahoradelcampo.com.uy\/site\/category\/actualidad\/"},"img":{"alt_text":"","src":"https:\/\/i0.wp.com\/lahoradelcampo.com.uy\/site\/wp-content\/uploads\/2020\/10\/Chiflerocriollos.jpg?fit=880%2C440&ssl=1&resize=350%2C200","width":350,"height":200,"srcset":"https:\/\/i0.wp.com\/lahoradelcampo.com.uy\/site\/wp-content\/uploads\/2020\/10\/Chiflerocriollos.jpg?fit=880%2C440&ssl=1&resize=350%2C200 1x, https:\/\/i0.wp.com\/lahoradelcampo.com.uy\/site\/wp-content\/uploads\/2020\/10\/Chiflerocriollos.jpg?fit=880%2C440&ssl=1&resize=525%2C300 1.5x, https:\/\/i0.wp.com\/lahoradelcampo.com.uy\/site\/wp-content\/uploads\/2020\/10\/Chiflerocriollos.jpg?fit=880%2C440&ssl=1&resize=700%2C400 2x"},"classes":[]},{"id":2675,"url":"https:\/\/lahoradelcampo.com.uy\/site\/grandes-campeones-de-la-expo-paysandu\/","url_meta":{"origin":46071,"position":4},"title":"Grandes Campeones de la Expo Paysand\u00fa","author":"La Hora del Campo","date":"15 octubre, 2017","format":false,"excerpt":"Paysand\u00fa realiz\u00f3 una interesante muestra de r\u00fasticos y animales de bozal, con destaques en n\u00famero de ejemplares de las razas Polled Hereford, Aberdeen Angus, y por primera vez un interesante n\u00famero de Brangus. Hereford Jurado: Ignacio Clemente. Polled Hereford: De Campo: Lote Campe\u00f3n de \u00d1u Por\u00e1, Segundo Mejor Lote de\u2026","rel":"","context":"En \u00abActualidad\u00bb","block_context":{"text":"Actualidad","link":"https:\/\/lahoradelcampo.com.uy\/site\/category\/actualidad\/"},"img":{"alt_text":"","src":"https:\/\/i0.wp.com\/lahoradelcampo.com.uy\/site\/wp-content\/uploads\/2017\/10\/Expo-Paysand%C3%BA.jpg?fit=880%2C440&ssl=1&resize=350%2C200","width":350,"height":200,"srcset":"https:\/\/i0.wp.com\/lahoradelcampo.com.uy\/site\/wp-content\/uploads\/2017\/10\/Expo-Paysand%C3%BA.jpg?fit=880%2C440&ssl=1&resize=350%2C200 1x, https:\/\/i0.wp.com\/lahoradelcampo.com.uy\/site\/wp-content\/uploads\/2017\/10\/Expo-Paysand%C3%BA.jpg?fit=880%2C440&ssl=1&resize=525%2C300 1.5x, https:\/\/i0.wp.com\/lahoradelcampo.com.uy\/site\/wp-content\/uploads\/2017\/10\/Expo-Paysand%C3%BA.jpg?fit=880%2C440&ssl=1&resize=700%2C400 2x"},"classes":[]},{"id":24766,"url":"https:\/\/lahoradelcampo.com.uy\/site\/nu-pora-presento-el-copa-de-honor-hereford-de-la-expo-paysandu\/","url_meta":{"origin":46071,"position":5},"title":"\u00d1u Por\u00e1 present\u00f3 el Copa de Honor  Hereford de la Expo Paysand\u00fa","author":"La Hora del Campo","date":"18 octubre, 2020","format":false,"excerpt":"En una jornada, tambi\u00e9n calurosa, se realiz\u00f3 la actividad de calificaciones de la Expo Paysand\u00fa, que adem\u00e1s cuenta con una importante para toda la familia. Ayer, el p\u00fablico acompa\u00f1o y colm\u00f3 el aforo previsto para este a\u00f1o, por motivos de la pandemia. En la pista se calificaron los mejores ejemplares\u2026","rel":"","context":"En \u00abActualidad\u00bb","block_context":{"text":"Actualidad","link":"https:\/\/lahoradelcampo.com.uy\/site\/category\/actualidad\/"},"img":{"alt_text":"","src":"https:\/\/i0.wp.com\/lahoradelcampo.com.uy\/site\/wp-content\/uploads\/2020\/10\/Paysanduhereford.jpg?fit=880%2C440&ssl=1&resize=350%2C200","width":350,"height":200,"srcset":"https:\/\/i0.wp.com\/lahoradelcampo.com.uy\/site\/wp-content\/uploads\/2020\/10\/Paysanduhereford.jpg?fit=880%2C440&ssl=1&resize=350%2C200 1x, https:\/\/i0.wp.com\/lahoradelcampo.com.uy\/site\/wp-content\/uploads\/2020\/10\/Paysanduhereford.jpg?fit=880%2C440&ssl=1&resize=525%2C300 1.5x, https:\/\/i0.wp.com\/lahoradelcampo.com.uy\/site\/wp-content\/uploads\/2020\/10\/Paysanduhereford.jpg?fit=880%2C440&ssl=1&resize=700%2C400 2x"},"classes":[]}],"jetpack_likes_enabled":true,"_links":{"self":[{"href":"https:\/\/lahoradelcampo.com.uy\/site\/wp-json\/wp\/v2\/posts\/46071","targetHints":{"allow":["GET"]}}],"collection":[{"href":"https:\/\/lahoradelcampo.com.uy\/site\/wp-json\/wp\/v2\/posts"}],"about":[{"href":"https:\/\/lahoradelcampo.com.uy\/site\/wp-json\/wp\/v2\/types\/post"}],"author":[{"embeddable":true,"href":"https:\/\/lahoradelcampo.com.uy\/site\/wp-json\/wp\/v2\/users\/5"}],"replies":[{"embeddable":true,"href":"https:\/\/lahoradelcampo.com.uy\/site\/wp-json\/wp\/v2\/comments?post=46071"}],"version-history":[{"count":2,"href":"https:\/\/lahoradelcampo.com.uy\/site\/wp-json\/wp\/v2\/posts\/46071\/revisions"}],"predecessor-version":[{"id":46077,"href":"https:\/\/lahoradelcampo.com.uy\/site\/wp-json\/wp\/v2\/posts\/46071\/revisions\/46077"}],"wp:featuredmedia":[{"embeddable":true,"href":"https:\/\/lahoradelcampo.com.uy\/site\/wp-json\/wp\/v2\/media\/46073"}],"wp:attachment":[{"href":"https:\/\/lahoradelcampo.com.uy\/site\/wp-json\/wp\/v2\/media?parent=46071"}],"wp:term":[{"taxonomy":"category","embeddable":true,"href":"https:\/\/lahoradelcampo.com.uy\/site\/wp-json\/wp\/v2\/categories?post=46071"},{"taxonomy":"post_tag","embeddable":true,"href":"https:\/\/lahoradelcampo.com.uy\/site\/wp-json\/wp\/v2\/tags?post=46071"}],"curies":[{"name":"wp","href":"https:\/\/api.w.org\/{rel}","templated":true}]}}