{"id":46065,"date":"2022-10-02T19:23:45","date_gmt":"2022-10-02T22:23:45","guid":{"rendered":"http:\/\/lahoradelcampo.com.uy\/site\/?p=46065"},"modified":"2022-10-02T19:23:49","modified_gmt":"2022-10-02T22:23:49","slug":"mauren-vivo-presento-el-gran-campeon-appaloosa","status":"publish","type":"post","link":"https:\/\/lahoradelcampo.com.uy\/site\/mauren-vivo-presento-el-gran-campeon-appaloosa\/","title":{"rendered":"Mauren Vivo present\u00f3 el Gran Campe\u00f3n Appaloosa"},"content":{"rendered":"\n<figure class=\"wp-block-image\"><img data-recalc-dims=\"1\" loading=\"lazy\" decoding=\"async\" width=\"810\" height=\"405\" data-attachment-id=\"46067\" data-permalink=\"https:\/\/lahoradelcampo.com.uy\/site\/mauren-vivo-presento-el-gran-campeon-appaloosa\/exposalto-appaloosa\/\" data-orig-file=\"https:\/\/i0.wp.com\/lahoradelcampo.com.uy\/site\/wp-content\/uploads\/2022\/10\/ExpoSalto-Appaloosa.jpg?fit=880%2C440&amp;ssl=1\" data-orig-size=\"880,440\" data-comments-opened=\"1\" data-image-meta=\"{&quot;aperture&quot;:&quot;0&quot;,&quot;credit&quot;:&quot;&quot;,&quot;camera&quot;:&quot;&quot;,&quot;caption&quot;:&quot;&quot;,&quot;created_timestamp&quot;:&quot;0&quot;,&quot;copyright&quot;:&quot;&quot;,&quot;focal_length&quot;:&quot;0&quot;,&quot;iso&quot;:&quot;0&quot;,&quot;shutter_speed&quot;:&quot;0&quot;,&quot;title&quot;:&quot;&quot;,&quot;orientation&quot;:&quot;1&quot;}\" data-image-title=\"ExpoSalto-Appaloosa\" data-image-description=\"\" data-image-caption=\"\" data-large-file=\"https:\/\/i0.wp.com\/lahoradelcampo.com.uy\/site\/wp-content\/uploads\/2022\/10\/ExpoSalto-Appaloosa.jpg?fit=810%2C405&amp;ssl=1\" src=\"https:\/\/i0.wp.com\/lahoradelcampo.com.uy\/site\/wp-content\/uploads\/2022\/10\/ExpoSalto-Appaloosa.jpg?resize=810%2C405\" alt=\"\" class=\"wp-image-46067\" srcset=\"https:\/\/i0.wp.com\/lahoradelcampo.com.uy\/site\/wp-content\/uploads\/2022\/10\/ExpoSalto-Appaloosa.jpg?w=880&amp;ssl=1 880w, https:\/\/i0.wp.com\/lahoradelcampo.com.uy\/site\/wp-content\/uploads\/2022\/10\/ExpoSalto-Appaloosa.jpg?resize=300%2C150&amp;ssl=1 300w, https:\/\/i0.wp.com\/lahoradelcampo.com.uy\/site\/wp-content\/uploads\/2022\/10\/ExpoSalto-Appaloosa.jpg?resize=768%2C384&amp;ssl=1 768w, https:\/\/i0.wp.com\/lahoradelcampo.com.uy\/site\/wp-content\/uploads\/2022\/10\/ExpoSalto-Appaloosa.jpg?resize=820%2C410&amp;ssl=1 820w\" sizes=\"auto, (max-width: 810px) 100vw, 810px\" \/><\/figure>\n\n\n\n<p>La productora Mauren Vivo present\u00f3 el Gran\nCampe\u00f3n de la raza Appaloosa, en la pista de la Expo Salto, donde el jurado\ndestac\u00f3 su estructura y buenos aplomos. El ejemplar fue calificado por Javier\nBarcena, qui\u00e9n es criador de Cuarto de Milla. <\/p>\n\n\n\n<p>El jurado dijo \u201cest\u00e1 muy bueno que estas razas,\nque normalmente se presentan en el sur del pa\u00eds, est\u00e9n presentes en una exposici\u00f3n\nde Salto y que se difunda la raza que tiene un maravilloso pelaje, que es lo\nque lo destaca\u201d. <\/p>\n\n\n\n<p>La raza tiene \u201cla conformaci\u00f3n muy similar a la del Cuarto de Milla, pero tiene un pelaje que es \u00fanico. Estos animales se destacan por la funcionalidad, la mansedumbre y la explosi\u00f3n en velocidad en un corto trecho\u201d. <\/p>\n\n\n\n<p>Barcena dijo que \u201ceste animal, que es un potrillo que todav\u00eda no tiene el a\u00f1o, presenta muy buenos aplomos. Se destaca por su aplomo fuerte, su musculatura bien marcada y cuando cumpla los dos a\u00f1os va a ser un padrillo con muy buena musculatura y buenos aplomos\u201d. <\/p>\n\n\n\n<p>Salto, domingo 2 de octubre de 2022<\/p>\n","protected":false},"excerpt":{"rendered":"<p>La productora Mauren Vivo present\u00f3 el Gran Campe\u00f3n de la raza Appaloosa, en la pista de la Expo Salto, donde el jurado destac\u00f3 su estructura y buenos aplomos. El ejemplar [&hellip;]<\/p>\n","protected":false},"author":5,"featured_media":46067,"comment_status":"open","ping_status":"open","sticky":false,"template":"","format":"standard","meta":{"_price":"","_stock":"","_tribe_ticket_header":"","_tribe_default_ticket_provider":"","_tribe_ticket_capacity":"0","_ticket_start_date":"","_ticket_end_date":"","_tribe_ticket_show_description":"","_tribe_ticket_show_not_going":false,"_tribe_ticket_use_global_stock":"","_tribe_ticket_global_stock_level":"","_global_stock_mode":"","_global_stock_cap":"","_tribe_rsvp_for_event":"","_tribe_ticket_going_count":"","_tribe_ticket_not_going_count":"","_tribe_tickets_list":"[]","_tribe_ticket_has_attendee_info_fields":false,"h5ap_radio_sources":[],"_jetpack_newsletter_access":"","_jetpack_dont_email_post_to_subs":false,"_jetpack_newsletter_tier_id":0,"_jetpack_memberships_contains_paywalled_content":false,"_jetpack_memberships_contains_paid_content":false,"footnotes":""},"categories":[21,23],"tags":[],"class_list":["post-46065","post","type-post","status-publish","format-standard","has-post-thumbnail","hentry","category-actualidad","category-equinos"],"jetpack_featured_media_url":"https:\/\/i0.wp.com\/lahoradelcampo.com.uy\/site\/wp-content\/uploads\/2022\/10\/ExpoSalto-Appaloosa.jpg?fit=880%2C440&ssl=1","jetpack_sharing_enabled":true,"jetpack_shortlink":"https:\/\/wp.me\/p99IaT-bYZ","jetpack-related-posts":[{"id":54449,"url":"https:\/\/lahoradelcampo.com.uy\/site\/una-expo-historica-realizo-la-raza-appaloosa\/","url_meta":{"origin":46065,"position":0},"title":"\u00abUna expo hist\u00f3rica\u00bb realizo la raza Appaloosa","author":"La Hora del Campo","date":"8 septiembre, 2024","format":false,"excerpt":"Entre las primeras calificaciones de esta Expo Prado, el pasado viernes el argentino Laurencio Leal Lobo, fue el encargado de calificar las razas Appaloosa y Paint Horse, donde resalt\u00f3 las cualidades y la representatividad de las razas en los mejores ejemplares. Raza Appaloosa En lo que respecta a la raza\u2026","rel":"","context":"En \u00abActualidad\u00bb","block_context":{"text":"Actualidad","link":"https:\/\/lahoradelcampo.com.uy\/site\/category\/actualidad\/"},"img":{"alt_text":"","src":"https:\/\/i0.wp.com\/lahoradelcampo.com.uy\/site\/wp-content\/uploads\/2024\/09\/Appaloosa-2024.jpg?fit=880%2C440&ssl=1&resize=350%2C200","width":350,"height":200,"srcset":"https:\/\/i0.wp.com\/lahoradelcampo.com.uy\/site\/wp-content\/uploads\/2024\/09\/Appaloosa-2024.jpg?fit=880%2C440&ssl=1&resize=350%2C200 1x, https:\/\/i0.wp.com\/lahoradelcampo.com.uy\/site\/wp-content\/uploads\/2024\/09\/Appaloosa-2024.jpg?fit=880%2C440&ssl=1&resize=525%2C300 1.5x, https:\/\/i0.wp.com\/lahoradelcampo.com.uy\/site\/wp-content\/uploads\/2024\/09\/Appaloosa-2024.jpg?fit=880%2C440&ssl=1&resize=700%2C400 2x"},"classes":[]},{"id":56775,"url":"https:\/\/lahoradelcampo.com.uy\/site\/la-loma-presento-el-gran-campeon-shorthorn\/","url_meta":{"origin":46065,"position":1},"title":"\u00abLa Loma\u00bb present\u00f3 el Gran Campe\u00f3n Shorthorn","author":"La Hora del Campo","date":"13 septiembre, 2025","format":false,"excerpt":"La raza Shorthorn, la m\u00e1s antigua del pa\u00eds, tuvo su jura en el Prado con seis ejemplares de cuatro caba\u00f1as, aunque la muestra qued\u00f3 reducida debido a que siete animales no superaron la admisi\u00f3n sanitaria.El jurado Guillermo Zerbino destac\u00f3 que los animales presentados eran buenos en t\u00e9rminos generales, aunque algo\u2026","rel":"","context":"En \u00abActualidad\u00bb","block_context":{"text":"Actualidad","link":"https:\/\/lahoradelcampo.com.uy\/site\/category\/actualidad\/"},"img":{"alt_text":"","src":"https:\/\/i0.wp.com\/lahoradelcampo.com.uy\/site\/wp-content\/uploads\/2025\/09\/2025-Shorthorn.jpg?fit=880%2C440&ssl=1&resize=350%2C200","width":350,"height":200,"srcset":"https:\/\/i0.wp.com\/lahoradelcampo.com.uy\/site\/wp-content\/uploads\/2025\/09\/2025-Shorthorn.jpg?fit=880%2C440&ssl=1&resize=350%2C200 1x, https:\/\/i0.wp.com\/lahoradelcampo.com.uy\/site\/wp-content\/uploads\/2025\/09\/2025-Shorthorn.jpg?fit=880%2C440&ssl=1&resize=525%2C300 1.5x, https:\/\/i0.wp.com\/lahoradelcampo.com.uy\/site\/wp-content\/uploads\/2025\/09\/2025-Shorthorn.jpg?fit=880%2C440&ssl=1&resize=700%2C400 2x"},"classes":[]},{"id":56742,"url":"https:\/\/lahoradelcampo.com.uy\/site\/rural-del-prado-primeros-grandes-campeones-equinos-de-la-muestra\/","url_meta":{"origin":46065,"position":2},"title":"Rural del Prado: primeros Grandes Campeones equinos de la muestra","author":"La Hora del Campo","date":"7 septiembre, 2025","format":false,"excerpt":"El viernes comenz\u00f3 una nueva edici\u00f3n de la Exposici\u00f3n Rural del Prado, con calificaciones en la pista de las distintas razas equinas del primer turno y este s\u00e1bado tambi\u00e9n se calific\u00f3 la raza Texel. En este sentido se definieron los primeros Grandes Campeones de la muestra. Akhal-Teke La raza Akhal-Teke,\u2026","rel":"","context":"En \u00abActualidad\u00bb","block_context":{"text":"Actualidad","link":"https:\/\/lahoradelcampo.com.uy\/site\/category\/actualidad\/"},"img":{"alt_text":"","src":"https:\/\/i0.wp.com\/lahoradelcampo.com.uy\/site\/wp-content\/uploads\/2025\/09\/Prado-arabes.jpg?fit=880%2C440&ssl=1&resize=350%2C200","width":350,"height":200,"srcset":"https:\/\/i0.wp.com\/lahoradelcampo.com.uy\/site\/wp-content\/uploads\/2025\/09\/Prado-arabes.jpg?fit=880%2C440&ssl=1&resize=350%2C200 1x, https:\/\/i0.wp.com\/lahoradelcampo.com.uy\/site\/wp-content\/uploads\/2025\/09\/Prado-arabes.jpg?fit=880%2C440&ssl=1&resize=525%2C300 1.5x, https:\/\/i0.wp.com\/lahoradelcampo.com.uy\/site\/wp-content\/uploads\/2025\/09\/Prado-arabes.jpg?fit=880%2C440&ssl=1&resize=700%2C400 2x"},"classes":[]},{"id":46059,"url":"https:\/\/lahoradelcampo.com.uy\/site\/la-joven-cabana-saltena-korapi-brillo-en-las-pistas-del-brangus\/","url_meta":{"origin":46065,"position":3},"title":"La joven caba\u00f1a salte\u00f1a \u201cKorapi\u201d, brill\u00f3 en las pistas del Brangus","author":"La Hora del Campo","date":"2 octubre, 2022","format":false,"excerpt":"Ari Stolovas fue el encargado de jurar la raza Brangus, y estuvo acompa\u00f1ado por su padre el Dr. Alberto Stolovas. En la pista de bozal, ejemplares de la caba\u00f1a \u201cKorapi\u201d, \u201ces una caba\u00f1a joven, que tiene 12 a\u00f1os y viene trabajando en base a gen\u00e9tica importada desde Argentina\u201d dijo Rafael\u2026","rel":"","context":"En \u00abActualidad\u00bb","block_context":{"text":"Actualidad","link":"https:\/\/lahoradelcampo.com.uy\/site\/category\/actualidad\/"},"img":{"alt_text":"","src":"https:\/\/i0.wp.com\/lahoradelcampo.com.uy\/site\/wp-content\/uploads\/2022\/10\/ExpoSalto-brangus.jpg?fit=880%2C440&ssl=1&resize=350%2C200","width":350,"height":200,"srcset":"https:\/\/i0.wp.com\/lahoradelcampo.com.uy\/site\/wp-content\/uploads\/2022\/10\/ExpoSalto-brangus.jpg?fit=880%2C440&ssl=1&resize=350%2C200 1x, https:\/\/i0.wp.com\/lahoradelcampo.com.uy\/site\/wp-content\/uploads\/2022\/10\/ExpoSalto-brangus.jpg?fit=880%2C440&ssl=1&resize=525%2C300 1.5x, https:\/\/i0.wp.com\/lahoradelcampo.com.uy\/site\/wp-content\/uploads\/2022\/10\/ExpoSalto-brangus.jpg?fit=880%2C440&ssl=1&resize=700%2C400 2x"},"classes":[]},{"id":34161,"url":"https:\/\/lahoradelcampo.com.uy\/site\/paso-de-los-carros-presento-los-grandes-campeones-de-la-raza-senepol\/","url_meta":{"origin":46065,"position":4},"title":"\u00abPaso de los Carros\u00bb present\u00f3 los grandes campeones de la raza Senepol","author":"La Hora del Campo","date":"15 septiembre, 2021","format":false,"excerpt":"Jurado: Javier EscurraGran Campe\u00f3n y Gran Campeona: Caba\u00f1a \"Paso de los Carros\" Pocos ejemplares pero con un potencial muy importante para la raza, animales j\u00f3venes que muestran el enorme potencial que posee el Senepol para producir carne en el pa\u00eds. El jurado argentino Javier Escurra, premio como Gran Campe\u00f3n y\u2026","rel":"","context":"En \u00abActualidad\u00bb","block_context":{"text":"Actualidad","link":"https:\/\/lahoradelcampo.com.uy\/site\/category\/actualidad\/"},"img":{"alt_text":"","src":"https:\/\/i0.wp.com\/lahoradelcampo.com.uy\/site\/wp-content\/uploads\/2021\/09\/Prado-Senepol.jpg?fit=880%2C440&ssl=1&resize=350%2C200","width":350,"height":200,"srcset":"https:\/\/i0.wp.com\/lahoradelcampo.com.uy\/site\/wp-content\/uploads\/2021\/09\/Prado-Senepol.jpg?fit=880%2C440&ssl=1&resize=350%2C200 1x, https:\/\/i0.wp.com\/lahoradelcampo.com.uy\/site\/wp-content\/uploads\/2021\/09\/Prado-Senepol.jpg?fit=880%2C440&ssl=1&resize=525%2C300 1.5x, https:\/\/i0.wp.com\/lahoradelcampo.com.uy\/site\/wp-content\/uploads\/2021\/09\/Prado-Senepol.jpg?fit=880%2C440&ssl=1&resize=700%2C400 2x"},"classes":[]},{"id":45445,"url":"https:\/\/lahoradelcampo.com.uy\/site\/nu-pora-sobresalio-en-el-suffolk-puro-de-origen\/","url_meta":{"origin":46065,"position":5},"title":"\u00d1u Por\u00e1 sobresali\u00f3 en el Suffolk puro de origen","author":"La Hora del Campo","date":"12 septiembre, 2022","format":false,"excerpt":"El jurado de la raza Suffolk fue el neozeland\u00e9s Arthur Blakely, a quien se lo vio disfrutar de seleccionar los animales y destac\u00f3 que lo que se observ\u00f3 en la pista son ejemplares \"muy productivos para Uruguay\". Indic\u00f3 que en los resultados de las calificaciones \"se aprecia un buen avance\u2026","rel":"","context":"En \u00abActualidad\u00bb","block_context":{"text":"Actualidad","link":"https:\/\/lahoradelcampo.com.uy\/site\/category\/actualidad\/"},"img":{"alt_text":"","src":"https:\/\/i0.wp.com\/lahoradelcampo.com.uy\/site\/wp-content\/uploads\/2022\/09\/Prado-Suffolk%C3%91upora.jpg?fit=880%2C440&ssl=1&resize=350%2C200","width":350,"height":200,"srcset":"https:\/\/i0.wp.com\/lahoradelcampo.com.uy\/site\/wp-content\/uploads\/2022\/09\/Prado-Suffolk%C3%91upora.jpg?fit=880%2C440&ssl=1&resize=350%2C200 1x, https:\/\/i0.wp.com\/lahoradelcampo.com.uy\/site\/wp-content\/uploads\/2022\/09\/Prado-Suffolk%C3%91upora.jpg?fit=880%2C440&ssl=1&resize=525%2C300 1.5x, https:\/\/i0.wp.com\/lahoradelcampo.com.uy\/site\/wp-content\/uploads\/2022\/09\/Prado-Suffolk%C3%91upora.jpg?fit=880%2C440&ssl=1&resize=700%2C400 2x"},"classes":[]}],"jetpack_likes_enabled":true,"_links":{"self":[{"href":"https:\/\/lahoradelcampo.com.uy\/site\/wp-json\/wp\/v2\/posts\/46065","targetHints":{"allow":["GET"]}}],"collection":[{"href":"https:\/\/lahoradelcampo.com.uy\/site\/wp-json\/wp\/v2\/posts"}],"about":[{"href":"https:\/\/lahoradelcampo.com.uy\/site\/wp-json\/wp\/v2\/types\/post"}],"author":[{"embeddable":true,"href":"https:\/\/lahoradelcampo.com.uy\/site\/wp-json\/wp\/v2\/users\/5"}],"replies":[{"embeddable":true,"href":"https:\/\/lahoradelcampo.com.uy\/site\/wp-json\/wp\/v2\/comments?post=46065"}],"version-history":[{"count":1,"href":"https:\/\/lahoradelcampo.com.uy\/site\/wp-json\/wp\/v2\/posts\/46065\/revisions"}],"predecessor-version":[{"id":46069,"href":"https:\/\/lahoradelcampo.com.uy\/site\/wp-json\/wp\/v2\/posts\/46065\/revisions\/46069"}],"wp:featuredmedia":[{"embeddable":true,"href":"https:\/\/lahoradelcampo.com.uy\/site\/wp-json\/wp\/v2\/media\/46067"}],"wp:attachment":[{"href":"https:\/\/lahoradelcampo.com.uy\/site\/wp-json\/wp\/v2\/media?parent=46065"}],"wp:term":[{"taxonomy":"category","embeddable":true,"href":"https:\/\/lahoradelcampo.com.uy\/site\/wp-json\/wp\/v2\/categories?post=46065"},{"taxonomy":"post_tag","embeddable":true,"href":"https:\/\/lahoradelcampo.com.uy\/site\/wp-json\/wp\/v2\/tags?post=46065"}],"curies":[{"name":"wp","href":"https:\/\/api.w.org\/{rel}","templated":true}]}}