{"id":46059,"date":"2022-10-02T19:22:02","date_gmt":"2022-10-02T22:22:02","guid":{"rendered":"http:\/\/lahoradelcampo.com.uy\/site\/?p=46059"},"modified":"2022-10-02T19:22:06","modified_gmt":"2022-10-02T22:22:06","slug":"la-joven-cabana-saltena-korapi-brillo-en-las-pistas-del-brangus","status":"publish","type":"post","link":"https:\/\/lahoradelcampo.com.uy\/site\/la-joven-cabana-saltena-korapi-brillo-en-las-pistas-del-brangus\/","title":{"rendered":"La joven caba\u00f1a salte\u00f1a \u201cKorapi\u201d, brill\u00f3 en las pistas del Brangus"},"content":{"rendered":"\n<figure class=\"wp-block-image\"><img data-recalc-dims=\"1\" loading=\"lazy\" decoding=\"async\" width=\"810\" height=\"405\" data-attachment-id=\"46061\" data-permalink=\"https:\/\/lahoradelcampo.com.uy\/site\/la-joven-cabana-saltena-korapi-brillo-en-las-pistas-del-brangus\/exposalto-brangus\/\" data-orig-file=\"https:\/\/i0.wp.com\/lahoradelcampo.com.uy\/site\/wp-content\/uploads\/2022\/10\/ExpoSalto-brangus.jpg?fit=880%2C440&amp;ssl=1\" data-orig-size=\"880,440\" data-comments-opened=\"1\" data-image-meta=\"{&quot;aperture&quot;:&quot;0&quot;,&quot;credit&quot;:&quot;&quot;,&quot;camera&quot;:&quot;&quot;,&quot;caption&quot;:&quot;&quot;,&quot;created_timestamp&quot;:&quot;0&quot;,&quot;copyright&quot;:&quot;&quot;,&quot;focal_length&quot;:&quot;0&quot;,&quot;iso&quot;:&quot;0&quot;,&quot;shutter_speed&quot;:&quot;0&quot;,&quot;title&quot;:&quot;&quot;,&quot;orientation&quot;:&quot;1&quot;}\" data-image-title=\"ExpoSalto-brangus\" data-image-description=\"\" data-image-caption=\"\" data-large-file=\"https:\/\/i0.wp.com\/lahoradelcampo.com.uy\/site\/wp-content\/uploads\/2022\/10\/ExpoSalto-brangus.jpg?fit=810%2C405&amp;ssl=1\" src=\"https:\/\/i0.wp.com\/lahoradelcampo.com.uy\/site\/wp-content\/uploads\/2022\/10\/ExpoSalto-brangus.jpg?resize=810%2C405\" alt=\"\" class=\"wp-image-46061\" srcset=\"https:\/\/i0.wp.com\/lahoradelcampo.com.uy\/site\/wp-content\/uploads\/2022\/10\/ExpoSalto-brangus.jpg?w=880&amp;ssl=1 880w, https:\/\/i0.wp.com\/lahoradelcampo.com.uy\/site\/wp-content\/uploads\/2022\/10\/ExpoSalto-brangus.jpg?resize=300%2C150&amp;ssl=1 300w, https:\/\/i0.wp.com\/lahoradelcampo.com.uy\/site\/wp-content\/uploads\/2022\/10\/ExpoSalto-brangus.jpg?resize=768%2C384&amp;ssl=1 768w, https:\/\/i0.wp.com\/lahoradelcampo.com.uy\/site\/wp-content\/uploads\/2022\/10\/ExpoSalto-brangus.jpg?resize=820%2C410&amp;ssl=1 820w\" sizes=\"auto, (max-width: 810px) 100vw, 810px\" \/><\/figure>\n\n\n\n<p>Ari Stolovas fue el encargado de jurar la raza Brangus, y estuvo acompa\u00f1ado por su padre el Dr. Alberto Stolovas. En la pista de bozal, ejemplares de la caba\u00f1a \u201cKorapi\u201d, \u201ces una caba\u00f1a joven, que tiene 12 a\u00f1os y viene trabajando en base a gen\u00e9tica importada desde Argentina\u201d dijo Rafael Burutaran, qui\u00e9n junto a sus hermanos Sebasti\u00e1n y Mat\u00edas llevan adelante este emprendimiento. <\/p>\n\n\n\n<p>El jurado dijo que \u201clo importante es que tanto\nla Brangus como la Braford est\u00e9n presentes ac\u00e1 en Salto, que es una exposici\u00f3n\nimportante, y con un buen nivel\u201d. Respecto a la pista, indic\u00f3 que \u201ctanto de\nbozal, como de campo, eran animales muy prolijos, muy bien moderados y yo creo\nque son buenos representantes de la raza\u201d. <\/p>\n\n\n\n<p>\u201cM\u00e1s all\u00e1 de hacer volumen, es importante\ndejar bien representada la raza y la vaca Brangus que gan\u00f3, es una vaca\nprofunda, recontra carnuda, blanda. Es una vaca es imponente\u201d.<\/p>\n\n\n\n<p>La Gran Campeona y la reservada, fueron\nexpuestas por la caba\u00f1a \u201cCorapi\u201d de Rafael, Sebasti\u00e1n y Mat\u00edas Burutar\u00e1n. <\/p>\n\n\n\n<p>En los animales de campo, se present\u00f3 un Lote\nEspecial de machos PO, expuesto por la caba\u00f1a Cang\u00fce de Esteban Morales.<\/p>\n\n\n\n<p><strong>Raza Braford<\/strong><\/p>\n\n\n\n<p>El jurado de la raza Braford, fue Enrique\nBonino. El Gran Campe\u00f3n y reservado Gran Campe\u00f3n fue expuesto por Tres Cerros\nde A. y E. Stolovas, al igual que la Gran Campeona.<\/p>\n\n\n\n<p><strong>Raza Normanda<\/strong><\/p>\n\n\n\n<p>En la raza Normanda, el Gran Campe\u00f3n y reservado Gran Campe\u00f3n de Pedigree fue expuesto por caba\u00f1a La Esperanza de Javier B\u00e1rcena. Normanda Puros de Origen, Gran Campe\u00f3n de Santa Elena de Palma Sola, de Sebasti\u00e1n Gonc\u00e1lvez.<\/p>\n\n\n\n<p>Salto, domingo 2 de octubre de 2022<\/p>\n","protected":false},"excerpt":{"rendered":"<p>Ari Stolovas fue el encargado de jurar la raza Brangus, y estuvo acompa\u00f1ado por su padre el Dr. Alberto Stolovas. En la pista de bozal, ejemplares de la caba\u00f1a \u201cKorapi\u201d, [&hellip;]<\/p>\n","protected":false},"author":5,"featured_media":46061,"comment_status":"open","ping_status":"open","sticky":false,"template":"","format":"standard","meta":{"_price":"","_stock":"","_tribe_ticket_header":"","_tribe_default_ticket_provider":"","_tribe_ticket_capacity":"0","_ticket_start_date":"","_ticket_end_date":"","_tribe_ticket_show_description":"","_tribe_ticket_show_not_going":false,"_tribe_ticket_use_global_stock":"","_tribe_ticket_global_stock_level":"","_global_stock_mode":"","_global_stock_cap":"","_tribe_rsvp_for_event":"","_tribe_ticket_going_count":"","_tribe_ticket_not_going_count":"","_tribe_tickets_list":"[]","_tribe_ticket_has_attendee_info_fields":false,"h5ap_radio_sources":[],"_jetpack_newsletter_access":"","_jetpack_dont_email_post_to_subs":false,"_jetpack_newsletter_tier_id":0,"_jetpack_memberships_contains_paywalled_content":false,"_jetpack_memberships_contains_paid_content":false,"footnotes":""},"categories":[21,5],"tags":[],"class_list":["post-46059","post","type-post","status-publish","format-standard","has-post-thumbnail","hentry","category-actualidad","category-ganaderia"],"jetpack_featured_media_url":"https:\/\/i0.wp.com\/lahoradelcampo.com.uy\/site\/wp-content\/uploads\/2022\/10\/ExpoSalto-brangus.jpg?fit=880%2C440&ssl=1","jetpack_sharing_enabled":true,"jetpack_shortlink":"https:\/\/wp.me\/p99IaT-bYT","jetpack-related-posts":[{"id":56787,"url":"https:\/\/lahoradelcampo.com.uy\/site\/korapi-presento-la-gran-campeona-brangus-en-el-prado\/","url_meta":{"origin":46059,"position":0},"title":"Korap\u00ed present\u00f3 la Gran Campeona Brangus en el Prado","author":"La Hora del Campo","date":"13 septiembre, 2025","format":false,"excerpt":"La caba\u00f1a salte\u00f1a Korap\u00ed obtuvo la distinci\u00f3n mayor en hembras Brangus con \"Gala\", vaca que ya hab\u00eda alcanzado el t\u00edtulo de Gran Campeona en Durazno y en Sinergia. El caba\u00f1ero Burutaran resalt\u00f3 la gen\u00e9tica y trayectoria del ejemplar: \"Su madre fue importada de Argentina, de la caba\u00f1a Cabo Sae. Es\u2026","rel":"","context":"En \u00abActualidad\u00bb","block_context":{"text":"Actualidad","link":"https:\/\/lahoradelcampo.com.uy\/site\/category\/actualidad\/"},"img":{"alt_text":"","src":"https:\/\/i0.wp.com\/lahoradelcampo.com.uy\/site\/wp-content\/uploads\/2025\/09\/2025-brangus-korapi.jpg?fit=880%2C440&ssl=1&resize=350%2C200","width":350,"height":200,"srcset":"https:\/\/i0.wp.com\/lahoradelcampo.com.uy\/site\/wp-content\/uploads\/2025\/09\/2025-brangus-korapi.jpg?fit=880%2C440&ssl=1&resize=350%2C200 1x, https:\/\/i0.wp.com\/lahoradelcampo.com.uy\/site\/wp-content\/uploads\/2025\/09\/2025-brangus-korapi.jpg?fit=880%2C440&ssl=1&resize=525%2C300 1.5x, https:\/\/i0.wp.com\/lahoradelcampo.com.uy\/site\/wp-content\/uploads\/2025\/09\/2025-brangus-korapi.jpg?fit=880%2C440&ssl=1&resize=700%2C400 2x"},"classes":[]},{"id":34965,"url":"https:\/\/lahoradelcampo.com.uy\/site\/tres-cerros-gano-en-el-braford-y-rincon-de-los-negros-en-el-brangus\/","url_meta":{"origin":46059,"position":1},"title":"Tres Cerros gan\u00f3 en el Braford y Rinc\u00f3n de los Negros en el Brangus","author":"La Hora del Campo","date":"3 octubre, 2021","format":false,"excerpt":"Una vez finalizada la jura de la raza Aberdeen Angus, fue el momento del ingreso de las llamadas razas minoritarias (por su menor presencia en cantidad de animales en la muestra), por lo que entraron a pista las razas sint\u00e9ticas Braford y Brangus y posteriormente el Normando. En el caso\u2026","rel":"","context":"En \u00abActualidad\u00bb","block_context":{"text":"Actualidad","link":"https:\/\/lahoradelcampo.com.uy\/site\/category\/actualidad\/"},"img":{"alt_text":"","src":"https:\/\/i0.wp.com\/lahoradelcampo.com.uy\/site\/wp-content\/uploads\/2021\/10\/Expo-braford.jpg?fit=880%2C440&ssl=1&resize=350%2C200","width":350,"height":200,"srcset":"https:\/\/i0.wp.com\/lahoradelcampo.com.uy\/site\/wp-content\/uploads\/2021\/10\/Expo-braford.jpg?fit=880%2C440&ssl=1&resize=350%2C200 1x, https:\/\/i0.wp.com\/lahoradelcampo.com.uy\/site\/wp-content\/uploads\/2021\/10\/Expo-braford.jpg?fit=880%2C440&ssl=1&resize=525%2C300 1.5x, https:\/\/i0.wp.com\/lahoradelcampo.com.uy\/site\/wp-content\/uploads\/2021\/10\/Expo-braford.jpg?fit=880%2C440&ssl=1&resize=700%2C400 2x"},"classes":[]},{"id":54814,"url":"https:\/\/lahoradelcampo.com.uy\/site\/gano-el-brangus-de-la-cabana-cangue-en-salto\/","url_meta":{"origin":46059,"position":2},"title":"Gan\u00f3 el Brangus de la caba\u00f1a Cangu\u00e9 en Salto","author":"La Hora del Campo","date":"8 octubre, 2024","format":false,"excerpt":"En la pista de la raza Brangus de la Expo Salto,el Gran Campe\u00f3n de la muestra que presentado por la caba\u00f1a Cangu\u00e9 de la familia Morales, en jura que estuvo a cargo de los criadores Jos\u00e9 Luis Savio y Pablo Dur\u00e1n. Al tiempo de agradecer a la instituci\u00f3n organizadora de\u2026","rel":"","context":"En \u00abActualidad\u00bb","block_context":{"text":"Actualidad","link":"https:\/\/lahoradelcampo.com.uy\/site\/category\/actualidad\/"},"img":{"alt_text":"","src":"https:\/\/i0.wp.com\/lahoradelcampo.com.uy\/site\/wp-content\/uploads\/2024\/10\/exposalto-brangus24.jpg?fit=880%2C440&ssl=1&resize=350%2C200","width":350,"height":200,"srcset":"https:\/\/i0.wp.com\/lahoradelcampo.com.uy\/site\/wp-content\/uploads\/2024\/10\/exposalto-brangus24.jpg?fit=880%2C440&ssl=1&resize=350%2C200 1x, https:\/\/i0.wp.com\/lahoradelcampo.com.uy\/site\/wp-content\/uploads\/2024\/10\/exposalto-brangus24.jpg?fit=880%2C440&ssl=1&resize=525%2C300 1.5x, https:\/\/i0.wp.com\/lahoradelcampo.com.uy\/site\/wp-content\/uploads\/2024\/10\/exposalto-brangus24.jpg?fit=880%2C440&ssl=1&resize=700%2C400 2x"},"classes":[]},{"id":46225,"url":"https:\/\/lahoradelcampo.com.uy\/site\/san-rafael-y-vasco-pampeano-rematan-hoy-en-la-agropecuaria\/","url_meta":{"origin":46059,"position":3},"title":"San Rafael y Vasco Pampeano rematan hoy en la Agropecuaria","author":"La Hora del Campo","date":"10 octubre, 2022","format":false,"excerpt":"Las Caba\u00f1as San Rafael y Vasco Pampeano realizan hoy lunes 10 de octubre, un nuevo remate anual, bajo el martillo del escritorio Zambrano & C\u00eda. A la tradicional oferta de Angus y Polled Hereford, este a\u00f1o se suma una oferta de toros Brangus de la caba\u00f1a invitada Korap\u00ed. Omar Burutaran,\u2026","rel":"","context":"En \u00abActualidad\u00bb","block_context":{"text":"Actualidad","link":"https:\/\/lahoradelcampo.com.uy\/site\/category\/actualidad\/"},"img":{"alt_text":"","src":"https:\/\/i0.wp.com\/lahoradelcampo.com.uy\/site\/wp-content\/uploads\/2022\/10\/sanrafaelprevia.jpg?fit=880%2C440&ssl=1&resize=350%2C200","width":350,"height":200,"srcset":"https:\/\/i0.wp.com\/lahoradelcampo.com.uy\/site\/wp-content\/uploads\/2022\/10\/sanrafaelprevia.jpg?fit=880%2C440&ssl=1&resize=350%2C200 1x, https:\/\/i0.wp.com\/lahoradelcampo.com.uy\/site\/wp-content\/uploads\/2022\/10\/sanrafaelprevia.jpg?fit=880%2C440&ssl=1&resize=525%2C300 1.5x, https:\/\/i0.wp.com\/lahoradelcampo.com.uy\/site\/wp-content\/uploads\/2022\/10\/sanrafaelprevia.jpg?fit=880%2C440&ssl=1&resize=700%2C400 2x"},"classes":[]},{"id":56766,"url":"https:\/\/lahoradelcampo.com.uy\/site\/pista-braford-destaco-por-funcionalidad-y-genetica-joven\/","url_meta":{"origin":46059,"position":4},"title":"Pista Braford destac\u00f3 por funcionalidad y gen\u00e9tica joven","author":"La Hora del Campo","date":"13 septiembre, 2025","format":false,"excerpt":"La pista Braford present\u00f3 un total de 22 ejemplares entre machos y hembras, bajo la evaluaci\u00f3n del jurado brasile\u00f1o Diego Kasali, quien valor\u00f3 el nivel de la muestra como \"muy positivo, con animales bien productivos y funcionales\". A lo largo de la jura, el especialista destac\u00f3 que los ejemplares premiados\u2026","rel":"","context":"En \u00abActualidad\u00bb","block_context":{"text":"Actualidad","link":"https:\/\/lahoradelcampo.com.uy\/site\/category\/actualidad\/"},"img":{"alt_text":"","src":"https:\/\/i0.wp.com\/lahoradelcampo.com.uy\/site\/wp-content\/uploads\/2025\/09\/2025-Prado-braford.jpg?fit=880%2C440&ssl=1&resize=350%2C200","width":350,"height":200,"srcset":"https:\/\/i0.wp.com\/lahoradelcampo.com.uy\/site\/wp-content\/uploads\/2025\/09\/2025-Prado-braford.jpg?fit=880%2C440&ssl=1&resize=350%2C200 1x, https:\/\/i0.wp.com\/lahoradelcampo.com.uy\/site\/wp-content\/uploads\/2025\/09\/2025-Prado-braford.jpg?fit=880%2C440&ssl=1&resize=525%2C300 1.5x, https:\/\/i0.wp.com\/lahoradelcampo.com.uy\/site\/wp-content\/uploads\/2025\/09\/2025-Prado-braford.jpg?fit=880%2C440&ssl=1&resize=700%2C400 2x"},"classes":[]},{"id":1047,"url":"https:\/\/lahoradelcampo.com.uy\/site\/el-merino-dohne-para-mi-es-tambien-merino\/","url_meta":{"origin":46059,"position":5},"title":"El Merino Dohne para mi es tambi\u00e9n Merino","author":"La Hora del Campo","date":"12 septiembre, 2017","format":false,"excerpt":"Yoel Stolovas, integrante de la caba\u00f1a Tres Cerros de A & E Stolovas, fue el jurado de la raza Merino Dohne en la Expo Prado 207, esta caba\u00f1a del norte del pa\u00eds recibi\u00f3 en la pasada Expo Durazno un reconocimiento de la sociedad de criadores al productor Dohne 2016. El\u2026","rel":"","context":"En \u00abActualidad\u00bb","block_context":{"text":"Actualidad","link":"https:\/\/lahoradelcampo.com.uy\/site\/category\/actualidad\/"},"img":{"alt_text":"","src":"https:\/\/i0.wp.com\/lahoradelcampo.com.uy\/site\/wp-content\/uploads\/2017\/09\/Yoel-Stolovas.jpg?fit=880%2C440&ssl=1&resize=350%2C200","width":350,"height":200,"srcset":"https:\/\/i0.wp.com\/lahoradelcampo.com.uy\/site\/wp-content\/uploads\/2017\/09\/Yoel-Stolovas.jpg?fit=880%2C440&ssl=1&resize=350%2C200 1x, https:\/\/i0.wp.com\/lahoradelcampo.com.uy\/site\/wp-content\/uploads\/2017\/09\/Yoel-Stolovas.jpg?fit=880%2C440&ssl=1&resize=525%2C300 1.5x, https:\/\/i0.wp.com\/lahoradelcampo.com.uy\/site\/wp-content\/uploads\/2017\/09\/Yoel-Stolovas.jpg?fit=880%2C440&ssl=1&resize=700%2C400 2x"},"classes":[]}],"jetpack_likes_enabled":true,"_links":{"self":[{"href":"https:\/\/lahoradelcampo.com.uy\/site\/wp-json\/wp\/v2\/posts\/46059","targetHints":{"allow":["GET"]}}],"collection":[{"href":"https:\/\/lahoradelcampo.com.uy\/site\/wp-json\/wp\/v2\/posts"}],"about":[{"href":"https:\/\/lahoradelcampo.com.uy\/site\/wp-json\/wp\/v2\/types\/post"}],"author":[{"embeddable":true,"href":"https:\/\/lahoradelcampo.com.uy\/site\/wp-json\/wp\/v2\/users\/5"}],"replies":[{"embeddable":true,"href":"https:\/\/lahoradelcampo.com.uy\/site\/wp-json\/wp\/v2\/comments?post=46059"}],"version-history":[{"count":1,"href":"https:\/\/lahoradelcampo.com.uy\/site\/wp-json\/wp\/v2\/posts\/46059\/revisions"}],"predecessor-version":[{"id":46063,"href":"https:\/\/lahoradelcampo.com.uy\/site\/wp-json\/wp\/v2\/posts\/46059\/revisions\/46063"}],"wp:featuredmedia":[{"embeddable":true,"href":"https:\/\/lahoradelcampo.com.uy\/site\/wp-json\/wp\/v2\/media\/46061"}],"wp:attachment":[{"href":"https:\/\/lahoradelcampo.com.uy\/site\/wp-json\/wp\/v2\/media?parent=46059"}],"wp:term":[{"taxonomy":"category","embeddable":true,"href":"https:\/\/lahoradelcampo.com.uy\/site\/wp-json\/wp\/v2\/categories?post=46059"},{"taxonomy":"post_tag","embeddable":true,"href":"https:\/\/lahoradelcampo.com.uy\/site\/wp-json\/wp\/v2\/tags?post=46059"}],"curies":[{"name":"wp","href":"https:\/\/api.w.org\/{rel}","templated":true}]}}