{"id":46051,"date":"2022-10-02T19:17:18","date_gmt":"2022-10-02T22:17:18","guid":{"rendered":"http:\/\/lahoradelcampo.com.uy\/site\/?p=46051"},"modified":"2022-10-02T19:17:39","modified_gmt":"2022-10-02T22:17:39","slug":"bayucua-y-vasco-pampeano-ganaron-en-angus-de-bozal","status":"publish","type":"post","link":"https:\/\/lahoradelcampo.com.uy\/site\/bayucua-y-vasco-pampeano-ganaron-en-angus-de-bozal\/","title":{"rendered":"Bayucu\u00e1 y Vasco Pampeano ganaron en Angus de Bozal"},"content":{"rendered":"\n<figure class=\"wp-block-image\"><img data-recalc-dims=\"1\" loading=\"lazy\" decoding=\"async\" width=\"810\" height=\"405\" data-attachment-id=\"46053\" data-permalink=\"https:\/\/lahoradelcampo.com.uy\/site\/bayucua-y-vasco-pampeano-ganaron-en-angus-de-bozal\/exposalto-bayucua\/\" data-orig-file=\"https:\/\/i0.wp.com\/lahoradelcampo.com.uy\/site\/wp-content\/uploads\/2022\/10\/Exposalto-bayucua.jpg?fit=880%2C440&amp;ssl=1\" data-orig-size=\"880,440\" data-comments-opened=\"1\" data-image-meta=\"{&quot;aperture&quot;:&quot;0&quot;,&quot;credit&quot;:&quot;&quot;,&quot;camera&quot;:&quot;&quot;,&quot;caption&quot;:&quot;&quot;,&quot;created_timestamp&quot;:&quot;0&quot;,&quot;copyright&quot;:&quot;&quot;,&quot;focal_length&quot;:&quot;0&quot;,&quot;iso&quot;:&quot;0&quot;,&quot;shutter_speed&quot;:&quot;0&quot;,&quot;title&quot;:&quot;&quot;,&quot;orientation&quot;:&quot;1&quot;}\" data-image-title=\"Exposalto-bayucua\" data-image-description=\"\" data-image-caption=\"\" data-large-file=\"https:\/\/i0.wp.com\/lahoradelcampo.com.uy\/site\/wp-content\/uploads\/2022\/10\/Exposalto-bayucua.jpg?fit=810%2C405&amp;ssl=1\" src=\"https:\/\/i0.wp.com\/lahoradelcampo.com.uy\/site\/wp-content\/uploads\/2022\/10\/Exposalto-bayucua.jpg?resize=810%2C405\" alt=\"\" class=\"wp-image-46053\" srcset=\"https:\/\/i0.wp.com\/lahoradelcampo.com.uy\/site\/wp-content\/uploads\/2022\/10\/Exposalto-bayucua.jpg?w=880&amp;ssl=1 880w, https:\/\/i0.wp.com\/lahoradelcampo.com.uy\/site\/wp-content\/uploads\/2022\/10\/Exposalto-bayucua.jpg?resize=300%2C150&amp;ssl=1 300w, https:\/\/i0.wp.com\/lahoradelcampo.com.uy\/site\/wp-content\/uploads\/2022\/10\/Exposalto-bayucua.jpg?resize=768%2C384&amp;ssl=1 768w, https:\/\/i0.wp.com\/lahoradelcampo.com.uy\/site\/wp-content\/uploads\/2022\/10\/Exposalto-bayucua.jpg?resize=820%2C410&amp;ssl=1 820w\" sizes=\"auto, (max-width: 810px) 100vw, 810px\" \/><\/figure>\n\n\n\n<p>La calidad del Aberdeen Angus salte\u00f1o en las\npistas es indiscutido, por lo que a los hermanos Octavio y Victoria Martigani,\nlos hizo pensar la fila de las diferentes categor\u00edas, principalmente en las\nhembras. Los integrantes de la caba\u00f1a sanducera \u201cLa Acacia\u201d, se decidieron al\nfinal de las calificaciones por Bayucu\u00e1 en las hembras de bozal y Vasco\nPampeano en los machos. Previamente hab\u00edan seleccionado los ejemplares de campo\ndonde el Lote Campe\u00f3n PI fue expuesto por caba\u00f1a Don Roberto y en las hembras\nde Bayucu\u00e1. <\/p>\n\n\n\n<p>En la muestra de bozal, Octavio Martigani dijo\nque la fila de hembras fue \u201cbuen\u00edsima, con las vaquillonas que estaban muy\nbuenas y nos hizo pensar mucho los fallos, y lo definimos con Victoria por\npeque\u00f1os detalles que elegimos, pero sin dudas una fila que daba gusto ver\u201d.<\/p>\n\n\n\n<p>En esta fila, la Gran Campeona fue expuesta\npor Bayucu\u00e1, la reservada de Gran Campeona de Bayucu\u00e1 y Agrarista SA, y la\nTercera Mejor Hembra de Vasco Pampeano.<\/p>\n\n\n\n<p>En machos, el Gran Campe\u00f3n fue de Vasco\nPampeano y el segundo mejor toro de Daniel Constant\u00edn. \u201cUna l\u00e1stima lo reducida\nde la muestra de machos, si bien el Junior que gana re\u00fane todas las condiciones\nen cuanto a biotipo, datos y n\u00fameros muy buenos\u201d, dijo el jurado.<\/p>\n\n\n\n<p>En la exposici\u00f3n de machos de campo, \u201crealmente\nhab\u00eda torazos\u201d, dijo Martigani. \u201cCon una preparaci\u00f3n muy adecuada, y el biotipo\nque se hace campero en cualquier terreno, ya de los mejores h\u00e1bitat o los\nmarginales; animales muy carnudos y moderados, con muy buenos datos de EPD, que\nes la base de la producci\u00f3n de carne de Uruguay, y hay que valorarlo\u201d.<\/p>\n\n\n\n<p>El Lote Campe\u00f3n Campe\u00f3n PI y el Segundo Mejor\nLote lo expuso Marcelo Texeira N\u00fa\u00f1ez, al igual que el toro Copa de Honor,\nsegundo y tercer mejor toro.<\/p>\n\n\n\n<p>En las hembras de campo, \u201chab\u00eda lotes muy parejos y uniformes, lotes que a uno le gusta ver\u201d, dijo el jurado. Y reiter\u00f3 que son de los animales \u201clindos de apreciar, por fenotipo, datos y preparaci\u00f3n, destac\u00e1ndose por ser terneras con muy buen futuro\u201d. <\/p>\n\n\n\n<p>El Lote Campe\u00f3n fue de Bayucu\u00e1, segundo mejor\nlote de Marcelo Texeira N\u00fa\u00f1ez y el Tercer Mejor Lote de Daniel Constant\u00edn. La\nmejor hembra fue de Bayucu\u00e1, segunda mejor hembra de Marcelo Texeira N\u00fa\u00f1ez y la\nTercera Mejor hembra de campo, de Bayucu\u00e1.<\/p>\n\n\n\n<p>En el Selecci\u00f3n Angus (SA), el Premio Especial\ny el Mejor Toro SA, fue expuesto por Roig C\u00e1nepa.&nbsp; <\/p>\n\n\n\n<p>Salto, domingo 2 de octubre de 2022<\/p>\n","protected":false},"excerpt":{"rendered":"<p>La calidad del Aberdeen Angus salte\u00f1o en las pistas es indiscutido, por lo que a los hermanos Octavio y Victoria Martigani, los hizo pensar la fila de las diferentes categor\u00edas, [&hellip;]<\/p>\n","protected":false},"author":5,"featured_media":46053,"comment_status":"open","ping_status":"open","sticky":false,"template":"","format":"standard","meta":{"_price":"","_stock":"","_tribe_ticket_header":"","_tribe_default_ticket_provider":"","_tribe_ticket_capacity":"0","_ticket_start_date":"","_ticket_end_date":"","_tribe_ticket_show_description":"","_tribe_ticket_show_not_going":false,"_tribe_ticket_use_global_stock":"","_tribe_ticket_global_stock_level":"","_global_stock_mode":"","_global_stock_cap":"","_tribe_rsvp_for_event":"","_tribe_ticket_going_count":"","_tribe_ticket_not_going_count":"","_tribe_tickets_list":"[]","_tribe_ticket_has_attendee_info_fields":false,"h5ap_radio_sources":[],"_jetpack_newsletter_access":"","_jetpack_dont_email_post_to_subs":false,"_jetpack_newsletter_tier_id":0,"_jetpack_memberships_contains_paywalled_content":false,"_jetpack_memberships_contains_paid_content":false,"footnotes":""},"categories":[21,5],"tags":[],"class_list":["post-46051","post","type-post","status-publish","format-standard","has-post-thumbnail","hentry","category-actualidad","category-ganaderia"],"jetpack_featured_media_url":"https:\/\/i0.wp.com\/lahoradelcampo.com.uy\/site\/wp-content\/uploads\/2022\/10\/Exposalto-bayucua.jpg?fit=880%2C440&ssl=1","jetpack_sharing_enabled":true,"jetpack_shortlink":"https:\/\/wp.me\/p99IaT-bYL","jetpack-related-posts":[{"id":14853,"url":"https:\/\/lahoradelcampo.com.uy\/site\/bayucua-y-la-magdalena-se-llevaron-los-grandes-lauros-del-aberdeen-angus\/","url_meta":{"origin":46051,"position":0},"title":"Bayucu\u00e1 y La Magdalena se llevaron  los grandes lauros del Aberdeen Angus","author":"La Hora del Campo","date":"6 octubre, 2019","format":false,"excerpt":"La pista del Aberdeen Angus tambi\u00e9n brillo en el potencial gen\u00e9tico que tiene la raza en el departamento, con la presencia de caba\u00f1as con historia y tambi\u00e9n de caba\u00f1as que vienen haciendo su camino al andar. A modo de ejemplo, nadie discute el nivel gen\u00e9tico y la historia de Bayucu\u00e1,\u2026","rel":"","context":"En \u00abActualidad\u00bb","block_context":{"text":"Actualidad","link":"https:\/\/lahoradelcampo.com.uy\/site\/category\/actualidad\/"},"img":{"alt_text":"","src":"https:\/\/i0.wp.com\/lahoradelcampo.com.uy\/site\/wp-content\/uploads\/2019\/10\/expo-angus.jpg?fit=880%2C440&ssl=1&resize=350%2C200","width":350,"height":200,"srcset":"https:\/\/i0.wp.com\/lahoradelcampo.com.uy\/site\/wp-content\/uploads\/2019\/10\/expo-angus.jpg?fit=880%2C440&ssl=1&resize=350%2C200 1x, https:\/\/i0.wp.com\/lahoradelcampo.com.uy\/site\/wp-content\/uploads\/2019\/10\/expo-angus.jpg?fit=880%2C440&ssl=1&resize=525%2C300 1.5x, https:\/\/i0.wp.com\/lahoradelcampo.com.uy\/site\/wp-content\/uploads\/2019\/10\/expo-angus.jpg?fit=880%2C440&ssl=1&resize=700%2C400 2x"},"classes":[]},{"id":52706,"url":"https:\/\/lahoradelcampo.com.uy\/site\/la-magdalena-vasco-pampeano-ybayucua-se-lucieron-en-la-pista-del-angus\/","url_meta":{"origin":46051,"position":1},"title":"La Magdalena, Vasco Pampeano y Bayucu\u00e1 se lucieron en la pista del Angus","author":"La Hora del Campo","date":"5 octubre, 2023","format":false,"excerpt":"Dos jurados j\u00f3venes pero con experiencia en la cr\u00eda y selecci\u00f3n gen\u00e9tica de la raza aberdeen Angus, como Mariano Rodr\u00edguez de caba\u00f1a La Estela, qui\u00e9n particip\u00f3 de la reciente Expo Prado con sus animales, como tambi\u00e9n Ra\u00fal Mar\u00eda Irazabal, de caba\u00f1a \"La Martineta\", asumieron la responsabilidad de evaluar la muestra\u2026","rel":"","context":"En \u00abActualidad\u00bb","block_context":{"text":"Actualidad","link":"https:\/\/lahoradelcampo.com.uy\/site\/category\/actualidad\/"},"img":{"alt_text":"","src":"https:\/\/i0.wp.com\/lahoradelcampo.com.uy\/site\/wp-content\/uploads\/2023\/10\/angus-exposalto.jpg?fit=880%2C440&ssl=1&resize=350%2C200","width":350,"height":200,"srcset":"https:\/\/i0.wp.com\/lahoradelcampo.com.uy\/site\/wp-content\/uploads\/2023\/10\/angus-exposalto.jpg?fit=880%2C440&ssl=1&resize=350%2C200 1x, https:\/\/i0.wp.com\/lahoradelcampo.com.uy\/site\/wp-content\/uploads\/2023\/10\/angus-exposalto.jpg?fit=880%2C440&ssl=1&resize=525%2C300 1.5x, https:\/\/i0.wp.com\/lahoradelcampo.com.uy\/site\/wp-content\/uploads\/2023\/10\/angus-exposalto.jpg?fit=880%2C440&ssl=1&resize=700%2C400 2x"},"classes":[]},{"id":34949,"url":"https:\/\/lahoradelcampo.com.uy\/site\/bayucua-y-la-magdalena-ganaron-en-la-pista-del-angus\/","url_meta":{"origin":46051,"position":2},"title":"Bayucu\u00e1 y La Magdalena ganar\u00f3n en la pista del Angus","author":"La Hora del Campo","date":"3 octubre, 2021","format":false,"excerpt":"La pista salte\u00f1a del Aberdeen Angus, como es tradicional, es muy competitiva, con un gran potencial gen\u00e9tico tanto en los toros como en las hembras. Aqu\u00ed se presentan caba\u00f1as de primer nivel, con historia y un importante programa de selecci\u00f3n, por lo que m\u00e1s all\u00e1 de venir 200 o 50\u2026","rel":"","context":"En \u00abActualidad\u00bb","block_context":{"text":"Actualidad","link":"https:\/\/lahoradelcampo.com.uy\/site\/category\/actualidad\/"},"img":{"alt_text":"","src":"https:\/\/i0.wp.com\/lahoradelcampo.com.uy\/site\/wp-content\/uploads\/2021\/10\/Expo-Angus.jpg?fit=880%2C440&ssl=1&resize=350%2C200","width":350,"height":200,"srcset":"https:\/\/i0.wp.com\/lahoradelcampo.com.uy\/site\/wp-content\/uploads\/2021\/10\/Expo-Angus.jpg?fit=880%2C440&ssl=1&resize=350%2C200 1x, https:\/\/i0.wp.com\/lahoradelcampo.com.uy\/site\/wp-content\/uploads\/2021\/10\/Expo-Angus.jpg?fit=880%2C440&ssl=1&resize=525%2C300 1.5x, https:\/\/i0.wp.com\/lahoradelcampo.com.uy\/site\/wp-content\/uploads\/2021\/10\/Expo-Angus.jpg?fit=880%2C440&ssl=1&resize=700%2C400 2x"},"classes":[]},{"id":2333,"url":"https:\/\/lahoradelcampo.com.uy\/site\/expo-salto-en-angus-la-magdalena-y-vasco-pampeano\/","url_meta":{"origin":46051,"position":3},"title":"Expo Salto: En Angus \u201cLa Magdalena\u201d y \u201cVasco Pampeano\u201d","author":"La Hora del Campo","date":"8 octubre, 2017","format":false,"excerpt":"En una muy buena pista de Aberdeen Angus, \u201ccon pocos lotes pero realmente muy buenos\u201d, de acuerdo a lo se\u00f1alado por parte del jurado Enrique Bonino, se desarroll\u00f3 la muestra de la raza en la Expo Salto. \u201cSon ejemplares muy competitivos, bien preparados y muy bien puestos para la exposici\u00f3n\u201d,\u2026","rel":"","context":"En \u00abActualidad\u00bb","block_context":{"text":"Actualidad","link":"https:\/\/lahoradelcampo.com.uy\/site\/category\/actualidad\/"},"img":{"alt_text":"","src":"https:\/\/i0.wp.com\/lahoradelcampo.com.uy\/site\/wp-content\/uploads\/2017\/10\/Angus.jpg?fit=880%2C440&ssl=1&resize=350%2C200","width":350,"height":200,"srcset":"https:\/\/i0.wp.com\/lahoradelcampo.com.uy\/site\/wp-content\/uploads\/2017\/10\/Angus.jpg?fit=880%2C440&ssl=1&resize=350%2C200 1x, https:\/\/i0.wp.com\/lahoradelcampo.com.uy\/site\/wp-content\/uploads\/2017\/10\/Angus.jpg?fit=880%2C440&ssl=1&resize=525%2C300 1.5x, https:\/\/i0.wp.com\/lahoradelcampo.com.uy\/site\/wp-content\/uploads\/2017\/10\/Angus.jpg?fit=880%2C440&ssl=1&resize=700%2C400 2x"},"classes":[]},{"id":24318,"url":"https:\/\/lahoradelcampo.com.uy\/site\/cabana-don-roberto-presento-el-ternero-colorado-gran-campeon-supremo-angus-de-la-expo-salto\/","url_meta":{"origin":46051,"position":4},"title":"Caba\u00f1a Don Roberto present\u00f3 el ternero colorado Gran Campe\u00f3n Supremo Angus de la Expo Salto","author":"La Hora del Campo","date":"5 octubre, 2020","format":false,"excerpt":"La pista Angus de la Exposici\u00f3n de Reproductores de Salto volvi\u00f3 a exhibir un muy buen nivel de ejemplares, apreci\u00e1ndose \u201ctoros y vientres que contaban con una muy buena preparaci\u00f3n\u201d, dijo el licenciado Ra\u00fal Mar\u00eda Irazabal, acompa\u00f1ado por Juan Ba\u00e9z. Luego de observar en la pista de campo y bozal,\u2026","rel":"","context":"En \u00abActualidad\u00bb","block_context":{"text":"Actualidad","link":"https:\/\/lahoradelcampo.com.uy\/site\/category\/actualidad\/"},"img":{"alt_text":"","src":"https:\/\/i0.wp.com\/lahoradelcampo.com.uy\/site\/wp-content\/uploads\/2020\/10\/Angusdonroberto.jpg?fit=880%2C440&ssl=1&resize=350%2C200","width":350,"height":200,"srcset":"https:\/\/i0.wp.com\/lahoradelcampo.com.uy\/site\/wp-content\/uploads\/2020\/10\/Angusdonroberto.jpg?fit=880%2C440&ssl=1&resize=350%2C200 1x, https:\/\/i0.wp.com\/lahoradelcampo.com.uy\/site\/wp-content\/uploads\/2020\/10\/Angusdonroberto.jpg?fit=880%2C440&ssl=1&resize=525%2C300 1.5x, https:\/\/i0.wp.com\/lahoradelcampo.com.uy\/site\/wp-content\/uploads\/2020\/10\/Angusdonroberto.jpg?fit=880%2C440&ssl=1&resize=700%2C400 2x"},"classes":[]},{"id":52716,"url":"https:\/\/lahoradelcampo.com.uy\/site\/jurado-hereford-destaco-la-funcionalidad-de-los-ejemplares-expuestos\/","url_meta":{"origin":46051,"position":5},"title":"Jurado Hereford destac\u00f3 la funcionalidad de los ejemplares expuestos","author":"La Hora del Campo","date":"5 octubre, 2023","format":false,"excerpt":"La evaluaci\u00f3n de la muestra de Hereford y Polled Hereford estuvo a cargo del criador argentino Miguel Ganis, quien elogi\u00f3 el alto nivel de la exhibici\u00f3n. Al cierre de las calificaciones, los grandes campeones quedaron entre las caba\u00f1as de la regi\u00f3n. Puros de Origen El inicio de la competencia se\u2026","rel":"","context":"En \u00abActualidad\u00bb","block_context":{"text":"Actualidad","link":"https:\/\/lahoradelcampo.com.uy\/site\/category\/actualidad\/"},"img":{"alt_text":"","src":"https:\/\/i0.wp.com\/lahoradelcampo.com.uy\/site\/wp-content\/uploads\/2023\/10\/hereford-exposalto.jpg?fit=880%2C440&ssl=1&resize=350%2C200","width":350,"height":200,"srcset":"https:\/\/i0.wp.com\/lahoradelcampo.com.uy\/site\/wp-content\/uploads\/2023\/10\/hereford-exposalto.jpg?fit=880%2C440&ssl=1&resize=350%2C200 1x, https:\/\/i0.wp.com\/lahoradelcampo.com.uy\/site\/wp-content\/uploads\/2023\/10\/hereford-exposalto.jpg?fit=880%2C440&ssl=1&resize=525%2C300 1.5x, https:\/\/i0.wp.com\/lahoradelcampo.com.uy\/site\/wp-content\/uploads\/2023\/10\/hereford-exposalto.jpg?fit=880%2C440&ssl=1&resize=700%2C400 2x"},"classes":[]}],"jetpack_likes_enabled":true,"_links":{"self":[{"href":"https:\/\/lahoradelcampo.com.uy\/site\/wp-json\/wp\/v2\/posts\/46051","targetHints":{"allow":["GET"]}}],"collection":[{"href":"https:\/\/lahoradelcampo.com.uy\/site\/wp-json\/wp\/v2\/posts"}],"about":[{"href":"https:\/\/lahoradelcampo.com.uy\/site\/wp-json\/wp\/v2\/types\/post"}],"author":[{"embeddable":true,"href":"https:\/\/lahoradelcampo.com.uy\/site\/wp-json\/wp\/v2\/users\/5"}],"replies":[{"embeddable":true,"href":"https:\/\/lahoradelcampo.com.uy\/site\/wp-json\/wp\/v2\/comments?post=46051"}],"version-history":[{"count":2,"href":"https:\/\/lahoradelcampo.com.uy\/site\/wp-json\/wp\/v2\/posts\/46051\/revisions"}],"predecessor-version":[{"id":46057,"href":"https:\/\/lahoradelcampo.com.uy\/site\/wp-json\/wp\/v2\/posts\/46051\/revisions\/46057"}],"wp:featuredmedia":[{"embeddable":true,"href":"https:\/\/lahoradelcampo.com.uy\/site\/wp-json\/wp\/v2\/media\/46053"}],"wp:attachment":[{"href":"https:\/\/lahoradelcampo.com.uy\/site\/wp-json\/wp\/v2\/media?parent=46051"}],"wp:term":[{"taxonomy":"category","embeddable":true,"href":"https:\/\/lahoradelcampo.com.uy\/site\/wp-json\/wp\/v2\/categories?post=46051"},{"taxonomy":"post_tag","embeddable":true,"href":"https:\/\/lahoradelcampo.com.uy\/site\/wp-json\/wp\/v2\/tags?post=46051"}],"curies":[{"name":"wp","href":"https:\/\/api.w.org\/{rel}","templated":true}]}}