{"id":46045,"date":"2022-10-02T19:14:46","date_gmt":"2022-10-02T22:14:46","guid":{"rendered":"http:\/\/lahoradelcampo.com.uy\/site\/?p=46045"},"modified":"2022-10-02T19:14:50","modified_gmt":"2022-10-02T22:14:50","slug":"delgado-premio-el-lote-campeon-polled-hereford-pi-de-nu-pora","status":"publish","type":"post","link":"https:\/\/lahoradelcampo.com.uy\/site\/delgado-premio-el-lote-campeon-polled-hereford-pi-de-nu-pora\/","title":{"rendered":"Delgado premi\u00f3 el lote campe\u00f3n Polled Hereford PI de \u00d1u Por\u00e1"},"content":{"rendered":"\n<figure class=\"wp-block-image\"><img data-recalc-dims=\"1\" loading=\"lazy\" decoding=\"async\" width=\"810\" height=\"405\" data-attachment-id=\"46047\" data-permalink=\"https:\/\/lahoradelcampo.com.uy\/site\/delgado-premio-el-lote-campeon-polled-hereford-pi-de-nu-pora\/exposalto-nupora\/\" data-orig-file=\"https:\/\/i0.wp.com\/lahoradelcampo.com.uy\/site\/wp-content\/uploads\/2022\/10\/Exposalto-%C3%91upora.jpg?fit=880%2C440&amp;ssl=1\" data-orig-size=\"880,440\" data-comments-opened=\"1\" data-image-meta=\"{&quot;aperture&quot;:&quot;0&quot;,&quot;credit&quot;:&quot;&quot;,&quot;camera&quot;:&quot;&quot;,&quot;caption&quot;:&quot;&quot;,&quot;created_timestamp&quot;:&quot;0&quot;,&quot;copyright&quot;:&quot;&quot;,&quot;focal_length&quot;:&quot;0&quot;,&quot;iso&quot;:&quot;0&quot;,&quot;shutter_speed&quot;:&quot;0&quot;,&quot;title&quot;:&quot;&quot;,&quot;orientation&quot;:&quot;1&quot;}\" data-image-title=\"Exposalto-\u00d1upora\" data-image-description=\"\" data-image-caption=\"\" data-large-file=\"https:\/\/i0.wp.com\/lahoradelcampo.com.uy\/site\/wp-content\/uploads\/2022\/10\/Exposalto-%C3%91upora.jpg?fit=810%2C405&amp;ssl=1\" src=\"https:\/\/i0.wp.com\/lahoradelcampo.com.uy\/site\/wp-content\/uploads\/2022\/10\/Exposalto-%C3%91upora.jpg?resize=810%2C405\" alt=\"\" class=\"wp-image-46047\" srcset=\"https:\/\/i0.wp.com\/lahoradelcampo.com.uy\/site\/wp-content\/uploads\/2022\/10\/Exposalto-%C3%91upora.jpg?w=880&amp;ssl=1 880w, https:\/\/i0.wp.com\/lahoradelcampo.com.uy\/site\/wp-content\/uploads\/2022\/10\/Exposalto-%C3%91upora.jpg?resize=300%2C150&amp;ssl=1 300w, https:\/\/i0.wp.com\/lahoradelcampo.com.uy\/site\/wp-content\/uploads\/2022\/10\/Exposalto-%C3%91upora.jpg?resize=768%2C384&amp;ssl=1 768w, https:\/\/i0.wp.com\/lahoradelcampo.com.uy\/site\/wp-content\/uploads\/2022\/10\/Exposalto-%C3%91upora.jpg?resize=820%2C410&amp;ssl=1 820w\" sizes=\"auto, (max-width: 810px) 100vw, 810px\" \/><\/figure>\n\n\n\n<p>El Hereford dio una muy buena muestra en la\npista de la Expo Salto, con el mayor n\u00famero de animales presentes, y con\nejemplares, tanto mochos como astados, que dieron trabajo para los jurados\nAgust\u00edn \u00c1lvarez y Joaqu\u00edn Zabaleta Stirling. <\/p>\n\n\n\n<p>\u201cUna muestra muy linda y con un buen volumen\nde animales, con 11 lotes de campo y 8 animales de bozal, y con animales de\nmucha clase\u201d, indic\u00f3 el Dr. Agust\u00edn \u00c1lvarez, quien adem\u00e1s de productor y\ncaba\u00f1ero, preside actualmente la Asociaci\u00f3n Rural de Paysand\u00fa. Sobre la muestra\nde campo, dijo \u201cnos inclinamos por un brete muy homog\u00e9neo, con carne por todos\nlados y muy buenos datos de EPD, y que realmente es muy productivo\u201d.<\/p>\n\n\n\n<p>El Lote Campe\u00f3n PI fue presentado por \u201c\u00d1u\nPor\u00e1\u201d. Carlos Parietti, principal de la caba\u00f1a, manifest\u00f3 que \u201cson tres toros\nPolled Hereford de 2 a\u00f1os, siendo los tres hijos de toros americanos pero de\ndistintas sangres\u201d. Aclar\u00f3 que del Lote Campe\u00f3n dos ejemplares van al remate\ndel jueves 6 en la propia estancia, siendo el segundo mejor toro de la muestra el\nque queda para padre en la caba\u00f1a.<\/p>\n\n\n\n<p>El Secretario de Presidencia, Dr. \u00c1lvaro\nDelgado, junto con el presidente de la Asociaci\u00f3n Agropecuaria de Salto, hizo\nentrega del premio al lote campe\u00f3n. <\/p>\n\n\n\n<p>El segundo Mejor Lote PI fue expuesto por\n\u201cSanta Mar\u00eda de Arapey\u201d y el Tercer Mejor Lote, ejemplares astados de Anita SG.<\/p>\n\n\n\n<p>En la muestra individual, el Copa de Honor fue\nexpuesto por \u201cSanta Mar\u00eda de Arapey\u201d. El toro Copa \u201ces muy llamativo, de mucho\nvolumen, con pigmento, con todo lo que la raza necesita y tama\u00f1o moderado\u201d,\ndijo el jurado. El segundo mejor toro fue de \u201c\u00d1u Por\u00e1\u201d y el Tercer Mejor toro\nde Marcelo Texeira Nu\u00f1ez.<\/p>\n\n\n\n<p>En Polled Hereford Puros de Origen, el Lote\nEspecial fue de \u201c\u00d1u Por\u00e1\u201d.<\/p>\n\n\n\n<p>En productos de bozal, el jurado sanducero\nexplic\u00f3 que la muestra \u201cfue muy competitiva, con ejemplares que pr\u00e1cticamente\nen su totalidad hab\u00edan pasado por las pistas de la Expo Prado. Nos inclinamos\npor el ternero, por ser un reproductor prolijo, con volumen, que llama la\natenci\u00f3n y tiene un futuro tremendo\u201d.<\/p>\n\n\n\n<p>El Gran Campe\u00f3n y Campe\u00f3n Ternero Intermedio\nfue expuesto por \u201cSanta Mar\u00eda de Arapey\u201d. \u201cEs un animal que nos gusta mucho\ndesde chiquito, hijo de \u201cEndure\u201d, precis\u00f3 Alejandra Parietti. En el caso del\nreservado Gran Campe\u00f3n, tambi\u00e9n de \u201cSanta Mar\u00eda de Arapey\u201d, \u00e9ste a\u00f1o fue al\nPrado y fue el Copa de la \u00faltima Nacional Hereford realizada en Soriano. El\nTercer Mejor Toro fue de Vasco Pampeano.<\/p>\n\n\n\n<p>En hembras de bozal, Gran Campeona de San Rafael de Omar Burutar\u00e1n, reservada Gran Campeona y Tercera Mejor Hembra, de \u201cSanta Mar\u00eda de Arapey\u201d.<\/p>\n\n\n\n<p>Salto, domingo 2 de octubre de 2022<\/p>\n","protected":false},"excerpt":{"rendered":"<p>El Hereford dio una muy buena muestra en la pista de la Expo Salto, con el mayor n\u00famero de animales presentes, y con ejemplares, tanto mochos como astados, que dieron [&hellip;]<\/p>\n","protected":false},"author":5,"featured_media":46047,"comment_status":"open","ping_status":"open","sticky":false,"template":"","format":"standard","meta":{"_price":"","_stock":"","_tribe_ticket_header":"","_tribe_default_ticket_provider":"","_tribe_ticket_capacity":"0","_ticket_start_date":"","_ticket_end_date":"","_tribe_ticket_show_description":"","_tribe_ticket_show_not_going":false,"_tribe_ticket_use_global_stock":"","_tribe_ticket_global_stock_level":"","_global_stock_mode":"","_global_stock_cap":"","_tribe_rsvp_for_event":"","_tribe_ticket_going_count":"","_tribe_ticket_not_going_count":"","_tribe_tickets_list":"[]","_tribe_ticket_has_attendee_info_fields":false,"h5ap_radio_sources":[],"_jetpack_newsletter_access":"","_jetpack_dont_email_post_to_subs":false,"_jetpack_newsletter_tier_id":0,"_jetpack_memberships_contains_paywalled_content":false,"_jetpack_memberships_contains_paid_content":false,"footnotes":""},"categories":[21,5],"tags":[],"class_list":["post-46045","post","type-post","status-publish","format-standard","has-post-thumbnail","hentry","category-actualidad","category-ganaderia"],"jetpack_featured_media_url":"https:\/\/i0.wp.com\/lahoradelcampo.com.uy\/site\/wp-content\/uploads\/2022\/10\/Exposalto-%C3%91upora.jpg?fit=880%2C440&ssl=1","jetpack_sharing_enabled":true,"jetpack_shortlink":"https:\/\/wp.me\/p99IaT-bYF","jetpack-related-posts":[{"id":2327,"url":"https:\/\/lahoradelcampo.com.uy\/site\/nu-pora-y-santa-maria-de-arapey-ganaron-en-polled-hereford\/","url_meta":{"origin":46045,"position":0},"title":"\u201c\u00d1u Por\u00e1\u201d y \u201cSanta Mar\u00eda de Arapey\u201d ganaron en Polled Hereford","author":"La Hora del Campo","date":"8 octubre, 2017","format":false,"excerpt":"En la jornada de ayer, la pista de bovinos de la Asociaci\u00f3n Agropecuaria de Salto comenz\u00f3 con la jura de la raza Hereford, en sus dos variedades mocha y astada, con los hermanos Fernando y Guzm\u00e1n Alfonso como jurados. Al finalizar la jura, Fernando Alfonso dijo que los ejemplares presentados\u2026","rel":"","context":"En \u00abActualidad\u00bb","block_context":{"text":"Actualidad","link":"https:\/\/lahoradelcampo.com.uy\/site\/category\/actualidad\/"},"img":{"alt_text":"","src":"https:\/\/i0.wp.com\/lahoradelcampo.com.uy\/site\/wp-content\/uploads\/2017\/10\/Hereford.jpg?fit=880%2C440&ssl=1&resize=350%2C200","width":350,"height":200,"srcset":"https:\/\/i0.wp.com\/lahoradelcampo.com.uy\/site\/wp-content\/uploads\/2017\/10\/Hereford.jpg?fit=880%2C440&ssl=1&resize=350%2C200 1x, https:\/\/i0.wp.com\/lahoradelcampo.com.uy\/site\/wp-content\/uploads\/2017\/10\/Hereford.jpg?fit=880%2C440&ssl=1&resize=525%2C300 1.5x, https:\/\/i0.wp.com\/lahoradelcampo.com.uy\/site\/wp-content\/uploads\/2017\/10\/Hereford.jpg?fit=880%2C440&ssl=1&resize=700%2C400 2x"},"classes":[]},{"id":54931,"url":"https:\/\/lahoradelcampo.com.uy\/site\/el-hereford-presento-el-nivel-de-las-grandes-ligas\/","url_meta":{"origin":46045,"position":1},"title":"El Hereford present\u00f3 \u00abel nivel de las grandes ligas\u00bb","author":"La Hora del Campo","date":"20 octubre, 2024","format":false,"excerpt":"En el marco de la Expo Paysand\u00fa el fin de semana, el jurado argentino Patricio Spiazzi fue el encargado de seleccionar los mejores ejemplares del Polled Hereford, elogiando la calidad y el potencial gen\u00e9tico de la raza en los animales presentados en esta oportunidad. Al finalizar su trabajo dijo que\u2026","rel":"","context":"En \u00abActualidad\u00bb","block_context":{"text":"Actualidad","link":"https:\/\/lahoradelcampo.com.uy\/site\/category\/actualidad\/"},"img":{"alt_text":"","src":"https:\/\/i0.wp.com\/lahoradelcampo.com.uy\/site\/wp-content\/uploads\/2024\/10\/Hereford.jpg?fit=880%2C440&ssl=1&resize=350%2C200","width":350,"height":200,"srcset":"https:\/\/i0.wp.com\/lahoradelcampo.com.uy\/site\/wp-content\/uploads\/2024\/10\/Hereford.jpg?fit=880%2C440&ssl=1&resize=350%2C200 1x, https:\/\/i0.wp.com\/lahoradelcampo.com.uy\/site\/wp-content\/uploads\/2024\/10\/Hereford.jpg?fit=880%2C440&ssl=1&resize=525%2C300 1.5x, https:\/\/i0.wp.com\/lahoradelcampo.com.uy\/site\/wp-content\/uploads\/2024\/10\/Hereford.jpg?fit=880%2C440&ssl=1&resize=700%2C400 2x"},"classes":[]},{"id":54811,"url":"https:\/\/lahoradelcampo.com.uy\/site\/de-santa-maria-de-arapey-y-nu-pora-los-grandes-campeones-en-polled-hereford\/","url_meta":{"origin":46045,"position":2},"title":"De Santa Mar\u00eda de Arapey y \u00d1u Por\u00e1 los Grandes Campeones en Polled Hereford","author":"La Hora del Campo","date":"8 octubre, 2024","format":false,"excerpt":"Las caba\u00f1as Santa Mar\u00eda de Arapey, de Alejandra Parietti, y \u00d1u Por\u00e1, de Carlos y Natalia Parietti, presentaron los mejores animales de pedigr\u00ed en la categor\u00eda Polled Hereford de la Expo Salto. El jurado estuvo compuesto por el doctor Santiago Bordaberry y su hija, Mar\u00eda Emilia. La encargada de organizar\u2026","rel":"","context":"En \u00abActualidad\u00bb","block_context":{"text":"Actualidad","link":"https:\/\/lahoradelcampo.com.uy\/site\/category\/actualidad\/"},"img":{"alt_text":"","src":"https:\/\/i0.wp.com\/lahoradelcampo.com.uy\/site\/wp-content\/uploads\/2024\/10\/exposalto-hereford.jpg?fit=880%2C440&ssl=1&resize=350%2C200","width":350,"height":200,"srcset":"https:\/\/i0.wp.com\/lahoradelcampo.com.uy\/site\/wp-content\/uploads\/2024\/10\/exposalto-hereford.jpg?fit=880%2C440&ssl=1&resize=350%2C200 1x, https:\/\/i0.wp.com\/lahoradelcampo.com.uy\/site\/wp-content\/uploads\/2024\/10\/exposalto-hereford.jpg?fit=880%2C440&ssl=1&resize=525%2C300 1.5x, https:\/\/i0.wp.com\/lahoradelcampo.com.uy\/site\/wp-content\/uploads\/2024\/10\/exposalto-hereford.jpg?fit=880%2C440&ssl=1&resize=700%2C400 2x"},"classes":[]},{"id":7139,"url":"https:\/\/lahoradelcampo.com.uy\/site\/exposicion-nacional-del-hereford-premio-los-grandes-campeones-de-la-muestra\/","url_meta":{"origin":46045,"position":3},"title":"Exposici\u00f3n nacional del Hereford premi\u00f3  los grandes campeones de la muestra","author":"La Hora del Campo","date":"13 mayo, 2018","format":false,"excerpt":"Con un clima muy agradable y el optimismo que generan las lluvias para el sector ganadero, la Nacional Hereford que se desarroll\u00f3 entre viernes y s\u00e1bado en el predio de la Exposici\u00f3n Feria de Paysand\u00fa, colm\u00f3 las expectativas, al jurado, p\u00fablico y organizadores. \u201cVi una pista excepcional\u201d, describi\u00f3 Enrique Bonino.\u2026","rel":"","context":"En \u00abActualidad\u00bb","block_context":{"text":"Actualidad","link":"https:\/\/lahoradelcampo.com.uy\/site\/category\/actualidad\/"},"img":{"alt_text":"","src":"https:\/\/i0.wp.com\/lahoradelcampo.com.uy\/site\/wp-content\/uploads\/2018\/05\/hereford-2.jpg?fit=880%2C440&ssl=1&resize=350%2C200","width":350,"height":200,"srcset":"https:\/\/i0.wp.com\/lahoradelcampo.com.uy\/site\/wp-content\/uploads\/2018\/05\/hereford-2.jpg?fit=880%2C440&ssl=1&resize=350%2C200 1x, https:\/\/i0.wp.com\/lahoradelcampo.com.uy\/site\/wp-content\/uploads\/2018\/05\/hereford-2.jpg?fit=880%2C440&ssl=1&resize=525%2C300 1.5x, https:\/\/i0.wp.com\/lahoradelcampo.com.uy\/site\/wp-content\/uploads\/2018\/05\/hereford-2.jpg?fit=880%2C440&ssl=1&resize=700%2C400 2x"},"classes":[]},{"id":24356,"url":"https:\/\/lahoradelcampo.com.uy\/site\/bozal-gran-campeona-suprema-polled-hereford-fue-expuesta-por-san-rafael\/","url_meta":{"origin":46045,"position":4},"title":"Bozal: Gran Campeona Suprema Polled  Hereford fue expuesta por San Rafael","author":"La Hora del Campo","date":"5 octubre, 2020","format":false,"excerpt":"\u201cTuve la suerte de embocar esta muestra en donde creci\u00f3 el n\u00famero y la calidad de los animales, convirti\u00e9ndose en una bruta exposici\u00f3n del interior\u201d, se\u00f1al\u00f3 Enrique Bonino tras realizar su trabajo de jurado en la pista Hereford y Polled en Salto. Para eso aclar\u00f3 que la Exposici\u00f3n no hab\u00eda\u2026","rel":"","context":"En \u00abActualidad\u00bb","block_context":{"text":"Actualidad","link":"https:\/\/lahoradelcampo.com.uy\/site\/category\/actualidad\/"},"img":{"alt_text":"","src":"https:\/\/i0.wp.com\/lahoradelcampo.com.uy\/site\/wp-content\/uploads\/2020\/10\/sanrafaelexposalto.jpg?fit=880%2C440&ssl=1&resize=350%2C200","width":350,"height":200,"srcset":"https:\/\/i0.wp.com\/lahoradelcampo.com.uy\/site\/wp-content\/uploads\/2020\/10\/sanrafaelexposalto.jpg?fit=880%2C440&ssl=1&resize=350%2C200 1x, https:\/\/i0.wp.com\/lahoradelcampo.com.uy\/site\/wp-content\/uploads\/2020\/10\/sanrafaelexposalto.jpg?fit=880%2C440&ssl=1&resize=525%2C300 1.5x, https:\/\/i0.wp.com\/lahoradelcampo.com.uy\/site\/wp-content\/uploads\/2020\/10\/sanrafaelexposalto.jpg?fit=880%2C440&ssl=1&resize=700%2C400 2x"},"classes":[]},{"id":2675,"url":"https:\/\/lahoradelcampo.com.uy\/site\/grandes-campeones-de-la-expo-paysandu\/","url_meta":{"origin":46045,"position":5},"title":"Grandes Campeones de la Expo Paysand\u00fa","author":"La Hora del Campo","date":"15 octubre, 2017","format":false,"excerpt":"Paysand\u00fa realiz\u00f3 una interesante muestra de r\u00fasticos y animales de bozal, con destaques en n\u00famero de ejemplares de las razas Polled Hereford, Aberdeen Angus, y por primera vez un interesante n\u00famero de Brangus. Hereford Jurado: Ignacio Clemente. Polled Hereford: De Campo: Lote Campe\u00f3n de \u00d1u Por\u00e1, Segundo Mejor Lote de\u2026","rel":"","context":"En \u00abActualidad\u00bb","block_context":{"text":"Actualidad","link":"https:\/\/lahoradelcampo.com.uy\/site\/category\/actualidad\/"},"img":{"alt_text":"","src":"https:\/\/i0.wp.com\/lahoradelcampo.com.uy\/site\/wp-content\/uploads\/2017\/10\/Expo-Paysand%C3%BA.jpg?fit=880%2C440&ssl=1&resize=350%2C200","width":350,"height":200,"srcset":"https:\/\/i0.wp.com\/lahoradelcampo.com.uy\/site\/wp-content\/uploads\/2017\/10\/Expo-Paysand%C3%BA.jpg?fit=880%2C440&ssl=1&resize=350%2C200 1x, https:\/\/i0.wp.com\/lahoradelcampo.com.uy\/site\/wp-content\/uploads\/2017\/10\/Expo-Paysand%C3%BA.jpg?fit=880%2C440&ssl=1&resize=525%2C300 1.5x, https:\/\/i0.wp.com\/lahoradelcampo.com.uy\/site\/wp-content\/uploads\/2017\/10\/Expo-Paysand%C3%BA.jpg?fit=880%2C440&ssl=1&resize=700%2C400 2x"},"classes":[]}],"jetpack_likes_enabled":true,"_links":{"self":[{"href":"https:\/\/lahoradelcampo.com.uy\/site\/wp-json\/wp\/v2\/posts\/46045","targetHints":{"allow":["GET"]}}],"collection":[{"href":"https:\/\/lahoradelcampo.com.uy\/site\/wp-json\/wp\/v2\/posts"}],"about":[{"href":"https:\/\/lahoradelcampo.com.uy\/site\/wp-json\/wp\/v2\/types\/post"}],"author":[{"embeddable":true,"href":"https:\/\/lahoradelcampo.com.uy\/site\/wp-json\/wp\/v2\/users\/5"}],"replies":[{"embeddable":true,"href":"https:\/\/lahoradelcampo.com.uy\/site\/wp-json\/wp\/v2\/comments?post=46045"}],"version-history":[{"count":1,"href":"https:\/\/lahoradelcampo.com.uy\/site\/wp-json\/wp\/v2\/posts\/46045\/revisions"}],"predecessor-version":[{"id":46049,"href":"https:\/\/lahoradelcampo.com.uy\/site\/wp-json\/wp\/v2\/posts\/46045\/revisions\/46049"}],"wp:featuredmedia":[{"embeddable":true,"href":"https:\/\/lahoradelcampo.com.uy\/site\/wp-json\/wp\/v2\/media\/46047"}],"wp:attachment":[{"href":"https:\/\/lahoradelcampo.com.uy\/site\/wp-json\/wp\/v2\/media?parent=46045"}],"wp:term":[{"taxonomy":"category","embeddable":true,"href":"https:\/\/lahoradelcampo.com.uy\/site\/wp-json\/wp\/v2\/categories?post=46045"},{"taxonomy":"post_tag","embeddable":true,"href":"https:\/\/lahoradelcampo.com.uy\/site\/wp-json\/wp\/v2\/tags?post=46045"}],"curies":[{"name":"wp","href":"https:\/\/api.w.org\/{rel}","templated":true}]}}