{"id":46037,"date":"2022-10-01T06:45:02","date_gmt":"2022-10-01T09:45:02","guid":{"rendered":"http:\/\/lahoradelcampo.com.uy\/site\/?p=46037"},"modified":"2022-10-01T08:41:02","modified_gmt":"2022-10-01T11:41:02","slug":"genetica-con-marca-registrada-coloco-85-toros-a-us-4-137","status":"publish","type":"post","link":"https:\/\/lahoradelcampo.com.uy\/site\/genetica-con-marca-registrada-coloco-85-toros-a-us-4-137\/","title":{"rendered":"Gen\u00e9tica  con Marca Registrada coloc\u00f3 85 toros a U$S 4.137"},"content":{"rendered":"\n<figure class=\"wp-block-image\"><img data-recalc-dims=\"1\" loading=\"lazy\" decoding=\"async\" width=\"810\" height=\"405\" data-attachment-id=\"46039\" data-permalink=\"https:\/\/lahoradelcampo.com.uy\/site\/genetica-con-marca-registrada-coloco-85-toros-a-us-4-137\/zafratoros-genetica\/\" data-orig-file=\"https:\/\/i0.wp.com\/lahoradelcampo.com.uy\/site\/wp-content\/uploads\/2022\/10\/Zafratoros-genetica.jpg?fit=880%2C440&amp;ssl=1\" data-orig-size=\"880,440\" data-comments-opened=\"1\" data-image-meta=\"{&quot;aperture&quot;:&quot;0&quot;,&quot;credit&quot;:&quot;&quot;,&quot;camera&quot;:&quot;&quot;,&quot;caption&quot;:&quot;&quot;,&quot;created_timestamp&quot;:&quot;0&quot;,&quot;copyright&quot;:&quot;&quot;,&quot;focal_length&quot;:&quot;0&quot;,&quot;iso&quot;:&quot;0&quot;,&quot;shutter_speed&quot;:&quot;0&quot;,&quot;title&quot;:&quot;&quot;,&quot;orientation&quot;:&quot;1&quot;}\" data-image-title=\"Zafratoros-genetica\" data-image-description=\"\" data-image-caption=\"\" data-large-file=\"https:\/\/i0.wp.com\/lahoradelcampo.com.uy\/site\/wp-content\/uploads\/2022\/10\/Zafratoros-genetica.jpg?fit=810%2C405&amp;ssl=1\" src=\"https:\/\/i0.wp.com\/lahoradelcampo.com.uy\/site\/wp-content\/uploads\/2022\/10\/Zafratoros-genetica.jpg?resize=810%2C405\" alt=\"\" class=\"wp-image-46039\" srcset=\"https:\/\/i0.wp.com\/lahoradelcampo.com.uy\/site\/wp-content\/uploads\/2022\/10\/Zafratoros-genetica.jpg?w=880&amp;ssl=1 880w, https:\/\/i0.wp.com\/lahoradelcampo.com.uy\/site\/wp-content\/uploads\/2022\/10\/Zafratoros-genetica.jpg?resize=300%2C150&amp;ssl=1 300w, https:\/\/i0.wp.com\/lahoradelcampo.com.uy\/site\/wp-content\/uploads\/2022\/10\/Zafratoros-genetica.jpg?resize=768%2C384&amp;ssl=1 768w, https:\/\/i0.wp.com\/lahoradelcampo.com.uy\/site\/wp-content\/uploads\/2022\/10\/Zafratoros-genetica.jpg?resize=820%2C410&amp;ssl=1 820w\" sizes=\"auto, (max-width: 810px) 100vw, 810px\" \/><\/figure>\n\n\n\n<p>Sociedad Ganadera San Salvador, junto con\nFrigor\u00edfico Modelo y La Rubeta realizaron \u00e9ste viernes su cl\u00e1sico remate\n\u201cGen\u00e9tica con Marca Registrada\u201d, en el Centro de Ventas Ganaderas Don Tito,\ncolocando 85 toros Aberdeen Angus y Polled Hereford, con un promedio de U$S\n4.137, adem\u00e1s de una muy buena venta de vientres.<\/p>\n\n\n\n<p>En un a\u00f1o realmente para destacar en Sociedad\nGanadera San Salvador, por lo grandes campeones de ambas razas en las pistas de\nla Expo Prado, la oferta se dispers\u00f3 con mucha firmeza y agilidad, destac\u00e1ndose\nla oferta de toros padres en Polled Hereford, con hermanos del Gran Campe\u00f3n de\nla Expo Prado. En Angus, la oferta fue destacada, homog\u00e9nea, carnicera y con\nuna preparaci\u00f3n justa sin excesos.<\/p>\n\n\n\n<p>Se colocaron 25 toros Polled Hereford PI, entre 4.620 y 3.000, promedio U$S 3.807; y 60 toros Aberdeen Angus PI y SA, entre 12.000 y 2.340, promedio U$S 4.245.<\/p>\n\n\n\n<p>Respecto a los vientres, 20 vaquillonas PI\npre\u00f1adas Polled Hereford, se colocaron entre 3.720 y 1.740, promedio U$S 2.517;\ny 15 vientres Aberdeen Angus, entre 4.320 y 2.160, promedio U$S 3.236. El\npromedio general para los 35 vientres PI, fue de U$S 2.825.<\/p>\n\n\n\n<p>Salto, 1 de octubre de 2022<\/p>\n","protected":false},"excerpt":{"rendered":"<p>Sociedad Ganadera San Salvador, junto con Frigor\u00edfico Modelo y La Rubeta realizaron \u00e9ste viernes su cl\u00e1sico remate \u201cGen\u00e9tica con Marca Registrada\u201d, en el Centro de Ventas Ganaderas Don Tito, colocando [&hellip;]<\/p>\n","protected":false},"author":5,"featured_media":46041,"comment_status":"open","ping_status":"open","sticky":false,"template":"","format":"standard","meta":{"_price":"","_stock":"","_tribe_ticket_header":"","_tribe_default_ticket_provider":"","_tribe_ticket_capacity":"0","_ticket_start_date":"","_ticket_end_date":"","_tribe_ticket_show_description":"","_tribe_ticket_show_not_going":false,"_tribe_ticket_use_global_stock":"","_tribe_ticket_global_stock_level":"","_global_stock_mode":"","_global_stock_cap":"","_tribe_rsvp_for_event":"","_tribe_ticket_going_count":"","_tribe_ticket_not_going_count":"","_tribe_tickets_list":"[]","_tribe_ticket_has_attendee_info_fields":false,"h5ap_radio_sources":[],"_jetpack_newsletter_access":"","_jetpack_dont_email_post_to_subs":false,"_jetpack_newsletter_tier_id":0,"_jetpack_memberships_contains_paywalled_content":false,"_jetpack_memberships_contains_paid_content":false,"footnotes":""},"categories":[21,5],"tags":[],"class_list":["post-46037","post","type-post","status-publish","format-standard","has-post-thumbnail","hentry","category-actualidad","category-ganaderia"],"jetpack_featured_media_url":"https:\/\/i0.wp.com\/lahoradelcampo.com.uy\/site\/wp-content\/uploads\/2022\/10\/Zafratoros-genetica-1.jpg?fit=880%2C440&ssl=1","jetpack_sharing_enabled":true,"jetpack_shortlink":"https:\/\/wp.me\/p99IaT-bYx","jetpack-related-posts":[{"id":35003,"url":"https:\/\/lahoradelcampo.com.uy\/site\/genetica-con-marca-registrada-disperso-los-toros-en-us-4-503\/","url_meta":{"origin":46037,"position":0},"title":"\u201cGen\u00e9tica con marca registrada\u201d dispers\u00f3 los toros en U$S 4.503","author":"La Hora del Campo","date":"3 octubre, 2021","format":false,"excerpt":"En el Centro de Ventas Ganaderas \u201cDon Tito\u201d, se realiz\u00f3 en la v\u00edspera el remate \u201cgen\u00e9tica con marca registrada\u201d de Frigor\u00edfico Modelo y Sociedad Ganaderas San Salvador, en subasta a cargo de Valdez y C\u00eda. Fue un muy destacado remate, de los mejores de lo que va de la zafra,\u2026","rel":"","context":"En \u00abActualidad\u00bb","block_context":{"text":"Actualidad","link":"https:\/\/lahoradelcampo.com.uy\/site\/category\/actualidad\/"},"img":{"alt_text":"","src":"https:\/\/i0.wp.com\/lahoradelcampo.com.uy\/site\/wp-content\/uploads\/2021\/10\/Zafra-Modelo-1.jpg?fit=880%2C440&ssl=1&resize=350%2C200","width":350,"height":200,"srcset":"https:\/\/i0.wp.com\/lahoradelcampo.com.uy\/site\/wp-content\/uploads\/2021\/10\/Zafra-Modelo-1.jpg?fit=880%2C440&ssl=1&resize=350%2C200 1x, https:\/\/i0.wp.com\/lahoradelcampo.com.uy\/site\/wp-content\/uploads\/2021\/10\/Zafra-Modelo-1.jpg?fit=880%2C440&ssl=1&resize=525%2C300 1.5x, https:\/\/i0.wp.com\/lahoradelcampo.com.uy\/site\/wp-content\/uploads\/2021\/10\/Zafra-Modelo-1.jpg?fit=880%2C440&ssl=1&resize=700%2C400 2x"},"classes":[]},{"id":54728,"url":"https:\/\/lahoradelcampo.com.uy\/site\/el-25-genetica-con-marca-registrada-vendio-60-toros-en-tacuarembo\/","url_meta":{"origin":46037,"position":1},"title":"El 25\u00b0 Gen\u00e9tica con Marca Registrada vendi\u00f3 60 toros en Tacuaremb\u00f3","author":"La Hora del Campo","date":"29 septiembre, 2024","format":false,"excerpt":"El viernes, en el local Don Tito, en Tacuaremb\u00f3, la firma Jos\u00e9 A. Valdez & C\u00eda, realiz\u00f3 la 25\u00b0 venta de \u201cGen\u00e9tica con Marca Registrada\u201d de las caba\u00f1as \u201cFrigor\u00edfico Modelo\u201d en Aberdeen Angus y \u201cSociedad Ganadera San Salvador\u201d en Polled Hereford, colocando el 100% de la oferta, tanto en vientres\u2026","rel":"","context":"En \u00abActualidad\u00bb","block_context":{"text":"Actualidad","link":"https:\/\/lahoradelcampo.com.uy\/site\/category\/actualidad\/"},"img":{"alt_text":"","src":"https:\/\/i0.wp.com\/lahoradelcampo.com.uy\/site\/wp-content\/uploads\/2024\/09\/Genetica_registrada.jpg?fit=880%2C440&ssl=1&resize=350%2C200","width":350,"height":200,"srcset":"https:\/\/i0.wp.com\/lahoradelcampo.com.uy\/site\/wp-content\/uploads\/2024\/09\/Genetica_registrada.jpg?fit=880%2C440&ssl=1&resize=350%2C200 1x, https:\/\/i0.wp.com\/lahoradelcampo.com.uy\/site\/wp-content\/uploads\/2024\/09\/Genetica_registrada.jpg?fit=880%2C440&ssl=1&resize=525%2C300 1.5x, https:\/\/i0.wp.com\/lahoradelcampo.com.uy\/site\/wp-content\/uploads\/2024\/09\/Genetica_registrada.jpg?fit=880%2C440&ssl=1&resize=700%2C400 2x"},"classes":[]},{"id":24546,"url":"https:\/\/lahoradelcampo.com.uy\/site\/san-rafael-remata-hoy-en-la-asociacion-agropecuaria-de-salto\/","url_meta":{"origin":46037,"position":2},"title":"San Rafael remata hoy en la Asociaci\u00f3n Agropecuaria de Salto","author":"La Hora del Campo","date":"12 octubre, 2020","format":false,"excerpt":"Luego de la excelente participaci\u00f3n en las pistas de la Expo Prado, tanto a nivel de las calificaciones como en las ventas, la caba\u00f1a San Rafael vuelve hoy lunes 12 de octubre, a las 17 horas, a la p\u00ecsta de la Asociaci\u00f3n Agropecuaria de Salto, para un nuevo remate anual,\u2026","rel":"","context":"En \u00abActualidad\u00bb","block_context":{"text":"Actualidad","link":"https:\/\/lahoradelcampo.com.uy\/site\/category\/actualidad\/"},"img":{"alt_text":"","src":"https:\/\/i0.wp.com\/lahoradelcampo.com.uy\/site\/wp-content\/uploads\/2020\/10\/sanrafael111.jpg?fit=880%2C440&ssl=1&resize=350%2C200","width":350,"height":200,"srcset":"https:\/\/i0.wp.com\/lahoradelcampo.com.uy\/site\/wp-content\/uploads\/2020\/10\/sanrafael111.jpg?fit=880%2C440&ssl=1&resize=350%2C200 1x, https:\/\/i0.wp.com\/lahoradelcampo.com.uy\/site\/wp-content\/uploads\/2020\/10\/sanrafael111.jpg?fit=880%2C440&ssl=1&resize=525%2C300 1.5x, https:\/\/i0.wp.com\/lahoradelcampo.com.uy\/site\/wp-content\/uploads\/2020\/10\/sanrafael111.jpg?fit=880%2C440&ssl=1&resize=700%2C400 2x"},"classes":[]},{"id":54691,"url":"https:\/\/lahoradelcampo.com.uy\/site\/excelente-remate-de-san-gregorio-ganadera\/","url_meta":{"origin":46037,"position":3},"title":"Excelente remate de San Gregorio Ganadera","author":"La Hora del Campo","date":"26 septiembre, 2024","format":false,"excerpt":"La caba\u00f1a de la Gran Campeona de la Expo Prado 2024 en la raza Aberdeen Angus, San Gregorio Sociedad Ganadera, realiz\u00f3 ayer su cuarto remate consecutivo en la propia estancia, en esta oportunidad con los martillos de Zambrano & C\u00eda. y Coco Morales. Con una gran presencia de clientes y\u2026","rel":"","context":"En \u00abActualidad\u00bb","block_context":{"text":"Actualidad","link":"https:\/\/lahoradelcampo.com.uy\/site\/category\/actualidad\/"},"img":{"alt_text":"","src":"https:\/\/i0.wp.com\/lahoradelcampo.com.uy\/site\/wp-content\/uploads\/2024\/09\/san-gregorio-ganadera.jpg?fit=880%2C440&ssl=1&resize=350%2C200","width":350,"height":200,"srcset":"https:\/\/i0.wp.com\/lahoradelcampo.com.uy\/site\/wp-content\/uploads\/2024\/09\/san-gregorio-ganadera.jpg?fit=880%2C440&ssl=1&resize=350%2C200 1x, https:\/\/i0.wp.com\/lahoradelcampo.com.uy\/site\/wp-content\/uploads\/2024\/09\/san-gregorio-ganadera.jpg?fit=880%2C440&ssl=1&resize=525%2C300 1.5x, https:\/\/i0.wp.com\/lahoradelcampo.com.uy\/site\/wp-content\/uploads\/2024\/09\/san-gregorio-ganadera.jpg?fit=880%2C440&ssl=1&resize=700%2C400 2x"},"classes":[]},{"id":34823,"url":"https:\/\/lahoradelcampo.com.uy\/site\/la-cabana-del-gran-campeon-del-prado-vendio-sus-angus-en-us-3-644\/","url_meta":{"origin":46037,"position":4},"title":"La caba\u00f1a del Gran Campe\u00f3n del  Prado vendi\u00f3 sus Angus en US$ 3.644","author":"La Hora del Campo","date":"30 septiembre, 2021","format":false,"excerpt":"San Gregorio Ganadera realiz\u00f3 su d\u00e9cimo cuarto remate anual, en la propia estancia en Soriano, con los martillos de los escritorios Pages Ma\u00f1ay y Coco Morales. Se coloc\u00f3 el 100% de los toros Aberdeen Angus, en tanto que en el Polled Hereford la colocaci\u00f3n fue parcial. Al cierre del remate\u2026","rel":"","context":"En \u00abActualidad\u00bb","block_context":{"text":"Actualidad","link":"https:\/\/lahoradelcampo.com.uy\/site\/category\/actualidad\/"},"img":{"alt_text":"","src":"https:\/\/i0.wp.com\/lahoradelcampo.com.uy\/site\/wp-content\/uploads\/2021\/09\/Zafra-Sangregorio.jpg?fit=880%2C440&ssl=1&resize=350%2C200","width":350,"height":200,"srcset":"https:\/\/i0.wp.com\/lahoradelcampo.com.uy\/site\/wp-content\/uploads\/2021\/09\/Zafra-Sangregorio.jpg?fit=880%2C440&ssl=1&resize=350%2C200 1x, https:\/\/i0.wp.com\/lahoradelcampo.com.uy\/site\/wp-content\/uploads\/2021\/09\/Zafra-Sangregorio.jpg?fit=880%2C440&ssl=1&resize=525%2C300 1.5x, https:\/\/i0.wp.com\/lahoradelcampo.com.uy\/site\/wp-content\/uploads\/2021\/09\/Zafra-Sangregorio.jpg?fit=880%2C440&ssl=1&resize=700%2C400 2x"},"classes":[]},{"id":45555,"url":"https:\/\/lahoradelcampo.com.uy\/site\/san-salvador-sumo-tres-grandes-campeones-al-hilo-en-la-expo-prado\/","url_meta":{"origin":46037,"position":5},"title":"San Salvador sum\u00f3 tres grandes campeones al hilo, en la Expo Prado","author":"La Hora del Campo","date":"16 septiembre, 2022","format":false,"excerpt":"Sociedad de Ganadera San Salvador, de la familia Fern\u00e1ndez, sum\u00f3 un Campe\u00f3n Supremo a los logros de la Expo Prado 2022. El mi\u00e9rcoles obtuvo el Gran Campe\u00f3n en las pistas del Aberdeen Angus y la Gran Campeona Polled Hereford, en tanto que ayer logr\u00f3 el Gran Campe\u00f3n Polled Hereford y\u2026","rel":"","context":"En \u00abActualidad\u00bb","block_context":{"text":"Actualidad","link":"https:\/\/lahoradelcampo.com.uy\/site\/category\/actualidad\/"},"img":{"alt_text":"","src":"https:\/\/i0.wp.com\/lahoradelcampo.com.uy\/site\/wp-content\/uploads\/2022\/09\/Prado-GCSPH.jpg?fit=880%2C440&ssl=1&resize=350%2C200","width":350,"height":200,"srcset":"https:\/\/i0.wp.com\/lahoradelcampo.com.uy\/site\/wp-content\/uploads\/2022\/09\/Prado-GCSPH.jpg?fit=880%2C440&ssl=1&resize=350%2C200 1x, https:\/\/i0.wp.com\/lahoradelcampo.com.uy\/site\/wp-content\/uploads\/2022\/09\/Prado-GCSPH.jpg?fit=880%2C440&ssl=1&resize=525%2C300 1.5x, https:\/\/i0.wp.com\/lahoradelcampo.com.uy\/site\/wp-content\/uploads\/2022\/09\/Prado-GCSPH.jpg?fit=880%2C440&ssl=1&resize=700%2C400 2x"},"classes":[]}],"jetpack_likes_enabled":true,"_links":{"self":[{"href":"https:\/\/lahoradelcampo.com.uy\/site\/wp-json\/wp\/v2\/posts\/46037","targetHints":{"allow":["GET"]}}],"collection":[{"href":"https:\/\/lahoradelcampo.com.uy\/site\/wp-json\/wp\/v2\/posts"}],"about":[{"href":"https:\/\/lahoradelcampo.com.uy\/site\/wp-json\/wp\/v2\/types\/post"}],"author":[{"embeddable":true,"href":"https:\/\/lahoradelcampo.com.uy\/site\/wp-json\/wp\/v2\/users\/5"}],"replies":[{"embeddable":true,"href":"https:\/\/lahoradelcampo.com.uy\/site\/wp-json\/wp\/v2\/comments?post=46037"}],"version-history":[{"count":1,"href":"https:\/\/lahoradelcampo.com.uy\/site\/wp-json\/wp\/v2\/posts\/46037\/revisions"}],"predecessor-version":[{"id":46043,"href":"https:\/\/lahoradelcampo.com.uy\/site\/wp-json\/wp\/v2\/posts\/46037\/revisions\/46043"}],"wp:featuredmedia":[{"embeddable":true,"href":"https:\/\/lahoradelcampo.com.uy\/site\/wp-json\/wp\/v2\/media\/46041"}],"wp:attachment":[{"href":"https:\/\/lahoradelcampo.com.uy\/site\/wp-json\/wp\/v2\/media?parent=46037"}],"wp:term":[{"taxonomy":"category","embeddable":true,"href":"https:\/\/lahoradelcampo.com.uy\/site\/wp-json\/wp\/v2\/categories?post=46037"},{"taxonomy":"post_tag","embeddable":true,"href":"https:\/\/lahoradelcampo.com.uy\/site\/wp-json\/wp\/v2\/tags?post=46037"}],"curies":[{"name":"wp","href":"https:\/\/api.w.org\/{rel}","templated":true}]}}