{"id":46031,"date":"2022-10-01T06:34:11","date_gmt":"2022-10-01T09:34:11","guid":{"rendered":"http:\/\/lahoradelcampo.com.uy\/site\/?p=46031"},"modified":"2022-10-01T08:37:50","modified_gmt":"2022-10-01T11:37:50","slug":"venta-total-de-los-toros-ministeriales-de-la-victoria-y-los-paredones","status":"publish","type":"post","link":"https:\/\/lahoradelcampo.com.uy\/site\/venta-total-de-los-toros-ministeriales-de-la-victoria-y-los-paredones\/","title":{"rendered":"Venta total de los toros ministeriales de \u201cLa Victoria\u201d y \u201cLos Paredones\u201d"},"content":{"rendered":"\n<figure class=\"wp-block-image\"><img data-recalc-dims=\"1\" loading=\"lazy\" decoding=\"async\" width=\"810\" height=\"405\" data-attachment-id=\"46033\" data-permalink=\"https:\/\/lahoradelcampo.com.uy\/site\/venta-total-de-los-toros-ministeriales-de-la-victoria-y-los-paredones\/zafratoros-lavictoria\/\" data-orig-file=\"https:\/\/i0.wp.com\/lahoradelcampo.com.uy\/site\/wp-content\/uploads\/2022\/10\/zafratoros-lavictoria.jpg?fit=880%2C440&amp;ssl=1\" data-orig-size=\"880,440\" data-comments-opened=\"1\" data-image-meta=\"{&quot;aperture&quot;:&quot;0&quot;,&quot;credit&quot;:&quot;&quot;,&quot;camera&quot;:&quot;&quot;,&quot;caption&quot;:&quot;&quot;,&quot;created_timestamp&quot;:&quot;0&quot;,&quot;copyright&quot;:&quot;&quot;,&quot;focal_length&quot;:&quot;0&quot;,&quot;iso&quot;:&quot;0&quot;,&quot;shutter_speed&quot;:&quot;0&quot;,&quot;title&quot;:&quot;&quot;,&quot;orientation&quot;:&quot;1&quot;}\" data-image-title=\"zafratoros-lavictoria\" data-image-description=\"\" data-image-caption=\"\" data-large-file=\"https:\/\/i0.wp.com\/lahoradelcampo.com.uy\/site\/wp-content\/uploads\/2022\/10\/zafratoros-lavictoria.jpg?fit=810%2C405&amp;ssl=1\" src=\"https:\/\/i0.wp.com\/lahoradelcampo.com.uy\/site\/wp-content\/uploads\/2022\/10\/zafratoros-lavictoria.jpg?resize=810%2C405\" alt=\"\" class=\"wp-image-46033\" srcset=\"https:\/\/i0.wp.com\/lahoradelcampo.com.uy\/site\/wp-content\/uploads\/2022\/10\/zafratoros-lavictoria.jpg?w=880&amp;ssl=1 880w, https:\/\/i0.wp.com\/lahoradelcampo.com.uy\/site\/wp-content\/uploads\/2022\/10\/zafratoros-lavictoria.jpg?resize=300%2C150&amp;ssl=1 300w, https:\/\/i0.wp.com\/lahoradelcampo.com.uy\/site\/wp-content\/uploads\/2022\/10\/zafratoros-lavictoria.jpg?resize=768%2C384&amp;ssl=1 768w, https:\/\/i0.wp.com\/lahoradelcampo.com.uy\/site\/wp-content\/uploads\/2022\/10\/zafratoros-lavictoria.jpg?resize=820%2C410&amp;ssl=1 820w\" sizes=\"auto, (max-width: 810px) 100vw, 810px\" \/><\/figure>\n\n\n\n<p>En el local \u201cConventos\u201d de la Sociedad\nAgropecuaria de Cerro Largo, se realiz\u00f3 en la v\u00edspera el cl\u00e1sico remate de los\nBraford de caba\u00f1as \u201cLa Victoria\u201d de Adela Sarasola de Rospide e hijos y \u201cLos\nParedones\u201d de la Sucesi\u00f3n de Ricardo Mattos Moglia e hijos, coloc\u00e1ndose la\ntotalidad de los toros y vientres.<\/p>\n\n\n\n<p>Con negocios a cargo de Zambrano y C\u00eda., se\nvendi\u00f3 la oferta del ministro de Ganader\u00eda, Fernando Mattos y familia, con\nagilidad y mucha demanda desde diferentes puntos del pa\u00eds.<\/p>\n\n\n\n<p>De \u201cLa Victoria\u201d, 30 toros Braford entre 4.560 y\n2.760, promedio U$S 3.640. En los vientres, 25 vacas tatuadas pre\u00f1adas,\nentre&nbsp; 1.440 y 1.320, promedio U$S 1.368;\ny 15 vaquillonas tatuadas sin servicio, en U$S 1.020. Los 40 vientres Braford,\nse pagaron entre 1.440 y 1.020, promedio U$S 1.238.<\/p>\n\n\n\n<p>De \u201cLos Paredones\u201d, se colocaron 18 toros\nBraford entre 4.440 y 2.640, promedio U$S 3.613; y en vientres, 9 vaquillonas\ntatuadas sin servicio, en U$S 900.<\/p>\n\n\n\n<p>Satisfacci\u00f3n total desde&nbsp; la firma rematadora y las caba\u00f1as\nanfitrionas, por el resultado obtenido, que&nbsp;\nevidencia una interesante demanda por una raza que sigue creciendo en el\npa\u00eds.<\/p>\n\n\n\n<p>Salto, 1 de octubre de 2022<\/p>\n","protected":false},"excerpt":{"rendered":"<p>En el local \u201cConventos\u201d de la Sociedad Agropecuaria de Cerro Largo, se realiz\u00f3 en la v\u00edspera el cl\u00e1sico remate de los Braford de caba\u00f1as \u201cLa Victoria\u201d de Adela Sarasola de [&hellip;]<\/p>\n","protected":false},"author":5,"featured_media":46033,"comment_status":"open","ping_status":"open","sticky":false,"template":"","format":"standard","meta":{"_price":"","_stock":"","_tribe_ticket_header":"","_tribe_default_ticket_provider":"","_tribe_ticket_capacity":"0","_ticket_start_date":"","_ticket_end_date":"","_tribe_ticket_show_description":"","_tribe_ticket_show_not_going":false,"_tribe_ticket_use_global_stock":"","_tribe_ticket_global_stock_level":"","_global_stock_mode":"","_global_stock_cap":"","_tribe_rsvp_for_event":"","_tribe_ticket_going_count":"","_tribe_ticket_not_going_count":"","_tribe_tickets_list":"[]","_tribe_ticket_has_attendee_info_fields":false,"h5ap_radio_sources":[],"_jetpack_newsletter_access":"","_jetpack_dont_email_post_to_subs":false,"_jetpack_newsletter_tier_id":0,"_jetpack_memberships_contains_paywalled_content":false,"_jetpack_memberships_contains_paid_content":false,"footnotes":""},"categories":[21,5],"tags":[],"class_list":["post-46031","post","type-post","status-publish","format-standard","has-post-thumbnail","hentry","category-actualidad","category-ganaderia"],"jetpack_featured_media_url":"https:\/\/i0.wp.com\/lahoradelcampo.com.uy\/site\/wp-content\/uploads\/2022\/10\/zafratoros-lavictoria.jpg?fit=880%2C440&ssl=1","jetpack_sharing_enabled":true,"jetpack_shortlink":"https:\/\/wp.me\/p99IaT-bYr","jetpack-related-posts":[{"id":34999,"url":"https:\/\/lahoradelcampo.com.uy\/site\/us-3-235-para-los-braford-de-la-victoria-y-los-paredones\/","url_meta":{"origin":46031,"position":0},"title":"US$ 3.235 para los Braford de La Victoria y Los Paredones","author":"La Hora del Campo","date":"3 octubre, 2021","format":false,"excerpt":"En el local \u201cConventos\u201d de la Sociedad Agropecuaria de Cerro Largo, y a cargo de Zambrano y C\u00eda., se realiz\u00f3 el 18\u00b0 remate anual de los Braford de caba\u00f1as \u201cLa Victoria\u201d de Adela Sarasola de Rospide e hijos y \u201cLos Paredones\u201d, de Sucs. Ricardo Mattos Moglia e hijos. Se ofrecieron\u2026","rel":"","context":"En \u00abActualidad\u00bb","block_context":{"text":"Actualidad","link":"https:\/\/lahoradelcampo.com.uy\/site\/category\/actualidad\/"},"img":{"alt_text":"","src":"https:\/\/i0.wp.com\/lahoradelcampo.com.uy\/site\/wp-content\/uploads\/2021\/10\/Zafra-Lavictoria.jpg?fit=880%2C440&ssl=1&resize=350%2C200","width":350,"height":200,"srcset":"https:\/\/i0.wp.com\/lahoradelcampo.com.uy\/site\/wp-content\/uploads\/2021\/10\/Zafra-Lavictoria.jpg?fit=880%2C440&ssl=1&resize=350%2C200 1x, https:\/\/i0.wp.com\/lahoradelcampo.com.uy\/site\/wp-content\/uploads\/2021\/10\/Zafra-Lavictoria.jpg?fit=880%2C440&ssl=1&resize=525%2C300 1.5x, https:\/\/i0.wp.com\/lahoradelcampo.com.uy\/site\/wp-content\/uploads\/2021\/10\/Zafra-Lavictoria.jpg?fit=880%2C440&ssl=1&resize=700%2C400 2x"},"classes":[]},{"id":54735,"url":"https:\/\/lahoradelcampo.com.uy\/site\/se-vendieron-todos-los-toros-ministeriales-en-el-conventos\/","url_meta":{"origin":46031,"position":1},"title":"Se vendieron todos los toros ministeriales en el \u201cConventos\u201d","author":"La Hora del Campo","date":"29 septiembre, 2024","format":false,"excerpt":"El pasado viernes, en una jornada de remates de reproductores en varios puntos del pa\u00eds, Gerardo Zambrano baj\u00f3 martillo en el local \u201cConventos\u201d, en Melo, y comercializ\u00f3 toda la oferta de los \u201ctoros ministeriales\u201d como dice la publicidad del remate de \u201cLa Victoria\u201d y \u201cLos Paredones\u201d. Este a\u00f1o se vendieron\u2026","rel":"","context":"En \u00abActualidad\u00bb","block_context":{"text":"Actualidad","link":"https:\/\/lahoradelcampo.com.uy\/site\/category\/actualidad\/"},"img":{"alt_text":"","src":"https:\/\/i0.wp.com\/lahoradelcampo.com.uy\/site\/wp-content\/uploads\/2024\/09\/LavictoriaLosParedones.jpg?fit=880%2C440&ssl=1&resize=350%2C200","width":350,"height":200,"srcset":"https:\/\/i0.wp.com\/lahoradelcampo.com.uy\/site\/wp-content\/uploads\/2024\/09\/LavictoriaLosParedones.jpg?fit=880%2C440&ssl=1&resize=350%2C200 1x, https:\/\/i0.wp.com\/lahoradelcampo.com.uy\/site\/wp-content\/uploads\/2024\/09\/LavictoriaLosParedones.jpg?fit=880%2C440&ssl=1&resize=525%2C300 1.5x, https:\/\/i0.wp.com\/lahoradelcampo.com.uy\/site\/wp-content\/uploads\/2024\/09\/LavictoriaLosParedones.jpg?fit=880%2C440&ssl=1&resize=700%2C400 2x"},"classes":[]},{"id":35835,"url":"https:\/\/lahoradelcampo.com.uy\/site\/ventas-totales-en-el-braforazo-y-angus-del-norte\/","url_meta":{"origin":46031,"position":2},"title":"Ventas totales en el Braforazo y Angus del Norte","author":"La Hora del Campo","date":"23 octubre, 2021","format":false,"excerpt":"El jueves, en la noche, la firma Zambrano & C\u00eda llev\u00f3 adelante con colocaci\u00f3n total las ventas del remate \u201cEl Braforazo\u201d que impulsan las caba\u00f1as \u201cLa Victoria\u201d de Adela Sarasola de Rospide e hijos, \u201cLos Paredones\u201d de Ricardo Mattos Moglia y \u201cEl Tigre\u201d de Juan Miguel Saldanha. Paralelamente, tambi\u00e9n en\u2026","rel":"","context":"En \u00abActualidad\u00bb","block_context":{"text":"Actualidad","link":"https:\/\/lahoradelcampo.com.uy\/site\/category\/actualidad\/"},"img":{"alt_text":"","src":"https:\/\/i0.wp.com\/lahoradelcampo.com.uy\/site\/wp-content\/uploads\/2021\/10\/Zafra-braforazo.jpg?fit=880%2C440&ssl=1&resize=350%2C200","width":350,"height":200,"srcset":"https:\/\/i0.wp.com\/lahoradelcampo.com.uy\/site\/wp-content\/uploads\/2021\/10\/Zafra-braforazo.jpg?fit=880%2C440&ssl=1&resize=350%2C200 1x, https:\/\/i0.wp.com\/lahoradelcampo.com.uy\/site\/wp-content\/uploads\/2021\/10\/Zafra-braforazo.jpg?fit=880%2C440&ssl=1&resize=525%2C300 1.5x, https:\/\/i0.wp.com\/lahoradelcampo.com.uy\/site\/wp-content\/uploads\/2021\/10\/Zafra-braforazo.jpg?fit=880%2C440&ssl=1&resize=700%2C400 2x"},"classes":[]},{"id":24520,"url":"https:\/\/lahoradelcampo.com.uy\/site\/continua-la-concrecion-de-buenos-negocios-en-la-zafra-de-reproductores\/","url_meta":{"origin":46031,"position":3},"title":"Contin\u00faa la concreci\u00f3n de buenos negocios en la zafra de reproductores","author":"La Hora del Campo","date":"10 octubre, 2020","format":false,"excerpt":"Actualizamos la informaci\u00f3n con los remates que se realizaron en las \u00faltimas jornadas de ventas. El Hereford de Isla Larga El Hereford de Raquel Arrarte en la propia caba\u00f1a coloc\u00f3 45 toros a US$ 3.073 de promedio, con seis toros colocados fuera de pista. El m\u00e1ximo fue de US$ 4.320\u2026","rel":"","context":"En \u00abActualidad\u00bb","block_context":{"text":"Actualidad","link":"https:\/\/lahoradelcampo.com.uy\/site\/category\/actualidad\/"},"img":{"alt_text":"","src":"https:\/\/i0.wp.com\/lahoradelcampo.com.uy\/site\/wp-content\/uploads\/2020\/10\/Torosarchivo.jpg?fit=880%2C440&ssl=1&resize=350%2C200","width":350,"height":200,"srcset":"https:\/\/i0.wp.com\/lahoradelcampo.com.uy\/site\/wp-content\/uploads\/2020\/10\/Torosarchivo.jpg?fit=880%2C440&ssl=1&resize=350%2C200 1x, https:\/\/i0.wp.com\/lahoradelcampo.com.uy\/site\/wp-content\/uploads\/2020\/10\/Torosarchivo.jpg?fit=880%2C440&ssl=1&resize=525%2C300 1.5x, https:\/\/i0.wp.com\/lahoradelcampo.com.uy\/site\/wp-content\/uploads\/2020\/10\/Torosarchivo.jpg?fit=880%2C440&ssl=1&resize=700%2C400 2x"},"classes":[]},{"id":25342,"url":"https:\/\/lahoradelcampo.com.uy\/site\/santa-maria-de-la-buena-union-coloco-su-oferta-braford-y-brangus\/","url_meta":{"origin":46031,"position":4},"title":"Santa Mar\u00eda de la Buena Uni\u00f3n coloc\u00f3 su oferta Braford y Brangus","author":"La Hora del Campo","date":"5 noviembre, 2020","format":false,"excerpt":"En el local de la Asociaci\u00f3n Rural de Tacuaremb\u00f3, se concret\u00f3 la venta de los Braford y Brangus de caba\u00f1a \u201cSanta Mar\u00eda de la Buena Uni\u00f3n\u201d, de Yamayo. Con los negocios a cargo de escritorios Correa & San Rom\u00e1n y Andr\u00e9s Puig, se dispers\u00f3 en poco rato la totalidad de\u2026","rel":"","context":"En \u00abActualidad\u00bb","block_context":{"text":"Actualidad","link":"https:\/\/lahoradelcampo.com.uy\/site\/category\/actualidad\/"},"img":{"alt_text":"","src":"https:\/\/i0.wp.com\/lahoradelcampo.com.uy\/site\/wp-content\/uploads\/2020\/11\/yamayo.jpg?fit=880%2C440&ssl=1&resize=350%2C200","width":350,"height":200,"srcset":"https:\/\/i0.wp.com\/lahoradelcampo.com.uy\/site\/wp-content\/uploads\/2020\/11\/yamayo.jpg?fit=880%2C440&ssl=1&resize=350%2C200 1x, https:\/\/i0.wp.com\/lahoradelcampo.com.uy\/site\/wp-content\/uploads\/2020\/11\/yamayo.jpg?fit=880%2C440&ssl=1&resize=525%2C300 1.5x, https:\/\/i0.wp.com\/lahoradelcampo.com.uy\/site\/wp-content\/uploads\/2020\/11\/yamayo.jpg?fit=880%2C440&ssl=1&resize=700%2C400 2x"},"classes":[]},{"id":2205,"url":"https:\/\/lahoradelcampo.com.uy\/site\/el-hereford-de-iguaran-promedio-us-2-848\/","url_meta":{"origin":46031,"position":5},"title":"El Hereford de Iguar\u00e1n promedio U$S 2.848","author":"La Hora del Campo","date":"5 octubre, 2017","format":false,"excerpt":"En la jornada de ayer se realiz\u00f3 en la rural de Flores, las ventas de las caba\u00f1as \"La Palma\" de Pepe Iguar\u00e1n y \"San Jos\u00e9\" de P\u00e9rez Frontini, a cargo de los escritorios Dutra Ltda y Alejandro Illundain. En la pista se comercializaron 11 toros Hereford a un m\u00e1ximo de\u2026","rel":"","context":"En \u00abActualidad\u00bb","block_context":{"text":"Actualidad","link":"https:\/\/lahoradelcampo.com.uy\/site\/category\/actualidad\/"},"img":{"alt_text":"","src":"https:\/\/i0.wp.com\/lahoradelcampo.com.uy\/site\/wp-content\/uploads\/2017\/10\/Iguaran-Hereford.jpg?fit=880%2C440&ssl=1&resize=350%2C200","width":350,"height":200,"srcset":"https:\/\/i0.wp.com\/lahoradelcampo.com.uy\/site\/wp-content\/uploads\/2017\/10\/Iguaran-Hereford.jpg?fit=880%2C440&ssl=1&resize=350%2C200 1x, https:\/\/i0.wp.com\/lahoradelcampo.com.uy\/site\/wp-content\/uploads\/2017\/10\/Iguaran-Hereford.jpg?fit=880%2C440&ssl=1&resize=525%2C300 1.5x, https:\/\/i0.wp.com\/lahoradelcampo.com.uy\/site\/wp-content\/uploads\/2017\/10\/Iguaran-Hereford.jpg?fit=880%2C440&ssl=1&resize=700%2C400 2x"},"classes":[]}],"jetpack_likes_enabled":true,"_links":{"self":[{"href":"https:\/\/lahoradelcampo.com.uy\/site\/wp-json\/wp\/v2\/posts\/46031","targetHints":{"allow":["GET"]}}],"collection":[{"href":"https:\/\/lahoradelcampo.com.uy\/site\/wp-json\/wp\/v2\/posts"}],"about":[{"href":"https:\/\/lahoradelcampo.com.uy\/site\/wp-json\/wp\/v2\/types\/post"}],"author":[{"embeddable":true,"href":"https:\/\/lahoradelcampo.com.uy\/site\/wp-json\/wp\/v2\/users\/5"}],"replies":[{"embeddable":true,"href":"https:\/\/lahoradelcampo.com.uy\/site\/wp-json\/wp\/v2\/comments?post=46031"}],"version-history":[{"count":1,"href":"https:\/\/lahoradelcampo.com.uy\/site\/wp-json\/wp\/v2\/posts\/46031\/revisions"}],"predecessor-version":[{"id":46035,"href":"https:\/\/lahoradelcampo.com.uy\/site\/wp-json\/wp\/v2\/posts\/46031\/revisions\/46035"}],"wp:featuredmedia":[{"embeddable":true,"href":"https:\/\/lahoradelcampo.com.uy\/site\/wp-json\/wp\/v2\/media\/46033"}],"wp:attachment":[{"href":"https:\/\/lahoradelcampo.com.uy\/site\/wp-json\/wp\/v2\/media?parent=46031"}],"wp:term":[{"taxonomy":"category","embeddable":true,"href":"https:\/\/lahoradelcampo.com.uy\/site\/wp-json\/wp\/v2\/categories?post=46031"},{"taxonomy":"post_tag","embeddable":true,"href":"https:\/\/lahoradelcampo.com.uy\/site\/wp-json\/wp\/v2\/tags?post=46031"}],"curies":[{"name":"wp","href":"https:\/\/api.w.org\/{rel}","templated":true}]}}