{"id":46025,"date":"2022-10-01T07:00:27","date_gmt":"2022-10-01T10:00:27","guid":{"rendered":"http:\/\/lahoradelcampo.com.uy\/site\/?p=46025"},"modified":"2022-10-01T08:34:01","modified_gmt":"2022-10-01T11:34:01","slug":"colorados-de-el-cerro-promediaron-us-2-990","status":"publish","type":"post","link":"https:\/\/lahoradelcampo.com.uy\/site\/colorados-de-el-cerro-promediaron-us-2-990\/","title":{"rendered":"Colorados de El Cerro promediaron U$S 2.990"},"content":{"rendered":"\n<figure class=\"wp-block-image\"><img data-recalc-dims=\"1\" loading=\"lazy\" decoding=\"async\" width=\"810\" height=\"405\" data-attachment-id=\"46027\" data-permalink=\"https:\/\/lahoradelcampo.com.uy\/site\/colorados-de-el-cerro-promediaron-us-2-990\/zafratoros-elcerro\/\" data-orig-file=\"https:\/\/i0.wp.com\/lahoradelcampo.com.uy\/site\/wp-content\/uploads\/2022\/10\/Zafratoros-Elcerro.jpg?fit=880%2C440&amp;ssl=1\" data-orig-size=\"880,440\" data-comments-opened=\"1\" data-image-meta=\"{&quot;aperture&quot;:&quot;0&quot;,&quot;credit&quot;:&quot;&quot;,&quot;camera&quot;:&quot;&quot;,&quot;caption&quot;:&quot;&quot;,&quot;created_timestamp&quot;:&quot;0&quot;,&quot;copyright&quot;:&quot;&quot;,&quot;focal_length&quot;:&quot;0&quot;,&quot;iso&quot;:&quot;0&quot;,&quot;shutter_speed&quot;:&quot;0&quot;,&quot;title&quot;:&quot;&quot;,&quot;orientation&quot;:&quot;1&quot;}\" data-image-title=\"Zafratoros-Elcerro\" data-image-description=\"\" data-image-caption=\"\" data-large-file=\"https:\/\/i0.wp.com\/lahoradelcampo.com.uy\/site\/wp-content\/uploads\/2022\/10\/Zafratoros-Elcerro.jpg?fit=810%2C405&amp;ssl=1\" src=\"https:\/\/i0.wp.com\/lahoradelcampo.com.uy\/site\/wp-content\/uploads\/2022\/10\/Zafratoros-Elcerro.jpg?resize=810%2C405\" alt=\"\" class=\"wp-image-46027\" srcset=\"https:\/\/i0.wp.com\/lahoradelcampo.com.uy\/site\/wp-content\/uploads\/2022\/10\/Zafratoros-Elcerro.jpg?w=880&amp;ssl=1 880w, https:\/\/i0.wp.com\/lahoradelcampo.com.uy\/site\/wp-content\/uploads\/2022\/10\/Zafratoros-Elcerro.jpg?resize=300%2C150&amp;ssl=1 300w, https:\/\/i0.wp.com\/lahoradelcampo.com.uy\/site\/wp-content\/uploads\/2022\/10\/Zafratoros-Elcerro.jpg?resize=768%2C384&amp;ssl=1 768w, https:\/\/i0.wp.com\/lahoradelcampo.com.uy\/site\/wp-content\/uploads\/2022\/10\/Zafratoros-Elcerro.jpg?resize=820%2C410&amp;ssl=1 820w\" sizes=\"auto, (max-width: 810px) 100vw, 810px\" \/><\/figure>\n\n\n\n<p>En el propio establecimiento del departamento de\nR\u00edo Negro, se realiz\u00f3 ayer la tradicional venta de los colorados de El&nbsp; Cerro, que comprende la comercializaci\u00f3n de\nlas razas Senepol, Senangus y Red Angus, coloc\u00e1ndose por parte de la firma\nIndarte y C\u00eda., los 49 toros con un promedio general de U$S 2.990.<\/p>\n\n\n\n<p>Un remate impuesto en la zafra, con demanda\ndesde distintos puntos de Uruguay, especialmente del norte del pa\u00eds, al ser una\nraza que se destaca por soportar altas temperaturas, pero que tambi\u00e9n de\nacuerdo a lo informado por el ingeniero agr\u00f3nomo Alvaro Simeone, antes de\niniciarse las ventas, logra muy buenos resultados en cruzamientos y aspectos\nproductivos.<\/p>\n\n\n\n<p>El inicio fue con la raza Senepol, que comercializ\u00f3 los cuatro ejemplares ofertados muy r\u00e1pidamente. El m\u00e1ximo (tambi\u00e9n de la subasta), fue para el Tricampe\u00f3n de la Expo Prado, que fuera adquirido por Alberto Bicco en U$S 5.160. El m\u00ednimo fue 3.360, y el promedio U$S 4.010. Los 6 Red Angus, se colocaron entre 4.200 y 3.360, promedio U$S 3.600; y los 39 Senangus, entre 3.360 y  2.400, promedio U$S 2.790. En Senangus, los 6\nproductos de Villa Haydee se colocaron entre 3.240 y 2.760, promedio U$S 2.980;\nlos 6 de La Palabra entre 2.760 y 2.400, promedio U$S 2.620. Y los 27 de El\nCerro, entre 3.360 y 2.400, promedio U$S 2.737.<\/p>\n\n\n\n<p>Miguel Vigan\u00f3 evalu\u00f3 de forma muy positiva el\nremate. \u201cVino m\u00e1s gente que la que esper\u00e1bamos, el remate fue sumamente \u00e1gil y\nlos precios nos dejan muy conformes, sobre todo en lo que fue la venta de\nSenepol y Angus, ya que eran hijos de \u201cEl Prolijo\u201d, un toro que sali\u00f3 de ac\u00e1 e\nhizo un gran papel en el Prado\u201d, Record\u00f3 que un hijo el a\u00f1o pasado \u201chizo un\ngran papel en El Prado, al igual que en Palermo en donde hubieron grandes\npremios para hijos de \u00e9l\u201d,+<\/p>\n\n\n\n<p>En el caso de las cruzas con Senangus, el\ntitular de El Cerro manifest\u00f3 que \u201cse dispersaron de forma excelente, por lo\nque estamos muy ansiosos en escuchar las experiencias de productores que que\nvan a incorporar el Senepol en sus rodeos\u201d.<\/p>\n\n\n\n<p>Por su parte, el ingeniero agr\u00f3nomo Gonzalo\nIndarte, indic\u00f3 que fue \u201cun remate muy din\u00e1mico, con un n\u00famero de p\u00fablico mayor\nal esperado\u201d.<\/p>\n\n\n\n<p>El director de Indarte y C\u00eda., indic\u00f3 que \u201cse verificaron ventas totales a todo el pa\u00eds, y logr\u00e1ndose el gran objetivo, que es difundir la raza que es nueva en el pa\u00eds, y muy demanda por los productores\u201d.<\/p>\n\n\n\n<p>Salto, 1 de octubre de 2022<\/p>\n","protected":false},"excerpt":{"rendered":"<p>En el propio establecimiento del departamento de R\u00edo Negro, se realiz\u00f3 ayer la tradicional venta de los colorados de El&nbsp; Cerro, que comprende la comercializaci\u00f3n de las razas Senepol, Senangus [&hellip;]<\/p>\n","protected":false},"author":5,"featured_media":46027,"comment_status":"open","ping_status":"open","sticky":false,"template":"","format":"standard","meta":{"_price":"","_stock":"","_tribe_ticket_header":"","_tribe_default_ticket_provider":"","_tribe_ticket_capacity":"0","_ticket_start_date":"","_ticket_end_date":"","_tribe_ticket_show_description":"","_tribe_ticket_show_not_going":false,"_tribe_ticket_use_global_stock":"","_tribe_ticket_global_stock_level":"","_global_stock_mode":"","_global_stock_cap":"","_tribe_rsvp_for_event":"","_tribe_ticket_going_count":"","_tribe_ticket_not_going_count":"","_tribe_tickets_list":"[]","_tribe_ticket_has_attendee_info_fields":false,"h5ap_radio_sources":[],"_jetpack_newsletter_access":"","_jetpack_dont_email_post_to_subs":false,"_jetpack_newsletter_tier_id":0,"_jetpack_memberships_contains_paywalled_content":false,"_jetpack_memberships_contains_paid_content":false,"footnotes":""},"categories":[21,5],"tags":[],"class_list":["post-46025","post","type-post","status-publish","format-standard","has-post-thumbnail","hentry","category-actualidad","category-ganaderia"],"jetpack_featured_media_url":"https:\/\/i0.wp.com\/lahoradelcampo.com.uy\/site\/wp-content\/uploads\/2022\/10\/Zafratoros-Elcerro.jpg?fit=880%2C440&ssl=1","jetpack_sharing_enabled":true,"jetpack_shortlink":"https:\/\/wp.me\/p99IaT-bYl","jetpack-related-posts":[{"id":34863,"url":"https:\/\/lahoradelcampo.com.uy\/site\/se-vendio-el-100-de-los-colorados-de-el-cerro\/","url_meta":{"origin":46025,"position":0},"title":"Se vendi\u00f3 el 100% de los Colorados de \u201cEl Cerro\u201d","author":"La Hora del Campo","date":"1 octubre, 2021","format":false,"excerpt":"Con muy firme demanda y colocaci\u00f3n total, en medio de una lluvia por momentos torrencial y que se extendi\u00f3 durante toda la subasta, se vendieron ayer en estancia \u201cEl Cerro\u201d, los 36 toros Senepol, Senangus y Red Angus promediando U$S 2.959, en remate a cargo de Indarte y C\u00eda. Con\u2026","rel":"","context":"En \u00abActualidad\u00bb","block_context":{"text":"Actualidad","link":"https:\/\/lahoradelcampo.com.uy\/site\/category\/actualidad\/"},"img":{"alt_text":"","src":"https:\/\/i0.wp.com\/lahoradelcampo.com.uy\/site\/wp-content\/uploads\/2021\/10\/zafra-elcerro.jpg?fit=880%2C440&ssl=1&resize=350%2C200","width":350,"height":200,"srcset":"https:\/\/i0.wp.com\/lahoradelcampo.com.uy\/site\/wp-content\/uploads\/2021\/10\/zafra-elcerro.jpg?fit=880%2C440&ssl=1&resize=350%2C200 1x, https:\/\/i0.wp.com\/lahoradelcampo.com.uy\/site\/wp-content\/uploads\/2021\/10\/zafra-elcerro.jpg?fit=880%2C440&ssl=1&resize=525%2C300 1.5x, https:\/\/i0.wp.com\/lahoradelcampo.com.uy\/site\/wp-content\/uploads\/2021\/10\/zafra-elcerro.jpg?fit=880%2C440&ssl=1&resize=700%2C400 2x"},"classes":[]},{"id":45441,"url":"https:\/\/lahoradelcampo.com.uy\/site\/toro-se-desplazo-llevando-con-clase-sus-1-130-kilos-en-la-pista-del-senepol\/","url_meta":{"origin":46025,"position":1},"title":"Toro se desplaz\u00f3 llevando con clase sus 1.130 kilos en la pista del Senepol","author":"La Hora del Campo","date":"12 septiembre, 2022","format":false,"excerpt":"Como es tradicional la raza Senepol realiza una charla informativa sobre la raza y posteriormente realiza la calificaci\u00f3n de los ejemplares que se presentan a la muestra. Este a\u00f1o se realiz\u00f3 en el Galp\u00f3n de Ventas, donde tres caba\u00f1as exhibieron su gen\u00e9tica y resaltaron las virtudes de la raza que\u2026","rel":"","context":"En \u00abActualidad\u00bb","block_context":{"text":"Actualidad","link":"https:\/\/lahoradelcampo.com.uy\/site\/category\/actualidad\/"},"img":{"alt_text":"","src":"https:\/\/i0.wp.com\/lahoradelcampo.com.uy\/site\/wp-content\/uploads\/2022\/09\/PRADO-Senepol22.jpg?fit=880%2C440&ssl=1&resize=350%2C200","width":350,"height":200,"srcset":"https:\/\/i0.wp.com\/lahoradelcampo.com.uy\/site\/wp-content\/uploads\/2022\/09\/PRADO-Senepol22.jpg?fit=880%2C440&ssl=1&resize=350%2C200 1x, https:\/\/i0.wp.com\/lahoradelcampo.com.uy\/site\/wp-content\/uploads\/2022\/09\/PRADO-Senepol22.jpg?fit=880%2C440&ssl=1&resize=525%2C300 1.5x, https:\/\/i0.wp.com\/lahoradelcampo.com.uy\/site\/wp-content\/uploads\/2022\/09\/PRADO-Senepol22.jpg?fit=880%2C440&ssl=1&resize=700%2C400 2x"},"classes":[]},{"id":14639,"url":"https:\/\/lahoradelcampo.com.uy\/site\/el-cerro-y-el-coraje-colocaron-el-100-de-la-oferta-agilmente\/","url_meta":{"origin":46025,"position":2},"title":"El Cerro y El Coraje colocaron el 100% de la oferta \u00e1gilmente","author":"La Hora del Campo","date":"30 septiembre, 2019","format":false,"excerpt":"Las caba\u00f1as El Cerro de la familia Vigan\u00f3 y El Coraje de Bove Itzaina, comercializaron ayer sus reproductores en esta zafra 2019, con un importante fluidez en los negocios y con valores por sobre 2018. En el caso de la caba\u00f1a \"El Cerro\" se colocaron 27 reproductores de las razas\u2026","rel":"","context":"En \u00abActualidad\u00bb","block_context":{"text":"Actualidad","link":"https:\/\/lahoradelcampo.com.uy\/site\/category\/actualidad\/"},"img":{"alt_text":"","src":"https:\/\/i0.wp.com\/lahoradelcampo.com.uy\/site\/wp-content\/uploads\/2019\/09\/elcoraje.jpg?fit=880%2C440&ssl=1&resize=350%2C200","width":350,"height":200,"srcset":"https:\/\/i0.wp.com\/lahoradelcampo.com.uy\/site\/wp-content\/uploads\/2019\/09\/elcoraje.jpg?fit=880%2C440&ssl=1&resize=350%2C200 1x, https:\/\/i0.wp.com\/lahoradelcampo.com.uy\/site\/wp-content\/uploads\/2019\/09\/elcoraje.jpg?fit=880%2C440&ssl=1&resize=525%2C300 1.5x, https:\/\/i0.wp.com\/lahoradelcampo.com.uy\/site\/wp-content\/uploads\/2019\/09\/elcoraje.jpg?fit=880%2C440&ssl=1&resize=700%2C400 2x"},"classes":[]},{"id":627,"url":"https:\/\/lahoradelcampo.com.uy\/site\/vetas-naturales-s-a-gano-en-senepol\/","url_meta":{"origin":46025,"position":3},"title":"Vetas Naturales S.A. gan\u00f3 en Senepol","author":"La Hora del Campo","date":"8 septiembre, 2017","format":false,"excerpt":"La raza Senepol fue la primera raza a ser jurada en la muestra de la Expo Prado 2018. La actividad de calificaci\u00f3n se realiz\u00f3 en el sal\u00f3n Multiespacio de ARU y cont\u00f3 con el Dr. Alejandro Costa como el jurado de la raza. La muestra cont\u00f3 con animales en dos\u2026","rel":"","context":"En \u00abActualidad\u00bb","block_context":{"text":"Actualidad","link":"https:\/\/lahoradelcampo.com.uy\/site\/category\/actualidad\/"},"img":{"alt_text":"","src":"https:\/\/i0.wp.com\/lahoradelcampo.com.uy\/site\/wp-content\/uploads\/2017\/09\/Banner-senepol.jpg?fit=730%2C330&ssl=1&resize=350%2C200","width":350,"height":200,"srcset":"https:\/\/i0.wp.com\/lahoradelcampo.com.uy\/site\/wp-content\/uploads\/2017\/09\/Banner-senepol.jpg?fit=730%2C330&ssl=1&resize=350%2C200 1x, https:\/\/i0.wp.com\/lahoradelcampo.com.uy\/site\/wp-content\/uploads\/2017\/09\/Banner-senepol.jpg?fit=730%2C330&ssl=1&resize=525%2C300 1.5x, https:\/\/i0.wp.com\/lahoradelcampo.com.uy\/site\/wp-content\/uploads\/2017\/09\/Banner-senepol.jpg?fit=730%2C330&ssl=1&resize=700%2C400 2x"},"classes":[]},{"id":34161,"url":"https:\/\/lahoradelcampo.com.uy\/site\/paso-de-los-carros-presento-los-grandes-campeones-de-la-raza-senepol\/","url_meta":{"origin":46025,"position":4},"title":"\u00abPaso de los Carros\u00bb present\u00f3 los grandes campeones de la raza Senepol","author":"La Hora del Campo","date":"15 septiembre, 2021","format":false,"excerpt":"Jurado: Javier EscurraGran Campe\u00f3n y Gran Campeona: Caba\u00f1a \"Paso de los Carros\" Pocos ejemplares pero con un potencial muy importante para la raza, animales j\u00f3venes que muestran el enorme potencial que posee el Senepol para producir carne en el pa\u00eds. El jurado argentino Javier Escurra, premio como Gran Campe\u00f3n y\u2026","rel":"","context":"En \u00abActualidad\u00bb","block_context":{"text":"Actualidad","link":"https:\/\/lahoradelcampo.com.uy\/site\/category\/actualidad\/"},"img":{"alt_text":"","src":"https:\/\/i0.wp.com\/lahoradelcampo.com.uy\/site\/wp-content\/uploads\/2021\/09\/Prado-Senepol.jpg?fit=880%2C440&ssl=1&resize=350%2C200","width":350,"height":200,"srcset":"https:\/\/i0.wp.com\/lahoradelcampo.com.uy\/site\/wp-content\/uploads\/2021\/09\/Prado-Senepol.jpg?fit=880%2C440&ssl=1&resize=350%2C200 1x, https:\/\/i0.wp.com\/lahoradelcampo.com.uy\/site\/wp-content\/uploads\/2021\/09\/Prado-Senepol.jpg?fit=880%2C440&ssl=1&resize=525%2C300 1.5x, https:\/\/i0.wp.com\/lahoradelcampo.com.uy\/site\/wp-content\/uploads\/2021\/09\/Prado-Senepol.jpg?fit=880%2C440&ssl=1&resize=700%2C400 2x"},"classes":[]},{"id":56775,"url":"https:\/\/lahoradelcampo.com.uy\/site\/la-loma-presento-el-gran-campeon-shorthorn\/","url_meta":{"origin":46025,"position":5},"title":"\u00abLa Loma\u00bb present\u00f3 el Gran Campe\u00f3n Shorthorn","author":"La Hora del Campo","date":"13 septiembre, 2025","format":false,"excerpt":"La raza Shorthorn, la m\u00e1s antigua del pa\u00eds, tuvo su jura en el Prado con seis ejemplares de cuatro caba\u00f1as, aunque la muestra qued\u00f3 reducida debido a que siete animales no superaron la admisi\u00f3n sanitaria.El jurado Guillermo Zerbino destac\u00f3 que los animales presentados eran buenos en t\u00e9rminos generales, aunque algo\u2026","rel":"","context":"En \u00abActualidad\u00bb","block_context":{"text":"Actualidad","link":"https:\/\/lahoradelcampo.com.uy\/site\/category\/actualidad\/"},"img":{"alt_text":"","src":"https:\/\/i0.wp.com\/lahoradelcampo.com.uy\/site\/wp-content\/uploads\/2025\/09\/2025-Shorthorn.jpg?fit=880%2C440&ssl=1&resize=350%2C200","width":350,"height":200,"srcset":"https:\/\/i0.wp.com\/lahoradelcampo.com.uy\/site\/wp-content\/uploads\/2025\/09\/2025-Shorthorn.jpg?fit=880%2C440&ssl=1&resize=350%2C200 1x, https:\/\/i0.wp.com\/lahoradelcampo.com.uy\/site\/wp-content\/uploads\/2025\/09\/2025-Shorthorn.jpg?fit=880%2C440&ssl=1&resize=525%2C300 1.5x, https:\/\/i0.wp.com\/lahoradelcampo.com.uy\/site\/wp-content\/uploads\/2025\/09\/2025-Shorthorn.jpg?fit=880%2C440&ssl=1&resize=700%2C400 2x"},"classes":[]}],"jetpack_likes_enabled":true,"_links":{"self":[{"href":"https:\/\/lahoradelcampo.com.uy\/site\/wp-json\/wp\/v2\/posts\/46025","targetHints":{"allow":["GET"]}}],"collection":[{"href":"https:\/\/lahoradelcampo.com.uy\/site\/wp-json\/wp\/v2\/posts"}],"about":[{"href":"https:\/\/lahoradelcampo.com.uy\/site\/wp-json\/wp\/v2\/types\/post"}],"author":[{"embeddable":true,"href":"https:\/\/lahoradelcampo.com.uy\/site\/wp-json\/wp\/v2\/users\/5"}],"replies":[{"embeddable":true,"href":"https:\/\/lahoradelcampo.com.uy\/site\/wp-json\/wp\/v2\/comments?post=46025"}],"version-history":[{"count":1,"href":"https:\/\/lahoradelcampo.com.uy\/site\/wp-json\/wp\/v2\/posts\/46025\/revisions"}],"predecessor-version":[{"id":46029,"href":"https:\/\/lahoradelcampo.com.uy\/site\/wp-json\/wp\/v2\/posts\/46025\/revisions\/46029"}],"wp:featuredmedia":[{"embeddable":true,"href":"https:\/\/lahoradelcampo.com.uy\/site\/wp-json\/wp\/v2\/media\/46027"}],"wp:attachment":[{"href":"https:\/\/lahoradelcampo.com.uy\/site\/wp-json\/wp\/v2\/media?parent=46025"}],"wp:term":[{"taxonomy":"category","embeddable":true,"href":"https:\/\/lahoradelcampo.com.uy\/site\/wp-json\/wp\/v2\/categories?post=46025"},{"taxonomy":"post_tag","embeddable":true,"href":"https:\/\/lahoradelcampo.com.uy\/site\/wp-json\/wp\/v2\/tags?post=46025"}],"curies":[{"name":"wp","href":"https:\/\/api.w.org\/{rel}","templated":true}]}}