{"id":46019,"date":"2022-10-01T08:28:16","date_gmt":"2022-10-01T11:28:16","guid":{"rendered":"http:\/\/lahoradelcampo.com.uy\/site\/?p=46019"},"modified":"2022-10-01T08:28:20","modified_gmt":"2022-10-01T11:28:20","slug":"50-de-un-carnero-merino-cotizo-a-us-6-100","status":"publish","type":"post","link":"https:\/\/lahoradelcampo.com.uy\/site\/50-de-un-carnero-merino-cotizo-a-us-6-100\/","title":{"rendered":"50% de un carnero merino cotiz\u00f3 a US$ 6.100"},"content":{"rendered":"\n<figure class=\"wp-block-image\"><img data-recalc-dims=\"1\" loading=\"lazy\" decoding=\"async\" width=\"810\" height=\"405\" data-attachment-id=\"46021\" data-permalink=\"https:\/\/lahoradelcampo.com.uy\/site\/50-de-un-carnero-merino-cotizo-a-us-6-100\/expo-merinos\/\" data-orig-file=\"https:\/\/i0.wp.com\/lahoradelcampo.com.uy\/site\/wp-content\/uploads\/2022\/10\/Expo-merinos.jpg?fit=880%2C440&amp;ssl=1\" data-orig-size=\"880,440\" data-comments-opened=\"1\" data-image-meta=\"{&quot;aperture&quot;:&quot;0&quot;,&quot;credit&quot;:&quot;&quot;,&quot;camera&quot;:&quot;&quot;,&quot;caption&quot;:&quot;&quot;,&quot;created_timestamp&quot;:&quot;0&quot;,&quot;copyright&quot;:&quot;&quot;,&quot;focal_length&quot;:&quot;0&quot;,&quot;iso&quot;:&quot;0&quot;,&quot;shutter_speed&quot;:&quot;0&quot;,&quot;title&quot;:&quot;&quot;,&quot;orientation&quot;:&quot;1&quot;}\" data-image-title=\"Expo-merinos\" data-image-description=\"\" data-image-caption=\"\" data-large-file=\"https:\/\/i0.wp.com\/lahoradelcampo.com.uy\/site\/wp-content\/uploads\/2022\/10\/Expo-merinos.jpg?fit=810%2C405&amp;ssl=1\" src=\"https:\/\/i0.wp.com\/lahoradelcampo.com.uy\/site\/wp-content\/uploads\/2022\/10\/Expo-merinos.jpg?resize=810%2C405\" alt=\"\" class=\"wp-image-46021\" srcset=\"https:\/\/i0.wp.com\/lahoradelcampo.com.uy\/site\/wp-content\/uploads\/2022\/10\/Expo-merinos.jpg?w=880&amp;ssl=1 880w, https:\/\/i0.wp.com\/lahoradelcampo.com.uy\/site\/wp-content\/uploads\/2022\/10\/Expo-merinos.jpg?resize=300%2C150&amp;ssl=1 300w, https:\/\/i0.wp.com\/lahoradelcampo.com.uy\/site\/wp-content\/uploads\/2022\/10\/Expo-merinos.jpg?resize=768%2C384&amp;ssl=1 768w, https:\/\/i0.wp.com\/lahoradelcampo.com.uy\/site\/wp-content\/uploads\/2022\/10\/Expo-merinos.jpg?resize=820%2C410&amp;ssl=1 820w\" sizes=\"auto, (max-width: 810px) 100vw, 810px\" \/><\/figure>\n\n\n\n<p>Las pistas de jura, fueron el aperitivo para lo que posteriormente fueron las ventas de los reproductores en la tarde noche de la Expo Salto. <br><\/p>\n\n\n\n<p>Si bien no se logr\u00f3 colocar el 100% de la oferta prevista para esta oportunidad, l\u00f3gico por la \u00e9poca del a\u00f1o en que estamos y la lejan\u00eda de las encarneradas. la colocaci\u00f3n fue superior a otros a\u00f1os y con valores destacados. <br><\/p>\n\n\n\n<p>Carlos Mart\u00edn Correa destac\u00f3 el alto nivel de colocaci\u00f3n y se\u00f1al\u00f3 que en lo particular del escritorio Correa &amp; San Rom\u00e1n, se logr\u00f3 vender el 100% de la oferta. <\/p>\n\n\n\n<p>En este sentido destac\u00f3 que el Gran Campe\u00f3n de Ibirapit\u00e1 se vendi\u00f3 en US$ 4.000 a Juan Fco. Migliaro, con el cual se iniciaron las ventas y posteriormente se vieron valores de US$ 2.000, 3.000, 4.200, entre otros. <br><\/p>\n\n\n\n<p>El m\u00e1ximo de la pista fue por el 50% de un carnero de la firma La Magdalena de Los Tordos, que se comercializ\u00f3 en US$ 6.100, elevando su valor total a US$ 12.200. <\/p>\n\n\n\n<p>El mismo fue adquirido por Walter y Alejandro Galliazzi, criadores de la raza. Que tambi\u00e9n adquirieron el 50% de otro ejemplar de La Magdalena en US$ 3.200.<\/p>\n\n\n\n<p>Salto, s\u00e1bado 1 de octubre de 2022<\/p>\n","protected":false},"excerpt":{"rendered":"<p>Las pistas de jura, fueron el aperitivo para lo que posteriormente fueron las ventas de los reproductores en la tarde noche de la Expo Salto. Si bien no se logr\u00f3 [&hellip;]<\/p>\n","protected":false},"author":5,"featured_media":46021,"comment_status":"open","ping_status":"open","sticky":false,"template":"","format":"standard","meta":{"_price":"","_stock":"","_tribe_ticket_header":"","_tribe_default_ticket_provider":"","_tribe_ticket_capacity":"0","_ticket_start_date":"","_ticket_end_date":"","_tribe_ticket_show_description":"","_tribe_ticket_show_not_going":false,"_tribe_ticket_use_global_stock":"","_tribe_ticket_global_stock_level":"","_global_stock_mode":"","_global_stock_cap":"","_tribe_rsvp_for_event":"","_tribe_ticket_going_count":"","_tribe_ticket_not_going_count":"","_tribe_tickets_list":"[]","_tribe_ticket_has_attendee_info_fields":false,"h5ap_radio_sources":[],"_jetpack_newsletter_access":"","_jetpack_dont_email_post_to_subs":false,"_jetpack_newsletter_tier_id":0,"_jetpack_memberships_contains_paywalled_content":false,"_jetpack_memberships_contains_paid_content":false,"footnotes":""},"categories":[21,13],"tags":[],"class_list":["post-46019","post","type-post","status-publish","format-standard","has-post-thumbnail","hentry","category-actualidad","category-ovinos"],"jetpack_featured_media_url":"https:\/\/i0.wp.com\/lahoradelcampo.com.uy\/site\/wp-content\/uploads\/2022\/10\/Expo-merinos.jpg?fit=880%2C440&ssl=1","jetpack_sharing_enabled":true,"jetpack_shortlink":"https:\/\/wp.me\/p99IaT-bYf","jetpack-related-posts":[{"id":6073,"url":"https:\/\/lahoradelcampo.com.uy\/site\/merino-alcanzo-maximo-de-us-3-000-en-remate-de-la-magdalena\/","url_meta":{"origin":46019,"position":0},"title":"Merino alcanzo m\u00e1ximo de US$ 3.000 en remate de La Magdalena","author":"La Hora del Campo","date":"7 marzo, 2018","format":false,"excerpt":"El gran desafi\u00f3 para las ventas de la jornada de ayer en el predio de la Asociaci\u00f3n Agropecuaria de Salto, estaba en la colocaci\u00f3n del volumen de Corriedale que sal\u00eda a pista, en tanto que en el caso del Merino Australiano las expectativas eran otras y se lograron cumplir con\u2026","rel":"","context":"En \u00abActualidad\u00bb","block_context":{"text":"Actualidad","link":"https:\/\/lahoradelcampo.com.uy\/site\/category\/actualidad\/"},"img":{"alt_text":"","src":"https:\/\/i0.wp.com\/lahoradelcampo.com.uy\/site\/wp-content\/uploads\/2018\/03\/web-remate.jpg?fit=880%2C440&ssl=1&resize=350%2C200","width":350,"height":200,"srcset":"https:\/\/i0.wp.com\/lahoradelcampo.com.uy\/site\/wp-content\/uploads\/2018\/03\/web-remate.jpg?fit=880%2C440&ssl=1&resize=350%2C200 1x, https:\/\/i0.wp.com\/lahoradelcampo.com.uy\/site\/wp-content\/uploads\/2018\/03\/web-remate.jpg?fit=880%2C440&ssl=1&resize=525%2C300 1.5x, https:\/\/i0.wp.com\/lahoradelcampo.com.uy\/site\/wp-content\/uploads\/2018\/03\/web-remate.jpg?fit=880%2C440&ssl=1&resize=700%2C400 2x"},"classes":[]},{"id":20350,"url":"https:\/\/lahoradelcampo.com.uy\/site\/excelente-y-agil-colocacion-de-terneros-en-el-primer-dia-de-pantalla-uruguay\/","url_meta":{"origin":46019,"position":1},"title":"Excelente y \u00e1gil colocaci\u00f3n de terneros en el primer d\u00eda de Pantalla Uruguay","author":"La Hora del Campo","date":"29 mayo, 2020","format":false,"excerpt":"En la jornada de ayer se desarroll\u00f3 el primer d\u00eda de ventas del remate 216 de Pantalla Uruguay, que incluye la 7 Ganadera Angus, con un mercado \u00e1gil y demandado en todas las categor\u00edas. En este sentido, Carlos Mart\u00edn Correa, integrante de Correa & San Rom\u00e1n, que conjuntamente con el\u2026","rel":"","context":"En \u00abActualidad\u00bb","block_context":{"text":"Actualidad","link":"https:\/\/lahoradelcampo.com.uy\/site\/category\/actualidad\/"},"img":{"alt_text":"","src":"https:\/\/i0.wp.com\/lahoradelcampo.com.uy\/site\/wp-content\/uploads\/2017\/09\/Pantalla-Uruguay.jpg?fit=880%2C440&ssl=1&resize=350%2C200","width":350,"height":200,"srcset":"https:\/\/i0.wp.com\/lahoradelcampo.com.uy\/site\/wp-content\/uploads\/2017\/09\/Pantalla-Uruguay.jpg?fit=880%2C440&ssl=1&resize=350%2C200 1x, https:\/\/i0.wp.com\/lahoradelcampo.com.uy\/site\/wp-content\/uploads\/2017\/09\/Pantalla-Uruguay.jpg?fit=880%2C440&ssl=1&resize=525%2C300 1.5x, https:\/\/i0.wp.com\/lahoradelcampo.com.uy\/site\/wp-content\/uploads\/2017\/09\/Pantalla-Uruguay.jpg?fit=880%2C440&ssl=1&resize=700%2C400 2x"},"classes":[]},{"id":46607,"url":"https:\/\/lahoradelcampo.com.uy\/site\/en-40-minutos-se-vendio-el-brangus-de-san-carlos-en-artigas\/","url_meta":{"origin":46019,"position":2},"title":"En 40 minutos se vendi\u00f3 el Brangus de San Carlos en Artigas","author":"La Hora del Campo","date":"26 octubre, 2022","format":false,"excerpt":"El Brangus de la caba\u00f1a San Carlos, de la familia Larrosa, se comercializ\u00f3 en la jornada de ayer en el local Chiflero de la Asociaci\u00f3n Agropecuaria de Artigas, con los negocios a cargo de las firmas Roberto Bertsch Negocios Rurales y Correa & San Rom\u00e1n. Con el 100% de los\u2026","rel":"","context":"En \u00abActualidad\u00bb","block_context":{"text":"Actualidad","link":"https:\/\/lahoradelcampo.com.uy\/site\/category\/actualidad\/"},"img":{"alt_text":"","src":"https:\/\/i0.wp.com\/lahoradelcampo.com.uy\/site\/wp-content\/uploads\/2022\/10\/Sancarlos-CorreaySanroman.jpg?fit=880%2C440&ssl=1&resize=350%2C200","width":350,"height":200,"srcset":"https:\/\/i0.wp.com\/lahoradelcampo.com.uy\/site\/wp-content\/uploads\/2022\/10\/Sancarlos-CorreaySanroman.jpg?fit=880%2C440&ssl=1&resize=350%2C200 1x, https:\/\/i0.wp.com\/lahoradelcampo.com.uy\/site\/wp-content\/uploads\/2022\/10\/Sancarlos-CorreaySanroman.jpg?fit=880%2C440&ssl=1&resize=525%2C300 1.5x, https:\/\/i0.wp.com\/lahoradelcampo.com.uy\/site\/wp-content\/uploads\/2022\/10\/Sancarlos-CorreaySanroman.jpg?fit=880%2C440&ssl=1&resize=700%2C400 2x"},"classes":[]},{"id":29672,"url":"https:\/\/lahoradelcampo.com.uy\/site\/bertsch-correa-san-roman-colocaron-el-100-de-la-oferta-en-pantalla-uruguay\/","url_meta":{"origin":46019,"position":3},"title":"Bertsch, Correa &#038; San Roman colocaron el 100% de la oferta en Pantalla Uruguay","author":"La Hora del Campo","date":"5 mayo, 2021","format":false,"excerpt":"Con un remate que comenz\u00f3 el pasado viernes 30 de abril, con 9.060 terneros pasando bajo martillo, el consorcio de rematadores integrantes de Pantalla Uruguay llegaron al cierre de su remate de abril, con una oferta de 23.000 vacunos. En total al cierre de la jornada de ayer se coloc\u00f3\u2026","rel":"","context":"En \u00abActualidad\u00bb","block_context":{"text":"Actualidad","link":"https:\/\/lahoradelcampo.com.uy\/site\/category\/actualidad\/"},"img":{"alt_text":"","src":"https:\/\/i0.wp.com\/lahoradelcampo.com.uy\/site\/wp-content\/uploads\/2020\/05\/Bertsch-correa-y-san-roman-foto.jpg?fit=880%2C440&ssl=1&resize=350%2C200","width":350,"height":200,"srcset":"https:\/\/i0.wp.com\/lahoradelcampo.com.uy\/site\/wp-content\/uploads\/2020\/05\/Bertsch-correa-y-san-roman-foto.jpg?fit=880%2C440&ssl=1&resize=350%2C200 1x, https:\/\/i0.wp.com\/lahoradelcampo.com.uy\/site\/wp-content\/uploads\/2020\/05\/Bertsch-correa-y-san-roman-foto.jpg?fit=880%2C440&ssl=1&resize=525%2C300 1.5x, https:\/\/i0.wp.com\/lahoradelcampo.com.uy\/site\/wp-content\/uploads\/2020\/05\/Bertsch-correa-y-san-roman-foto.jpg?fit=880%2C440&ssl=1&resize=700%2C400 2x"},"classes":[]},{"id":24732,"url":"https:\/\/lahoradelcampo.com.uy\/site\/agil-dinamico-y-ventas-totales-de-la-magdalena-en-valentin\/","url_meta":{"origin":46019,"position":4},"title":"\u00c1gil, din\u00e1mico y ventas totales de La Magdalena en Valent\u00edn","author":"La Hora del Campo","date":"17 octubre, 2020","format":false,"excerpt":"Con un buen marco de p\u00fablico, los cuidados necesarios debido al Covid-19, y una demanda que pre-ofert\u00f3 m\u00e1s del 50% de los lotes que se ofertaron en la jornada de ayer, el remate de La Magdalena de Los Tordos S en C, mostr\u00f3 un excelente nivel de agilidad y dinamismo\u2026","rel":"","context":"En \u00abActualidad\u00bb","block_context":{"text":"Actualidad","link":"https:\/\/lahoradelcampo.com.uy\/site\/category\/actualidad\/"},"img":{"alt_text":"","src":"https:\/\/i0.wp.com\/lahoradelcampo.com.uy\/site\/wp-content\/uploads\/2020\/10\/Nuevo-proyecto-1-2.jpg?fit=879%2C439&ssl=1&resize=350%2C200","width":350,"height":200,"srcset":"https:\/\/i0.wp.com\/lahoradelcampo.com.uy\/site\/wp-content\/uploads\/2020\/10\/Nuevo-proyecto-1-2.jpg?fit=879%2C439&ssl=1&resize=350%2C200 1x, https:\/\/i0.wp.com\/lahoradelcampo.com.uy\/site\/wp-content\/uploads\/2020\/10\/Nuevo-proyecto-1-2.jpg?fit=879%2C439&ssl=1&resize=525%2C300 1.5x, https:\/\/i0.wp.com\/lahoradelcampo.com.uy\/site\/wp-content\/uploads\/2020\/10\/Nuevo-proyecto-1-2.jpg?fit=879%2C439&ssl=1&resize=700%2C400 2x"},"classes":[]},{"id":4399,"url":"https:\/\/lahoradelcampo.com.uy\/site\/pantalla-uruguay-cerro-sus-ventas-con-mayor-agilidad-en-las-hembras\/","url_meta":{"origin":46019,"position":5},"title":"Pantalla Uruguay cerr\u00f3 sus ventas con mayor agilidad en las hembras","author":"La Hora del Campo","date":"1 diciembre, 2017","format":false,"excerpt":"En la jornada de ayer Pantalla Uruguay concret\u00f3 su segundo d\u00eda de ventas del mes de noviembre, con un cambio en la fluidez de los negocios. En tanto el primer d\u00eda de ventas, con el conflicto sindical en la industria y la incertidumbre que ello gener\u00f3 en los negocios m\u00e1s\u2026","rel":"","context":"En \u00abActualidad\u00bb","block_context":{"text":"Actualidad","link":"https:\/\/lahoradelcampo.com.uy\/site\/category\/actualidad\/"},"img":{"alt_text":"","src":"https:\/\/i0.wp.com\/lahoradelcampo.com.uy\/site\/wp-content\/uploads\/2017\/12\/Pantalla-Uruguay.jpg?fit=880%2C440&ssl=1&resize=350%2C200","width":350,"height":200,"srcset":"https:\/\/i0.wp.com\/lahoradelcampo.com.uy\/site\/wp-content\/uploads\/2017\/12\/Pantalla-Uruguay.jpg?fit=880%2C440&ssl=1&resize=350%2C200 1x, https:\/\/i0.wp.com\/lahoradelcampo.com.uy\/site\/wp-content\/uploads\/2017\/12\/Pantalla-Uruguay.jpg?fit=880%2C440&ssl=1&resize=525%2C300 1.5x, https:\/\/i0.wp.com\/lahoradelcampo.com.uy\/site\/wp-content\/uploads\/2017\/12\/Pantalla-Uruguay.jpg?fit=880%2C440&ssl=1&resize=700%2C400 2x"},"classes":[]}],"jetpack_likes_enabled":true,"_links":{"self":[{"href":"https:\/\/lahoradelcampo.com.uy\/site\/wp-json\/wp\/v2\/posts\/46019","targetHints":{"allow":["GET"]}}],"collection":[{"href":"https:\/\/lahoradelcampo.com.uy\/site\/wp-json\/wp\/v2\/posts"}],"about":[{"href":"https:\/\/lahoradelcampo.com.uy\/site\/wp-json\/wp\/v2\/types\/post"}],"author":[{"embeddable":true,"href":"https:\/\/lahoradelcampo.com.uy\/site\/wp-json\/wp\/v2\/users\/5"}],"replies":[{"embeddable":true,"href":"https:\/\/lahoradelcampo.com.uy\/site\/wp-json\/wp\/v2\/comments?post=46019"}],"version-history":[{"count":1,"href":"https:\/\/lahoradelcampo.com.uy\/site\/wp-json\/wp\/v2\/posts\/46019\/revisions"}],"predecessor-version":[{"id":46023,"href":"https:\/\/lahoradelcampo.com.uy\/site\/wp-json\/wp\/v2\/posts\/46019\/revisions\/46023"}],"wp:featuredmedia":[{"embeddable":true,"href":"https:\/\/lahoradelcampo.com.uy\/site\/wp-json\/wp\/v2\/media\/46021"}],"wp:attachment":[{"href":"https:\/\/lahoradelcampo.com.uy\/site\/wp-json\/wp\/v2\/media?parent=46019"}],"wp:term":[{"taxonomy":"category","embeddable":true,"href":"https:\/\/lahoradelcampo.com.uy\/site\/wp-json\/wp\/v2\/categories?post=46019"},{"taxonomy":"post_tag","embeddable":true,"href":"https:\/\/lahoradelcampo.com.uy\/site\/wp-json\/wp\/v2\/tags?post=46019"}],"curies":[{"name":"wp","href":"https:\/\/api.w.org\/{rel}","templated":true}]}}