{"id":46015,"date":"2022-10-01T08:19:44","date_gmt":"2022-10-01T11:19:44","guid":{"rendered":"http:\/\/lahoradelcampo.com.uy\/site\/?p=46015"},"modified":"2022-10-01T08:19:47","modified_gmt":"2022-10-01T11:19:47","slug":"ibirapita-de-correa-hnos-expuso-el-campeon-supremo-poll-merino-australiano","status":"publish","type":"post","link":"https:\/\/lahoradelcampo.com.uy\/site\/ibirapita-de-correa-hnos-expuso-el-campeon-supremo-poll-merino-australiano\/","title":{"rendered":"Ibirapit\u00e1 de Correa Hnos. expuso el Campe\u00f3n Supremo Poll Merino Australiano"},"content":{"rendered":"\n<p>En los mochos, la caba\u00f1a Ibirapit\u00e1 de Correa\nHnos, obtuvo al igual que en el Prado, el Gran Campe\u00f3n Poll Merino Australiano\nde Pedigree, pero adem\u00e1s en Salto sum\u00f3 el Campe\u00f3n Supremo, para una pista con\nmayor cantidad de animales y gran potencial gen\u00e9tico. <\/p>\n\n\n\n<p>Tom Ashby premio en el Puro de Origen a\nejemplares expuestos por La Magdalena, tanto en machos como en Hembras, sin\nembargo en el Pedigree los grandes campeonatos fueron expuestos por la caba\u00f1a\nIbirapit\u00e1 de Correa Hnos, tanto en machos como en hembras. <\/p>\n\n\n\n<p>Carlos Mart\u00edn Correa, uno de los principales\nde la firma, destac\u00f3 el \u201cdoblete\u201d obtenido en el Prado con un carnero que dio\n14,800 kilos de lana, con un vell\u00f3n excepcional, en tanto que aqu\u00ed en la Expo\nSalto con otro carnero que 107 kilos con 18,8 micras. Adem\u00e1s la caba\u00f1a obtuvo\ncon otro ejemplar el Mejor Vell\u00f3n Poll Merino PI. <\/p>\n\n\n\n<p>\u201cEstos premios confirman lo que nosotros buscamos, animales con buena estructura y con la finura adecuada. Hay que prestar atenci\u00f3n porque la finura es lo que determina el precio, no la rentabilidad, pero s\u00ed el precio, y eso hay que tenerlo en cuenta\u201d dijo el productor.<\/p>\n\n\n\n<p>Salto, 1 de octubre de 2022<\/p>\n","protected":false},"excerpt":{"rendered":"<p>En los mochos, la caba\u00f1a Ibirapit\u00e1 de Correa Hnos, obtuvo al igual que en el Prado, el Gran Campe\u00f3n Poll Merino Australiano de Pedigree, pero adem\u00e1s en Salto sum\u00f3 el [&hellip;]<\/p>\n","protected":false},"author":5,"featured_media":45995,"comment_status":"open","ping_status":"open","sticky":false,"template":"","format":"standard","meta":{"_price":"","_stock":"","_tribe_ticket_header":"","_tribe_default_ticket_provider":"","_tribe_ticket_capacity":"0","_ticket_start_date":"","_ticket_end_date":"","_tribe_ticket_show_description":"","_tribe_ticket_show_not_going":false,"_tribe_ticket_use_global_stock":"","_tribe_ticket_global_stock_level":"","_global_stock_mode":"","_global_stock_cap":"","_tribe_rsvp_for_event":"","_tribe_ticket_going_count":"","_tribe_ticket_not_going_count":"","_tribe_tickets_list":"[]","_tribe_ticket_has_attendee_info_fields":false,"h5ap_radio_sources":[],"_jetpack_newsletter_access":"","_jetpack_dont_email_post_to_subs":false,"_jetpack_newsletter_tier_id":0,"_jetpack_memberships_contains_paywalled_content":false,"_jetpack_memberships_contains_paid_content":false,"footnotes":""},"categories":[21,13],"tags":[],"class_list":["post-46015","post","type-post","status-publish","format-standard","has-post-thumbnail","hentry","category-actualidad","category-ovinos"],"jetpack_featured_media_url":"https:\/\/i0.wp.com\/lahoradelcampo.com.uy\/site\/wp-content\/uploads\/2022\/10\/ExpoSalto-Ibirapita.jpg?fit=880%2C440&ssl=1","jetpack_sharing_enabled":true,"jetpack_shortlink":"https:\/\/wp.me\/p99IaT-bYb","jetpack-related-posts":[{"id":52696,"url":"https:\/\/lahoradelcampo.com.uy\/site\/la-magdalena-exhibio-su-potencial-genetico-en-la-pista-del-merino-en-salto\/","url_meta":{"origin":46015,"position":0},"title":"\u00abLa Magdalena\u00bb exhibi\u00f3 su potencial gen\u00e9tico en la pista del merino en Salto","author":"La Hora del Campo","date":"5 octubre, 2023","format":false,"excerpt":"Como es tradicional, la pista del Merino Australiano en Salto, es la de mayor presencia de animales y caba\u00f1as de la raza a nivel pa\u00eds. La \"cuna del merino\" como es denominada este a\u00f1o no defraud\u00f3 y mostr\u00f3 al jurado australiano Hamish McLaren, un evoluci\u00f3n muy destacada en los ejemplares\u2026","rel":"","context":"En \u00abActualidad\u00bb","block_context":{"text":"Actualidad","link":"https:\/\/lahoradelcampo.com.uy\/site\/category\/actualidad\/"},"img":{"alt_text":"","src":"https:\/\/i0.wp.com\/lahoradelcampo.com.uy\/site\/wp-content\/uploads\/2023\/10\/merino-la-magdalena.jpg?fit=880%2C440&ssl=1&resize=350%2C200","width":350,"height":200,"srcset":"https:\/\/i0.wp.com\/lahoradelcampo.com.uy\/site\/wp-content\/uploads\/2023\/10\/merino-la-magdalena.jpg?fit=880%2C440&ssl=1&resize=350%2C200 1x, https:\/\/i0.wp.com\/lahoradelcampo.com.uy\/site\/wp-content\/uploads\/2023\/10\/merino-la-magdalena.jpg?fit=880%2C440&ssl=1&resize=525%2C300 1.5x, https:\/\/i0.wp.com\/lahoradelcampo.com.uy\/site\/wp-content\/uploads\/2023\/10\/merino-la-magdalena.jpg?fit=880%2C440&ssl=1&resize=700%2C400 2x"},"classes":[]},{"id":14301,"url":"https:\/\/lahoradelcampo.com.uy\/site\/en-merino-ibirapita-y-la-magdalena-trajeron-premios-a-salto\/","url_meta":{"origin":46015,"position":1},"title":"En Merino Ibirapita y La Magdalena trajeron premios a Salto","author":"La Hora del Campo","date":"13 septiembre, 2019","format":false,"excerpt":"El experto argentino Ronald Macdonald se\u00f1al\u00f3 tras calificar en Merino Australiano, que aprecia una \u201cevoluci\u00f3n constante y sostenida en la raza, con un nivel excepcional tanto en los productos exhibidos Puros de origen como de pedigr\u00ed\u201d. Veredictos: Poll Merino Australiano PO. Hembras: Gran Campeona, mejor vell\u00f3n de hembras y mejor\u2026","rel":"","context":"En \u00abActualidad\u00bb","block_context":{"text":"Actualidad","link":"https:\/\/lahoradelcampo.com.uy\/site\/category\/actualidad\/"},"img":{"alt_text":"","src":"https:\/\/i0.wp.com\/lahoradelcampo.com.uy\/site\/wp-content\/uploads\/2019\/09\/Merino-prado.jpg?fit=880%2C440&ssl=1&resize=350%2C200","width":350,"height":200,"srcset":"https:\/\/i0.wp.com\/lahoradelcampo.com.uy\/site\/wp-content\/uploads\/2019\/09\/Merino-prado.jpg?fit=880%2C440&ssl=1&resize=350%2C200 1x, https:\/\/i0.wp.com\/lahoradelcampo.com.uy\/site\/wp-content\/uploads\/2019\/09\/Merino-prado.jpg?fit=880%2C440&ssl=1&resize=525%2C300 1.5x, https:\/\/i0.wp.com\/lahoradelcampo.com.uy\/site\/wp-content\/uploads\/2019\/09\/Merino-prado.jpg?fit=880%2C440&ssl=1&resize=700%2C400 2x"},"classes":[]},{"id":24268,"url":"https:\/\/lahoradelcampo.com.uy\/site\/la-magdalena-y-cerro-del-bombero-presentaron-el-mejor-merino-australiano-de-pedigree\/","url_meta":{"origin":46015,"position":2},"title":"La Magdalena y Cerro del Bombero presentaron  el mejor Merino Australiano de Pedigree","author":"La Hora del Campo","date":"3 octubre, 2020","format":false,"excerpt":"Salto volvi\u00f3 a ser la capital del Merino, exhibiendo en la pista la calidad de la mejor lana del pa\u00eds, en ejemplares que enaltecen la jerarqu\u00eda de la raza, se\u00f1al\u00f3 el doctor Adolfo Casaretto, encargado de calificar en la muestra. El ex t\u00e9cnico del Secretariado Uruguayo de la Lana (SUL),\u2026","rel":"","context":"En \u00abActualidad\u00bb","block_context":{"text":"Actualidad","link":"https:\/\/lahoradelcampo.com.uy\/site\/category\/actualidad\/"},"img":{"alt_text":"","src":"https:\/\/i0.wp.com\/lahoradelcampo.com.uy\/site\/wp-content\/uploads\/2020\/10\/MerinoLaMagdalena.jpg?fit=880%2C440&ssl=1&resize=350%2C200","width":350,"height":200,"srcset":"https:\/\/i0.wp.com\/lahoradelcampo.com.uy\/site\/wp-content\/uploads\/2020\/10\/MerinoLaMagdalena.jpg?fit=880%2C440&ssl=1&resize=350%2C200 1x, https:\/\/i0.wp.com\/lahoradelcampo.com.uy\/site\/wp-content\/uploads\/2020\/10\/MerinoLaMagdalena.jpg?fit=880%2C440&ssl=1&resize=525%2C300 1.5x, https:\/\/i0.wp.com\/lahoradelcampo.com.uy\/site\/wp-content\/uploads\/2020\/10\/MerinoLaMagdalena.jpg?fit=880%2C440&ssl=1&resize=700%2C400 2x"},"classes":[]},{"id":34369,"url":"https:\/\/lahoradelcampo.com.uy\/site\/la-magadalena-presento-el-campeon-supremo-del-merino-australiano\/","url_meta":{"origin":46015,"position":3},"title":"La Magadalena present\u00f3 el Campe\u00f3n Supremo del Merino Australiano","author":"La Hora del Campo","date":"18 septiembre, 2021","format":false,"excerpt":"Jurado: Juan Manuel Gonz\u00e1lez Merino Australiano PIGran Camp\u00e9on y Campe\u00f3n Supremo: La Magdalena de Los Tordos S. en C. Gran Campeona: Santa Catalina de Douglas Cortela Merino Australiano POGran Campe\u00f3n y Campe\u00f3n Supremo: La Magdalena de Los Tordos S. en C.Gran Campeona: Santa Catalina de Douglas Cortela. Poll Merino Australiano\u2026","rel":"","context":"En \u00abActualidad\u00bb","block_context":{"text":"Actualidad","link":"https:\/\/lahoradelcampo.com.uy\/site\/category\/actualidad\/"},"img":{"alt_text":"","src":"https:\/\/i0.wp.com\/lahoradelcampo.com.uy\/site\/wp-content\/uploads\/2021\/09\/Prado-Merino.jpg?fit=880%2C440&ssl=1&resize=350%2C200","width":350,"height":200,"srcset":"https:\/\/i0.wp.com\/lahoradelcampo.com.uy\/site\/wp-content\/uploads\/2021\/09\/Prado-Merino.jpg?fit=880%2C440&ssl=1&resize=350%2C200 1x, https:\/\/i0.wp.com\/lahoradelcampo.com.uy\/site\/wp-content\/uploads\/2021\/09\/Prado-Merino.jpg?fit=880%2C440&ssl=1&resize=525%2C300 1.5x, https:\/\/i0.wp.com\/lahoradelcampo.com.uy\/site\/wp-content\/uploads\/2021\/09\/Prado-Merino.jpg?fit=880%2C440&ssl=1&resize=700%2C400 2x"},"classes":[]},{"id":34931,"url":"https:\/\/lahoradelcampo.com.uy\/site\/la-magdalena-y-los-arrayanes-se-destacaron-en-la-muestra-de-merino\/","url_meta":{"origin":46015,"position":4},"title":"La Magdalena\u201d y \u201cLos Arrayanes\u201d se destacaron en la muestra de Merino","author":"La Hora del Campo","date":"2 octubre, 2021","format":false,"excerpt":"Carneros presentados por \u201cLa Magdalena\u201d de Los Tordos S. en C. y \u201cLos Arrayanes\u201d de \u00c1lvaro y Alfredo Fros, fueron los mejores reproductores de una destacada muestra de Merino Australiano en la Expo Salto, considerada la cuna de la raza, y con 35 ejemplares que desfilaron por pista ante la\u2026","rel":"","context":"En \u00abActualidad\u00bb","block_context":{"text":"Actualidad","link":"https:\/\/lahoradelcampo.com.uy\/site\/category\/actualidad\/"},"img":{"alt_text":"","src":"https:\/\/i0.wp.com\/lahoradelcampo.com.uy\/site\/wp-content\/uploads\/2021\/10\/Expo-Merino.jpg?fit=880%2C440&ssl=1&resize=350%2C200","width":350,"height":200,"srcset":"https:\/\/i0.wp.com\/lahoradelcampo.com.uy\/site\/wp-content\/uploads\/2021\/10\/Expo-Merino.jpg?fit=880%2C440&ssl=1&resize=350%2C200 1x, https:\/\/i0.wp.com\/lahoradelcampo.com.uy\/site\/wp-content\/uploads\/2021\/10\/Expo-Merino.jpg?fit=880%2C440&ssl=1&resize=525%2C300 1.5x, https:\/\/i0.wp.com\/lahoradelcampo.com.uy\/site\/wp-content\/uploads\/2021\/10\/Expo-Merino.jpg?fit=880%2C440&ssl=1&resize=700%2C400 2x"},"classes":[]},{"id":52572,"url":"https:\/\/lahoradelcampo.com.uy\/site\/la-magdalena-obtuvo-7-de-los-8-campeonatosdel-merino-australiano-en-el-prado\/","url_meta":{"origin":46015,"position":5},"title":"La Magdalena obtuvo 7 de los 8 campeonatosdel Merino Australiano","author":"La Hora del Campo","date":"18 septiembre, 2023","format":false,"excerpt":"El criador salte\u00f1o Diego Otegui, principal de la caba\u00f1a \"La Magdalena\" de Los Tordos, celebr\u00f3 junto a su familia y equipo de trabajo, la obtenci\u00f3n de 7 de los 8 Campeonatos que otorgaba premios la Sociedad de Criadores de Merino Australiano del Uruguay, en las pistas de la Expo Prado.\u2026","rel":"","context":"En \u00abActualidad\u00bb","block_context":{"text":"Actualidad","link":"https:\/\/lahoradelcampo.com.uy\/site\/category\/actualidad\/"},"img":{"alt_text":"","src":"https:\/\/i0.wp.com\/lahoradelcampo.com.uy\/site\/wp-content\/uploads\/2023\/09\/Merinoaustraliano-prado.jpg?fit=880%2C440&ssl=1&resize=350%2C200","width":350,"height":200,"srcset":"https:\/\/i0.wp.com\/lahoradelcampo.com.uy\/site\/wp-content\/uploads\/2023\/09\/Merinoaustraliano-prado.jpg?fit=880%2C440&ssl=1&resize=350%2C200 1x, https:\/\/i0.wp.com\/lahoradelcampo.com.uy\/site\/wp-content\/uploads\/2023\/09\/Merinoaustraliano-prado.jpg?fit=880%2C440&ssl=1&resize=525%2C300 1.5x, https:\/\/i0.wp.com\/lahoradelcampo.com.uy\/site\/wp-content\/uploads\/2023\/09\/Merinoaustraliano-prado.jpg?fit=880%2C440&ssl=1&resize=700%2C400 2x"},"classes":[]}],"jetpack_likes_enabled":true,"_links":{"self":[{"href":"https:\/\/lahoradelcampo.com.uy\/site\/wp-json\/wp\/v2\/posts\/46015","targetHints":{"allow":["GET"]}}],"collection":[{"href":"https:\/\/lahoradelcampo.com.uy\/site\/wp-json\/wp\/v2\/posts"}],"about":[{"href":"https:\/\/lahoradelcampo.com.uy\/site\/wp-json\/wp\/v2\/types\/post"}],"author":[{"embeddable":true,"href":"https:\/\/lahoradelcampo.com.uy\/site\/wp-json\/wp\/v2\/users\/5"}],"replies":[{"embeddable":true,"href":"https:\/\/lahoradelcampo.com.uy\/site\/wp-json\/wp\/v2\/comments?post=46015"}],"version-history":[{"count":1,"href":"https:\/\/lahoradelcampo.com.uy\/site\/wp-json\/wp\/v2\/posts\/46015\/revisions"}],"predecessor-version":[{"id":46017,"href":"https:\/\/lahoradelcampo.com.uy\/site\/wp-json\/wp\/v2\/posts\/46015\/revisions\/46017"}],"wp:featuredmedia":[{"embeddable":true,"href":"https:\/\/lahoradelcampo.com.uy\/site\/wp-json\/wp\/v2\/media\/45995"}],"wp:attachment":[{"href":"https:\/\/lahoradelcampo.com.uy\/site\/wp-json\/wp\/v2\/media?parent=46015"}],"wp:term":[{"taxonomy":"category","embeddable":true,"href":"https:\/\/lahoradelcampo.com.uy\/site\/wp-json\/wp\/v2\/categories?post=46015"},{"taxonomy":"post_tag","embeddable":true,"href":"https:\/\/lahoradelcampo.com.uy\/site\/wp-json\/wp\/v2\/tags?post=46015"}],"curies":[{"name":"wp","href":"https:\/\/api.w.org\/{rel}","templated":true}]}}