{"id":46011,"date":"2022-10-01T08:18:43","date_gmt":"2022-10-01T11:18:43","guid":{"rendered":"http:\/\/lahoradelcampo.com.uy\/site\/?p=46011"},"modified":"2022-10-01T08:18:47","modified_gmt":"2022-10-01T11:18:47","slug":"la-magdalena-presento-el-campeon-supremo-del-merino-australiano","status":"publish","type":"post","link":"https:\/\/lahoradelcampo.com.uy\/site\/la-magdalena-presento-el-campeon-supremo-del-merino-australiano\/","title":{"rendered":"La Magdalena present\u00f3 el Campe\u00f3n Supremo del Merino Australiano"},"content":{"rendered":"\n<figure class=\"wp-block-image\"><img data-recalc-dims=\"1\" loading=\"lazy\" decoding=\"async\" width=\"810\" height=\"405\" data-attachment-id=\"45993\" data-permalink=\"https:\/\/lahoradelcampo.com.uy\/site\/el-presidente-de-la-raza-resalto-la-calidad-del-corriedale-en-salto\/expo-salto-lamagdalena\/\" data-orig-file=\"https:\/\/i0.wp.com\/lahoradelcampo.com.uy\/site\/wp-content\/uploads\/2022\/10\/Expo-salto-Lamagdalena.jpg?fit=880%2C440&amp;ssl=1\" data-orig-size=\"880,440\" data-comments-opened=\"1\" data-image-meta=\"{&quot;aperture&quot;:&quot;0&quot;,&quot;credit&quot;:&quot;&quot;,&quot;camera&quot;:&quot;&quot;,&quot;caption&quot;:&quot;&quot;,&quot;created_timestamp&quot;:&quot;0&quot;,&quot;copyright&quot;:&quot;&quot;,&quot;focal_length&quot;:&quot;0&quot;,&quot;iso&quot;:&quot;0&quot;,&quot;shutter_speed&quot;:&quot;0&quot;,&quot;title&quot;:&quot;&quot;,&quot;orientation&quot;:&quot;1&quot;}\" data-image-title=\"Expo salto-Lamagdalena\" data-image-description=\"\" data-image-caption=\"\" data-large-file=\"https:\/\/i0.wp.com\/lahoradelcampo.com.uy\/site\/wp-content\/uploads\/2022\/10\/Expo-salto-Lamagdalena.jpg?fit=810%2C405&amp;ssl=1\" src=\"https:\/\/i0.wp.com\/lahoradelcampo.com.uy\/site\/wp-content\/uploads\/2022\/10\/Expo-salto-Lamagdalena.jpg?resize=810%2C405\" alt=\"\" class=\"wp-image-45993\" srcset=\"https:\/\/i0.wp.com\/lahoradelcampo.com.uy\/site\/wp-content\/uploads\/2022\/10\/Expo-salto-Lamagdalena.jpg?w=880&amp;ssl=1 880w, https:\/\/i0.wp.com\/lahoradelcampo.com.uy\/site\/wp-content\/uploads\/2022\/10\/Expo-salto-Lamagdalena.jpg?resize=300%2C150&amp;ssl=1 300w, https:\/\/i0.wp.com\/lahoradelcampo.com.uy\/site\/wp-content\/uploads\/2022\/10\/Expo-salto-Lamagdalena.jpg?resize=768%2C384&amp;ssl=1 768w, https:\/\/i0.wp.com\/lahoradelcampo.com.uy\/site\/wp-content\/uploads\/2022\/10\/Expo-salto-Lamagdalena.jpg?resize=820%2C410&amp;ssl=1 820w\" sizes=\"auto, (max-width: 810px) 100vw, 810px\" \/><\/figure>\n\n\n\n<p>La pista del Merino Australiano mostr\u00f3 el\npotencial de la raza, con carneros que pesaron 130 kilos y con 15,2 micras de\ndi\u00e1metro. Se presentaron 40 ejemplares que fueron calificados por Tom Ashby,\ncriador australiano que ya estado tres veces en Salto, seleccionando\nejemplares. <\/p>\n\n\n\n<p><strong>Veredictos <\/strong><\/p>\n\n\n\n<p>En el astado, la disputa fue importante entre\nlas distintas caba\u00f1as participantes, donde el Gran Campe\u00f3n y la Gran Campeona,\ntanto en el PO como en el Pedigree, fueron expuestos por La Magdalena de Los\nTordos. <\/p>\n\n\n\n<p><strong>La\nMagdalena<\/strong><\/p>\n\n\n\n<p>El principal de la firma, Diego Otegui, dijo\nque \u201cSalto confirma lo que es la pista del Merino, hab\u00eda una cantidad de\nejemplares y muy buenos animales, tanto macho como hembra. Y bueno, muy\ncontento por los premios que sacamos, principalmente con un jurado de las\ncaracter\u00edsticas y todo el conocimiento que tiene Tom Ashby, que remarc\u00f3 la\nevoluci\u00f3n que ha habido y que ha visto en los animales\u201d.<\/p>\n\n\n\n<p>Record\u00f3 que la caba\u00f1a se ha proyectado una\nl\u00ednea de trabajo, \u201chace diez a\u00f1os m\u00e1s o menos, nos hab\u00edamos puesto el objetivo\nde llegar a las 18 micras, y la verdad que hoy hace unos a\u00f1os que estamos en esa\nfinura, hoy estamos para bajar un poco m\u00e1s sin hacer locuras. Creo que vamos a\ntratar de ir al entorno de las 17 micras\u201d. <\/p>\n\n\n\n<p>Se\u00f1al\u00f3 que para alcanzar ese objetivo se debe\ncontar con los datos y principalmente no se debe descuidar que contin\u00fae siendo\n\u201cuna majada muy prolifera, con excelente peso de vell\u00f3n, excelente peso de\ncuerpo y sobre todo en calidad de lana, que creo que el mercado lo est\u00e1\npagando\u201d. <\/p>\n\n\n\n<p>Otegui remarc\u00f3 que la caba\u00f1a obtuvo nuevamente \u201cel premio que da la familia Correa, a la mejor pareja, que lo hab\u00edamos ganado los tres primeros a\u00f1os. El a\u00f1o pasado no pudimos participar con ovejas, pero este a\u00f1o volvimos y lo volvimos a ganar. O sea que estamos muy contentos\u201d.<\/p>\n\n\n\n<p>Salto, s\u00e1bado 1 de octubre de 2022<\/p>\n","protected":false},"excerpt":{"rendered":"<p>La pista del Merino Australiano mostr\u00f3 el potencial de la raza, con carneros que pesaron 130 kilos y con 15,2 micras de di\u00e1metro. Se presentaron 40 ejemplares que fueron calificados [&hellip;]<\/p>\n","protected":false},"author":5,"featured_media":45993,"comment_status":"open","ping_status":"open","sticky":false,"template":"","format":"standard","meta":{"_price":"","_stock":"","_tribe_ticket_header":"","_tribe_default_ticket_provider":"","_tribe_ticket_capacity":"0","_ticket_start_date":"","_ticket_end_date":"","_tribe_ticket_show_description":"","_tribe_ticket_show_not_going":false,"_tribe_ticket_use_global_stock":"","_tribe_ticket_global_stock_level":"","_global_stock_mode":"","_global_stock_cap":"","_tribe_rsvp_for_event":"","_tribe_ticket_going_count":"","_tribe_ticket_not_going_count":"","_tribe_tickets_list":"[]","_tribe_ticket_has_attendee_info_fields":false,"h5ap_radio_sources":[],"_jetpack_newsletter_access":"","_jetpack_dont_email_post_to_subs":false,"_jetpack_newsletter_tier_id":0,"_jetpack_memberships_contains_paywalled_content":false,"_jetpack_memberships_contains_paid_content":false,"footnotes":""},"categories":[21,13],"tags":[],"class_list":["post-46011","post","type-post","status-publish","format-standard","has-post-thumbnail","hentry","category-actualidad","category-ovinos"],"jetpack_featured_media_url":"https:\/\/i0.wp.com\/lahoradelcampo.com.uy\/site\/wp-content\/uploads\/2022\/10\/Expo-salto-Lamagdalena.jpg?fit=880%2C440&ssl=1","jetpack_sharing_enabled":true,"jetpack_shortlink":"https:\/\/wp.me\/p99IaT-bY7","jetpack-related-posts":[{"id":54570,"url":"https:\/\/lahoradelcampo.com.uy\/site\/los-mejores-poll-merino-australiano-po-son-de-la-magdalena\/","url_meta":{"origin":46011,"position":0},"title":"Los mejores Poll Merino Australiano PO son de \u00abLa Magdalena\u00bb","author":"La Hora del Campo","date":"13 septiembre, 2024","format":false,"excerpt":"Este viernes, las razas ovinas, en su gran mayor\u00eda productoras de lana, colmaron las pistas de la rural del Prado, donde se observaron ejemplares que marcan la punta de la pir\u00e1mide gen\u00e9tica en cada raza. En el caso de la raza Merino Australiano, los jurados definidos para esta oportunidad fueron\u2026","rel":"","context":"En \u00abActualidad\u00bb","block_context":{"text":"Actualidad","link":"https:\/\/lahoradelcampo.com.uy\/site\/category\/actualidad\/"},"img":{"alt_text":"","src":"https:\/\/i0.wp.com\/lahoradelcampo.com.uy\/site\/wp-content\/uploads\/2024\/09\/Prado24-GCPMAPO.jpg?fit=880%2C440&ssl=1&resize=350%2C200","width":350,"height":200,"srcset":"https:\/\/i0.wp.com\/lahoradelcampo.com.uy\/site\/wp-content\/uploads\/2024\/09\/Prado24-GCPMAPO.jpg?fit=880%2C440&ssl=1&resize=350%2C200 1x, https:\/\/i0.wp.com\/lahoradelcampo.com.uy\/site\/wp-content\/uploads\/2024\/09\/Prado24-GCPMAPO.jpg?fit=880%2C440&ssl=1&resize=525%2C300 1.5x, https:\/\/i0.wp.com\/lahoradelcampo.com.uy\/site\/wp-content\/uploads\/2024\/09\/Prado24-GCPMAPO.jpg?fit=880%2C440&ssl=1&resize=700%2C400 2x"},"classes":[]},{"id":52696,"url":"https:\/\/lahoradelcampo.com.uy\/site\/la-magdalena-exhibio-su-potencial-genetico-en-la-pista-del-merino-en-salto\/","url_meta":{"origin":46011,"position":1},"title":"\u00abLa Magdalena\u00bb exhibi\u00f3 su potencial gen\u00e9tico en la pista del merino en Salto","author":"La Hora del Campo","date":"5 octubre, 2023","format":false,"excerpt":"Como es tradicional, la pista del Merino Australiano en Salto, es la de mayor presencia de animales y caba\u00f1as de la raza a nivel pa\u00eds. La \"cuna del merino\" como es denominada este a\u00f1o no defraud\u00f3 y mostr\u00f3 al jurado australiano Hamish McLaren, un evoluci\u00f3n muy destacada en los ejemplares\u2026","rel":"","context":"En \u00abActualidad\u00bb","block_context":{"text":"Actualidad","link":"https:\/\/lahoradelcampo.com.uy\/site\/category\/actualidad\/"},"img":{"alt_text":"","src":"https:\/\/i0.wp.com\/lahoradelcampo.com.uy\/site\/wp-content\/uploads\/2023\/10\/merino-la-magdalena.jpg?fit=880%2C440&ssl=1&resize=350%2C200","width":350,"height":200,"srcset":"https:\/\/i0.wp.com\/lahoradelcampo.com.uy\/site\/wp-content\/uploads\/2023\/10\/merino-la-magdalena.jpg?fit=880%2C440&ssl=1&resize=350%2C200 1x, https:\/\/i0.wp.com\/lahoradelcampo.com.uy\/site\/wp-content\/uploads\/2023\/10\/merino-la-magdalena.jpg?fit=880%2C440&ssl=1&resize=525%2C300 1.5x, https:\/\/i0.wp.com\/lahoradelcampo.com.uy\/site\/wp-content\/uploads\/2023\/10\/merino-la-magdalena.jpg?fit=880%2C440&ssl=1&resize=700%2C400 2x"},"classes":[]},{"id":54799,"url":"https:\/\/lahoradelcampo.com.uy\/site\/la-magdalena-y-el-faro-presentaron-los-campeones-supremos-del-merino\/","url_meta":{"origin":46011,"position":2},"title":"\u00abLa Magdalena\u00bb y \u00abEl Faro\u00bb presentaron los Campeones Supremos del Merino","author":"La Hora del Campo","date":"8 octubre, 2024","format":false,"excerpt":"En una pista que arranc\u00f3 tempranito, en hora, y con un jurado australiano que destac\u00f3 la calidad y fertilidad de las hembras Merino Australiano en la pista, se fueron definiendo los grandes campeonatos.Andrew Calvert, el jurado australiano, destac\u00f3 la decisi\u00f3n de la Sociedad de Criadores de Merino Australiano del Uruguay,\u2026","rel":"","context":"En \u00abActualidad\u00bb","block_context":{"text":"Actualidad","link":"https:\/\/lahoradelcampo.com.uy\/site\/category\/actualidad\/"},"img":{"alt_text":"","src":"https:\/\/i0.wp.com\/lahoradelcampo.com.uy\/site\/wp-content\/uploads\/2024\/10\/ExpoSalto-GCMerino.jpg?fit=880%2C440&ssl=1&resize=350%2C200","width":350,"height":200,"srcset":"https:\/\/i0.wp.com\/lahoradelcampo.com.uy\/site\/wp-content\/uploads\/2024\/10\/ExpoSalto-GCMerino.jpg?fit=880%2C440&ssl=1&resize=350%2C200 1x, https:\/\/i0.wp.com\/lahoradelcampo.com.uy\/site\/wp-content\/uploads\/2024\/10\/ExpoSalto-GCMerino.jpg?fit=880%2C440&ssl=1&resize=525%2C300 1.5x, https:\/\/i0.wp.com\/lahoradelcampo.com.uy\/site\/wp-content\/uploads\/2024\/10\/ExpoSalto-GCMerino.jpg?fit=880%2C440&ssl=1&resize=700%2C400 2x"},"classes":[]},{"id":45613,"url":"https:\/\/lahoradelcampo.com.uy\/site\/tonna-y-la-magdalena-expusieron-el-supremo-merino-australiano\/","url_meta":{"origin":46011,"position":3},"title":"Tonna y La Magdalena expusieron el Supremo Merino Australiano","author":"La Hora del Campo","date":"19 septiembre, 2022","format":false,"excerpt":"La pista del Merino Australiano acot\u00f3 la jura prevista para todo el d\u00eda, solamente a la ma\u00f1ana del d\u00eda viernes debido a que en la tarde se realiz\u00f3 la presentaci\u00f3n de \u201cLana Celeste a Qatar\u201d, con la presencia del Presidente de la Rep\u00fablica, Dr. Luis Lacalle Pou. El jurado, Juan\u2026","rel":"","context":"En \u00abActualidad\u00bb","block_context":{"text":"Actualidad","link":"https:\/\/lahoradelcampo.com.uy\/site\/category\/actualidad\/"},"img":{"alt_text":"","src":"https:\/\/i0.wp.com\/lahoradelcampo.com.uy\/site\/wp-content\/uploads\/2022\/09\/Prado-supremomerino.jpg?fit=880%2C440&ssl=1&resize=350%2C200","width":350,"height":200,"srcset":"https:\/\/i0.wp.com\/lahoradelcampo.com.uy\/site\/wp-content\/uploads\/2022\/09\/Prado-supremomerino.jpg?fit=880%2C440&ssl=1&resize=350%2C200 1x, https:\/\/i0.wp.com\/lahoradelcampo.com.uy\/site\/wp-content\/uploads\/2022\/09\/Prado-supremomerino.jpg?fit=880%2C440&ssl=1&resize=525%2C300 1.5x, https:\/\/i0.wp.com\/lahoradelcampo.com.uy\/site\/wp-content\/uploads\/2022\/09\/Prado-supremomerino.jpg?fit=880%2C440&ssl=1&resize=700%2C400 2x"},"classes":[]},{"id":34931,"url":"https:\/\/lahoradelcampo.com.uy\/site\/la-magdalena-y-los-arrayanes-se-destacaron-en-la-muestra-de-merino\/","url_meta":{"origin":46011,"position":4},"title":"La Magdalena\u201d y \u201cLos Arrayanes\u201d se destacaron en la muestra de Merino","author":"La Hora del Campo","date":"2 octubre, 2021","format":false,"excerpt":"Carneros presentados por \u201cLa Magdalena\u201d de Los Tordos S. en C. y \u201cLos Arrayanes\u201d de \u00c1lvaro y Alfredo Fros, fueron los mejores reproductores de una destacada muestra de Merino Australiano en la Expo Salto, considerada la cuna de la raza, y con 35 ejemplares que desfilaron por pista ante la\u2026","rel":"","context":"En \u00abActualidad\u00bb","block_context":{"text":"Actualidad","link":"https:\/\/lahoradelcampo.com.uy\/site\/category\/actualidad\/"},"img":{"alt_text":"","src":"https:\/\/i0.wp.com\/lahoradelcampo.com.uy\/site\/wp-content\/uploads\/2021\/10\/Expo-Merino.jpg?fit=880%2C440&ssl=1&resize=350%2C200","width":350,"height":200,"srcset":"https:\/\/i0.wp.com\/lahoradelcampo.com.uy\/site\/wp-content\/uploads\/2021\/10\/Expo-Merino.jpg?fit=880%2C440&ssl=1&resize=350%2C200 1x, https:\/\/i0.wp.com\/lahoradelcampo.com.uy\/site\/wp-content\/uploads\/2021\/10\/Expo-Merino.jpg?fit=880%2C440&ssl=1&resize=525%2C300 1.5x, https:\/\/i0.wp.com\/lahoradelcampo.com.uy\/site\/wp-content\/uploads\/2021\/10\/Expo-Merino.jpg?fit=880%2C440&ssl=1&resize=700%2C400 2x"},"classes":[]},{"id":23764,"url":"https:\/\/lahoradelcampo.com.uy\/site\/la-magdalena-arraso-con-la-pista-del-merino-australiano\/","url_meta":{"origin":46011,"position":5},"title":"\u00abLa Magdalena\u00bb arras\u00f3 con la pista del Merino Australiano","author":"La Hora del Campo","date":"18 septiembre, 2020","format":false,"excerpt":"La principal atracci\u00f3n en los ovinos durante la ma\u00f1ana y entrada la tarde, fue la calificaci\u00f3n de la raza Merino Australiano, que estuvo a cargo del Ing. Agr. Gustavo Peinado, ya que el segundo jurado designado no particip\u00f3 de la muestra por motivos de fuerza mayor, explicaron desde la gremial.\u2026","rel":"","context":"En \u00abActualidad\u00bb","block_context":{"text":"Actualidad","link":"https:\/\/lahoradelcampo.com.uy\/site\/category\/actualidad\/"},"img":{"alt_text":"","src":"https:\/\/i0.wp.com\/lahoradelcampo.com.uy\/site\/wp-content\/uploads\/2020\/09\/MerinoOtegui.jpg?fit=880%2C440&ssl=1&resize=350%2C200","width":350,"height":200,"srcset":"https:\/\/i0.wp.com\/lahoradelcampo.com.uy\/site\/wp-content\/uploads\/2020\/09\/MerinoOtegui.jpg?fit=880%2C440&ssl=1&resize=350%2C200 1x, https:\/\/i0.wp.com\/lahoradelcampo.com.uy\/site\/wp-content\/uploads\/2020\/09\/MerinoOtegui.jpg?fit=880%2C440&ssl=1&resize=525%2C300 1.5x, https:\/\/i0.wp.com\/lahoradelcampo.com.uy\/site\/wp-content\/uploads\/2020\/09\/MerinoOtegui.jpg?fit=880%2C440&ssl=1&resize=700%2C400 2x"},"classes":[]}],"jetpack_likes_enabled":true,"_links":{"self":[{"href":"https:\/\/lahoradelcampo.com.uy\/site\/wp-json\/wp\/v2\/posts\/46011","targetHints":{"allow":["GET"]}}],"collection":[{"href":"https:\/\/lahoradelcampo.com.uy\/site\/wp-json\/wp\/v2\/posts"}],"about":[{"href":"https:\/\/lahoradelcampo.com.uy\/site\/wp-json\/wp\/v2\/types\/post"}],"author":[{"embeddable":true,"href":"https:\/\/lahoradelcampo.com.uy\/site\/wp-json\/wp\/v2\/users\/5"}],"replies":[{"embeddable":true,"href":"https:\/\/lahoradelcampo.com.uy\/site\/wp-json\/wp\/v2\/comments?post=46011"}],"version-history":[{"count":1,"href":"https:\/\/lahoradelcampo.com.uy\/site\/wp-json\/wp\/v2\/posts\/46011\/revisions"}],"predecessor-version":[{"id":46013,"href":"https:\/\/lahoradelcampo.com.uy\/site\/wp-json\/wp\/v2\/posts\/46011\/revisions\/46013"}],"wp:featuredmedia":[{"embeddable":true,"href":"https:\/\/lahoradelcampo.com.uy\/site\/wp-json\/wp\/v2\/media\/45993"}],"wp:attachment":[{"href":"https:\/\/lahoradelcampo.com.uy\/site\/wp-json\/wp\/v2\/media?parent=46011"}],"wp:term":[{"taxonomy":"category","embeddable":true,"href":"https:\/\/lahoradelcampo.com.uy\/site\/wp-json\/wp\/v2\/categories?post=46011"},{"taxonomy":"post_tag","embeddable":true,"href":"https:\/\/lahoradelcampo.com.uy\/site\/wp-json\/wp\/v2\/tags?post=46011"}],"curies":[{"name":"wp","href":"https:\/\/api.w.org\/{rel}","templated":true}]}}