{"id":46007,"date":"2022-10-01T08:17:18","date_gmt":"2022-10-01T11:17:18","guid":{"rendered":"http:\/\/lahoradelcampo.com.uy\/site\/?p=46007"},"modified":"2022-10-01T08:17:22","modified_gmt":"2022-10-01T11:17:22","slug":"poll-dorset-san-rafael-en-el-po-y-cabana-salto-en-el-pedigree","status":"publish","type":"post","link":"https:\/\/lahoradelcampo.com.uy\/site\/poll-dorset-san-rafael-en-el-po-y-cabana-salto-en-el-pedigree\/","title":{"rendered":"Poll Dorset: San Rafael en el PO y Caba\u00f1a Salto en el pedigree"},"content":{"rendered":"\n<figure class=\"wp-block-image\"><img data-recalc-dims=\"1\" loading=\"lazy\" decoding=\"async\" width=\"810\" height=\"405\" data-attachment-id=\"45987\" data-permalink=\"https:\/\/lahoradelcampo.com.uy\/site\/el-presidente-de-la-raza-resalto-la-calidad-del-corriedale-en-salto\/exposalto-polldorset\/\" data-orig-file=\"https:\/\/i0.wp.com\/lahoradelcampo.com.uy\/site\/wp-content\/uploads\/2022\/10\/ExpoSalto-Polldorset.jpg?fit=880%2C440&amp;ssl=1\" data-orig-size=\"880,440\" data-comments-opened=\"1\" data-image-meta=\"{&quot;aperture&quot;:&quot;0&quot;,&quot;credit&quot;:&quot;&quot;,&quot;camera&quot;:&quot;&quot;,&quot;caption&quot;:&quot;&quot;,&quot;created_timestamp&quot;:&quot;0&quot;,&quot;copyright&quot;:&quot;&quot;,&quot;focal_length&quot;:&quot;0&quot;,&quot;iso&quot;:&quot;0&quot;,&quot;shutter_speed&quot;:&quot;0&quot;,&quot;title&quot;:&quot;&quot;,&quot;orientation&quot;:&quot;1&quot;}\" data-image-title=\"ExpoSalto-Polldorset\" data-image-description=\"\" data-image-caption=\"\" data-large-file=\"https:\/\/i0.wp.com\/lahoradelcampo.com.uy\/site\/wp-content\/uploads\/2022\/10\/ExpoSalto-Polldorset.jpg?fit=810%2C405&amp;ssl=1\" src=\"https:\/\/i0.wp.com\/lahoradelcampo.com.uy\/site\/wp-content\/uploads\/2022\/10\/ExpoSalto-Polldorset.jpg?resize=810%2C405\" alt=\"\" class=\"wp-image-45987\" srcset=\"https:\/\/i0.wp.com\/lahoradelcampo.com.uy\/site\/wp-content\/uploads\/2022\/10\/ExpoSalto-Polldorset.jpg?w=880&amp;ssl=1 880w, https:\/\/i0.wp.com\/lahoradelcampo.com.uy\/site\/wp-content\/uploads\/2022\/10\/ExpoSalto-Polldorset.jpg?resize=300%2C150&amp;ssl=1 300w, https:\/\/i0.wp.com\/lahoradelcampo.com.uy\/site\/wp-content\/uploads\/2022\/10\/ExpoSalto-Polldorset.jpg?resize=768%2C384&amp;ssl=1 768w, https:\/\/i0.wp.com\/lahoradelcampo.com.uy\/site\/wp-content\/uploads\/2022\/10\/ExpoSalto-Polldorset.jpg?resize=820%2C410&amp;ssl=1 820w\" sizes=\"auto, (max-width: 810px) 100vw, 810px\" \/><\/figure>\n\n\n\n<p>Con cuatro caba\u00f1as y nueve ejemplares, la\npista n\u00famero tres de ovinos fue inaugurada por la raza Poll Dorset, que\npresent\u00f3 una excelente muestra y tuvo como jurado al criador Francisco\nDonagaray, quien estuvo acompa\u00f1ado por la Sra. Ana Araujo. Al igual que en la\nExpo Prado de este a\u00f1o, la caba\u00f1a San Rafael present\u00f3 los mejores ejemplares de\nla raza en el Puro de Origen y caba\u00f1a Salto de Limitour en el Pedigree. <\/p>\n\n\n\n<p>El jurado dijo que \u201cla muestra no era tan\nnumerosa como me hubiera gustado, pero el Poll Dorset no se caracteriza por\ntener una pista de muchos animales ac\u00e1 en Salto, pero s\u00ed de muy buena calidad\u201d.\n<\/p>\n\n\n\n<p>Donagaray destac\u00f3 el Gran Campe\u00f3n pedigree de\nla raza, \u201ces un borrego de dos dientes con 107 kilos. Le veo un futuro\nb\u00e1rbaro\u201d. En tanto de las hembras dijo que \u201clas dos, la Gran Campeona Puro de\nOrigen era muy buena oveja y la reservada ten\u00eda un bruto cordero al pie\u201d.<\/p>\n\n\n\n<p>Puntualmente, la mejor hembra pedigree, fue\npremiada por el mismo jurado el a\u00f1o pasado en el Prado como Gran Campeona de\ncordera. El productor dijo que \u201cen esta raza carnicera creo que la precocidad\ndel animal es todo. Y bueno, me qued\u00e9 contento porque cuando le di la Gran\nCampeona en el Prado nadie me dijo nada, pero estoy seguro que muchos quedaron\ncalientes\u201d. <\/p>\n\n\n\n<p>Grandes campeones<\/p>\n\n\n\n<p>En el Puro de Origen se presentaron solo\nhembras, siendo la Gran Campeona expuesta por caba\u00f1a San Rafael. En tanto que\nen el pedigree, tanto el Gran Campe\u00f3n, como la Gran Campeona fueron expuesto\npor Caba\u00f1a Salto de Limitour. <\/p>\n\n\n\n<p>. Salto, s\u00e1bado 1 de octubre de 2022<\/p>\n","protected":false},"excerpt":{"rendered":"<p>Con cuatro caba\u00f1as y nueve ejemplares, la pista n\u00famero tres de ovinos fue inaugurada por la raza Poll Dorset, que present\u00f3 una excelente muestra y tuvo como jurado al criador [&hellip;]<\/p>\n","protected":false},"author":5,"featured_media":45987,"comment_status":"open","ping_status":"open","sticky":false,"template":"","format":"standard","meta":{"_price":"","_stock":"","_tribe_ticket_header":"","_tribe_default_ticket_provider":"","_tribe_ticket_capacity":"0","_ticket_start_date":"","_ticket_end_date":"","_tribe_ticket_show_description":"","_tribe_ticket_show_not_going":false,"_tribe_ticket_use_global_stock":"","_tribe_ticket_global_stock_level":"","_global_stock_mode":"","_global_stock_cap":"","_tribe_rsvp_for_event":"","_tribe_ticket_going_count":"","_tribe_ticket_not_going_count":"","_tribe_tickets_list":"[]","_tribe_ticket_has_attendee_info_fields":false,"h5ap_radio_sources":[],"_jetpack_newsletter_access":"","_jetpack_dont_email_post_to_subs":false,"_jetpack_newsletter_tier_id":0,"_jetpack_memberships_contains_paywalled_content":false,"_jetpack_memberships_contains_paid_content":false,"footnotes":""},"categories":[21,13],"tags":[],"class_list":["post-46007","post","type-post","status-publish","format-standard","has-post-thumbnail","hentry","category-actualidad","category-ovinos"],"jetpack_featured_media_url":"https:\/\/i0.wp.com\/lahoradelcampo.com.uy\/site\/wp-content\/uploads\/2022\/10\/ExpoSalto-Polldorset.jpg?fit=880%2C440&ssl=1","jetpack_sharing_enabled":true,"jetpack_shortlink":"https:\/\/wp.me\/p99IaT-bY3","jetpack-related-posts":[{"id":45457,"url":"https:\/\/lahoradelcampo.com.uy\/site\/cabana-salto-y-san-rafael-ganaron-las-pistas-del-poll-dorset\/","url_meta":{"origin":46007,"position":0},"title":"Caba\u00f1a Salto y San Rafael ganaron las pistas del Poll Dorset","author":"La Hora del Campo","date":"12 septiembre, 2022","format":false,"excerpt":"Las caba\u00f1as salte\u00f1as deleitaron con su gen\u00e9tica al jurado brasile\u00f1o, Ronaldo Carpes Da Costa, qui\u00e9n remarc\u00f3 la pureza racial y el volumen de carne de los animales que definieron los grandes campeonatos en la pista. \"Vi la raza muy bien posicionada, animales importantes y principalmente con mucha carne\", dijo el\u2026","rel":"","context":"En \u00abActualidad\u00bb","block_context":{"text":"Actualidad","link":"https:\/\/lahoradelcampo.com.uy\/site\/category\/actualidad\/"},"img":{"alt_text":"","src":"https:\/\/i0.wp.com\/lahoradelcampo.com.uy\/site\/wp-content\/uploads\/2022\/09\/Prado-sanrafael.jpg?fit=880%2C440&ssl=1&resize=350%2C200","width":350,"height":200,"srcset":"https:\/\/i0.wp.com\/lahoradelcampo.com.uy\/site\/wp-content\/uploads\/2022\/09\/Prado-sanrafael.jpg?fit=880%2C440&ssl=1&resize=350%2C200 1x, https:\/\/i0.wp.com\/lahoradelcampo.com.uy\/site\/wp-content\/uploads\/2022\/09\/Prado-sanrafael.jpg?fit=880%2C440&ssl=1&resize=525%2C300 1.5x, https:\/\/i0.wp.com\/lahoradelcampo.com.uy\/site\/wp-content\/uploads\/2022\/09\/Prado-sanrafael.jpg?fit=880%2C440&ssl=1&resize=700%2C400 2x"},"classes":[]},{"id":54802,"url":"https:\/\/lahoradelcampo.com.uy\/site\/san-rafael-gano-en-el-poll-dorset\/","url_meta":{"origin":46007,"position":1},"title":"San Rafael gan\u00f3 en el Poll Dorset","author":"La Hora del Campo","date":"8 octubre, 2024","format":false,"excerpt":"La segunda raza con mayor cantidad de animales presentados fue la Poll Dorset, donde la caba\u00f1a salte\u00f1a \"San Rafael\" de Omar Burutar\u00e1n present\u00f3 los mejores ejemplares puros de origen y el mejor macho en el pedigree, para los jurados Mar\u00eda Elvira Romero y Jos\u00e9 Carlos Mariezcurrena. Los jurados destacaron la\u2026","rel":"","context":"En \u00abActualidad\u00bb","block_context":{"text":"Actualidad","link":"https:\/\/lahoradelcampo.com.uy\/site\/category\/actualidad\/"},"img":{"alt_text":"","src":"https:\/\/i0.wp.com\/lahoradelcampo.com.uy\/site\/wp-content\/uploads\/2024\/10\/ExpoSalto-poldorset.jpg?fit=880%2C440&ssl=1&resize=350%2C200","width":350,"height":200,"srcset":"https:\/\/i0.wp.com\/lahoradelcampo.com.uy\/site\/wp-content\/uploads\/2024\/10\/ExpoSalto-poldorset.jpg?fit=880%2C440&ssl=1&resize=350%2C200 1x, https:\/\/i0.wp.com\/lahoradelcampo.com.uy\/site\/wp-content\/uploads\/2024\/10\/ExpoSalto-poldorset.jpg?fit=880%2C440&ssl=1&resize=525%2C300 1.5x, https:\/\/i0.wp.com\/lahoradelcampo.com.uy\/site\/wp-content\/uploads\/2024\/10\/ExpoSalto-poldorset.jpg?fit=880%2C440&ssl=1&resize=700%2C400 2x"},"classes":[]},{"id":23450,"url":"https:\/\/lahoradelcampo.com.uy\/site\/poll-dorset-san-rafael-gano-en-po-y-cabana-salto-en-el-pedigree\/","url_meta":{"origin":46007,"position":2},"title":"Poll Dorset: San Rafael gan\u00f3 en PO  y Caba\u00f1a Salto en el Pedigree","author":"La Hora del Campo","date":"13 septiembre, 2020","format":false,"excerpt":"El viernes comenzaron las calificaciones de las razas ovinas en el marco de la Expo Prado 2020. En esta oportunidad el primer turno de calificaci\u00f3n fue en las razas carniceras, donde participaron las caba\u00f1as salte\u00f1as, San Rafael y Caba\u00f1a Salto alcanzando Grandes Campeonatos. El productor sanducero, Eduardo Filliiol fue el\u2026","rel":"","context":"En \u00abActualidad\u00bb","block_context":{"text":"Actualidad","link":"https:\/\/lahoradelcampo.com.uy\/site\/category\/actualidad\/"},"img":{"alt_text":"","src":"https:\/\/i0.wp.com\/lahoradelcampo.com.uy\/site\/wp-content\/uploads\/2020\/09\/SanRafaelPollDorset.jpg?fit=880%2C440&ssl=1&resize=350%2C200","width":350,"height":200,"srcset":"https:\/\/i0.wp.com\/lahoradelcampo.com.uy\/site\/wp-content\/uploads\/2020\/09\/SanRafaelPollDorset.jpg?fit=880%2C440&ssl=1&resize=350%2C200 1x, https:\/\/i0.wp.com\/lahoradelcampo.com.uy\/site\/wp-content\/uploads\/2020\/09\/SanRafaelPollDorset.jpg?fit=880%2C440&ssl=1&resize=525%2C300 1.5x, https:\/\/i0.wp.com\/lahoradelcampo.com.uy\/site\/wp-content\/uploads\/2020\/09\/SanRafaelPollDorset.jpg?fit=880%2C440&ssl=1&resize=700%2C400 2x"},"classes":[]},{"id":56793,"url":"https:\/\/lahoradelcampo.com.uy\/site\/san-rafael-gano-en-el-poll-dorset-2\/","url_meta":{"origin":46007,"position":3},"title":"San Rafael gan\u00f3 en el Poll Dorset","author":"La Hora del Campo","date":"13 septiembre, 2025","format":false,"excerpt":"La raza Poll Dorset exhibi\u00f3 en el Prado 2025 un alto nivel de calidad carnicera, con gran paridad en todas las categor\u00edas y ejemplares presentados de forma destacada por los criadores. La jura estuvo a cargo del ingeniero agr\u00f3nomo Jos\u00e9 Rivero y del doctor Federico Blanco, t\u00e9cnico del Secretariado Uruguayo\u2026","rel":"","context":"En \u00abActualidad\u00bb","block_context":{"text":"Actualidad","link":"https:\/\/lahoradelcampo.com.uy\/site\/category\/actualidad\/"},"img":{"alt_text":"","src":"https:\/\/i0.wp.com\/lahoradelcampo.com.uy\/site\/wp-content\/uploads\/2025\/09\/2025-prado-polldorset.jpg?fit=880%2C440&ssl=1&resize=350%2C200","width":350,"height":200,"srcset":"https:\/\/i0.wp.com\/lahoradelcampo.com.uy\/site\/wp-content\/uploads\/2025\/09\/2025-prado-polldorset.jpg?fit=880%2C440&ssl=1&resize=350%2C200 1x, https:\/\/i0.wp.com\/lahoradelcampo.com.uy\/site\/wp-content\/uploads\/2025\/09\/2025-prado-polldorset.jpg?fit=880%2C440&ssl=1&resize=525%2C300 1.5x, https:\/\/i0.wp.com\/lahoradelcampo.com.uy\/site\/wp-content\/uploads\/2025\/09\/2025-prado-polldorset.jpg?fit=880%2C440&ssl=1&resize=700%2C400 2x"},"classes":[]},{"id":33503,"url":"https:\/\/lahoradelcampo.com.uy\/site\/francisco-donagaray-sera-el-jurado-poll-dorset-en-expo-prado\/","url_meta":{"origin":46007,"position":4},"title":"Francisco Donagaray ser\u00e1 el jurado Poll Dorset en Expo Prado","author":"La Hora del Campo","date":"30 agosto, 2021","format":false,"excerpt":"En La Hora del Campo le hemos venido adelantando los diferentes especialistas que tendr\u00e1n a su cargo las calificaciones de los mejores ejemplares en el marco de la Expo Prado 2021. En este sentido el productor de R\u00edo Grande del Sur, Brasil, Jos\u00e9 Thiago Machado de Mattos, ser\u00e1 encargado de\u2026","rel":"","context":"En \u00abActualidad\u00bb","block_context":{"text":"Actualidad","link":"https:\/\/lahoradelcampo.com.uy\/site\/category\/actualidad\/"},"img":{"alt_text":"","src":"https:\/\/i0.wp.com\/lahoradelcampo.com.uy\/site\/wp-content\/uploads\/2017\/12\/Francisco-Donagaray-1.jpg?fit=880%2C440&ssl=1&resize=350%2C200","width":350,"height":200,"srcset":"https:\/\/i0.wp.com\/lahoradelcampo.com.uy\/site\/wp-content\/uploads\/2017\/12\/Francisco-Donagaray-1.jpg?fit=880%2C440&ssl=1&resize=350%2C200 1x, https:\/\/i0.wp.com\/lahoradelcampo.com.uy\/site\/wp-content\/uploads\/2017\/12\/Francisco-Donagaray-1.jpg?fit=880%2C440&ssl=1&resize=525%2C300 1.5x, https:\/\/i0.wp.com\/lahoradelcampo.com.uy\/site\/wp-content\/uploads\/2017\/12\/Francisco-Donagaray-1.jpg?fit=880%2C440&ssl=1&resize=700%2C400 2x"},"classes":[]},{"id":899,"url":"https:\/\/lahoradelcampo.com.uy\/site\/gran-campeon-poll-dorset-es-de-cabana-salto-limitour\/","url_meta":{"origin":46007,"position":5},"title":"Gran Campe\u00f3n Poll Dorset es de Caba\u00f1a Salto, Limitour","author":"La Hora del Campo","date":"11 septiembre, 2017","format":false,"excerpt":"En el galp\u00f3n de ventas se llev\u00f3 adelante la calificaci\u00f3n de los mejores ejemplares de la raza Poll Dorset, en esta Expo Prado 2017. El jurado fue\u00a0Arthur Blakely; de Nueva Zelanda, uno de los t\u00e9cnicos que trabajo en la primera importaci\u00f3n de ejemplares desde Ocean\u00eda, realizada por caba\u00f1as \"Las Rosas\"\u2026","rel":"","context":"En \u00abActualidad\u00bb","block_context":{"text":"Actualidad","link":"https:\/\/lahoradelcampo.com.uy\/site\/category\/actualidad\/"},"img":{"alt_text":"","src":"https:\/\/i0.wp.com\/lahoradelcampo.com.uy\/site\/wp-content\/uploads\/2017\/09\/Poll-Dorset.jpg?fit=880%2C440&ssl=1&resize=350%2C200","width":350,"height":200,"srcset":"https:\/\/i0.wp.com\/lahoradelcampo.com.uy\/site\/wp-content\/uploads\/2017\/09\/Poll-Dorset.jpg?fit=880%2C440&ssl=1&resize=350%2C200 1x, https:\/\/i0.wp.com\/lahoradelcampo.com.uy\/site\/wp-content\/uploads\/2017\/09\/Poll-Dorset.jpg?fit=880%2C440&ssl=1&resize=525%2C300 1.5x, https:\/\/i0.wp.com\/lahoradelcampo.com.uy\/site\/wp-content\/uploads\/2017\/09\/Poll-Dorset.jpg?fit=880%2C440&ssl=1&resize=700%2C400 2x"},"classes":[]}],"jetpack_likes_enabled":true,"_links":{"self":[{"href":"https:\/\/lahoradelcampo.com.uy\/site\/wp-json\/wp\/v2\/posts\/46007","targetHints":{"allow":["GET"]}}],"collection":[{"href":"https:\/\/lahoradelcampo.com.uy\/site\/wp-json\/wp\/v2\/posts"}],"about":[{"href":"https:\/\/lahoradelcampo.com.uy\/site\/wp-json\/wp\/v2\/types\/post"}],"author":[{"embeddable":true,"href":"https:\/\/lahoradelcampo.com.uy\/site\/wp-json\/wp\/v2\/users\/5"}],"replies":[{"embeddable":true,"href":"https:\/\/lahoradelcampo.com.uy\/site\/wp-json\/wp\/v2\/comments?post=46007"}],"version-history":[{"count":1,"href":"https:\/\/lahoradelcampo.com.uy\/site\/wp-json\/wp\/v2\/posts\/46007\/revisions"}],"predecessor-version":[{"id":46009,"href":"https:\/\/lahoradelcampo.com.uy\/site\/wp-json\/wp\/v2\/posts\/46007\/revisions\/46009"}],"wp:featuredmedia":[{"embeddable":true,"href":"https:\/\/lahoradelcampo.com.uy\/site\/wp-json\/wp\/v2\/media\/45987"}],"wp:attachment":[{"href":"https:\/\/lahoradelcampo.com.uy\/site\/wp-json\/wp\/v2\/media?parent=46007"}],"wp:term":[{"taxonomy":"category","embeddable":true,"href":"https:\/\/lahoradelcampo.com.uy\/site\/wp-json\/wp\/v2\/categories?post=46007"},{"taxonomy":"post_tag","embeddable":true,"href":"https:\/\/lahoradelcampo.com.uy\/site\/wp-json\/wp\/v2\/tags?post=46007"}],"curies":[{"name":"wp","href":"https:\/\/api.w.org\/{rel}","templated":true}]}}