{"id":46003,"date":"2022-10-01T08:16:02","date_gmt":"2022-10-01T11:16:02","guid":{"rendered":"http:\/\/lahoradelcampo.com.uy\/site\/?p=46003"},"modified":"2022-10-01T08:16:05","modified_gmt":"2022-10-01T11:16:05","slug":"anita-sg-presento-las-mejores-hembras-del-ideal-para-los-jurados-argentinos","status":"publish","type":"post","link":"https:\/\/lahoradelcampo.com.uy\/site\/anita-sg-presento-las-mejores-hembras-del-ideal-para-los-jurados-argentinos\/","title":{"rendered":"Anita SG present\u00f3 las mejores hembras del Ideal para los jurados argentinos"},"content":{"rendered":"\n<figure class=\"wp-block-image\"><img data-recalc-dims=\"1\" loading=\"lazy\" decoding=\"async\" width=\"810\" height=\"405\" data-attachment-id=\"45991\" data-permalink=\"https:\/\/lahoradelcampo.com.uy\/site\/el-presidente-de-la-raza-resalto-la-calidad-del-corriedale-en-salto\/exposalto-ideal\/\" data-orig-file=\"https:\/\/i0.wp.com\/lahoradelcampo.com.uy\/site\/wp-content\/uploads\/2022\/10\/ExpoSalto-Ideal.jpg?fit=880%2C440&amp;ssl=1\" data-orig-size=\"880,440\" data-comments-opened=\"1\" data-image-meta=\"{&quot;aperture&quot;:&quot;0&quot;,&quot;credit&quot;:&quot;&quot;,&quot;camera&quot;:&quot;&quot;,&quot;caption&quot;:&quot;&quot;,&quot;created_timestamp&quot;:&quot;0&quot;,&quot;copyright&quot;:&quot;&quot;,&quot;focal_length&quot;:&quot;0&quot;,&quot;iso&quot;:&quot;0&quot;,&quot;shutter_speed&quot;:&quot;0&quot;,&quot;title&quot;:&quot;&quot;,&quot;orientation&quot;:&quot;1&quot;}\" data-image-title=\"ExpoSalto-Ideal\" data-image-description=\"\" data-image-caption=\"\" data-large-file=\"https:\/\/i0.wp.com\/lahoradelcampo.com.uy\/site\/wp-content\/uploads\/2022\/10\/ExpoSalto-Ideal.jpg?fit=810%2C405&amp;ssl=1\" src=\"https:\/\/i0.wp.com\/lahoradelcampo.com.uy\/site\/wp-content\/uploads\/2022\/10\/ExpoSalto-Ideal.jpg?resize=810%2C405\" alt=\"\" class=\"wp-image-45991\" srcset=\"https:\/\/i0.wp.com\/lahoradelcampo.com.uy\/site\/wp-content\/uploads\/2022\/10\/ExpoSalto-Ideal.jpg?w=880&amp;ssl=1 880w, https:\/\/i0.wp.com\/lahoradelcampo.com.uy\/site\/wp-content\/uploads\/2022\/10\/ExpoSalto-Ideal.jpg?resize=300%2C150&amp;ssl=1 300w, https:\/\/i0.wp.com\/lahoradelcampo.com.uy\/site\/wp-content\/uploads\/2022\/10\/ExpoSalto-Ideal.jpg?resize=768%2C384&amp;ssl=1 768w, https:\/\/i0.wp.com\/lahoradelcampo.com.uy\/site\/wp-content\/uploads\/2022\/10\/ExpoSalto-Ideal.jpg?resize=820%2C410&amp;ssl=1 820w\" sizes=\"auto, (max-width: 810px) 100vw, 810px\" \/><\/figure>\n\n\n\n<p>Los criadores argentinos Roberto Surt y Miguel\nMarticorena, de la zona de Chajar\u00ed y Curuz\u00fa Cuat\u00eda respectivamente, fueron los\nencargados de seleccionar los mejores ejemplares de una muestra que expuso un\nexcelente potencial gen\u00e9tico, tanto en machos como en hembras. <\/p>\n\n\n\n<p>En el caso de las hembras, ambos jurados\ndestacaron la calidad de las lanas tanto de la Gran Campeona PO como Pedigree.\nAmbos ejemplares fueron expuestos por la caba\u00f1a salte\u00f1a \u201cAnita\u201d de\nMartinicorena Giacometti Hnos. <\/p>\n\n\n\n<p>En los machos, el Gran Campe\u00f3n PO fue expuesto por la caba\u00f1a Rinc\u00f3n de Francia de Oscar Zabaleta, del departamento de R\u00edo Negro. En tanto que en el Pedigree, fue presentado por El Progreso de Lorenzelli.<\/p>\n\n\n\n<p>Salto, S\u00e1bado 1 de octubre de 2022<\/p>\n","protected":false},"excerpt":{"rendered":"<p>Los criadores argentinos Roberto Surt y Miguel Marticorena, de la zona de Chajar\u00ed y Curuz\u00fa Cuat\u00eda respectivamente, fueron los encargados de seleccionar los mejores ejemplares de una muestra que expuso [&hellip;]<\/p>\n","protected":false},"author":5,"featured_media":45991,"comment_status":"open","ping_status":"open","sticky":false,"template":"","format":"standard","meta":{"_price":"","_stock":"","_tribe_ticket_header":"","_tribe_default_ticket_provider":"","_tribe_ticket_capacity":"0","_ticket_start_date":"","_ticket_end_date":"","_tribe_ticket_show_description":"","_tribe_ticket_show_not_going":false,"_tribe_ticket_use_global_stock":"","_tribe_ticket_global_stock_level":"","_global_stock_mode":"","_global_stock_cap":"","_tribe_rsvp_for_event":"","_tribe_ticket_going_count":"","_tribe_ticket_not_going_count":"","_tribe_tickets_list":"[]","_tribe_ticket_has_attendee_info_fields":false,"h5ap_radio_sources":[],"_jetpack_newsletter_access":"","_jetpack_dont_email_post_to_subs":false,"_jetpack_newsletter_tier_id":0,"_jetpack_memberships_contains_paywalled_content":false,"_jetpack_memberships_contains_paid_content":false,"footnotes":""},"categories":[21,13],"tags":[],"class_list":["post-46003","post","type-post","status-publish","format-standard","has-post-thumbnail","hentry","category-actualidad","category-ovinos"],"jetpack_featured_media_url":"https:\/\/i0.wp.com\/lahoradelcampo.com.uy\/site\/wp-content\/uploads\/2022\/10\/ExpoSalto-Ideal.jpg?fit=880%2C440&ssl=1","jetpack_sharing_enabled":true,"jetpack_shortlink":"https:\/\/wp.me\/p99IaT-bXZ","jetpack-related-posts":[{"id":54802,"url":"https:\/\/lahoradelcampo.com.uy\/site\/san-rafael-gano-en-el-poll-dorset\/","url_meta":{"origin":46003,"position":0},"title":"San Rafael gan\u00f3 en el Poll Dorset","author":"La Hora del Campo","date":"8 octubre, 2024","format":false,"excerpt":"La segunda raza con mayor cantidad de animales presentados fue la Poll Dorset, donde la caba\u00f1a salte\u00f1a \"San Rafael\" de Omar Burutar\u00e1n present\u00f3 los mejores ejemplares puros de origen y el mejor macho en el pedigree, para los jurados Mar\u00eda Elvira Romero y Jos\u00e9 Carlos Mariezcurrena. Los jurados destacaron la\u2026","rel":"","context":"En \u00abActualidad\u00bb","block_context":{"text":"Actualidad","link":"https:\/\/lahoradelcampo.com.uy\/site\/category\/actualidad\/"},"img":{"alt_text":"","src":"https:\/\/i0.wp.com\/lahoradelcampo.com.uy\/site\/wp-content\/uploads\/2024\/10\/ExpoSalto-poldorset.jpg?fit=880%2C440&ssl=1&resize=350%2C200","width":350,"height":200,"srcset":"https:\/\/i0.wp.com\/lahoradelcampo.com.uy\/site\/wp-content\/uploads\/2024\/10\/ExpoSalto-poldorset.jpg?fit=880%2C440&ssl=1&resize=350%2C200 1x, https:\/\/i0.wp.com\/lahoradelcampo.com.uy\/site\/wp-content\/uploads\/2024\/10\/ExpoSalto-poldorset.jpg?fit=880%2C440&ssl=1&resize=525%2C300 1.5x, https:\/\/i0.wp.com\/lahoradelcampo.com.uy\/site\/wp-content\/uploads\/2024\/10\/ExpoSalto-poldorset.jpg?fit=880%2C440&ssl=1&resize=700%2C400 2x"},"classes":[]},{"id":54452,"url":"https:\/\/lahoradelcampo.com.uy\/site\/dona-cecilia-gano-en-machos-y-hembras-de-la-raza-arabes\/","url_meta":{"origin":46003,"position":1},"title":"\u00abDo\u00f1a Cecilia\u00bb gan\u00f3 en machos y hembras de la raza \u00c1rabes","author":"La Hora del Campo","date":"8 septiembre, 2024","format":false,"excerpt":"El s\u00e1bado, con 13 ejemplares en pista, se realiz\u00f3 las calificaciones de la raza equina \u00c1rabes, que este a\u00f1o estuvo bajo la mirada de tres jurados, designados por la Sociedad de Criadores de Caballos \u00c1rabes del Uruguay. Juan Kademian, de Argentina; Koenraad Detaileeur, de B\u00e9lgica; y Luiz Rocco, de Brasil,\u2026","rel":"","context":"En \u00abActualidad\u00bb","block_context":{"text":"Actualidad","link":"https:\/\/lahoradelcampo.com.uy\/site\/category\/actualidad\/"},"img":{"alt_text":"","src":"https:\/\/i0.wp.com\/lahoradelcampo.com.uy\/site\/wp-content\/uploads\/2024\/09\/arabes-2024.jpg?fit=880%2C440&ssl=1&resize=350%2C200","width":350,"height":200,"srcset":"https:\/\/i0.wp.com\/lahoradelcampo.com.uy\/site\/wp-content\/uploads\/2024\/09\/arabes-2024.jpg?fit=880%2C440&ssl=1&resize=350%2C200 1x, https:\/\/i0.wp.com\/lahoradelcampo.com.uy\/site\/wp-content\/uploads\/2024\/09\/arabes-2024.jpg?fit=880%2C440&ssl=1&resize=525%2C300 1.5x, https:\/\/i0.wp.com\/lahoradelcampo.com.uy\/site\/wp-content\/uploads\/2024\/09\/arabes-2024.jpg?fit=880%2C440&ssl=1&resize=700%2C400 2x"},"classes":[]},{"id":56753,"url":"https:\/\/lahoradelcampo.com.uy\/site\/el-capricho-presento-los-grandes-campeones-po-y-pi-en-suffolk\/","url_meta":{"origin":46003,"position":2},"title":"El Capricho present\u00f3 los grandes campeones PO y PI en Suffolk","author":"La Hora del Campo","date":"9 septiembre, 2025","format":false,"excerpt":"Pedro Scremini y Juan Jos\u00e9 Lucas fueron los jurados de la raza Suffolk en la pista de la Expo Prado, donde se observ\u00f3 un alto nivel de preparaci\u00f3n y presentaci\u00f3n de los ejemplares, adem\u00e1s del incremento en las inscripciones y la participaci\u00f3n de nuevas caba\u00f1as. La caba\u00f1a El Capricho, de\u2026","rel":"","context":"En \u00abActualidad\u00bb","block_context":{"text":"Actualidad","link":"https:\/\/lahoradelcampo.com.uy\/site\/category\/actualidad\/"},"img":{"alt_text":"","src":"https:\/\/i0.wp.com\/lahoradelcampo.com.uy\/site\/wp-content\/uploads\/2025\/09\/2025-Prado-suffolk.jpg?fit=880%2C440&ssl=1&resize=350%2C200","width":350,"height":200,"srcset":"https:\/\/i0.wp.com\/lahoradelcampo.com.uy\/site\/wp-content\/uploads\/2025\/09\/2025-Prado-suffolk.jpg?fit=880%2C440&ssl=1&resize=350%2C200 1x, https:\/\/i0.wp.com\/lahoradelcampo.com.uy\/site\/wp-content\/uploads\/2025\/09\/2025-Prado-suffolk.jpg?fit=880%2C440&ssl=1&resize=525%2C300 1.5x, https:\/\/i0.wp.com\/lahoradelcampo.com.uy\/site\/wp-content\/uploads\/2025\/09\/2025-Prado-suffolk.jpg?fit=880%2C440&ssl=1&resize=700%2C400 2x"},"classes":[]},{"id":54570,"url":"https:\/\/lahoradelcampo.com.uy\/site\/los-mejores-poll-merino-australiano-po-son-de-la-magdalena\/","url_meta":{"origin":46003,"position":3},"title":"Los mejores Poll Merino Australiano PO son de \u00abLa Magdalena\u00bb","author":"La Hora del Campo","date":"13 septiembre, 2024","format":false,"excerpt":"Este viernes, las razas ovinas, en su gran mayor\u00eda productoras de lana, colmaron las pistas de la rural del Prado, donde se observaron ejemplares que marcan la punta de la pir\u00e1mide gen\u00e9tica en cada raza. En el caso de la raza Merino Australiano, los jurados definidos para esta oportunidad fueron\u2026","rel":"","context":"En \u00abActualidad\u00bb","block_context":{"text":"Actualidad","link":"https:\/\/lahoradelcampo.com.uy\/site\/category\/actualidad\/"},"img":{"alt_text":"","src":"https:\/\/i0.wp.com\/lahoradelcampo.com.uy\/site\/wp-content\/uploads\/2024\/09\/Prado24-GCPMAPO.jpg?fit=880%2C440&ssl=1&resize=350%2C200","width":350,"height":200,"srcset":"https:\/\/i0.wp.com\/lahoradelcampo.com.uy\/site\/wp-content\/uploads\/2024\/09\/Prado24-GCPMAPO.jpg?fit=880%2C440&ssl=1&resize=350%2C200 1x, https:\/\/i0.wp.com\/lahoradelcampo.com.uy\/site\/wp-content\/uploads\/2024\/09\/Prado24-GCPMAPO.jpg?fit=880%2C440&ssl=1&resize=525%2C300 1.5x, https:\/\/i0.wp.com\/lahoradelcampo.com.uy\/site\/wp-content\/uploads\/2024\/09\/Prado24-GCPMAPO.jpg?fit=880%2C440&ssl=1&resize=700%2C400 2x"},"classes":[]},{"id":14007,"url":"https:\/\/lahoradelcampo.com.uy\/site\/las-razas-ovinas-de-carne-dieron-el-puntapie-en-las-pistas-del-prado\/","url_meta":{"origin":46003,"position":4},"title":"Las razas ovinas de carne dieron el puntapie en las pistas del Prado","author":"La Hora del Campo","date":"9 septiembre, 2019","format":false,"excerpt":"La Asociaci\u00f3n Rural del Uruguay para esta edici\u00f3n de la Expo Prado, realiz\u00f3 varios cambios, entre ellos la realizaci\u00f3n de dos turnos de calificaciones en bovinos y ovinos, tal cual lo ven\u00eda realizando con las razas equinas. En este sentido se calificaron las razas ovinas de carne y las razas\u2026","rel":"","context":"En \u00abActualidad\u00bb","block_context":{"text":"Actualidad","link":"https:\/\/lahoradelcampo.com.uy\/site\/category\/actualidad\/"},"img":{"alt_text":"","src":"https:\/\/i0.wp.com\/lahoradelcampo.com.uy\/site\/wp-content\/uploads\/2019\/09\/Prado.jpg?fit=880%2C440&ssl=1&resize=350%2C200","width":350,"height":200,"srcset":"https:\/\/i0.wp.com\/lahoradelcampo.com.uy\/site\/wp-content\/uploads\/2019\/09\/Prado.jpg?fit=880%2C440&ssl=1&resize=350%2C200 1x, https:\/\/i0.wp.com\/lahoradelcampo.com.uy\/site\/wp-content\/uploads\/2019\/09\/Prado.jpg?fit=880%2C440&ssl=1&resize=525%2C300 1.5x, https:\/\/i0.wp.com\/lahoradelcampo.com.uy\/site\/wp-content\/uploads\/2019\/09\/Prado.jpg?fit=880%2C440&ssl=1&resize=700%2C400 2x"},"classes":[]},{"id":45457,"url":"https:\/\/lahoradelcampo.com.uy\/site\/cabana-salto-y-san-rafael-ganaron-las-pistas-del-poll-dorset\/","url_meta":{"origin":46003,"position":5},"title":"Caba\u00f1a Salto y San Rafael ganaron las pistas del Poll Dorset","author":"La Hora del Campo","date":"12 septiembre, 2022","format":false,"excerpt":"Las caba\u00f1as salte\u00f1as deleitaron con su gen\u00e9tica al jurado brasile\u00f1o, Ronaldo Carpes Da Costa, qui\u00e9n remarc\u00f3 la pureza racial y el volumen de carne de los animales que definieron los grandes campeonatos en la pista. \"Vi la raza muy bien posicionada, animales importantes y principalmente con mucha carne\", dijo el\u2026","rel":"","context":"En \u00abActualidad\u00bb","block_context":{"text":"Actualidad","link":"https:\/\/lahoradelcampo.com.uy\/site\/category\/actualidad\/"},"img":{"alt_text":"","src":"https:\/\/i0.wp.com\/lahoradelcampo.com.uy\/site\/wp-content\/uploads\/2022\/09\/Prado-sanrafael.jpg?fit=880%2C440&ssl=1&resize=350%2C200","width":350,"height":200,"srcset":"https:\/\/i0.wp.com\/lahoradelcampo.com.uy\/site\/wp-content\/uploads\/2022\/09\/Prado-sanrafael.jpg?fit=880%2C440&ssl=1&resize=350%2C200 1x, https:\/\/i0.wp.com\/lahoradelcampo.com.uy\/site\/wp-content\/uploads\/2022\/09\/Prado-sanrafael.jpg?fit=880%2C440&ssl=1&resize=525%2C300 1.5x, https:\/\/i0.wp.com\/lahoradelcampo.com.uy\/site\/wp-content\/uploads\/2022\/09\/Prado-sanrafael.jpg?fit=880%2C440&ssl=1&resize=700%2C400 2x"},"classes":[]}],"jetpack_likes_enabled":true,"_links":{"self":[{"href":"https:\/\/lahoradelcampo.com.uy\/site\/wp-json\/wp\/v2\/posts\/46003","targetHints":{"allow":["GET"]}}],"collection":[{"href":"https:\/\/lahoradelcampo.com.uy\/site\/wp-json\/wp\/v2\/posts"}],"about":[{"href":"https:\/\/lahoradelcampo.com.uy\/site\/wp-json\/wp\/v2\/types\/post"}],"author":[{"embeddable":true,"href":"https:\/\/lahoradelcampo.com.uy\/site\/wp-json\/wp\/v2\/users\/5"}],"replies":[{"embeddable":true,"href":"https:\/\/lahoradelcampo.com.uy\/site\/wp-json\/wp\/v2\/comments?post=46003"}],"version-history":[{"count":1,"href":"https:\/\/lahoradelcampo.com.uy\/site\/wp-json\/wp\/v2\/posts\/46003\/revisions"}],"predecessor-version":[{"id":46005,"href":"https:\/\/lahoradelcampo.com.uy\/site\/wp-json\/wp\/v2\/posts\/46003\/revisions\/46005"}],"wp:featuredmedia":[{"embeddable":true,"href":"https:\/\/lahoradelcampo.com.uy\/site\/wp-json\/wp\/v2\/media\/45991"}],"wp:attachment":[{"href":"https:\/\/lahoradelcampo.com.uy\/site\/wp-json\/wp\/v2\/media?parent=46003"}],"wp:term":[{"taxonomy":"category","embeddable":true,"href":"https:\/\/lahoradelcampo.com.uy\/site\/wp-json\/wp\/v2\/categories?post=46003"},{"taxonomy":"post_tag","embeddable":true,"href":"https:\/\/lahoradelcampo.com.uy\/site\/wp-json\/wp\/v2\/tags?post=46003"}],"curies":[{"name":"wp","href":"https:\/\/api.w.org\/{rel}","templated":true}]}}