{"id":45999,"date":"2022-10-01T08:14:47","date_gmt":"2022-10-01T11:14:47","guid":{"rendered":"http:\/\/lahoradelcampo.com.uy\/site\/?p=45999"},"modified":"2022-10-01T08:14:51","modified_gmt":"2022-10-01T11:14:51","slug":"la-loma-mostro-lo-mejor-del-merilin-salteno","status":"publish","type":"post","link":"https:\/\/lahoradelcampo.com.uy\/site\/la-loma-mostro-lo-mejor-del-merilin-salteno\/","title":{"rendered":"La Loma mostr\u00f3 lo mejor del Meril\u00edn salte\u00f1o"},"content":{"rendered":"\n<figure class=\"wp-block-image\"><img data-recalc-dims=\"1\" loading=\"lazy\" decoding=\"async\" width=\"810\" height=\"405\" data-attachment-id=\"45989\" data-permalink=\"https:\/\/lahoradelcampo.com.uy\/site\/el-presidente-de-la-raza-resalto-la-calidad-del-corriedale-en-salto\/exposalto-merilin\/\" data-orig-file=\"https:\/\/i0.wp.com\/lahoradelcampo.com.uy\/site\/wp-content\/uploads\/2022\/10\/ExpoSalto-Merilin.jpg?fit=880%2C440&amp;ssl=1\" data-orig-size=\"880,440\" data-comments-opened=\"1\" data-image-meta=\"{&quot;aperture&quot;:&quot;0&quot;,&quot;credit&quot;:&quot;&quot;,&quot;camera&quot;:&quot;&quot;,&quot;caption&quot;:&quot;&quot;,&quot;created_timestamp&quot;:&quot;0&quot;,&quot;copyright&quot;:&quot;&quot;,&quot;focal_length&quot;:&quot;0&quot;,&quot;iso&quot;:&quot;0&quot;,&quot;shutter_speed&quot;:&quot;0&quot;,&quot;title&quot;:&quot;&quot;,&quot;orientation&quot;:&quot;1&quot;}\" data-image-title=\"ExpoSalto-Merilin\" data-image-description=\"\" data-image-caption=\"\" data-large-file=\"https:\/\/i0.wp.com\/lahoradelcampo.com.uy\/site\/wp-content\/uploads\/2022\/10\/ExpoSalto-Merilin.jpg?fit=810%2C405&amp;ssl=1\" src=\"https:\/\/i0.wp.com\/lahoradelcampo.com.uy\/site\/wp-content\/uploads\/2022\/10\/ExpoSalto-Merilin.jpg?resize=810%2C405\" alt=\"\" class=\"wp-image-45989\" srcset=\"https:\/\/i0.wp.com\/lahoradelcampo.com.uy\/site\/wp-content\/uploads\/2022\/10\/ExpoSalto-Merilin.jpg?w=880&amp;ssl=1 880w, https:\/\/i0.wp.com\/lahoradelcampo.com.uy\/site\/wp-content\/uploads\/2022\/10\/ExpoSalto-Merilin.jpg?resize=300%2C150&amp;ssl=1 300w, https:\/\/i0.wp.com\/lahoradelcampo.com.uy\/site\/wp-content\/uploads\/2022\/10\/ExpoSalto-Merilin.jpg?resize=768%2C384&amp;ssl=1 768w, https:\/\/i0.wp.com\/lahoradelcampo.com.uy\/site\/wp-content\/uploads\/2022\/10\/ExpoSalto-Merilin.jpg?resize=820%2C410&amp;ssl=1 820w\" sizes=\"auto, (max-width: 810px) 100vw, 810px\" \/><\/figure>\n\n\n\n<p>Con la calificaci\u00f3n del productor de la\nColonia Antonio Rubio, Milton Mazzilli, la raza ovina nacional present\u00f3 en\npista tres ejemplares destacados por su tama\u00f1o y lana fina. <\/p>\n\n\n\n<p>El jurado dijo \u201cnos encontramos con unos\nejemplares de muy buen largo de mecha, muy buen cuerpo, de lana bastante fina,\ny la verdad que estaba media picadita, nos demoramos un poquito en decidir,\nporque los tres carneros estaban muy buenos\u201d. <\/p>\n\n\n\n<p>Mazzilli dijo que la raza ha estado buscando\nhace tiempo el afinamiento de las lanas, pero sin perder las cualidades m\u00e1s\nimportantes desde el punto de vista del vell\u00f3n, \u201cde buen largo de mecha, una\nlana blanca y fina, algo que nos tiene acostumbrados Nacimento\u201d. Agreg\u00f3 que\neste camino que ha adoptado la raza, hay que continuarlo porque \u201cla industria\nnos obliga a ser m\u00e1s competitivos\u201d. <\/p>\n\n\n\n<p>El Gran Campe\u00f3n de la raza fue expuesto por la caba\u00f1a \u201cLa Loma\u201d de Francisco Nacimento. En las ventas, el carnero se comercializ\u00f3 en US$ 900 y fue adquirido por Mabel Courdin. <\/p>\n\n\n\n<p>Salto, s\u00e1bado 1 de octubre de 2022<\/p>\n","protected":false},"excerpt":{"rendered":"<p>Con la calificaci\u00f3n del productor de la Colonia Antonio Rubio, Milton Mazzilli, la raza ovina nacional present\u00f3 en pista tres ejemplares destacados por su tama\u00f1o y lana fina. El jurado [&hellip;]<\/p>\n","protected":false},"author":5,"featured_media":45989,"comment_status":"open","ping_status":"open","sticky":false,"template":"","format":"standard","meta":{"_price":"","_stock":"","_tribe_ticket_header":"","_tribe_default_ticket_provider":"","_tribe_ticket_capacity":"0","_ticket_start_date":"","_ticket_end_date":"","_tribe_ticket_show_description":"","_tribe_ticket_show_not_going":false,"_tribe_ticket_use_global_stock":"","_tribe_ticket_global_stock_level":"","_global_stock_mode":"","_global_stock_cap":"","_tribe_rsvp_for_event":"","_tribe_ticket_going_count":"","_tribe_ticket_not_going_count":"","_tribe_tickets_list":"[]","_tribe_ticket_has_attendee_info_fields":false,"h5ap_radio_sources":[],"_jetpack_newsletter_access":"","_jetpack_dont_email_post_to_subs":false,"_jetpack_newsletter_tier_id":0,"_jetpack_memberships_contains_paywalled_content":false,"_jetpack_memberships_contains_paid_content":false,"footnotes":""},"categories":[21,13],"tags":[],"class_list":["post-45999","post","type-post","status-publish","format-standard","has-post-thumbnail","hentry","category-actualidad","category-ovinos"],"jetpack_featured_media_url":"https:\/\/i0.wp.com\/lahoradelcampo.com.uy\/site\/wp-content\/uploads\/2022\/10\/ExpoSalto-Merilin.jpg?fit=880%2C440&ssl=1","jetpack_sharing_enabled":true,"jetpack_shortlink":"https:\/\/wp.me\/p99IaT-bXV","jetpack-related-posts":[{"id":34361,"url":"https:\/\/lahoradelcampo.com.uy\/site\/en-ideal-se-tuvo-en-cuenta-la-lana-y-la-conformacion\/","url_meta":{"origin":45999,"position":0},"title":"En Ideal se tuvo en cuenta la lana y la conformaci\u00f3n","author":"La Hora del Campo","date":"18 septiembre, 2021","format":false,"excerpt":"Jurado: Agustina y V\u00edctor \u00c1lvarezGran Campe\u00f3n y Gran Campeona PI: Caba\u00f1a El ProgresoGran Campe\u00f3n PO: Caba\u00f1a Santa In\u00e9sGran Campeona PO: Caba\u00f1a El Progreso Agustina y V\u00edctor Alvarez, fueron los jurados de la raza Ideal, que este a\u00f1o present\u00f3 un n\u00famero m\u00e1s importante de animales que en 2020. Agustina Alvarez, dijo\u2026","rel":"","context":"En \u00abActualidad\u00bb","block_context":{"text":"Actualidad","link":"https:\/\/lahoradelcampo.com.uy\/site\/category\/actualidad\/"},"img":{"alt_text":"","src":"https:\/\/i0.wp.com\/lahoradelcampo.com.uy\/site\/wp-content\/uploads\/2021\/09\/Prado-Ideal.jpg?fit=880%2C440&ssl=1&resize=350%2C200","width":350,"height":200,"srcset":"https:\/\/i0.wp.com\/lahoradelcampo.com.uy\/site\/wp-content\/uploads\/2021\/09\/Prado-Ideal.jpg?fit=880%2C440&ssl=1&resize=350%2C200 1x, https:\/\/i0.wp.com\/lahoradelcampo.com.uy\/site\/wp-content\/uploads\/2021\/09\/Prado-Ideal.jpg?fit=880%2C440&ssl=1&resize=525%2C300 1.5x, https:\/\/i0.wp.com\/lahoradelcampo.com.uy\/site\/wp-content\/uploads\/2021\/09\/Prado-Ideal.jpg?fit=880%2C440&ssl=1&resize=700%2C400 2x"},"classes":[]},{"id":14531,"url":"https:\/\/lahoradelcampo.com.uy\/site\/la-lana-perdio-ante-los-sinteticos-dijo-el-presidente-de-benetton-en-argentina\/","url_meta":{"origin":45999,"position":1},"title":"\u00abLa lana perdi\u00f3 ante los sint\u00e9ticos\u00bb dijo el presidente  de Benetton en Argentina","author":"La Hora del Campo","date":"25 septiembre, 2019","format":false,"excerpt":"Diego Perazzo, actual presidente del Grupo Benetton en Argentina, en di\u00e1logo con La Hora del Campo en el Prado, dijo que \"los sint\u00e9ticos han copado el mercado de la fibra, y es una realidad innegable\". El empresario argentino ante la discusi\u00f3n generada semanas atr\u00e1s con las declaraciones del Director de\u2026","rel":"","context":"En \u00abActualidad\u00bb","block_context":{"text":"Actualidad","link":"https:\/\/lahoradelcampo.com.uy\/site\/category\/actualidad\/"},"img":{"alt_text":"","src":"https:\/\/i0.wp.com\/lahoradelcampo.com.uy\/site\/wp-content\/uploads\/2019\/09\/perazzo.jpg?fit=880%2C440&ssl=1&resize=350%2C200","width":350,"height":200,"srcset":"https:\/\/i0.wp.com\/lahoradelcampo.com.uy\/site\/wp-content\/uploads\/2019\/09\/perazzo.jpg?fit=880%2C440&ssl=1&resize=350%2C200 1x, https:\/\/i0.wp.com\/lahoradelcampo.com.uy\/site\/wp-content\/uploads\/2019\/09\/perazzo.jpg?fit=880%2C440&ssl=1&resize=525%2C300 1.5x, https:\/\/i0.wp.com\/lahoradelcampo.com.uy\/site\/wp-content\/uploads\/2019\/09\/perazzo.jpg?fit=880%2C440&ssl=1&resize=700%2C400 2x"},"classes":[]},{"id":10627,"url":"https:\/\/lahoradelcampo.com.uy\/site\/criadores-de-merino-dohne-visitaron-salto\/","url_meta":{"origin":45999,"position":2},"title":"Criadores de Merino Dohne visitaron Salto","author":"La Hora del Campo ADMIN","date":"9 mayo, 2019","format":false,"excerpt":"Gira Merino Dohne 2019 En la jornada de ayer comenz\u00f3 la gira anual de la Sociedad de Criadores de Merino Donhe del Uruguay, visitando los establecimientos \u201cLa Blanca\u201d de A&E Stolovas en la zona de Talas de Arapey y \u201cLo de Peruchena\u201d de Ariel Peruchena en Arapey Grande, ambos predios\u2026","rel":"","context":"En \u00abActualidad\u00bb","block_context":{"text":"Actualidad","link":"https:\/\/lahoradelcampo.com.uy\/site\/category\/actualidad\/"},"img":{"alt_text":"","src":"https:\/\/i0.wp.com\/lahoradelcampo.com.uy\/site\/wp-content\/uploads\/2019\/05\/Gira-Dohne.jpg?fit=880%2C440&ssl=1&resize=350%2C200","width":350,"height":200,"srcset":"https:\/\/i0.wp.com\/lahoradelcampo.com.uy\/site\/wp-content\/uploads\/2019\/05\/Gira-Dohne.jpg?fit=880%2C440&ssl=1&resize=350%2C200 1x, https:\/\/i0.wp.com\/lahoradelcampo.com.uy\/site\/wp-content\/uploads\/2019\/05\/Gira-Dohne.jpg?fit=880%2C440&ssl=1&resize=525%2C300 1.5x, https:\/\/i0.wp.com\/lahoradelcampo.com.uy\/site\/wp-content\/uploads\/2019\/05\/Gira-Dohne.jpg?fit=880%2C440&ssl=1&resize=700%2C400 2x"},"classes":[]},{"id":2445,"url":"https:\/\/lahoradelcampo.com.uy\/site\/supremos-merino-australiano-pueden-competir-en-cualquier-exposicion-mundial\/","url_meta":{"origin":45999,"position":3},"title":"Supremos Merino Australiano pueden competir en cualquier exposici\u00f3n mundial","author":"La Hora del Campo","date":"9 octubre, 2017","format":false,"excerpt":"A pesar que la raza Merino Australiano este a\u00f1o registr\u00f3 una participaci\u00f3n menor a la que nos tiene acostumbrada la \u201ccuna del merino\u201d como se denomina la pista de la Expo Salto, el Presidente de la Federaci\u00f3n Mundial de Criadores de Merino Australiano, Tom Ashby, dijo haberse encontrado con muy\u2026","rel":"","context":"En \u00abActualidad\u00bb","block_context":{"text":"Actualidad","link":"https:\/\/lahoradelcampo.com.uy\/site\/category\/actualidad\/"},"img":{"alt_text":"","src":"https:\/\/i0.wp.com\/lahoradelcampo.com.uy\/site\/wp-content\/uploads\/2017\/10\/Merino-Jurado.jpg?fit=880%2C440&ssl=1&resize=350%2C200","width":350,"height":200,"srcset":"https:\/\/i0.wp.com\/lahoradelcampo.com.uy\/site\/wp-content\/uploads\/2017\/10\/Merino-Jurado.jpg?fit=880%2C440&ssl=1&resize=350%2C200 1x, https:\/\/i0.wp.com\/lahoradelcampo.com.uy\/site\/wp-content\/uploads\/2017\/10\/Merino-Jurado.jpg?fit=880%2C440&ssl=1&resize=525%2C300 1.5x, https:\/\/i0.wp.com\/lahoradelcampo.com.uy\/site\/wp-content\/uploads\/2017\/10\/Merino-Jurado.jpg?fit=880%2C440&ssl=1&resize=700%2C400 2x"},"classes":[]},{"id":34931,"url":"https:\/\/lahoradelcampo.com.uy\/site\/la-magdalena-y-los-arrayanes-se-destacaron-en-la-muestra-de-merino\/","url_meta":{"origin":45999,"position":4},"title":"La Magdalena\u201d y \u201cLos Arrayanes\u201d se destacaron en la muestra de Merino","author":"La Hora del Campo","date":"2 octubre, 2021","format":false,"excerpt":"Carneros presentados por \u201cLa Magdalena\u201d de Los Tordos S. en C. y \u201cLos Arrayanes\u201d de \u00c1lvaro y Alfredo Fros, fueron los mejores reproductores de una destacada muestra de Merino Australiano en la Expo Salto, considerada la cuna de la raza, y con 35 ejemplares que desfilaron por pista ante la\u2026","rel":"","context":"En \u00abActualidad\u00bb","block_context":{"text":"Actualidad","link":"https:\/\/lahoradelcampo.com.uy\/site\/category\/actualidad\/"},"img":{"alt_text":"","src":"https:\/\/i0.wp.com\/lahoradelcampo.com.uy\/site\/wp-content\/uploads\/2021\/10\/Expo-Merino.jpg?fit=880%2C440&ssl=1&resize=350%2C200","width":350,"height":200,"srcset":"https:\/\/i0.wp.com\/lahoradelcampo.com.uy\/site\/wp-content\/uploads\/2021\/10\/Expo-Merino.jpg?fit=880%2C440&ssl=1&resize=350%2C200 1x, https:\/\/i0.wp.com\/lahoradelcampo.com.uy\/site\/wp-content\/uploads\/2021\/10\/Expo-Merino.jpg?fit=880%2C440&ssl=1&resize=525%2C300 1.5x, https:\/\/i0.wp.com\/lahoradelcampo.com.uy\/site\/wp-content\/uploads\/2021\/10\/Expo-Merino.jpg?fit=880%2C440&ssl=1&resize=700%2C400 2x"},"classes":[]},{"id":43993,"url":"https:\/\/lahoradelcampo.com.uy\/site\/juan-manuel-gonzalez-sera-el-jurado-del-merino-en-el-prado-2022\/","url_meta":{"origin":45999,"position":5},"title":"Juan Manuel Gonz\u00e1lez ser\u00e1 el jurado del Merino en el Prado 2022","author":"La Hora del Campo","date":"21 julio, 2022","format":false,"excerpt":"La raza Merino Australiano ha registrado un incremento en el n\u00famero de animales preinscriptos para una nueva edici\u00f3n de la Expo Prado, donde se tiene \"en el entorno de los 50 animales, lo cual para nuestra raza es muy bueno\", dijo el presidente de la gremial, \u00c1lvaro Fros. El criador\u2026","rel":"","context":"En \u00abActualidad\u00bb","block_context":{"text":"Actualidad","link":"https:\/\/lahoradelcampo.com.uy\/site\/category\/actualidad\/"},"img":{"alt_text":"","src":"https:\/\/i0.wp.com\/lahoradelcampo.com.uy\/site\/wp-content\/uploads\/2018\/04\/Merino.jpg?fit=880%2C440&ssl=1&resize=350%2C200","width":350,"height":200,"srcset":"https:\/\/i0.wp.com\/lahoradelcampo.com.uy\/site\/wp-content\/uploads\/2018\/04\/Merino.jpg?fit=880%2C440&ssl=1&resize=350%2C200 1x, https:\/\/i0.wp.com\/lahoradelcampo.com.uy\/site\/wp-content\/uploads\/2018\/04\/Merino.jpg?fit=880%2C440&ssl=1&resize=525%2C300 1.5x, https:\/\/i0.wp.com\/lahoradelcampo.com.uy\/site\/wp-content\/uploads\/2018\/04\/Merino.jpg?fit=880%2C440&ssl=1&resize=700%2C400 2x"},"classes":[]}],"jetpack_likes_enabled":true,"_links":{"self":[{"href":"https:\/\/lahoradelcampo.com.uy\/site\/wp-json\/wp\/v2\/posts\/45999","targetHints":{"allow":["GET"]}}],"collection":[{"href":"https:\/\/lahoradelcampo.com.uy\/site\/wp-json\/wp\/v2\/posts"}],"about":[{"href":"https:\/\/lahoradelcampo.com.uy\/site\/wp-json\/wp\/v2\/types\/post"}],"author":[{"embeddable":true,"href":"https:\/\/lahoradelcampo.com.uy\/site\/wp-json\/wp\/v2\/users\/5"}],"replies":[{"embeddable":true,"href":"https:\/\/lahoradelcampo.com.uy\/site\/wp-json\/wp\/v2\/comments?post=45999"}],"version-history":[{"count":1,"href":"https:\/\/lahoradelcampo.com.uy\/site\/wp-json\/wp\/v2\/posts\/45999\/revisions"}],"predecessor-version":[{"id":46001,"href":"https:\/\/lahoradelcampo.com.uy\/site\/wp-json\/wp\/v2\/posts\/45999\/revisions\/46001"}],"wp:featuredmedia":[{"embeddable":true,"href":"https:\/\/lahoradelcampo.com.uy\/site\/wp-json\/wp\/v2\/media\/45989"}],"wp:attachment":[{"href":"https:\/\/lahoradelcampo.com.uy\/site\/wp-json\/wp\/v2\/media?parent=45999"}],"wp:term":[{"taxonomy":"category","embeddable":true,"href":"https:\/\/lahoradelcampo.com.uy\/site\/wp-json\/wp\/v2\/categories?post=45999"},{"taxonomy":"post_tag","embeddable":true,"href":"https:\/\/lahoradelcampo.com.uy\/site\/wp-json\/wp\/v2\/tags?post=45999"}],"curies":[{"name":"wp","href":"https:\/\/api.w.org\/{rel}","templated":true}]}}