{"id":45983,"date":"2022-10-01T08:13:26","date_gmt":"2022-10-01T11:13:26","guid":{"rendered":"http:\/\/lahoradelcampo.com.uy\/site\/?p=45983"},"modified":"2022-10-01T08:13:30","modified_gmt":"2022-10-01T11:13:30","slug":"el-presidente-de-la-raza-resalto-la-calidad-del-corriedale-en-salto","status":"publish","type":"post","link":"https:\/\/lahoradelcampo.com.uy\/site\/el-presidente-de-la-raza-resalto-la-calidad-del-corriedale-en-salto\/","title":{"rendered":"El presidente de la raza, resalt\u00f3 la calidad del Corriedale en Salto"},"content":{"rendered":"\n<figure class=\"wp-block-image\"><img data-recalc-dims=\"1\" loading=\"lazy\" decoding=\"async\" width=\"810\" height=\"405\" data-attachment-id=\"45985\" data-permalink=\"https:\/\/lahoradelcampo.com.uy\/site\/el-presidente-de-la-raza-resalto-la-calidad-del-corriedale-en-salto\/exposalto-corriedale\/\" data-orig-file=\"https:\/\/i0.wp.com\/lahoradelcampo.com.uy\/site\/wp-content\/uploads\/2022\/10\/ExpoSalto-Corriedale.jpg?fit=880%2C440&amp;ssl=1\" data-orig-size=\"880,440\" data-comments-opened=\"1\" data-image-meta=\"{&quot;aperture&quot;:&quot;0&quot;,&quot;credit&quot;:&quot;&quot;,&quot;camera&quot;:&quot;&quot;,&quot;caption&quot;:&quot;&quot;,&quot;created_timestamp&quot;:&quot;0&quot;,&quot;copyright&quot;:&quot;&quot;,&quot;focal_length&quot;:&quot;0&quot;,&quot;iso&quot;:&quot;0&quot;,&quot;shutter_speed&quot;:&quot;0&quot;,&quot;title&quot;:&quot;&quot;,&quot;orientation&quot;:&quot;1&quot;}\" data-image-title=\"ExpoSalto-Corriedale\" data-image-description=\"\" data-image-caption=\"\" data-large-file=\"https:\/\/i0.wp.com\/lahoradelcampo.com.uy\/site\/wp-content\/uploads\/2022\/10\/ExpoSalto-Corriedale.jpg?fit=810%2C405&amp;ssl=1\" src=\"https:\/\/i0.wp.com\/lahoradelcampo.com.uy\/site\/wp-content\/uploads\/2022\/10\/ExpoSalto-Corriedale.jpg?resize=810%2C405\" alt=\"\" class=\"wp-image-45985\" srcset=\"https:\/\/i0.wp.com\/lahoradelcampo.com.uy\/site\/wp-content\/uploads\/2022\/10\/ExpoSalto-Corriedale.jpg?w=880&amp;ssl=1 880w, https:\/\/i0.wp.com\/lahoradelcampo.com.uy\/site\/wp-content\/uploads\/2022\/10\/ExpoSalto-Corriedale.jpg?resize=300%2C150&amp;ssl=1 300w, https:\/\/i0.wp.com\/lahoradelcampo.com.uy\/site\/wp-content\/uploads\/2022\/10\/ExpoSalto-Corriedale.jpg?resize=768%2C384&amp;ssl=1 768w, https:\/\/i0.wp.com\/lahoradelcampo.com.uy\/site\/wp-content\/uploads\/2022\/10\/ExpoSalto-Corriedale.jpg?resize=820%2C410&amp;ssl=1 820w\" sizes=\"auto, (max-width: 810px) 100vw, 810px\" \/><\/figure>\n\n\n\n<p>La primera raza a ingresar en la pista n\u00famero\ndos de la Expo Salto, fue la Corriedale, con la presencia del presidente de la\nraza, Mariano Rodr\u00edguez, como el jurado de la muestra, acompa\u00f1ado por Sebasti\u00e1n\nM\u00e9ndez. En la pista ocho ejemplares representando a cuatro caba\u00f1as de la raza. <\/p>\n\n\n\n<p>\u201cSe merec\u00edan que viniera, porque siempre nos\nhan acompa\u00f1ado, la agremiaci\u00f3n corredialista del norte siempre est\u00e1 presente en\ntodas las actividades\u201d dijo Mariano Rodr\u00edguez. El jurado se\u00f1al\u00f3 que \u201cla muestra\ncapaz que no es muy grande en cantidad de animales, pero la verdad que la raza\nestaba bien representada\u201d. <\/p>\n\n\n\n<p>Rodr\u00edguez indic\u00f3 que la raza apuesta \u201ca este\nanimal con buena carcasa carnicera, que se desplaza bien, manteniendo la\ncantidad de lana, que fue lo que se observ\u00f3 en la pista\u201d. Sobre el Gran Campe\u00f3n\npedigree dijo que era \u201cun carnero arriba de 140 kilos, con un vell\u00f3n realmente\nmuy muy suave, muy lindo de ver, no ten\u00eda los datos objetivos pero creo que\nten\u00eda una finura en el entorno de la 26, 27 micras\u201d.<\/p>\n\n\n\n<p><strong>Grandes\nCampeones<\/strong><\/p>\n\n\n\n<p>En el Puro de Origen, el Gran Campe\u00f3n fue\npresentado por La Pradera de Suc. de Federico Stirling, mientras que la Gran\nCampeona fue expuesta por Santa Elena de Palma Sola.<\/p>\n\n\n\n<p>Por su parte en el Pedigree, el Gran Campe\u00f3n\nfue expuesto por Juan Lopetegui y flia, en tanto que el Reservado fue de La\nPradera de Suc. de Federico Stirling.<\/p>\n","protected":false},"excerpt":{"rendered":"<p>La primera raza a ingresar en la pista n\u00famero dos de la Expo Salto, fue la Corriedale, con la presencia del presidente de la raza, Mariano Rodr\u00edguez, como el jurado [&hellip;]<\/p>\n","protected":false},"author":5,"featured_media":45985,"comment_status":"open","ping_status":"open","sticky":false,"template":"","format":"standard","meta":{"_price":"","_stock":"","_tribe_ticket_header":"","_tribe_default_ticket_provider":"","_tribe_ticket_capacity":"0","_ticket_start_date":"","_ticket_end_date":"","_tribe_ticket_show_description":"","_tribe_ticket_show_not_going":false,"_tribe_ticket_use_global_stock":"","_tribe_ticket_global_stock_level":"","_global_stock_mode":"","_global_stock_cap":"","_tribe_rsvp_for_event":"","_tribe_ticket_going_count":"","_tribe_ticket_not_going_count":"","_tribe_tickets_list":"[]","_tribe_ticket_has_attendee_info_fields":false,"h5ap_radio_sources":[],"_jetpack_newsletter_access":"","_jetpack_dont_email_post_to_subs":false,"_jetpack_newsletter_tier_id":0,"_jetpack_memberships_contains_paywalled_content":false,"_jetpack_memberships_contains_paid_content":false,"footnotes":""},"categories":[21,13],"tags":[],"class_list":["post-45983","post","type-post","status-publish","format-standard","has-post-thumbnail","hentry","category-actualidad","category-ovinos"],"jetpack_featured_media_url":"https:\/\/i0.wp.com\/lahoradelcampo.com.uy\/site\/wp-content\/uploads\/2022\/10\/ExpoSalto-Corriedale.jpg?fit=880%2C440&ssl=1","jetpack_sharing_enabled":true,"jetpack_shortlink":"https:\/\/wp.me\/p99IaT-bXF","jetpack-related-posts":[{"id":34289,"url":"https:\/\/lahoradelcampo.com.uy\/site\/mariano-rodriguez-asumio-la-presidencia-del-corriedale\/","url_meta":{"origin":45983,"position":0},"title":"Mariano Rodr\u00edguez asumi\u00f3  la presidencia del Corriedale","author":"La Hora del Campo","date":"17 septiembre, 2021","format":false,"excerpt":"En la jornada de ayer la Sociedad de Criadores de Corriedale del Uruguay se reuni\u00f3 en asamblea y defini\u00f3 la nueva directiva de la raza, que estar\u00e1 presidida por Mariano Rodr\u00edguez, integrante de caba\u00f1a La Estela de la zona de Risso en Soriano. El productor hace 10 a\u00f1os que forma\u2026","rel":"","context":"En \u00abActualidad\u00bb","block_context":{"text":"Actualidad","link":"https:\/\/lahoradelcampo.com.uy\/site\/category\/actualidad\/"},"img":{"alt_text":"","src":"https:\/\/i0.wp.com\/lahoradelcampo.com.uy\/site\/wp-content\/uploads\/2021\/09\/Prado-Corriedale.jpg?fit=880%2C440&ssl=1&resize=350%2C200","width":350,"height":200,"srcset":"https:\/\/i0.wp.com\/lahoradelcampo.com.uy\/site\/wp-content\/uploads\/2021\/09\/Prado-Corriedale.jpg?fit=880%2C440&ssl=1&resize=350%2C200 1x, https:\/\/i0.wp.com\/lahoradelcampo.com.uy\/site\/wp-content\/uploads\/2021\/09\/Prado-Corriedale.jpg?fit=880%2C440&ssl=1&resize=525%2C300 1.5x, https:\/\/i0.wp.com\/lahoradelcampo.com.uy\/site\/wp-content\/uploads\/2021\/09\/Prado-Corriedale.jpg?fit=880%2C440&ssl=1&resize=700%2C400 2x"},"classes":[]},{"id":32542,"url":"https:\/\/lahoradelcampo.com.uy\/site\/juan-manuel-gonzalez-sera-el-jurado-del-merino-en-la-prado-2021\/","url_meta":{"origin":45983,"position":1},"title":"Juan Manuel Gonz\u00e1lez ser\u00e1 el jurado del Merino en la Prado 2021","author":"La Hora del Campo","date":"29 julio, 2021","format":false,"excerpt":"D\u00edas atr\u00e1s le dimos a conocer que el Dr. Pedro Scremini, t\u00e9cnico del Secretariado Uruguayo de la Lana, ser\u00e1 el jurado de la raza Hampshire Down. Posteriormente se fueron definiendo jurados de otras razas, entre ellas la Texel, Corriedale y Merino Australiano. En el caso de la raza Merino Australiano,\u2026","rel":"","context":"En \u00abActualidad\u00bb","block_context":{"text":"Actualidad","link":"https:\/\/lahoradelcampo.com.uy\/site\/category\/actualidad\/"},"img":{"alt_text":"","src":"https:\/\/i0.wp.com\/lahoradelcampo.com.uy\/site\/wp-content\/uploads\/2018\/01\/Merino.jpg?fit=880%2C440&ssl=1&resize=350%2C200","width":350,"height":200,"srcset":"https:\/\/i0.wp.com\/lahoradelcampo.com.uy\/site\/wp-content\/uploads\/2018\/01\/Merino.jpg?fit=880%2C440&ssl=1&resize=350%2C200 1x, https:\/\/i0.wp.com\/lahoradelcampo.com.uy\/site\/wp-content\/uploads\/2018\/01\/Merino.jpg?fit=880%2C440&ssl=1&resize=525%2C300 1.5x, https:\/\/i0.wp.com\/lahoradelcampo.com.uy\/site\/wp-content\/uploads\/2018\/01\/Merino.jpg?fit=880%2C440&ssl=1&resize=700%2C400 2x"},"classes":[]},{"id":52568,"url":"https:\/\/lahoradelcampo.com.uy\/site\/las-razas-ovinas-coparon-las-pistas-el-viernes\/","url_meta":{"origin":45983,"position":2},"title":"Las razas ovinas coparon las pistas el viernes","author":"La Hora del Campo","date":"18 septiembre, 2023","format":false,"excerpt":"En el \u00faltimo d\u00eda de actividades de las razas ovinas en las pistas de la Expo Prado 2023, los criadores uruguayos y de la regi\u00f3n presenciaron una excelente muestra de gen\u00e9tica de las distintas razas laneras. Merilin Milton Mazzilli y Javier Da Silveira evaluaron la raza nacional \"Meril\u00edn\", que este\u2026","rel":"","context":"En \u00abActualidad\u00bb","block_context":{"text":"Actualidad","link":"https:\/\/lahoradelcampo.com.uy\/site\/category\/actualidad\/"},"img":{"alt_text":"","src":"https:\/\/i0.wp.com\/lahoradelcampo.com.uy\/site\/wp-content\/uploads\/2023\/09\/Merilin-Prado.jpg?fit=880%2C440&ssl=1&resize=350%2C200","width":350,"height":200,"srcset":"https:\/\/i0.wp.com\/lahoradelcampo.com.uy\/site\/wp-content\/uploads\/2023\/09\/Merilin-Prado.jpg?fit=880%2C440&ssl=1&resize=350%2C200 1x, https:\/\/i0.wp.com\/lahoradelcampo.com.uy\/site\/wp-content\/uploads\/2023\/09\/Merilin-Prado.jpg?fit=880%2C440&ssl=1&resize=525%2C300 1.5x, https:\/\/i0.wp.com\/lahoradelcampo.com.uy\/site\/wp-content\/uploads\/2023\/09\/Merilin-Prado.jpg?fit=880%2C440&ssl=1&resize=700%2C400 2x"},"classes":[]},{"id":22552,"url":"https:\/\/lahoradelcampo.com.uy\/site\/expo-prado-continua-ajustando-los-detalles-de-lo-que-sera-la-muestra-ganadera\/","url_meta":{"origin":45983,"position":3},"title":"Expo Prado contin\u00faa ajustando los detalles de lo que ser\u00e1 la muestra ganadera","author":"La Hora del Campo","date":"11 agosto, 2020","format":false,"excerpt":"La Asociaci\u00f3n Rural del Uruguay contin\u00faa ajustando los distintos detalles que determinaran la realizaci\u00f3n de la Expo Prado 2020, m\u00e1s all\u00e1 que la regi\u00f3n ya ha postergado sus muestras, excepto Brasil, que contin\u00faa trabajando para la realizaci\u00f3n de actividades a puertas cerradas. Seg\u00fan informaci\u00f3n recibida por La Hora del Campo,\u2026","rel":"","context":"En \u00abActualidad\u00bb","block_context":{"text":"Actualidad","link":"https:\/\/lahoradelcampo.com.uy\/site\/category\/actualidad\/"},"img":{"alt_text":"","src":"https:\/\/i0.wp.com\/lahoradelcampo.com.uy\/site\/wp-content\/uploads\/2019\/09\/Angus-Prado.jpg?fit=880%2C440&ssl=1&resize=350%2C200","width":350,"height":200,"srcset":"https:\/\/i0.wp.com\/lahoradelcampo.com.uy\/site\/wp-content\/uploads\/2019\/09\/Angus-Prado.jpg?fit=880%2C440&ssl=1&resize=350%2C200 1x, https:\/\/i0.wp.com\/lahoradelcampo.com.uy\/site\/wp-content\/uploads\/2019\/09\/Angus-Prado.jpg?fit=880%2C440&ssl=1&resize=525%2C300 1.5x, https:\/\/i0.wp.com\/lahoradelcampo.com.uy\/site\/wp-content\/uploads\/2019\/09\/Angus-Prado.jpg?fit=880%2C440&ssl=1&resize=700%2C400 2x"},"classes":[]},{"id":42041,"url":"https:\/\/lahoradelcampo.com.uy\/site\/corriedale-con-alta-prolificidad-produccion-de-carne-y-un-buen-vellon\/","url_meta":{"origin":45983,"position":4},"title":"Corriedale con alta prolificidad, producci\u00f3n de carne y un buen vell\u00f3n","author":"La Hora del Campo","date":"20 mayo, 2022","format":false,"excerpt":"La Sociedad de Criadores de Corriedale del Uruguay ha marcado su definici\u00f3n del \"Corriedale 2030\" y luego de dos a\u00f1os sin realizar la gira anual, la recorrida que comenz\u00f3 en la jornada de ayer permite visualizar majadas de alta prolificidad, adaptadas a los distintos sistemas productivos, con alta facilidad de\u2026","rel":"","context":"En \u00abActualidad\u00bb","block_context":{"text":"Actualidad","link":"https:\/\/lahoradelcampo.com.uy\/site\/category\/actualidad\/"},"img":{"alt_text":"","src":"https:\/\/i0.wp.com\/lahoradelcampo.com.uy\/site\/wp-content\/uploads\/2022\/05\/corriedale.jpg?fit=880%2C440&ssl=1&resize=350%2C200","width":350,"height":200,"srcset":"https:\/\/i0.wp.com\/lahoradelcampo.com.uy\/site\/wp-content\/uploads\/2022\/05\/corriedale.jpg?fit=880%2C440&ssl=1&resize=350%2C200 1x, https:\/\/i0.wp.com\/lahoradelcampo.com.uy\/site\/wp-content\/uploads\/2022\/05\/corriedale.jpg?fit=880%2C440&ssl=1&resize=525%2C300 1.5x, https:\/\/i0.wp.com\/lahoradelcampo.com.uy\/site\/wp-content\/uploads\/2022\/05\/corriedale.jpg?fit=880%2C440&ssl=1&resize=700%2C400 2x"},"classes":[]},{"id":32998,"url":"https:\/\/lahoradelcampo.com.uy\/site\/los-ovinos-mantendran-el-doble-turno-en-la-expo-prado-2021\/","url_meta":{"origin":45983,"position":5},"title":"Los ovinos mantendr\u00e1n el doble turno en la Expo Prado 2021","author":"La Hora del Campo","date":"12 agosto, 2021","format":false,"excerpt":"Poco a poco se va acercando la 116\u00aa Exposici\u00f3n internacional de ganader\u00eda, muestra agroindustrial y comercial, la Expo Prado 2021, la gremial organizadora dio a conocer el cronograma ganadero que como ya se ha mencionado, tendr\u00e1 variantes respecto a a\u00f1os anteriores, con menor cantidad de d\u00edas, pero adem\u00e1s con la\u2026","rel":"","context":"En \u00abActualidad\u00bb","block_context":{"text":"Actualidad","link":"https:\/\/lahoradelcampo.com.uy\/site\/category\/actualidad\/"},"img":{"alt_text":"","src":"https:\/\/i0.wp.com\/lahoradelcampo.com.uy\/site\/wp-content\/uploads\/2019\/09\/ideal-prado.jpg?fit=880%2C440&ssl=1&resize=350%2C200","width":350,"height":200,"srcset":"https:\/\/i0.wp.com\/lahoradelcampo.com.uy\/site\/wp-content\/uploads\/2019\/09\/ideal-prado.jpg?fit=880%2C440&ssl=1&resize=350%2C200 1x, https:\/\/i0.wp.com\/lahoradelcampo.com.uy\/site\/wp-content\/uploads\/2019\/09\/ideal-prado.jpg?fit=880%2C440&ssl=1&resize=525%2C300 1.5x, https:\/\/i0.wp.com\/lahoradelcampo.com.uy\/site\/wp-content\/uploads\/2019\/09\/ideal-prado.jpg?fit=880%2C440&ssl=1&resize=700%2C400 2x"},"classes":[]}],"jetpack_likes_enabled":true,"_links":{"self":[{"href":"https:\/\/lahoradelcampo.com.uy\/site\/wp-json\/wp\/v2\/posts\/45983","targetHints":{"allow":["GET"]}}],"collection":[{"href":"https:\/\/lahoradelcampo.com.uy\/site\/wp-json\/wp\/v2\/posts"}],"about":[{"href":"https:\/\/lahoradelcampo.com.uy\/site\/wp-json\/wp\/v2\/types\/post"}],"author":[{"embeddable":true,"href":"https:\/\/lahoradelcampo.com.uy\/site\/wp-json\/wp\/v2\/users\/5"}],"replies":[{"embeddable":true,"href":"https:\/\/lahoradelcampo.com.uy\/site\/wp-json\/wp\/v2\/comments?post=45983"}],"version-history":[{"count":1,"href":"https:\/\/lahoradelcampo.com.uy\/site\/wp-json\/wp\/v2\/posts\/45983\/revisions"}],"predecessor-version":[{"id":45997,"href":"https:\/\/lahoradelcampo.com.uy\/site\/wp-json\/wp\/v2\/posts\/45983\/revisions\/45997"}],"wp:featuredmedia":[{"embeddable":true,"href":"https:\/\/lahoradelcampo.com.uy\/site\/wp-json\/wp\/v2\/media\/45985"}],"wp:attachment":[{"href":"https:\/\/lahoradelcampo.com.uy\/site\/wp-json\/wp\/v2\/media?parent=45983"}],"wp:term":[{"taxonomy":"category","embeddable":true,"href":"https:\/\/lahoradelcampo.com.uy\/site\/wp-json\/wp\/v2\/categories?post=45983"},{"taxonomy":"post_tag","embeddable":true,"href":"https:\/\/lahoradelcampo.com.uy\/site\/wp-json\/wp\/v2\/tags?post=45983"}],"curies":[{"name":"wp","href":"https:\/\/api.w.org\/{rel}","templated":true}]}}