{"id":45977,"date":"2022-09-30T08:01:36","date_gmt":"2022-09-30T11:01:36","guid":{"rendered":"http:\/\/lahoradelcampo.com.uy\/site\/?p=45977"},"modified":"2022-09-30T08:01:40","modified_gmt":"2022-09-30T11:01:40","slug":"hoy-comienzan-las-juras-de-ovinos-y-manana-bovinos-en-la-expo-salto","status":"publish","type":"post","link":"https:\/\/lahoradelcampo.com.uy\/site\/hoy-comienzan-las-juras-de-ovinos-y-manana-bovinos-en-la-expo-salto\/","title":{"rendered":"Hoy comienzan las juras de ovinos y ma\u00f1ana bovinos en la Expo Salto"},"content":{"rendered":"\n<figure class=\"wp-block-image\"><img data-recalc-dims=\"1\" loading=\"lazy\" decoding=\"async\" width=\"810\" height=\"405\" data-attachment-id=\"24314\" data-permalink=\"https:\/\/lahoradelcampo.com.uy\/site\/puntuales-y-selectivas-fueron-las-compras-de-reproductores-ovinos\/ovinos-exposalto\/\" data-orig-file=\"https:\/\/i0.wp.com\/lahoradelcampo.com.uy\/site\/wp-content\/uploads\/2020\/10\/ovinos-exposalto.jpg?fit=880%2C440&amp;ssl=1\" data-orig-size=\"880,440\" data-comments-opened=\"1\" data-image-meta=\"{&quot;aperture&quot;:&quot;0&quot;,&quot;credit&quot;:&quot;&quot;,&quot;camera&quot;:&quot;&quot;,&quot;caption&quot;:&quot;&quot;,&quot;created_timestamp&quot;:&quot;0&quot;,&quot;copyright&quot;:&quot;&quot;,&quot;focal_length&quot;:&quot;0&quot;,&quot;iso&quot;:&quot;0&quot;,&quot;shutter_speed&quot;:&quot;0&quot;,&quot;title&quot;:&quot;&quot;,&quot;orientation&quot;:&quot;1&quot;}\" data-image-title=\"ovinos exposalto\" data-image-description=\"\" data-image-caption=\"\" data-large-file=\"https:\/\/i0.wp.com\/lahoradelcampo.com.uy\/site\/wp-content\/uploads\/2020\/10\/ovinos-exposalto.jpg?fit=810%2C405&amp;ssl=1\" src=\"https:\/\/i0.wp.com\/lahoradelcampo.com.uy\/site\/wp-content\/uploads\/2020\/10\/ovinos-exposalto.jpg?resize=810%2C405\" alt=\"\" class=\"wp-image-24314\" srcset=\"https:\/\/i0.wp.com\/lahoradelcampo.com.uy\/site\/wp-content\/uploads\/2020\/10\/ovinos-exposalto.jpg?w=880&amp;ssl=1 880w, https:\/\/i0.wp.com\/lahoradelcampo.com.uy\/site\/wp-content\/uploads\/2020\/10\/ovinos-exposalto.jpg?resize=300%2C150&amp;ssl=1 300w, https:\/\/i0.wp.com\/lahoradelcampo.com.uy\/site\/wp-content\/uploads\/2020\/10\/ovinos-exposalto.jpg?resize=768%2C384&amp;ssl=1 768w, https:\/\/i0.wp.com\/lahoradelcampo.com.uy\/site\/wp-content\/uploads\/2020\/10\/ovinos-exposalto.jpg?resize=820%2C410&amp;ssl=1 820w\" sizes=\"auto, (max-width: 810px) 100vw, 810px\" \/><\/figure>\n\n\n\n<p>Hoy viernes est\u00e1 previsto el ingreso de los\nreproductores vacunos y equinos que concurren a exposici\u00f3n, de 8 a 13 horas. <\/p>\n\n\n\n<p>En tanto que a las 9 horas, comenzar\u00e1 la\ncalificaci\u00f3n de ovinos, comenzando por los ejemplares de galp\u00f3n para finalizar\ncon los de campo. Como es tradicional se realizar\u00e1 en dos pistas. En la pista\nuno, estar\u00e1 \u00fanicamente la raza Merino Australiano con 45 ejemplares y la\ncalificaci\u00f3n a cargo del productor australiano Tom Ashby, en tanto que en la\npista 2 se calificaran las dem\u00e1s razas inscriptas, donde ingresan 13\ncorriedale, 12 ideal, 3 meril\u00edn, 2 suffolk y 1 merino dohne.<\/p>\n\n\n\n<p>En el sal\u00f3n multiespacio, la firma DSM-Tortuga\npresentar\u00e1 un caso exitoso en Salto, a las 17 horas, baj\u00f3 la tem\u00e1tica\n\u00abTecnolog\u00edas para una ganader\u00eda rentable y sustentable\u00bb, disertar\u00e1 el Ing. Agr.\nJuan Mart\u00edn Da Costa. En tanto que a las 17:30 horas se realiza la venta de\novinos, comenzando por productos de galp\u00f3n y finalizando con ejemplares de\ncampo.<\/p>\n\n\n\n<p>Ma\u00f1ana s\u00e1bado, a partir de las 8:30 horas\ncomenzar\u00e1 la calificaci\u00f3n de vacunos, comenzando por las razas minoritarias, en\ndos pistas simultaneas. A las 14 horas, se realiza la calificaci\u00f3n de equinos,\ny posteriormente la venta de reproductores y equinos de la exposici\u00f3n, para\nfinalizar con el remate de reposici\u00f3n y reproductores organizado por la firma\nDaniel Medina.<\/p>\n\n\n\n<p>A las 16 horas, est\u00e1 prevista la realizaci\u00f3n de una charla de sanidad animal, organizada por el MGAP, sobre \u00abAspectos operativos en el control de la garrapata\u00bb, la misma estar\u00e1 dictada por el Dr. Marcelo Cort\u00e9s, dinamizador de la campa\u00f1a contra la garrapata del ministerio. <\/p>\n\n\n\n<p>Salto, viernes 30 de setiembre de 2022<\/p>\n","protected":false},"excerpt":{"rendered":"<p>Hoy viernes est\u00e1 previsto el ingreso de los reproductores vacunos y equinos que concurren a exposici\u00f3n, de 8 a 13 horas. En tanto que a las 9 horas, comenzar\u00e1 la [&hellip;]<\/p>\n","protected":false},"author":5,"featured_media":24314,"comment_status":"open","ping_status":"open","sticky":false,"template":"","format":"standard","meta":{"_price":"","_stock":"","_tribe_ticket_header":"","_tribe_default_ticket_provider":"","_tribe_ticket_capacity":"0","_ticket_start_date":"","_ticket_end_date":"","_tribe_ticket_show_description":"","_tribe_ticket_show_not_going":false,"_tribe_ticket_use_global_stock":"","_tribe_ticket_global_stock_level":"","_global_stock_mode":"","_global_stock_cap":"","_tribe_rsvp_for_event":"","_tribe_ticket_going_count":"","_tribe_ticket_not_going_count":"","_tribe_tickets_list":"[]","_tribe_ticket_has_attendee_info_fields":false,"h5ap_radio_sources":[],"_jetpack_newsletter_access":"","_jetpack_dont_email_post_to_subs":false,"_jetpack_newsletter_tier_id":0,"_jetpack_memberships_contains_paywalled_content":false,"_jetpack_memberships_contains_paid_content":false,"footnotes":""},"categories":[21,13],"tags":[],"class_list":["post-45977","post","type-post","status-publish","format-standard","has-post-thumbnail","hentry","category-actualidad","category-ovinos"],"jetpack_featured_media_url":"https:\/\/i0.wp.com\/lahoradelcampo.com.uy\/site\/wp-content\/uploads\/2020\/10\/ovinos-exposalto.jpg?fit=880%2C440&ssl=1","jetpack_sharing_enabled":true,"jetpack_shortlink":"https:\/\/wp.me\/p99IaT-bXz","jetpack-related-posts":[{"id":45951,"url":"https:\/\/lahoradelcampo.com.uy\/site\/hoy-comienza-la-expo-salto-con-la-inauguracion-a-las-16-horas\/","url_meta":{"origin":45977,"position":0},"title":"Hoy comienza la Expo Salto, con la inauguraci\u00f3n a las 16 horas","author":"La Hora del Campo","date":"29 septiembre, 2022","format":false,"excerpt":"Hoy da inicio la Expo Salto 2022, con una destacada actividad tanto desde el punto de vista ganadero, como de actividades para toda la familia salte\u00f1a. La muestra se desarrollar\u00e1 desde hoy, jueves 29 de setiembre, hasta el domingo 2 de octubre en el predio de la Asociaci\u00f3n Agropecuaria de\u2026","rel":"","context":"En \u00abActualidad\u00bb","block_context":{"text":"Actualidad","link":"https:\/\/lahoradelcampo.com.uy\/site\/category\/actualidad\/"},"img":{"alt_text":"","src":"https:\/\/i0.wp.com\/lahoradelcampo.com.uy\/site\/wp-content\/uploads\/2017\/10\/Expo-Salto.jpg?fit=880%2C440&ssl=1&resize=350%2C200","width":350,"height":200,"srcset":"https:\/\/i0.wp.com\/lahoradelcampo.com.uy\/site\/wp-content\/uploads\/2017\/10\/Expo-Salto.jpg?fit=880%2C440&ssl=1&resize=350%2C200 1x, https:\/\/i0.wp.com\/lahoradelcampo.com.uy\/site\/wp-content\/uploads\/2017\/10\/Expo-Salto.jpg?fit=880%2C440&ssl=1&resize=525%2C300 1.5x, https:\/\/i0.wp.com\/lahoradelcampo.com.uy\/site\/wp-content\/uploads\/2017\/10\/Expo-Salto.jpg?fit=880%2C440&ssl=1&resize=700%2C400 2x"},"classes":[]},{"id":24184,"url":"https:\/\/lahoradelcampo.com.uy\/site\/hoy-comienza-la-expo-salto-2020-con-una-mayor-participacion-de-reproductores\/","url_meta":{"origin":45977,"position":1},"title":"Hoy comienza la Expo Salto 2020, con una mayor participaci\u00f3n de reproductores","author":"La Hora del Campo","date":"1 octubre, 2020","format":false,"excerpt":"En la jornada de hoy, a partir de las 16 horas frente al Monumento del Centenario, en el predio de la Asociaci\u00f3n Agropecuaria de Salto, se desarrollar\u00e1 el acto de apertura de la muestra, con la presencia de de autoridades departamentales y nacionales. Previamente a las 8 horas y hasta\u2026","rel":"","context":"En \u00abActualidad\u00bb","block_context":{"text":"Actualidad","link":"https:\/\/lahoradelcampo.com.uy\/site\/category\/actualidad\/"},"img":{"alt_text":"","src":"https:\/\/i0.wp.com\/lahoradelcampo.com.uy\/site\/wp-content\/uploads\/2020\/10\/exposaltoweb.jpg?fit=880%2C440&ssl=1&resize=350%2C200","width":350,"height":200,"srcset":"https:\/\/i0.wp.com\/lahoradelcampo.com.uy\/site\/wp-content\/uploads\/2020\/10\/exposaltoweb.jpg?fit=880%2C440&ssl=1&resize=350%2C200 1x, https:\/\/i0.wp.com\/lahoradelcampo.com.uy\/site\/wp-content\/uploads\/2020\/10\/exposaltoweb.jpg?fit=880%2C440&ssl=1&resize=525%2C300 1.5x, https:\/\/i0.wp.com\/lahoradelcampo.com.uy\/site\/wp-content\/uploads\/2020\/10\/exposaltoweb.jpg?fit=880%2C440&ssl=1&resize=700%2C400 2x"},"classes":[]},{"id":46011,"url":"https:\/\/lahoradelcampo.com.uy\/site\/la-magdalena-presento-el-campeon-supremo-del-merino-australiano\/","url_meta":{"origin":45977,"position":2},"title":"La Magdalena present\u00f3 el Campe\u00f3n Supremo del Merino Australiano","author":"La Hora del Campo","date":"1 octubre, 2022","format":false,"excerpt":"La pista del Merino Australiano mostr\u00f3 el potencial de la raza, con carneros que pesaron 130 kilos y con 15,2 micras de di\u00e1metro. Se presentaron 40 ejemplares que fueron calificados por Tom Ashby, criador australiano que ya estado tres veces en Salto, seleccionando ejemplares. Veredictos En el astado, la disputa\u2026","rel":"","context":"En \u00abActualidad\u00bb","block_context":{"text":"Actualidad","link":"https:\/\/lahoradelcampo.com.uy\/site\/category\/actualidad\/"},"img":{"alt_text":"","src":"https:\/\/i0.wp.com\/lahoradelcampo.com.uy\/site\/wp-content\/uploads\/2022\/10\/Expo-salto-Lamagdalena.jpg?fit=880%2C440&ssl=1&resize=350%2C200","width":350,"height":200,"srcset":"https:\/\/i0.wp.com\/lahoradelcampo.com.uy\/site\/wp-content\/uploads\/2022\/10\/Expo-salto-Lamagdalena.jpg?fit=880%2C440&ssl=1&resize=350%2C200 1x, https:\/\/i0.wp.com\/lahoradelcampo.com.uy\/site\/wp-content\/uploads\/2022\/10\/Expo-salto-Lamagdalena.jpg?fit=880%2C440&ssl=1&resize=525%2C300 1.5x, https:\/\/i0.wp.com\/lahoradelcampo.com.uy\/site\/wp-content\/uploads\/2022\/10\/Expo-salto-Lamagdalena.jpg?fit=880%2C440&ssl=1&resize=700%2C400 2x"},"classes":[]},{"id":23764,"url":"https:\/\/lahoradelcampo.com.uy\/site\/la-magdalena-arraso-con-la-pista-del-merino-australiano\/","url_meta":{"origin":45977,"position":3},"title":"\u00abLa Magdalena\u00bb arras\u00f3 con la pista del Merino Australiano","author":"La Hora del Campo","date":"18 septiembre, 2020","format":false,"excerpt":"La principal atracci\u00f3n en los ovinos durante la ma\u00f1ana y entrada la tarde, fue la calificaci\u00f3n de la raza Merino Australiano, que estuvo a cargo del Ing. Agr. Gustavo Peinado, ya que el segundo jurado designado no particip\u00f3 de la muestra por motivos de fuerza mayor, explicaron desde la gremial.\u2026","rel":"","context":"En \u00abActualidad\u00bb","block_context":{"text":"Actualidad","link":"https:\/\/lahoradelcampo.com.uy\/site\/category\/actualidad\/"},"img":{"alt_text":"","src":"https:\/\/i0.wp.com\/lahoradelcampo.com.uy\/site\/wp-content\/uploads\/2020\/09\/MerinoOtegui.jpg?fit=880%2C440&ssl=1&resize=350%2C200","width":350,"height":200,"srcset":"https:\/\/i0.wp.com\/lahoradelcampo.com.uy\/site\/wp-content\/uploads\/2020\/09\/MerinoOtegui.jpg?fit=880%2C440&ssl=1&resize=350%2C200 1x, https:\/\/i0.wp.com\/lahoradelcampo.com.uy\/site\/wp-content\/uploads\/2020\/09\/MerinoOtegui.jpg?fit=880%2C440&ssl=1&resize=525%2C300 1.5x, https:\/\/i0.wp.com\/lahoradelcampo.com.uy\/site\/wp-content\/uploads\/2020\/09\/MerinoOtegui.jpg?fit=880%2C440&ssl=1&resize=700%2C400 2x"},"classes":[]},{"id":24682,"url":"https:\/\/lahoradelcampo.com.uy\/site\/hoy-comienza-la-expo-chiflero-en-artigas\/","url_meta":{"origin":45977,"position":4},"title":"Hoy comienza la Expo Chiflero en Artigas","author":"La Hora del Campo","date":"16 octubre, 2020","format":false,"excerpt":"La 88\u00aa exposici\u00f3n feria ganadera nacional y 57\u00aa internacional de reproductores en el departamento de Artigas, comienza en la jornada de hoy con el ingreso de los ejemplares de las distintas razas, al tiempo que se ha programado una venta especial de la raza Cuarto de Milla, tanto para trabajo\u2026","rel":"","context":"En \u00abActualidad\u00bb","block_context":{"text":"Actualidad","link":"https:\/\/lahoradelcampo.com.uy\/site\/category\/actualidad\/"},"img":{"alt_text":"","src":"https:\/\/i0.wp.com\/lahoradelcampo.com.uy\/site\/wp-content\/uploads\/2020\/10\/expochiflero.jpg?fit=880%2C440&ssl=1&resize=350%2C200","width":350,"height":200,"srcset":"https:\/\/i0.wp.com\/lahoradelcampo.com.uy\/site\/wp-content\/uploads\/2020\/10\/expochiflero.jpg?fit=880%2C440&ssl=1&resize=350%2C200 1x, https:\/\/i0.wp.com\/lahoradelcampo.com.uy\/site\/wp-content\/uploads\/2020\/10\/expochiflero.jpg?fit=880%2C440&ssl=1&resize=525%2C300 1.5x, https:\/\/i0.wp.com\/lahoradelcampo.com.uy\/site\/wp-content\/uploads\/2020\/10\/expochiflero.jpg?fit=880%2C440&ssl=1&resize=700%2C400 2x"},"classes":[]},{"id":24128,"url":"https:\/\/lahoradelcampo.com.uy\/site\/goncalvez-este-ano-contamos-con-mas-reproductores-que-el-ano-pasado\/","url_meta":{"origin":45977,"position":5},"title":"Gon\u00e7alvez: Este a\u00f1o contamos con m\u00e1s reproductores que el a\u00f1o pasado","author":"La Hora del Campo","date":"29 septiembre, 2020","format":false,"excerpt":"Sebasti\u00e1n Gon\u00e7alvez, el director de Exposiciones de la Asociaci\u00f3n Agropecuaria de Salto, dijo \"estamos muy conformes este a\u00f1o, tuvimos una buena inscripci\u00f3n tanto en lanares como vacunos, tenemos 20 toros m\u00e1s que el a\u00f1o pasado\". En lo que respecta al programa ganadero de la muestra, la actividad comenzar\u00e1 el jueves\u2026","rel":"","context":"En \u00abActualidad\u00bb","block_context":{"text":"Actualidad","link":"https:\/\/lahoradelcampo.com.uy\/site\/category\/actualidad\/"},"img":{"alt_text":"","src":"https:\/\/i0.wp.com\/lahoradelcampo.com.uy\/site\/wp-content\/uploads\/2017\/09\/Sebastian-Goncalvez.jpg?fit=880%2C440&ssl=1&resize=350%2C200","width":350,"height":200,"srcset":"https:\/\/i0.wp.com\/lahoradelcampo.com.uy\/site\/wp-content\/uploads\/2017\/09\/Sebastian-Goncalvez.jpg?fit=880%2C440&ssl=1&resize=350%2C200 1x, https:\/\/i0.wp.com\/lahoradelcampo.com.uy\/site\/wp-content\/uploads\/2017\/09\/Sebastian-Goncalvez.jpg?fit=880%2C440&ssl=1&resize=525%2C300 1.5x, https:\/\/i0.wp.com\/lahoradelcampo.com.uy\/site\/wp-content\/uploads\/2017\/09\/Sebastian-Goncalvez.jpg?fit=880%2C440&ssl=1&resize=700%2C400 2x"},"classes":[]}],"jetpack_likes_enabled":true,"_links":{"self":[{"href":"https:\/\/lahoradelcampo.com.uy\/site\/wp-json\/wp\/v2\/posts\/45977","targetHints":{"allow":["GET"]}}],"collection":[{"href":"https:\/\/lahoradelcampo.com.uy\/site\/wp-json\/wp\/v2\/posts"}],"about":[{"href":"https:\/\/lahoradelcampo.com.uy\/site\/wp-json\/wp\/v2\/types\/post"}],"author":[{"embeddable":true,"href":"https:\/\/lahoradelcampo.com.uy\/site\/wp-json\/wp\/v2\/users\/5"}],"replies":[{"embeddable":true,"href":"https:\/\/lahoradelcampo.com.uy\/site\/wp-json\/wp\/v2\/comments?post=45977"}],"version-history":[{"count":1,"href":"https:\/\/lahoradelcampo.com.uy\/site\/wp-json\/wp\/v2\/posts\/45977\/revisions"}],"predecessor-version":[{"id":45979,"href":"https:\/\/lahoradelcampo.com.uy\/site\/wp-json\/wp\/v2\/posts\/45977\/revisions\/45979"}],"wp:featuredmedia":[{"embeddable":true,"href":"https:\/\/lahoradelcampo.com.uy\/site\/wp-json\/wp\/v2\/media\/24314"}],"wp:attachment":[{"href":"https:\/\/lahoradelcampo.com.uy\/site\/wp-json\/wp\/v2\/media?parent=45977"}],"wp:term":[{"taxonomy":"category","embeddable":true,"href":"https:\/\/lahoradelcampo.com.uy\/site\/wp-json\/wp\/v2\/categories?post=45977"},{"taxonomy":"post_tag","embeddable":true,"href":"https:\/\/lahoradelcampo.com.uy\/site\/wp-json\/wp\/v2\/tags?post=45977"}],"curies":[{"name":"wp","href":"https:\/\/api.w.org\/{rel}","templated":true}]}}