{"id":45971,"date":"2022-09-30T07:57:38","date_gmt":"2022-09-30T10:57:38","guid":{"rendered":"http:\/\/lahoradelcampo.com.uy\/site\/?p=45971"},"modified":"2022-09-30T07:57:43","modified_gmt":"2022-09-30T10:57:43","slug":"aas-reconocio-a-carlos-ardaix-y-a-lerida-peirano-por-su-trabajo-en-la-muestra","status":"publish","type":"post","link":"https:\/\/lahoradelcampo.com.uy\/site\/aas-reconocio-a-carlos-ardaix-y-a-lerida-peirano-por-su-trabajo-en-la-muestra\/","title":{"rendered":"AAS reconoci\u00f3 a Carlos Arda\u00edx y a L\u00e9rida Peirano por su trabajo en la muestra"},"content":{"rendered":"\n<figure class=\"wp-block-image\"><img data-recalc-dims=\"1\" loading=\"lazy\" decoding=\"async\" width=\"810\" height=\"405\" data-attachment-id=\"45973\" data-permalink=\"https:\/\/lahoradelcampo.com.uy\/site\/aas-reconocio-a-carlos-ardaix-y-a-lerida-peirano-por-su-trabajo-en-la-muestra\/exposalto-homenaje\/\" data-orig-file=\"https:\/\/i0.wp.com\/lahoradelcampo.com.uy\/site\/wp-content\/uploads\/2022\/09\/Exposalto-homenaje.jpg?fit=880%2C440&amp;ssl=1\" data-orig-size=\"880,440\" data-comments-opened=\"1\" data-image-meta=\"{&quot;aperture&quot;:&quot;0&quot;,&quot;credit&quot;:&quot;&quot;,&quot;camera&quot;:&quot;&quot;,&quot;caption&quot;:&quot;&quot;,&quot;created_timestamp&quot;:&quot;0&quot;,&quot;copyright&quot;:&quot;&quot;,&quot;focal_length&quot;:&quot;0&quot;,&quot;iso&quot;:&quot;0&quot;,&quot;shutter_speed&quot;:&quot;0&quot;,&quot;title&quot;:&quot;&quot;,&quot;orientation&quot;:&quot;1&quot;}\" data-image-title=\"Exposalto-homenaje\" data-image-description=\"\" data-image-caption=\"\" data-large-file=\"https:\/\/i0.wp.com\/lahoradelcampo.com.uy\/site\/wp-content\/uploads\/2022\/09\/Exposalto-homenaje.jpg?fit=810%2C405&amp;ssl=1\" src=\"https:\/\/i0.wp.com\/lahoradelcampo.com.uy\/site\/wp-content\/uploads\/2022\/09\/Exposalto-homenaje.jpg?resize=810%2C405\" alt=\"\" class=\"wp-image-45973\" srcset=\"https:\/\/i0.wp.com\/lahoradelcampo.com.uy\/site\/wp-content\/uploads\/2022\/09\/Exposalto-homenaje.jpg?w=880&amp;ssl=1 880w, https:\/\/i0.wp.com\/lahoradelcampo.com.uy\/site\/wp-content\/uploads\/2022\/09\/Exposalto-homenaje.jpg?resize=300%2C150&amp;ssl=1 300w, https:\/\/i0.wp.com\/lahoradelcampo.com.uy\/site\/wp-content\/uploads\/2022\/09\/Exposalto-homenaje.jpg?resize=768%2C384&amp;ssl=1 768w, https:\/\/i0.wp.com\/lahoradelcampo.com.uy\/site\/wp-content\/uploads\/2022\/09\/Exposalto-homenaje.jpg?resize=820%2C410&amp;ssl=1 820w\" sizes=\"auto, (max-width: 810px) 100vw, 810px\" \/><\/figure>\n\n\n\n<p>Al cierre de los discursos protocolares la\ndirectiva de la Asociaci\u00f3n Agropecuaria de Salto, realiz\u00f3 la entrega de un\npeque\u00f1o reconocimiento al Sr. Carlos Ardaix, coordinador comercial de la Expo\nSalto, debido a sus 28 a\u00f1os de trabajo en el desarrollo de las exposiciones. Al\nmismo tiempo tambi\u00e9n se reconoci\u00f3 a la Sra. L\u00e9rida Peirano, esposa de Arda\u00edx,\npor su esfuerzo, dedicaci\u00f3n y horas de trabajo para el desarrollo de esta\nmuestra. <\/p>\n\n\n\n<p>Arda\u00edx record\u00f3 que al comienzo, en los\nprimeros di\u00e1logos con los directivos de la gremial, recurri\u00f3 al apoyo del\nperiodista Luis Andiarena para comenzar lo que hoy es la realidad de la Expo\nSalto, pero remarc\u00f3 que desde aquel momento hasta hoy \u201cno firmamos nada, ni a\nnuestro favor ni en contra, fue un compromiso de palabra en el transcurso de\ntodos los 28 a\u00f1os de la expo\u201d. <\/p>\n\n\n\n<p>En este sentido remarc\u00f3 que han pasado por la instituci\u00f3n varios presidentes y \u201cnunca encontramos un motivo de discordia, o sea que hablamos de una instituci\u00f3n con las botas puestas\u201d. <\/p>\n\n\n\n<p>Salto, viernes 30 de setiembre de 2022<\/p>\n","protected":false},"excerpt":{"rendered":"<p>Al cierre de los discursos protocolares la directiva de la Asociaci\u00f3n Agropecuaria de Salto, realiz\u00f3 la entrega de un peque\u00f1o reconocimiento al Sr. Carlos Ardaix, coordinador comercial de la Expo [&hellip;]<\/p>\n","protected":false},"author":5,"featured_media":45973,"comment_status":"open","ping_status":"open","sticky":false,"template":"","format":"standard","meta":{"_price":"","_stock":"","_tribe_ticket_header":"","_tribe_default_ticket_provider":"","_tribe_ticket_capacity":"0","_ticket_start_date":"","_ticket_end_date":"","_tribe_ticket_show_description":"","_tribe_ticket_show_not_going":false,"_tribe_ticket_use_global_stock":"","_tribe_ticket_global_stock_level":"","_global_stock_mode":"","_global_stock_cap":"","_tribe_rsvp_for_event":"","_tribe_ticket_going_count":"","_tribe_ticket_not_going_count":"","_tribe_tickets_list":"[]","_tribe_ticket_has_attendee_info_fields":false,"h5ap_radio_sources":[],"_jetpack_newsletter_access":"","_jetpack_dont_email_post_to_subs":false,"_jetpack_newsletter_tier_id":0,"_jetpack_memberships_contains_paywalled_content":false,"_jetpack_memberships_contains_paid_content":false,"footnotes":""},"categories":[21,5],"tags":[],"class_list":["post-45971","post","type-post","status-publish","format-standard","has-post-thumbnail","hentry","category-actualidad","category-ganaderia"],"jetpack_featured_media_url":"https:\/\/i0.wp.com\/lahoradelcampo.com.uy\/site\/wp-content\/uploads\/2022\/09\/Exposalto-homenaje.jpg?fit=880%2C440&ssl=1","jetpack_sharing_enabled":true,"jetpack_shortlink":"https:\/\/wp.me\/p99IaT-bXt","jetpack-related-posts":[{"id":56994,"url":"https:\/\/lahoradelcampo.com.uy\/site\/la-expo-salto-es-la-exposicion-mas-importante-del-interior-y-la-mas-antigua\/","url_meta":{"origin":45971,"position":0},"title":"La Expo Salto es la exposici\u00f3n \u00abm\u00e1s importante del interior\u00bb y \u00abla m\u00e1s antigua\u00bb","author":"La Hora del Campo","date":"3 octubre, 2025","format":false,"excerpt":"La Exposici\u00f3n de Salto, en su 117\u00aa edici\u00f3n, qued\u00f3 inaugurada con un marco de p\u00fablico numeroso y con discursos que subrayaron el valor de esta muestra ganadera, industrial y comercial, la m\u00e1s antigua del pa\u00eds y una de las m\u00e1s significativas del interior. El evento, organizado por la Asociaci\u00f3n Agropecuaria\u2026","rel":"","context":"En \u00abActualidad\u00bb","block_context":{"text":"Actualidad","link":"https:\/\/lahoradelcampo.com.uy\/site\/category\/actualidad\/"},"img":{"alt_text":"","src":"https:\/\/i0.wp.com\/lahoradelcampo.com.uy\/site\/wp-content\/uploads\/2025\/10\/Exposalto-pabellones.jpg?fit=880%2C440&ssl=1&resize=350%2C200","width":350,"height":200,"srcset":"https:\/\/i0.wp.com\/lahoradelcampo.com.uy\/site\/wp-content\/uploads\/2025\/10\/Exposalto-pabellones.jpg?fit=880%2C440&ssl=1&resize=350%2C200 1x, https:\/\/i0.wp.com\/lahoradelcampo.com.uy\/site\/wp-content\/uploads\/2025\/10\/Exposalto-pabellones.jpg?fit=880%2C440&ssl=1&resize=525%2C300 1.5x, https:\/\/i0.wp.com\/lahoradelcampo.com.uy\/site\/wp-content\/uploads\/2025\/10\/Exposalto-pabellones.jpg?fit=880%2C440&ssl=1&resize=700%2C400 2x"},"classes":[]},{"id":31822,"url":"https:\/\/lahoradelcampo.com.uy\/site\/del-30-de-setiembre-al-3-de-octubre-se-desarrollara-la-expo-salto-2021\/","url_meta":{"origin":45971,"position":1},"title":"Del 30 de setiembre al 3 de octubre se desarrollar\u00e1 la Expo Salto 2021","author":"La Hora del Campo","date":"5 julio, 2021","format":false,"excerpt":"El pasado 7 de mayo se anunci\u00f3 en La Hora del Campo, la fecha de realizaci\u00f3n de la 113 edici\u00f3n de la Expo Salto 2021, la cual fue confirmada el viernes el viernes en conferencia de prensa. M\u00f3nica Silva indic\u00f3 que la gremial tiene la \"esperanza\" de que los n\u00fameros\u2026","rel":"","context":"En \u00abActualidad\u00bb","block_context":{"text":"Actualidad","link":"https:\/\/lahoradelcampo.com.uy\/site\/category\/actualidad\/"},"img":{"alt_text":"","src":"https:\/\/i0.wp.com\/lahoradelcampo.com.uy\/site\/wp-content\/uploads\/2021\/07\/AAS-Expo.jpg?fit=880%2C440&ssl=1&resize=350%2C200","width":350,"height":200,"srcset":"https:\/\/i0.wp.com\/lahoradelcampo.com.uy\/site\/wp-content\/uploads\/2021\/07\/AAS-Expo.jpg?fit=880%2C440&ssl=1&resize=350%2C200 1x, https:\/\/i0.wp.com\/lahoradelcampo.com.uy\/site\/wp-content\/uploads\/2021\/07\/AAS-Expo.jpg?fit=880%2C440&ssl=1&resize=525%2C300 1.5x, https:\/\/i0.wp.com\/lahoradelcampo.com.uy\/site\/wp-content\/uploads\/2021\/07\/AAS-Expo.jpg?fit=880%2C440&ssl=1&resize=700%2C400 2x"},"classes":[]},{"id":56967,"url":"https:\/\/lahoradelcampo.com.uy\/site\/expo-salto-2025-se-prepara-con-amplia-agenda-ganadera-comercial-y-cultural\/","url_meta":{"origin":45971,"position":2},"title":"Expo Salto 2025 se prepara con amplia agenda ganadera, comercial y cultural","author":"La Hora del Campo","date":"30 septiembre, 2025","format":false,"excerpt":"La Asociaci\u00f3n Agropecuaria de Salto lanz\u00f3 oficialmente la 117\u00aa edici\u00f3n de la Expo Salto, que se desarrollar\u00e1 entre el 2 y el 5 de octubre de 2025, con un acto previo el d\u00eda 1\u00ba de octubre, en conjunto con el Centro Comercial e Industrial de Salto. El presidente de la\u2026","rel":"","context":"En \u00abActualidad\u00bb","block_context":{"text":"Actualidad","link":"https:\/\/lahoradelcampo.com.uy\/site\/category\/actualidad\/"},"img":{"alt_text":"","src":"https:\/\/i0.wp.com\/lahoradelcampo.com.uy\/site\/wp-content\/uploads\/2025\/09\/ExpoSalto1.jpg?fit=880%2C440&ssl=1&resize=350%2C200","width":350,"height":200,"srcset":"https:\/\/i0.wp.com\/lahoradelcampo.com.uy\/site\/wp-content\/uploads\/2025\/09\/ExpoSalto1.jpg?fit=880%2C440&ssl=1&resize=350%2C200 1x, https:\/\/i0.wp.com\/lahoradelcampo.com.uy\/site\/wp-content\/uploads\/2025\/09\/ExpoSalto1.jpg?fit=880%2C440&ssl=1&resize=525%2C300 1.5x, https:\/\/i0.wp.com\/lahoradelcampo.com.uy\/site\/wp-content\/uploads\/2025\/09\/ExpoSalto1.jpg?fit=880%2C440&ssl=1&resize=700%2C400 2x"},"classes":[]},{"id":52983,"url":"https:\/\/lahoradelcampo.com.uy\/site\/3-4-y-5-de-noviembre-se-desarrolla-el-salto-ovino\/","url_meta":{"origin":45971,"position":3},"title":"3, 4 y 5 de noviembre se desarrolla el Salto Ovino","author":"La Hora del Campo","date":"31 octubre, 2023","format":false,"excerpt":"El viernes 3, s\u00e1bado 4 y domingo 5 de noviembre se desarrollar en el predio de la Asociaci\u00f3n Agropecuaria de Salto, el tradicional Salto Ovino, un evento que ha cambiado de fecha este a\u00f1o, pero que ha incrementado sus actividades y ha anexado una serie de eventos art\u00edsticos de renombre\u2026","rel":"","context":"En \u00abActualidad\u00bb","block_context":{"text":"Actualidad","link":"https:\/\/lahoradelcampo.com.uy\/site\/category\/actualidad\/"},"img":{"alt_text":"","src":"https:\/\/i0.wp.com\/lahoradelcampo.com.uy\/site\/wp-content\/uploads\/2023\/10\/Saltoovino-lanza.jpg?fit=880%2C440&ssl=1&resize=350%2C200","width":350,"height":200,"srcset":"https:\/\/i0.wp.com\/lahoradelcampo.com.uy\/site\/wp-content\/uploads\/2023\/10\/Saltoovino-lanza.jpg?fit=880%2C440&ssl=1&resize=350%2C200 1x, https:\/\/i0.wp.com\/lahoradelcampo.com.uy\/site\/wp-content\/uploads\/2023\/10\/Saltoovino-lanza.jpg?fit=880%2C440&ssl=1&resize=525%2C300 1.5x, https:\/\/i0.wp.com\/lahoradelcampo.com.uy\/site\/wp-content\/uploads\/2023\/10\/Saltoovino-lanza.jpg?fit=880%2C440&ssl=1&resize=700%2C400 2x"},"classes":[]},{"id":24122,"url":"https:\/\/lahoradelcampo.com.uy\/site\/este-jueves-1-de-octubre-comienza-la-expo-salto-2020\/","url_meta":{"origin":45971,"position":4},"title":"Este jueves 1 de octubre comienza la Expo Salto 2020","author":"La Hora del Campo","date":"29 septiembre, 2020","format":false,"excerpt":"En la jornada de ayer se realiz\u00f3, de forma virtual, el lanzamiento de la Expo Salto 2020 que comenzar\u00e1 a partir de este jueves primero y se extender\u00e1 hasta el domingo cuatro de octubre en el predio de la Asociaci\u00f3n Agropecuaria de Salto. La presidente de la gremial, M\u00f3nica Silva,\u2026","rel":"","context":"En \u00abActualidad\u00bb","block_context":{"text":"Actualidad","link":"https:\/\/lahoradelcampo.com.uy\/site\/category\/actualidad\/"},"img":{"alt_text":"","src":"https:\/\/i0.wp.com\/lahoradelcampo.com.uy\/site\/wp-content\/uploads\/2020\/09\/Agropecuariasalto.jpg?fit=880%2C440&ssl=1&resize=350%2C200","width":350,"height":200,"srcset":"https:\/\/i0.wp.com\/lahoradelcampo.com.uy\/site\/wp-content\/uploads\/2020\/09\/Agropecuariasalto.jpg?fit=880%2C440&ssl=1&resize=350%2C200 1x, https:\/\/i0.wp.com\/lahoradelcampo.com.uy\/site\/wp-content\/uploads\/2020\/09\/Agropecuariasalto.jpg?fit=880%2C440&ssl=1&resize=525%2C300 1.5x, https:\/\/i0.wp.com\/lahoradelcampo.com.uy\/site\/wp-content\/uploads\/2020\/09\/Agropecuariasalto.jpg?fit=880%2C440&ssl=1&resize=700%2C400 2x"},"classes":[]},{"id":14633,"url":"https:\/\/lahoradelcampo.com.uy\/site\/del-3-al-6-de-octubre-se-viene-una-renovada-expo-salto-2019\/","url_meta":{"origin":45971,"position":5},"title":"Del 3 al 6 de octubre se viene  una renovada Expo Salto 2019","author":"La Hora del Campo","date":"30 septiembre, 2019","format":false,"excerpt":"Como es tradicional, en la semana previa al comienzo de la muestra ganadera, comercial e industrial, organizada por la Asociaci\u00f3n Agropecuaria de Salto, se realiz\u00f3 en la noche de ayer el lanzamiento de la actividad. Donde se dieron a conocer los detalles de la misma, en donde se destacan una\u2026","rel":"","context":"En \u00abActualidad\u00bb","block_context":{"text":"Actualidad","link":"https:\/\/lahoradelcampo.com.uy\/site\/category\/actualidad\/"},"img":{"alt_text":"","src":"https:\/\/i0.wp.com\/lahoradelcampo.com.uy\/site\/wp-content\/uploads\/2019\/09\/exposalto.jpg?fit=880%2C440&ssl=1&resize=350%2C200","width":350,"height":200,"srcset":"https:\/\/i0.wp.com\/lahoradelcampo.com.uy\/site\/wp-content\/uploads\/2019\/09\/exposalto.jpg?fit=880%2C440&ssl=1&resize=350%2C200 1x, https:\/\/i0.wp.com\/lahoradelcampo.com.uy\/site\/wp-content\/uploads\/2019\/09\/exposalto.jpg?fit=880%2C440&ssl=1&resize=525%2C300 1.5x, https:\/\/i0.wp.com\/lahoradelcampo.com.uy\/site\/wp-content\/uploads\/2019\/09\/exposalto.jpg?fit=880%2C440&ssl=1&resize=700%2C400 2x"},"classes":[]}],"jetpack_likes_enabled":true,"_links":{"self":[{"href":"https:\/\/lahoradelcampo.com.uy\/site\/wp-json\/wp\/v2\/posts\/45971","targetHints":{"allow":["GET"]}}],"collection":[{"href":"https:\/\/lahoradelcampo.com.uy\/site\/wp-json\/wp\/v2\/posts"}],"about":[{"href":"https:\/\/lahoradelcampo.com.uy\/site\/wp-json\/wp\/v2\/types\/post"}],"author":[{"embeddable":true,"href":"https:\/\/lahoradelcampo.com.uy\/site\/wp-json\/wp\/v2\/users\/5"}],"replies":[{"embeddable":true,"href":"https:\/\/lahoradelcampo.com.uy\/site\/wp-json\/wp\/v2\/comments?post=45971"}],"version-history":[{"count":1,"href":"https:\/\/lahoradelcampo.com.uy\/site\/wp-json\/wp\/v2\/posts\/45971\/revisions"}],"predecessor-version":[{"id":45975,"href":"https:\/\/lahoradelcampo.com.uy\/site\/wp-json\/wp\/v2\/posts\/45971\/revisions\/45975"}],"wp:featuredmedia":[{"embeddable":true,"href":"https:\/\/lahoradelcampo.com.uy\/site\/wp-json\/wp\/v2\/media\/45973"}],"wp:attachment":[{"href":"https:\/\/lahoradelcampo.com.uy\/site\/wp-json\/wp\/v2\/media?parent=45971"}],"wp:term":[{"taxonomy":"category","embeddable":true,"href":"https:\/\/lahoradelcampo.com.uy\/site\/wp-json\/wp\/v2\/categories?post=45971"},{"taxonomy":"post_tag","embeddable":true,"href":"https:\/\/lahoradelcampo.com.uy\/site\/wp-json\/wp\/v2\/tags?post=45971"}],"curies":[{"name":"wp","href":"https:\/\/api.w.org\/{rel}","templated":true}]}}