{"id":45965,"date":"2022-09-30T07:52:51","date_gmt":"2022-09-30T10:52:51","guid":{"rendered":"http:\/\/lahoradelcampo.com.uy\/site\/?p=45965"},"modified":"2022-09-30T07:53:23","modified_gmt":"2022-09-30T10:53:23","slug":"intendencia-de-salto-destaco-el-valor-del-agro-para-el-departamento","status":"publish","type":"post","link":"https:\/\/lahoradelcampo.com.uy\/site\/intendencia-de-salto-destaco-el-valor-del-agro-para-el-departamento\/","title":{"rendered":"Intendencia de Salto destac\u00f3 el valor del agro para el departamento"},"content":{"rendered":"\n<figure class=\"wp-block-image\"><img data-recalc-dims=\"1\" loading=\"lazy\" decoding=\"async\" width=\"810\" height=\"405\" data-attachment-id=\"45967\" data-permalink=\"https:\/\/lahoradelcampo.com.uy\/site\/intendencia-de-salto-destaco-el-valor-del-agro-para-el-departamento\/expo-salto-chiriff\/\" data-orig-file=\"https:\/\/i0.wp.com\/lahoradelcampo.com.uy\/site\/wp-content\/uploads\/2022\/09\/Expo-Salto-Chiriff.jpg?fit=880%2C440&amp;ssl=1\" data-orig-size=\"880,440\" data-comments-opened=\"1\" data-image-meta=\"{&quot;aperture&quot;:&quot;0&quot;,&quot;credit&quot;:&quot;&quot;,&quot;camera&quot;:&quot;&quot;,&quot;caption&quot;:&quot;&quot;,&quot;created_timestamp&quot;:&quot;0&quot;,&quot;copyright&quot;:&quot;&quot;,&quot;focal_length&quot;:&quot;0&quot;,&quot;iso&quot;:&quot;0&quot;,&quot;shutter_speed&quot;:&quot;0&quot;,&quot;title&quot;:&quot;&quot;,&quot;orientation&quot;:&quot;1&quot;}\" data-image-title=\"Expo Salto &amp;#8211; Chiriff\" data-image-description=\"\" data-image-caption=\"\" data-large-file=\"https:\/\/i0.wp.com\/lahoradelcampo.com.uy\/site\/wp-content\/uploads\/2022\/09\/Expo-Salto-Chiriff.jpg?fit=810%2C405&amp;ssl=1\" src=\"https:\/\/i0.wp.com\/lahoradelcampo.com.uy\/site\/wp-content\/uploads\/2022\/09\/Expo-Salto-Chiriff.jpg?resize=810%2C405\" alt=\"\" class=\"wp-image-45967\" srcset=\"https:\/\/i0.wp.com\/lahoradelcampo.com.uy\/site\/wp-content\/uploads\/2022\/09\/Expo-Salto-Chiriff.jpg?w=880&amp;ssl=1 880w, https:\/\/i0.wp.com\/lahoradelcampo.com.uy\/site\/wp-content\/uploads\/2022\/09\/Expo-Salto-Chiriff.jpg?resize=300%2C150&amp;ssl=1 300w, https:\/\/i0.wp.com\/lahoradelcampo.com.uy\/site\/wp-content\/uploads\/2022\/09\/Expo-Salto-Chiriff.jpg?resize=768%2C384&amp;ssl=1 768w, https:\/\/i0.wp.com\/lahoradelcampo.com.uy\/site\/wp-content\/uploads\/2022\/09\/Expo-Salto-Chiriff.jpg?resize=820%2C410&amp;ssl=1 820w\" sizes=\"auto, (max-width: 810px) 100vw, 810px\" \/><\/figure>\n\n\n\n<p>\u201cEl sector agropecuario es sumamente valioso\npara el desarrollo productivo de nuestro departamento\u201d dijo el Secretario\nGeneral de la Intendencia de Salto, Gustavo Chiriff, en representaci\u00f3n del\nintendente Dr. Andr\u00e9s Lima, ya que el mismo se encontraba fuera del\ndepartamento, en actividades inherentes a su cargo. <\/p>\n\n\n\n<p>El jerarca municipal destac\u00f3 la importancia de\nla \u201cproducci\u00f3n ovina y bovina, el vasto sector agr\u00edcola de largo arraigo en el\ndepartamento\u201d y la dependencia de \u201cmiles de trabajadores cuyo sustento proviene\ndel trabajo rural\u201d por lo que indic\u00f3 que la comuna realiza \u201cun esfuerzo\nimportante para mejorar la caminer\u00eda rural, sabiendo lo importante que es para\nmover la producci\u00f3n agropecuaria y para brindar m\u00e1s oportunidades al interior\u201d.\n<\/p>\n\n\n\n<p>En este sentido destac\u00f3 la realizaci\u00f3n de \u201cdos\nimportantes obras hidr\u00e1ulicas. Alcantarilla en el municipio de Mataojo, tres\nalcantarillas en Pueblo Quintana que marcar\u00e1n un antes y un despu\u00e9s para la\ngente de la zona. Una obra que fue posible gracias a la articulaci\u00f3n entre los\ntres niveles de gobierno el municipio, la Intendencia de Salto y el Gobierno\nNacional, en conjunto con productores rurales y vecinos en general\u201d.<\/p>\n\n\n\n<p>Al mismo tiempo remarc\u00f3 que est\u00e1 \u201cmuy pr\u00f3ximo\na finalizar la obra de la Central Hort\u00edcola del Norte, un trabajo que ha sido\nprioridad para nuestra administraci\u00f3n y en el que hemos trabajado codo a codo\ncon el Ministerio de Ganader\u00eda, Agricultura y Pesca y con los productores desde\nla Intendencia y el Gobierno departamental\u201d. <\/p>\n","protected":false},"excerpt":{"rendered":"<p>\u201cEl sector agropecuario es sumamente valioso para el desarrollo productivo de nuestro departamento\u201d dijo el Secretario General de la Intendencia de Salto, Gustavo Chiriff, en representaci\u00f3n del intendente Dr. Andr\u00e9s [&hellip;]<\/p>\n","protected":false},"author":5,"featured_media":45967,"comment_status":"open","ping_status":"open","sticky":false,"template":"","format":"standard","meta":{"_price":"","_stock":"","_tribe_ticket_header":"","_tribe_default_ticket_provider":"","_tribe_ticket_capacity":"0","_ticket_start_date":"","_ticket_end_date":"","_tribe_ticket_show_description":"","_tribe_ticket_show_not_going":false,"_tribe_ticket_use_global_stock":"","_tribe_ticket_global_stock_level":"","_global_stock_mode":"","_global_stock_cap":"","_tribe_rsvp_for_event":"","_tribe_ticket_going_count":"","_tribe_ticket_not_going_count":"","_tribe_tickets_list":"[]","_tribe_ticket_has_attendee_info_fields":false,"h5ap_radio_sources":[],"_jetpack_newsletter_access":"","_jetpack_dont_email_post_to_subs":false,"_jetpack_newsletter_tier_id":0,"_jetpack_memberships_contains_paywalled_content":false,"_jetpack_memberships_contains_paid_content":false,"footnotes":""},"categories":[21,5],"tags":[],"class_list":["post-45965","post","type-post","status-publish","format-standard","has-post-thumbnail","hentry","category-actualidad","category-ganaderia"],"jetpack_featured_media_url":"https:\/\/i0.wp.com\/lahoradelcampo.com.uy\/site\/wp-content\/uploads\/2022\/09\/Expo-Salto-Chiriff.jpg?fit=880%2C440&ssl=1","jetpack_sharing_enabled":true,"jetpack_shortlink":"https:\/\/wp.me\/p99IaT-bXn","jetpack-related-posts":[{"id":27124,"url":"https:\/\/lahoradelcampo.com.uy\/site\/gremiales-solicitaron-una-prorroga-para-el-pago-de-la-contribucion-inmobiliaria-rural\/","url_meta":{"origin":45965,"position":0},"title":"Gremiales solicitaron una pr\u00f3rroga para el pago de la Contribuci\u00f3n Inmobiliaria Rural","author":"La Hora del Campo","date":"27 enero, 2021","format":false,"excerpt":"El departamento de Salto se encuentra pr\u00e1cticamente en su totalidad dentro de la Declaraci\u00f3n de Emergencia Agropecuaria definida por el Ministerio de Ganader\u00eda, Agricultura y Pesca (MGAP). Seg\u00fan la \u00faltima actualizaci\u00f3n la seccional 12\u00b0 es la \u00fanica que no cuenta con esta declaraci\u00f3n debido a que la situaci\u00f3n clim\u00e1tica all\u00ed\u2026","rel":"","context":"En \u00abActualidad\u00bb","block_context":{"text":"Actualidad","link":"https:\/\/lahoradelcampo.com.uy\/site\/category\/actualidad\/"},"img":{"alt_text":"","src":"https:\/\/i0.wp.com\/lahoradelcampo.com.uy\/site\/wp-content\/uploads\/2021\/01\/intendencia.jpg?fit=880%2C440&ssl=1&resize=350%2C200","width":350,"height":200,"srcset":"https:\/\/i0.wp.com\/lahoradelcampo.com.uy\/site\/wp-content\/uploads\/2021\/01\/intendencia.jpg?fit=880%2C440&ssl=1&resize=350%2C200 1x, https:\/\/i0.wp.com\/lahoradelcampo.com.uy\/site\/wp-content\/uploads\/2021\/01\/intendencia.jpg?fit=880%2C440&ssl=1&resize=525%2C300 1.5x, https:\/\/i0.wp.com\/lahoradelcampo.com.uy\/site\/wp-content\/uploads\/2021\/01\/intendencia.jpg?fit=880%2C440&ssl=1&resize=700%2C400 2x"},"classes":[]},{"id":18660,"url":"https:\/\/lahoradelcampo.com.uy\/site\/campana-solidaria-para-la-poblacion-del-interior-del-departamento-de-salto\/","url_meta":{"origin":45965,"position":1},"title":"Campa\u00f1a solidaria para la poblaci\u00f3n del interior del departamento de Salto","author":"La Hora del Campo","date":"16 abril, 2020","format":false,"excerpt":"El programa radial, La Hora del Campo, y Cooperativa Calsal, est\u00e1n convocando a los productores en general y a los asociados de la gremial en particular, a apoyar una campa\u00f1a dirigida al interior del departamento de Salto. La \"campa\u00f1a solidaria\" est\u00e1 destinada a \"las familias m\u00e1s vulnerables del medio rural\"\u2026","rel":"","context":"En \u00abActualidad\u00bb","block_context":{"text":"Actualidad","link":"https:\/\/lahoradelcampo.com.uy\/site\/category\/actualidad\/"},"img":{"alt_text":"","src":"https:\/\/i0.wp.com\/lahoradelcampo.com.uy\/site\/wp-content\/uploads\/2020\/04\/Calsal.jpg?fit=880%2C440&ssl=1&resize=350%2C200","width":350,"height":200,"srcset":"https:\/\/i0.wp.com\/lahoradelcampo.com.uy\/site\/wp-content\/uploads\/2020\/04\/Calsal.jpg?fit=880%2C440&ssl=1&resize=350%2C200 1x, https:\/\/i0.wp.com\/lahoradelcampo.com.uy\/site\/wp-content\/uploads\/2020\/04\/Calsal.jpg?fit=880%2C440&ssl=1&resize=525%2C300 1.5x, https:\/\/i0.wp.com\/lahoradelcampo.com.uy\/site\/wp-content\/uploads\/2020\/04\/Calsal.jpg?fit=880%2C440&ssl=1&resize=700%2C400 2x"},"classes":[]},{"id":48373,"url":"https:\/\/lahoradelcampo.com.uy\/site\/intendencia-anuncio-nuevo-llamado-para-locales-en-la-chn\/","url_meta":{"origin":45965,"position":2},"title":"Intendencia anunci\u00f3 nuevo llamado para locales en la CHN","author":"La Hora del Campo","date":"26 enero, 2023","format":false,"excerpt":"La Central Hort\u00edcola del Norte es una gran apuesta para el desarrollo econ\u00f3mico y productivo de nuestro departamento. Semanas atr\u00e1s se hizo entrega de los primeros 8 puestos adquiridos por familias productoras locales y operadores de Montevideo que contar\u00e1n con un espacio para comercializar su producci\u00f3n. El intendente Andr\u00e9s Lima\u2026","rel":"","context":"En \u00abActualidad\u00bb","block_context":{"text":"Actualidad","link":"https:\/\/lahoradelcampo.com.uy\/site\/category\/actualidad\/"},"img":{"alt_text":"","src":"https:\/\/i0.wp.com\/lahoradelcampo.com.uy\/site\/wp-content\/uploads\/2023\/01\/CHN-Autoridades.jpg?fit=880%2C440&ssl=1&resize=350%2C200","width":350,"height":200,"srcset":"https:\/\/i0.wp.com\/lahoradelcampo.com.uy\/site\/wp-content\/uploads\/2023\/01\/CHN-Autoridades.jpg?fit=880%2C440&ssl=1&resize=350%2C200 1x, https:\/\/i0.wp.com\/lahoradelcampo.com.uy\/site\/wp-content\/uploads\/2023\/01\/CHN-Autoridades.jpg?fit=880%2C440&ssl=1&resize=525%2C300 1.5x, https:\/\/i0.wp.com\/lahoradelcampo.com.uy\/site\/wp-content\/uploads\/2023\/01\/CHN-Autoridades.jpg?fit=880%2C440&ssl=1&resize=700%2C400 2x"},"classes":[]},{"id":56997,"url":"https:\/\/lahoradelcampo.com.uy\/site\/la-camineria-rural-no-solo-permite-sacar-la-produccion-tambien-es-el-camino-para-llegar-a-una-escuela-o-a-tiempo-en-una-emergencia\/","url_meta":{"origin":45965,"position":3},"title":"\u00abLa caminer\u00eda rural no solo permite sacar la producci\u00f3n, tambi\u00e9n es el camino para llegar a una escuela o a tiempo en una emergencia\u00bb.","author":"La Hora del Campo","date":"3 octubre, 2025","format":false,"excerpt":"En su intervenci\u00f3n, el presidente de la gremial, Luis Manfredi, salud\u00f3 a las autoridades presentes y lament\u00f3 la ausencia de representantes del gobierno nacional. Record\u00f3 la larga trayectoria de la instituci\u00f3n, que celebra sus 124 a\u00f1os de vida, y subray\u00f3 que esta exposici\u00f3n \"no solo es la m\u00e1s importante del\u2026","rel":"","context":"En \u00abActualidad\u00bb","block_context":{"text":"Actualidad","link":"https:\/\/lahoradelcampo.com.uy\/site\/category\/actualidad\/"},"img":{"alt_text":"","src":"https:\/\/i0.wp.com\/lahoradelcampo.com.uy\/site\/wp-content\/uploads\/2025\/10\/Exposalto-manfredi.jpg?fit=880%2C440&ssl=1&resize=350%2C200","width":350,"height":200,"srcset":"https:\/\/i0.wp.com\/lahoradelcampo.com.uy\/site\/wp-content\/uploads\/2025\/10\/Exposalto-manfredi.jpg?fit=880%2C440&ssl=1&resize=350%2C200 1x, https:\/\/i0.wp.com\/lahoradelcampo.com.uy\/site\/wp-content\/uploads\/2025\/10\/Exposalto-manfredi.jpg?fit=880%2C440&ssl=1&resize=525%2C300 1.5x, https:\/\/i0.wp.com\/lahoradelcampo.com.uy\/site\/wp-content\/uploads\/2025\/10\/Exposalto-manfredi.jpg?fit=880%2C440&ssl=1&resize=700%2C400 2x"},"classes":[]},{"id":31624,"url":"https:\/\/lahoradelcampo.com.uy\/site\/abigeatos-cae-40-desde-la-creacion-de-la-direccion-de-seguridad-rural\/","url_meta":{"origin":45965,"position":4},"title":"Abigeatos cae 40% desde la creaci\u00f3n de la Direcci\u00f3n de Seguridad Rural","author":"La Hora del Campo","date":"29 junio, 2021","format":false,"excerpt":"El pasado viernes 25 de junio, el ministro del Interior, Luis Alberto Heber, visit\u00f3 la ciudad de Florida para evaluar el despliegue de la Polic\u00eda en el departamento, el funcionamiento de la Direcci\u00f3n Nacional de la Seguridad Rural y la articulaci\u00f3n de acciones entre la jefatura y la intendencia local.\u2026","rel":"","context":"En \u00abActualidad\u00bb","block_context":{"text":"Actualidad","link":"https:\/\/lahoradelcampo.com.uy\/site\/category\/actualidad\/"},"img":{"alt_text":"","src":"https:\/\/i0.wp.com\/lahoradelcampo.com.uy\/site\/wp-content\/uploads\/2021\/06\/Heber-Abigeatos.jpg?fit=880%2C440&ssl=1&resize=350%2C200","width":350,"height":200,"srcset":"https:\/\/i0.wp.com\/lahoradelcampo.com.uy\/site\/wp-content\/uploads\/2021\/06\/Heber-Abigeatos.jpg?fit=880%2C440&ssl=1&resize=350%2C200 1x, https:\/\/i0.wp.com\/lahoradelcampo.com.uy\/site\/wp-content\/uploads\/2021\/06\/Heber-Abigeatos.jpg?fit=880%2C440&ssl=1&resize=525%2C300 1.5x, https:\/\/i0.wp.com\/lahoradelcampo.com.uy\/site\/wp-content\/uploads\/2021\/06\/Heber-Abigeatos.jpg?fit=880%2C440&ssl=1&resize=700%2C400 2x"},"classes":[]},{"id":51159,"url":"https:\/\/lahoradelcampo.com.uy\/site\/reunion-clave-para-la-central-horticola-del-norte-en-salto\/","url_meta":{"origin":45965,"position":5},"title":"Reuni\u00f3n clave para la Central Hort\u00edcola del Norte en Salto","author":"La Hora del Campo","date":"12 junio, 2023","format":false,"excerpt":"El intendente Andr\u00e9s Lima (en forma virtual), acompa\u00f1ado por autoridades de la Intendencia de Salto, se reuni\u00f3 con el ministro de Ganader\u00eda, Agricultura y Pesca, Ing. Agr. Fernando Mattos, qui\u00e9n estuvo en la ciudad el d\u00eda viernes, en un encuentro determinante para el avance del proyecto de la Central Hort\u00edcola\u2026","rel":"","context":"En \u00abActualidad\u00bb","block_context":{"text":"Actualidad","link":"https:\/\/lahoradelcampo.com.uy\/site\/category\/actualidad\/"},"img":{"alt_text":"","src":"https:\/\/i0.wp.com\/lahoradelcampo.com.uy\/site\/wp-content\/uploads\/2023\/06\/CHN-Intendente.jpg?fit=880%2C440&ssl=1&resize=350%2C200","width":350,"height":200,"srcset":"https:\/\/i0.wp.com\/lahoradelcampo.com.uy\/site\/wp-content\/uploads\/2023\/06\/CHN-Intendente.jpg?fit=880%2C440&ssl=1&resize=350%2C200 1x, https:\/\/i0.wp.com\/lahoradelcampo.com.uy\/site\/wp-content\/uploads\/2023\/06\/CHN-Intendente.jpg?fit=880%2C440&ssl=1&resize=525%2C300 1.5x, https:\/\/i0.wp.com\/lahoradelcampo.com.uy\/site\/wp-content\/uploads\/2023\/06\/CHN-Intendente.jpg?fit=880%2C440&ssl=1&resize=700%2C400 2x"},"classes":[]}],"jetpack_likes_enabled":true,"_links":{"self":[{"href":"https:\/\/lahoradelcampo.com.uy\/site\/wp-json\/wp\/v2\/posts\/45965","targetHints":{"allow":["GET"]}}],"collection":[{"href":"https:\/\/lahoradelcampo.com.uy\/site\/wp-json\/wp\/v2\/posts"}],"about":[{"href":"https:\/\/lahoradelcampo.com.uy\/site\/wp-json\/wp\/v2\/types\/post"}],"author":[{"embeddable":true,"href":"https:\/\/lahoradelcampo.com.uy\/site\/wp-json\/wp\/v2\/users\/5"}],"replies":[{"embeddable":true,"href":"https:\/\/lahoradelcampo.com.uy\/site\/wp-json\/wp\/v2\/comments?post=45965"}],"version-history":[{"count":1,"href":"https:\/\/lahoradelcampo.com.uy\/site\/wp-json\/wp\/v2\/posts\/45965\/revisions"}],"predecessor-version":[{"id":45969,"href":"https:\/\/lahoradelcampo.com.uy\/site\/wp-json\/wp\/v2\/posts\/45965\/revisions\/45969"}],"wp:featuredmedia":[{"embeddable":true,"href":"https:\/\/lahoradelcampo.com.uy\/site\/wp-json\/wp\/v2\/media\/45967"}],"wp:attachment":[{"href":"https:\/\/lahoradelcampo.com.uy\/site\/wp-json\/wp\/v2\/media?parent=45965"}],"wp:term":[{"taxonomy":"category","embeddable":true,"href":"https:\/\/lahoradelcampo.com.uy\/site\/wp-json\/wp\/v2\/categories?post=45965"},{"taxonomy":"post_tag","embeddable":true,"href":"https:\/\/lahoradelcampo.com.uy\/site\/wp-json\/wp\/v2\/tags?post=45965"}],"curies":[{"name":"wp","href":"https:\/\/api.w.org\/{rel}","templated":true}]}}