{"id":45959,"date":"2022-09-30T07:37:40","date_gmt":"2022-09-30T10:37:40","guid":{"rendered":"http:\/\/lahoradelcampo.com.uy\/site\/?p=45959"},"modified":"2022-09-30T07:37:45","modified_gmt":"2022-09-30T10:37:45","slug":"ramiro-azambuja-somos-conscientes-que-son-las-reglas-del-mercado","status":"publish","type":"post","link":"https:\/\/lahoradelcampo.com.uy\/site\/ramiro-azambuja-somos-conscientes-que-son-las-reglas-del-mercado\/","title":{"rendered":"Ramiro Azambuja: \u201csomos conscientes que son las reglas del mercado\u201d"},"content":{"rendered":"\n<figure class=\"wp-block-image\"><img data-recalc-dims=\"1\" loading=\"lazy\" decoding=\"async\" width=\"810\" height=\"405\" data-attachment-id=\"45961\" data-permalink=\"https:\/\/lahoradelcampo.com.uy\/site\/ramiro-azambuja-somos-conscientes-que-son-las-reglas-del-mercado\/expo-salto-acto\/\" data-orig-file=\"https:\/\/i0.wp.com\/lahoradelcampo.com.uy\/site\/wp-content\/uploads\/2022\/09\/EXPO-SALTO-acto.jpg?fit=880%2C440&amp;ssl=1\" data-orig-size=\"880,440\" data-comments-opened=\"1\" data-image-meta=\"{&quot;aperture&quot;:&quot;0&quot;,&quot;credit&quot;:&quot;&quot;,&quot;camera&quot;:&quot;&quot;,&quot;caption&quot;:&quot;&quot;,&quot;created_timestamp&quot;:&quot;0&quot;,&quot;copyright&quot;:&quot;&quot;,&quot;focal_length&quot;:&quot;0&quot;,&quot;iso&quot;:&quot;0&quot;,&quot;shutter_speed&quot;:&quot;0&quot;,&quot;title&quot;:&quot;&quot;,&quot;orientation&quot;:&quot;1&quot;}\" data-image-title=\"EXPO SALTO &amp;#8211; acto\" data-image-description=\"\" data-image-caption=\"\" data-large-file=\"https:\/\/i0.wp.com\/lahoradelcampo.com.uy\/site\/wp-content\/uploads\/2022\/09\/EXPO-SALTO-acto.jpg?fit=810%2C405&amp;ssl=1\" src=\"https:\/\/i0.wp.com\/lahoradelcampo.com.uy\/site\/wp-content\/uploads\/2022\/09\/EXPO-SALTO-acto.jpg?resize=810%2C405\" alt=\"\" class=\"wp-image-45961\" srcset=\"https:\/\/i0.wp.com\/lahoradelcampo.com.uy\/site\/wp-content\/uploads\/2022\/09\/EXPO-SALTO-acto.jpg?w=880&amp;ssl=1 880w, https:\/\/i0.wp.com\/lahoradelcampo.com.uy\/site\/wp-content\/uploads\/2022\/09\/EXPO-SALTO-acto.jpg?resize=300%2C150&amp;ssl=1 300w, https:\/\/i0.wp.com\/lahoradelcampo.com.uy\/site\/wp-content\/uploads\/2022\/09\/EXPO-SALTO-acto.jpg?resize=768%2C384&amp;ssl=1 768w, https:\/\/i0.wp.com\/lahoradelcampo.com.uy\/site\/wp-content\/uploads\/2022\/09\/EXPO-SALTO-acto.jpg?resize=820%2C410&amp;ssl=1 820w\" sizes=\"auto, (max-width: 810px) 100vw, 810px\" \/><\/figure>\n\n\n\n<p>El presidente de la Asociaci\u00f3n Agropecuaria de\nSalto, en el marco de la inauguraci\u00f3n de la 114 edici\u00f3n de la Exposici\u00f3n\nganadera, industrial, comercial y artesanal de Salto, con una muy buena\npresencia de p\u00fablico. Acompa\u00f1ada por autoridades departamentales y\nrepresentantes nacionales, la gremial salte\u00f1a dio el puntapi\u00e9 inicial a una\nactividad que se desarrollar\u00e1 hasta el d\u00eda domingo y que contar\u00e1 con m\u00e1s de 200\nreproductores en las pistas de calificaci\u00f3n.<\/p>\n\n\n\n<p>Ramiro Azambuja en el acto inaugural destac\u00f3\nla necesidad de impulsar y capacitar a la juventud en el medio rural y\nagradeci\u00f3 la confianza de la Sociedad de Criadores de Hereford del Uruguay por\nelegir a la gremial como anfitriona de la Exposici\u00f3n Nacional de Oto\u00f1o de la\nraza en 2023. <\/p>\n\n\n\n<p>El productor adem\u00e1s de remarcar algunos de los\ntrabajos concretados por la gremial durante el \u00faltimo a\u00f1o, tambi\u00e9n habl\u00f3 de\ntemas donde se debe poner el foco por parte de las autoridades, tanto\nnacionales como departamentales. <\/p>\n\n\n\n<p>En primer lugar record\u00f3 que se ha realizado un\n\u201cpedido a las m\u00e1ximas autoridades del Banco Rep\u00fablica, para que se habilite un\ncajero autom\u00e1tico en la zona centro del departamento a fin de facilitar la\noperativa bancaria a una gran cantidad de personas\u201d y en este mismo sentido\nremarc\u00f3 una vieja aspiraci\u00f3n de la zona de Valent\u00edn, de \u201cconcretar la\ninstalaci\u00f3n de una estaci\u00f3n de venta de combustibles\u201d. Azambuja dijo que \u201clas\nautoridades de Ancap han dado tr\u00e1mite al pedido y se est\u00e1 en la etapa de buscar\ninversores interesados en llevar adelante este emprendimiento\u201d.<\/p>\n\n\n\n<p>Desde un punto de vista regional y social,\nindic\u00f3 que el departamento y principalmente en la capital salte\u00f1a \u201cestamos\nviviendo un momento especial, ya que la situaci\u00f3n cambiaria con la Rep\u00fablica\nArgentina afecta en forma negativa todo el comercio de la ciudad. Esperamos que\nse puedan definir estrategias pol\u00edticas que permitan aliviar este impacto\u201d. <\/p>\n\n\n\n<p>Agradeci\u00f3 a las \u201cfirmas comerciales y\nartesanos que nos acompa\u00f1an en esta exposici\u00f3n\u201d por el esfuerzo de estar\npresentes, a\u00fan inmersos de esta situaci\u00f3n econ\u00f3mica de la frontera y remarc\u00f3\nque \u201ccomo dice el escudo de nuestro departamento, en el trabajo est\u00e1 su\nporvenir y es la \u00fanica forma de salir adelante\u201d.<\/p>\n\n\n\n<p>M\u00e1s all\u00e1 de reconocer el respaldo de la\nIntendencia de Salto, para el desarrollo de la exposici\u00f3n, Azambuja dijo\n\u201cseguimos reclamando por la caminer\u00eda rural, que es de vital importancia para\nel desarrollo de todas las actividades productivas\u201d. <\/p>\n\n\n\n<p>El momento actual de los precios de los productos del sector agropecuario, fue el \u00faltimo punto abordado por el presidente de la gremial. En este sentido dijo \u201csomos conscientes que son las reglas del mercado y debemos ser cautos y fuertes en estos momentos\u201d. Record\u00f3 que \u201cnuestros productos, alimentos de primer\u00edsima calidad, son vitales para una poblaci\u00f3n que no para de crecer y debemos estar confiados. Esta situaci\u00f3n es solamente transitoria\u201d, haciendo referencia a lo que catalog\u00f3 como una r\u00e1pida y brusca ca\u00edda de los valores. <\/p>\n\n\n\n<p>Salto, viernes 30 de setiembre de 2022<\/p>\n","protected":false},"excerpt":{"rendered":"<p>El presidente de la Asociaci\u00f3n Agropecuaria de Salto, en el marco de la inauguraci\u00f3n de la 114 edici\u00f3n de la Exposici\u00f3n ganadera, industrial, comercial y artesanal de Salto, con una [&hellip;]<\/p>\n","protected":false},"author":5,"featured_media":45961,"comment_status":"open","ping_status":"open","sticky":false,"template":"","format":"standard","meta":{"_price":"","_stock":"","_tribe_ticket_header":"","_tribe_default_ticket_provider":"","_tribe_ticket_capacity":"0","_ticket_start_date":"","_ticket_end_date":"","_tribe_ticket_show_description":"","_tribe_ticket_show_not_going":false,"_tribe_ticket_use_global_stock":"","_tribe_ticket_global_stock_level":"","_global_stock_mode":"","_global_stock_cap":"","_tribe_rsvp_for_event":"","_tribe_ticket_going_count":"","_tribe_ticket_not_going_count":"","_tribe_tickets_list":"[]","_tribe_ticket_has_attendee_info_fields":false,"h5ap_radio_sources":[],"_jetpack_newsletter_access":"","_jetpack_dont_email_post_to_subs":false,"_jetpack_newsletter_tier_id":0,"_jetpack_memberships_contains_paywalled_content":false,"_jetpack_memberships_contains_paid_content":false,"footnotes":""},"categories":[21,5],"tags":[],"class_list":["post-45959","post","type-post","status-publish","format-standard","has-post-thumbnail","hentry","category-actualidad","category-ganaderia"],"jetpack_featured_media_url":"https:\/\/i0.wp.com\/lahoradelcampo.com.uy\/site\/wp-content\/uploads\/2022\/09\/EXPO-SALTO-acto.jpg?fit=880%2C440&ssl=1","jetpack_sharing_enabled":true,"jetpack_shortlink":"https:\/\/wp.me\/p99IaT-bXh","jetpack-related-posts":[{"id":33335,"url":"https:\/\/lahoradelcampo.com.uy\/site\/el-ing-ramiro-azambuja-asume-la-presidencia-de-la-aas\/","url_meta":{"origin":45959,"position":0},"title":"El Ing. Ramiro Azambuja asume la presidencia de la AAS","author":"La Hora del Campo","date":"23 agosto, 2021","format":false,"excerpt":"El pasado viernes se realiz\u00f3 la Asamblea Anual de la Asociaci\u00f3n Agropecuaria de Salto, donde entre otros temas, se realiz\u00f3 la elecci\u00f3n de nuevas autoridades y se present\u00f3 al Ing. Agr. Ramiro Azambuja como el nuevo presidente de la instituci\u00f3n, que tendr\u00e1 a su cargo el per\u00edodo 2021-2023. La asamblea\u2026","rel":"","context":"En \u00abActualidad\u00bb","block_context":{"text":"Actualidad","link":"https:\/\/lahoradelcampo.com.uy\/site\/category\/actualidad\/"},"img":{"alt_text":"","src":"https:\/\/i0.wp.com\/lahoradelcampo.com.uy\/site\/wp-content\/uploads\/2021\/08\/AAS-Asamblea.jpg?fit=880%2C440&ssl=1&resize=350%2C200","width":350,"height":200,"srcset":"https:\/\/i0.wp.com\/lahoradelcampo.com.uy\/site\/wp-content\/uploads\/2021\/08\/AAS-Asamblea.jpg?fit=880%2C440&ssl=1&resize=350%2C200 1x, https:\/\/i0.wp.com\/lahoradelcampo.com.uy\/site\/wp-content\/uploads\/2021\/08\/AAS-Asamblea.jpg?fit=880%2C440&ssl=1&resize=525%2C300 1.5x, https:\/\/i0.wp.com\/lahoradelcampo.com.uy\/site\/wp-content\/uploads\/2021\/08\/AAS-Asamblea.jpg?fit=880%2C440&ssl=1&resize=700%2C400 2x"},"classes":[]},{"id":52114,"url":"https:\/\/lahoradelcampo.com.uy\/site\/asociacion-agropecuaria-de-salto-realizo-su-asamblea-anual\/","url_meta":{"origin":45959,"position":1},"title":"Asociaci\u00f3n Agropecuaria de Salto realiz\u00f3 su asamblea anual","author":"La Hora del Campo","date":"10 agosto, 2023","format":false,"excerpt":"En la asamblea anual de la Asociaci\u00f3n Agropecuaria de Salto, realizada el pasado s\u00e1bado 5 de agosto de 2023, se llev\u00f3 a cabo un encuentro din\u00e1mico con la presencia de productores, t\u00e9cnicos e integrantes de la Federaci\u00f3n Rural del Uruguay. Durante esta reuni\u00f3n, se abordaron diversos temas de relevancia para\u2026","rel":"","context":"En \u00abActualidad\u00bb","block_context":{"text":"Actualidad","link":"https:\/\/lahoradelcampo.com.uy\/site\/category\/actualidad\/"},"img":{"alt_text":"","src":"https:\/\/i0.wp.com\/lahoradelcampo.com.uy\/site\/wp-content\/uploads\/2023\/08\/RamiroAzambuja.jpg?fit=880%2C440&ssl=1&resize=350%2C200","width":350,"height":200,"srcset":"https:\/\/i0.wp.com\/lahoradelcampo.com.uy\/site\/wp-content\/uploads\/2023\/08\/RamiroAzambuja.jpg?fit=880%2C440&ssl=1&resize=350%2C200 1x, https:\/\/i0.wp.com\/lahoradelcampo.com.uy\/site\/wp-content\/uploads\/2023\/08\/RamiroAzambuja.jpg?fit=880%2C440&ssl=1&resize=525%2C300 1.5x, https:\/\/i0.wp.com\/lahoradelcampo.com.uy\/site\/wp-content\/uploads\/2023\/08\/RamiroAzambuja.jpg?fit=880%2C440&ssl=1&resize=700%2C400 2x"},"classes":[]},{"id":39983,"url":"https:\/\/lahoradelcampo.com.uy\/site\/la-aas-entrego-un-drone-de-ultima-generacion-al-mi\/","url_meta":{"origin":45959,"position":2},"title":"La AAS entreg\u00f3 un drone de \u00faltima generaci\u00f3n al MI","author":"La Hora del Campo","date":"17 marzo, 2022","format":false,"excerpt":"Luego de una campa\u00f1a realizada por la Asociaci\u00f3n Agropecuaria de Salto (AAS) con sus socios y empresas allegadas a la instituci\u00f3n, se logr\u00f3 adquirir un drone de \u00faltima generaci\u00f3n, con las caracter\u00edsticas necesarias para combatir delitos en el \u00e1rea rural tales como el abigeato, faltante de ganados, captura de animales\u2026","rel":"","context":"En \u00abActualidad\u00bb","block_context":{"text":"Actualidad","link":"https:\/\/lahoradelcampo.com.uy\/site\/category\/actualidad\/"},"img":{"alt_text":"","src":"https:\/\/i0.wp.com\/lahoradelcampo.com.uy\/site\/wp-content\/uploads\/2022\/03\/AAS-DRONE.jpg?fit=880%2C440&ssl=1&resize=350%2C200","width":350,"height":200,"srcset":"https:\/\/i0.wp.com\/lahoradelcampo.com.uy\/site\/wp-content\/uploads\/2022\/03\/AAS-DRONE.jpg?fit=880%2C440&ssl=1&resize=350%2C200 1x, https:\/\/i0.wp.com\/lahoradelcampo.com.uy\/site\/wp-content\/uploads\/2022\/03\/AAS-DRONE.jpg?fit=880%2C440&ssl=1&resize=525%2C300 1.5x, https:\/\/i0.wp.com\/lahoradelcampo.com.uy\/site\/wp-content\/uploads\/2022\/03\/AAS-DRONE.jpg?fit=880%2C440&ssl=1&resize=700%2C400 2x"},"classes":[]},{"id":56561,"url":"https:\/\/lahoradelcampo.com.uy\/site\/luis-manfredi-asumio-como-presidente-de-la-asociacion-agropecuaria-de-salto\/","url_meta":{"origin":45959,"position":3},"title":"Luis Manfredi asumi\u00f3 como presidente de la Asociaci\u00f3n Agropecuaria de Salto","author":"La Hora del Campo","date":"13 agosto, 2025","format":false,"excerpt":"En la jornada de ayer, se realiz\u00f3 la asamblea anual de la Asociaci\u00f3n Agropecuaria de Salto, donde se concret\u00f3 el recambio de autoridades, finalizando la gesti\u00f3n de Ramiro Azambuja y la asunci\u00f3n de Luis Manfredi como nuevo presidente. El encuentro, calificado como \"una linda asamblea\" por el presidente saliente, cont\u00f3\u2026","rel":"","context":"En \u00abActualidad\u00bb","block_context":{"text":"Actualidad","link":"https:\/\/lahoradelcampo.com.uy\/site\/category\/actualidad\/"},"img":{"alt_text":"","src":"https:\/\/i0.wp.com\/lahoradelcampo.com.uy\/site\/wp-content\/uploads\/2025\/08\/agropecuariaSalto-asamblea.jpg?fit=880%2C440&ssl=1&resize=350%2C200","width":350,"height":200,"srcset":"https:\/\/i0.wp.com\/lahoradelcampo.com.uy\/site\/wp-content\/uploads\/2025\/08\/agropecuariaSalto-asamblea.jpg?fit=880%2C440&ssl=1&resize=350%2C200 1x, https:\/\/i0.wp.com\/lahoradelcampo.com.uy\/site\/wp-content\/uploads\/2025\/08\/agropecuariaSalto-asamblea.jpg?fit=880%2C440&ssl=1&resize=525%2C300 1.5x, https:\/\/i0.wp.com\/lahoradelcampo.com.uy\/site\/wp-content\/uploads\/2025\/08\/agropecuariaSalto-asamblea.jpg?fit=880%2C440&ssl=1&resize=700%2C400 2x"},"classes":[]},{"id":43037,"url":"https:\/\/lahoradelcampo.com.uy\/site\/la-aas-entrego-maquina-de-esquila-y-faros-led-a-seguridad-rural\/","url_meta":{"origin":45959,"position":4},"title":"La AAS entreg\u00f3 m\u00e1quina de esquila y faros led a Seguridad Rural","author":"La Hora del Campo","date":"21 junio, 2022","format":false,"excerpt":"En la jornada de ayer la Asociaci\u00f3n Agropecuaria de Salto, conjuntamente con el Centro Comercial e Industrial de Salto, hicieron entrega a la divisi\u00f3n de Seguridad Rural del Ministerio del Interior, de una maquina de esquila y cuatro faros led de alta potencia, que complementan la entrega del Dron que\u2026","rel":"","context":"En \u00abActualidad\u00bb","block_context":{"text":"Actualidad","link":"https:\/\/lahoradelcampo.com.uy\/site\/category\/actualidad\/"},"img":{"alt_text":"","src":"https:\/\/i0.wp.com\/lahoradelcampo.com.uy\/site\/wp-content\/uploads\/2022\/06\/AAS-SeguridadRural.jpg?fit=880%2C440&ssl=1&resize=350%2C200","width":350,"height":200,"srcset":"https:\/\/i0.wp.com\/lahoradelcampo.com.uy\/site\/wp-content\/uploads\/2022\/06\/AAS-SeguridadRural.jpg?fit=880%2C440&ssl=1&resize=350%2C200 1x, https:\/\/i0.wp.com\/lahoradelcampo.com.uy\/site\/wp-content\/uploads\/2022\/06\/AAS-SeguridadRural.jpg?fit=880%2C440&ssl=1&resize=525%2C300 1.5x, https:\/\/i0.wp.com\/lahoradelcampo.com.uy\/site\/wp-content\/uploads\/2022\/06\/AAS-SeguridadRural.jpg?fit=880%2C440&ssl=1&resize=700%2C400 2x"},"classes":[]},{"id":33491,"url":"https:\/\/lahoradelcampo.com.uy\/site\/salto-es-el-departamento-con-mas-lanares-del-pais\/","url_meta":{"origin":45959,"position":5},"title":"Salto es el departamento con m\u00e1s lanares del pa\u00eds","author":"La Hora del Campo","date":"30 agosto, 2021","format":false,"excerpt":"El presidente de la Asociaci\u00f3n Agropecuaria de Salto, ingeniero agr\u00f3nomo Ramiro Azambuja, destac\u00f3 en su exposici\u00f3n, que Salto \u201ces el departamento con m\u00e1s lanares del pa\u00eds y una instalaci\u00f3n art\u00edstica en una de las entradas a la capital departamental as\u00ed lo celebra\u201d. Destac\u00f3 que el ovino \u201cadaptado a suelos muy\u2026","rel":"","context":"En \u00abActualidad\u00bb","block_context":{"text":"Actualidad","link":"https:\/\/lahoradelcampo.com.uy\/site\/category\/actualidad\/"},"img":{"alt_text":"","src":"https:\/\/i0.wp.com\/lahoradelcampo.com.uy\/site\/wp-content\/uploads\/2021\/08\/SUL-Ovina4.jpg?fit=880%2C440&ssl=1&resize=350%2C200","width":350,"height":200,"srcset":"https:\/\/i0.wp.com\/lahoradelcampo.com.uy\/site\/wp-content\/uploads\/2021\/08\/SUL-Ovina4.jpg?fit=880%2C440&ssl=1&resize=350%2C200 1x, https:\/\/i0.wp.com\/lahoradelcampo.com.uy\/site\/wp-content\/uploads\/2021\/08\/SUL-Ovina4.jpg?fit=880%2C440&ssl=1&resize=525%2C300 1.5x, https:\/\/i0.wp.com\/lahoradelcampo.com.uy\/site\/wp-content\/uploads\/2021\/08\/SUL-Ovina4.jpg?fit=880%2C440&ssl=1&resize=700%2C400 2x"},"classes":[]}],"jetpack_likes_enabled":true,"_links":{"self":[{"href":"https:\/\/lahoradelcampo.com.uy\/site\/wp-json\/wp\/v2\/posts\/45959","targetHints":{"allow":["GET"]}}],"collection":[{"href":"https:\/\/lahoradelcampo.com.uy\/site\/wp-json\/wp\/v2\/posts"}],"about":[{"href":"https:\/\/lahoradelcampo.com.uy\/site\/wp-json\/wp\/v2\/types\/post"}],"author":[{"embeddable":true,"href":"https:\/\/lahoradelcampo.com.uy\/site\/wp-json\/wp\/v2\/users\/5"}],"replies":[{"embeddable":true,"href":"https:\/\/lahoradelcampo.com.uy\/site\/wp-json\/wp\/v2\/comments?post=45959"}],"version-history":[{"count":1,"href":"https:\/\/lahoradelcampo.com.uy\/site\/wp-json\/wp\/v2\/posts\/45959\/revisions"}],"predecessor-version":[{"id":45963,"href":"https:\/\/lahoradelcampo.com.uy\/site\/wp-json\/wp\/v2\/posts\/45959\/revisions\/45963"}],"wp:featuredmedia":[{"embeddable":true,"href":"https:\/\/lahoradelcampo.com.uy\/site\/wp-json\/wp\/v2\/media\/45961"}],"wp:attachment":[{"href":"https:\/\/lahoradelcampo.com.uy\/site\/wp-json\/wp\/v2\/media?parent=45959"}],"wp:term":[{"taxonomy":"category","embeddable":true,"href":"https:\/\/lahoradelcampo.com.uy\/site\/wp-json\/wp\/v2\/categories?post=45959"},{"taxonomy":"post_tag","embeddable":true,"href":"https:\/\/lahoradelcampo.com.uy\/site\/wp-json\/wp\/v2\/tags?post=45959"}],"curies":[{"name":"wp","href":"https:\/\/api.w.org\/{rel}","templated":true}]}}