{"id":45955,"date":"2022-09-30T07:30:28","date_gmt":"2022-09-30T10:30:28","guid":{"rendered":"http:\/\/lahoradelcampo.com.uy\/site\/?p=45955"},"modified":"2022-09-30T07:30:34","modified_gmt":"2022-09-30T10:30:34","slug":"suba-del-dolar-genero-la-mayor-perdida-semanal-del-ime","status":"publish","type":"post","link":"https:\/\/lahoradelcampo.com.uy\/site\/suba-del-dolar-genero-la-mayor-perdida-semanal-del-ime\/","title":{"rendered":"Suba del d\u00f3lar gener\u00f3 la mayor p\u00e9rdida semanal del IME"},"content":{"rendered":"\n<figure class=\"wp-block-image\"><img data-recalc-dims=\"1\" loading=\"lazy\" decoding=\"async\" width=\"810\" height=\"405\" data-attachment-id=\"38185\" data-permalink=\"https:\/\/lahoradelcampo.com.uy\/site\/la-semana-que-viene-se-levanta-el-receso-lanero-en-australia\/lana-australia-5\/\" data-orig-file=\"https:\/\/i0.wp.com\/lahoradelcampo.com.uy\/site\/wp-content\/uploads\/2022\/01\/Lana-australia.jpg?fit=880%2C440&amp;ssl=1\" data-orig-size=\"880,440\" data-comments-opened=\"1\" data-image-meta=\"{&quot;aperture&quot;:&quot;0&quot;,&quot;credit&quot;:&quot;&quot;,&quot;camera&quot;:&quot;&quot;,&quot;caption&quot;:&quot;&quot;,&quot;created_timestamp&quot;:&quot;0&quot;,&quot;copyright&quot;:&quot;&quot;,&quot;focal_length&quot;:&quot;0&quot;,&quot;iso&quot;:&quot;0&quot;,&quot;shutter_speed&quot;:&quot;0&quot;,&quot;title&quot;:&quot;&quot;,&quot;orientation&quot;:&quot;1&quot;}\" data-image-title=\"Lana-australia\" data-image-description=\"\" data-image-caption=\"\" data-large-file=\"https:\/\/i0.wp.com\/lahoradelcampo.com.uy\/site\/wp-content\/uploads\/2022\/01\/Lana-australia.jpg?fit=810%2C405&amp;ssl=1\" src=\"https:\/\/i0.wp.com\/lahoradelcampo.com.uy\/site\/wp-content\/uploads\/2022\/01\/Lana-australia.jpg?resize=810%2C405\" alt=\"\" class=\"wp-image-38185\" srcset=\"https:\/\/i0.wp.com\/lahoradelcampo.com.uy\/site\/wp-content\/uploads\/2022\/01\/Lana-australia.jpg?w=880&amp;ssl=1 880w, https:\/\/i0.wp.com\/lahoradelcampo.com.uy\/site\/wp-content\/uploads\/2022\/01\/Lana-australia.jpg?resize=300%2C150&amp;ssl=1 300w, https:\/\/i0.wp.com\/lahoradelcampo.com.uy\/site\/wp-content\/uploads\/2022\/01\/Lana-australia.jpg?resize=768%2C384&amp;ssl=1 768w, https:\/\/i0.wp.com\/lahoradelcampo.com.uy\/site\/wp-content\/uploads\/2022\/01\/Lana-australia.jpg?resize=820%2C410&amp;ssl=1 820w\" sizes=\"auto, (max-width: 810px) 100vw, 810px\" \/><\/figure>\n\n\n\n<p>La valorizaci\u00f3n del d\u00f3lar fue la principal\nvariable que determin\u00f3 la p\u00e9rdida semanal m\u00e1s importante de la presente zafra\nen el Indicador de Mercados del Este (IME). El pasado lunes el d\u00f3lar\nestadounidense peg\u00f3 un salto muy importante, que si bien registr\u00f3 un ajuste en\nlas \u00faltimas jornadas, gener\u00f3 una presi\u00f3n adicional sobre una econom\u00eda\nfragilizada por la situaci\u00f3n b\u00e9lica en Europa, y una China donde su moneda se\nencuentra en los menores niveles desde 2011. <\/p>\n\n\n\n<p>A esta situaci\u00f3n, donde la demanda es fr\u00e1gil y\nexigente en cuanto a las caracter\u00edsticas de lo que est\u00e1 dispuesta a adquirir,\nla calidad es un factor adicional que determina una ca\u00edda en los precios y\nmenores niveles de comercializaci\u00f3n, principalmente en las lanas m\u00e1s finas. Sin\nembargo las lanas de alta calidad, con certificaciones y declaraci\u00f3n Non\nMulesed, logran diferenciales de precios en este contexto de mercado. <\/p>\n\n\n\n<p>A modo de ejemplo, se comercializ\u00f3 en Sidney\ndurante la primera jornada de ventas un lote de lana de 15,1 micras, de alta\ncalidad, que se comercializ\u00f3 a A$ 31 por kilogramo, lo que representa US$\n19,87. En tanto que durante la segunda jornada, los productores australianos\nretiraron un volumen importante por debajo de las 18 micras y colocaron\nreservas de precios que no fueron convalidadas en el centro de Melbourne,\ndeterminando que esas lanas no cotizaran en ese mercado. <\/p>\n\n\n\n<p>La presi\u00f3n de los productores disminuyendo la\noferta, permiti\u00f3 cerrar la semana con un menor descenso en la moneda local y\nque en d\u00f3lares estadounidenses, debido al tipo de cambio, recuperara alg\u00fan\ncentavo. <\/p>\n\n\n\n<p>El IME cerr\u00f3 en A$ 12,55 por kilogramo base\nlimpia, cayendo 27 centavos respecto al cierre de la semana pasada, en tanto\nque en d\u00f3lares estadounidenses la baja fue de 41 centavos, tras cotizar a US$\n8,12. <\/p>\n\n\n\n<p>La oferta semanal fue de 28.141 fardos, el\nmenor volumen ofertado desde la octava semana de la zafra pasada, donde se\nofreci\u00f3 28.143 fardos. La colocaci\u00f3n de la oferta fue del 84%.<\/p>\n\n\n\n<p>La pr\u00f3xima semana se ofrecer\u00e1n entorno a los 40.000 fardos en la suma de los tres centros de venta, durante los d\u00edas mi\u00e9rcoles y jueves. <\/p>\n\n\n\n<p>Salto, viernes 30 de setiembre de 2022<\/p>\n","protected":false},"excerpt":{"rendered":"<p>La valorizaci\u00f3n del d\u00f3lar fue la principal variable que determin\u00f3 la p\u00e9rdida semanal m\u00e1s importante de la presente zafra en el Indicador de Mercados del Este (IME). El pasado lunes [&hellip;]<\/p>\n","protected":false},"author":5,"featured_media":38185,"comment_status":"open","ping_status":"open","sticky":false,"template":"","format":"standard","meta":{"_price":"","_stock":"","_tribe_ticket_header":"","_tribe_default_ticket_provider":"","_tribe_ticket_capacity":"0","_ticket_start_date":"","_ticket_end_date":"","_tribe_ticket_show_description":"","_tribe_ticket_show_not_going":false,"_tribe_ticket_use_global_stock":"","_tribe_ticket_global_stock_level":"","_global_stock_mode":"","_global_stock_cap":"","_tribe_rsvp_for_event":"","_tribe_ticket_going_count":"","_tribe_ticket_not_going_count":"","_tribe_tickets_list":"[]","_tribe_ticket_has_attendee_info_fields":false,"h5ap_radio_sources":[],"_jetpack_newsletter_access":"","_jetpack_dont_email_post_to_subs":false,"_jetpack_newsletter_tier_id":0,"_jetpack_memberships_contains_paywalled_content":false,"_jetpack_memberships_contains_paid_content":false,"footnotes":""},"categories":[21,13],"tags":[],"class_list":["post-45955","post","type-post","status-publish","format-standard","has-post-thumbnail","hentry","category-actualidad","category-ovinos"],"jetpack_featured_media_url":"https:\/\/i0.wp.com\/lahoradelcampo.com.uy\/site\/wp-content\/uploads\/2022\/01\/Lana-australia.jpg?fit=880%2C440&ssl=1","jetpack_sharing_enabled":true,"jetpack_shortlink":"https:\/\/wp.me\/p99IaT-bXd","jetpack-related-posts":[{"id":30070,"url":"https:\/\/lahoradelcampo.com.uy\/site\/importante-oferta-baja-calidad-y-el-tipo-de-cambio-presiono-el-ime\/","url_meta":{"origin":45955,"position":0},"title":"Importante oferta, baja calidad y el tipo de cambio presion\u00f3 el IME","author":"La Hora del Campo","date":"14 mayo, 2021","format":false,"excerpt":"La semana n\u00famero 46 de la zafra lanera 2020\/2021 cerr\u00f3 con bajas en el Indicador de Mercados del Este (IME) debido al volumen, la baja calidad de la oferta y la fluctuaci\u00f3n cambiaria, tres factores que se alinearon en forma negativa. En la suma de las tres jornadas de ventas\u2026","rel":"","context":"En \u00abActualidad\u00bb","block_context":{"text":"Actualidad","link":"https:\/\/lahoradelcampo.com.uy\/site\/category\/actualidad\/"},"img":{"alt_text":"","src":"https:\/\/i0.wp.com\/lahoradelcampo.com.uy\/site\/wp-content\/uploads\/2021\/05\/lanaaustralia.jpg?fit=880%2C440&ssl=1&resize=350%2C200","width":350,"height":200,"srcset":"https:\/\/i0.wp.com\/lahoradelcampo.com.uy\/site\/wp-content\/uploads\/2021\/05\/lanaaustralia.jpg?fit=880%2C440&ssl=1&resize=350%2C200 1x, https:\/\/i0.wp.com\/lahoradelcampo.com.uy\/site\/wp-content\/uploads\/2021\/05\/lanaaustralia.jpg?fit=880%2C440&ssl=1&resize=525%2C300 1.5x, https:\/\/i0.wp.com\/lahoradelcampo.com.uy\/site\/wp-content\/uploads\/2021\/05\/lanaaustralia.jpg?fit=880%2C440&ssl=1&resize=700%2C400 2x"},"classes":[]},{"id":18156,"url":"https:\/\/lahoradelcampo.com.uy\/site\/el-ime-cerro-a-us-801-valores-de-setiembre-de-2010\/","url_meta":{"origin":45955,"position":1},"title":"El IME cerr\u00f3 a US$ 8,01, valores de setiembre de 2010","author":"La Hora del Campo","date":"20 marzo, 2020","format":false,"excerpt":"En una semana marcada por el p\u00e1nico generado por la expansi\u00f3n del brote de coronavirus en el mundo, el mercado lanero australiano se encontr\u00f3 con una p\u00e9rdida de US$ 1,81 en el Indicador de Mercados del Este (IME) tras cotizar a US$ 8,01 por kilogramo base limpia, referencia que no\u2026","rel":"","context":"En \u00abActualidad\u00bb","block_context":{"text":"Actualidad","link":"https:\/\/lahoradelcampo.com.uy\/site\/category\/actualidad\/"},"img":{"alt_text":"","src":"https:\/\/i0.wp.com\/lahoradelcampo.com.uy\/site\/wp-content\/uploads\/2017\/10\/Lanas-uruguay.jpg?fit=880%2C440&ssl=1&resize=350%2C200","width":350,"height":200,"srcset":"https:\/\/i0.wp.com\/lahoradelcampo.com.uy\/site\/wp-content\/uploads\/2017\/10\/Lanas-uruguay.jpg?fit=880%2C440&ssl=1&resize=350%2C200 1x, https:\/\/i0.wp.com\/lahoradelcampo.com.uy\/site\/wp-content\/uploads\/2017\/10\/Lanas-uruguay.jpg?fit=880%2C440&ssl=1&resize=525%2C300 1.5x, https:\/\/i0.wp.com\/lahoradelcampo.com.uy\/site\/wp-content\/uploads\/2017\/10\/Lanas-uruguay.jpg?fit=880%2C440&ssl=1&resize=700%2C400 2x"},"classes":[]},{"id":13953,"url":"https:\/\/lahoradelcampo.com.uy\/site\/buenas-noticias-el-ime-cerro-levemente-al-alza\/","url_meta":{"origin":45955,"position":2},"title":"\u00a1\u00a1\u00a1Buenas noticias!!!  El IME cerr\u00f3 levemente al alza","author":"La Hora del Campo","date":"6 septiembre, 2019","format":false,"excerpt":"Se encendi\u00f3 una luz al final del t\u00fanel y volvi\u00f3 la demanda a posicionarse m\u00e1s activa. Las noticias de que China y Estados Unidos retornar\u00edan a las negociaciones en octubre, gener\u00f3 cierto positivismo en el mercado, permitiendo que tanto la moneda china como la australiana se fortalecieran ante el d\u00f3lar\u2026","rel":"","context":"En \u00abActualidad\u00bb","block_context":{"text":"Actualidad","link":"https:\/\/lahoradelcampo.com.uy\/site\/category\/actualidad\/"},"img":{"alt_text":"","src":"https:\/\/i0.wp.com\/lahoradelcampo.com.uy\/site\/wp-content\/uploads\/2019\/04\/Lanas-Australia.jpg?fit=880%2C440&ssl=1&resize=350%2C200","width":350,"height":200,"srcset":"https:\/\/i0.wp.com\/lahoradelcampo.com.uy\/site\/wp-content\/uploads\/2019\/04\/Lanas-Australia.jpg?fit=880%2C440&ssl=1&resize=350%2C200 1x, https:\/\/i0.wp.com\/lahoradelcampo.com.uy\/site\/wp-content\/uploads\/2019\/04\/Lanas-Australia.jpg?fit=880%2C440&ssl=1&resize=525%2C300 1.5x, https:\/\/i0.wp.com\/lahoradelcampo.com.uy\/site\/wp-content\/uploads\/2019\/04\/Lanas-Australia.jpg?fit=880%2C440&ssl=1&resize=700%2C400 2x"},"classes":[]},{"id":50144,"url":"https:\/\/lahoradelcampo.com.uy\/site\/el-ime-registra-una-nueva-baja-en-la-semana-posterior-a-las-pascuas-2\/","url_meta":{"origin":45955,"position":3},"title":"El IME registra una nueva baja en la semana posterior a las Pascuas","author":"La Hora del Campo","date":"24 abril, 2023","format":false,"excerpt":"Luego del receso de las Pascuas, el Indicador de Mercados del Este (IME) mantuvo su tendencia bajista en la semana de ventas. El volumen y la calidad de la lana propuesta por los productores australianos fue el principal factor que determin\u00f3 la ca\u00edda del IME en todos los micronajes, tanto\u2026","rel":"","context":"En \u00abActualidad\u00bb","block_context":{"text":"Actualidad","link":"https:\/\/lahoradelcampo.com.uy\/site\/category\/actualidad\/"},"img":{"alt_text":"","src":"https:\/\/i0.wp.com\/lahoradelcampo.com.uy\/site\/wp-content\/uploads\/2023\/01\/Lana-Uruguay1.jpg?fit=880%2C440&ssl=1&resize=350%2C200","width":350,"height":200,"srcset":"https:\/\/i0.wp.com\/lahoradelcampo.com.uy\/site\/wp-content\/uploads\/2023\/01\/Lana-Uruguay1.jpg?fit=880%2C440&ssl=1&resize=350%2C200 1x, https:\/\/i0.wp.com\/lahoradelcampo.com.uy\/site\/wp-content\/uploads\/2023\/01\/Lana-Uruguay1.jpg?fit=880%2C440&ssl=1&resize=525%2C300 1.5x, https:\/\/i0.wp.com\/lahoradelcampo.com.uy\/site\/wp-content\/uploads\/2023\/01\/Lana-Uruguay1.jpg?fit=880%2C440&ssl=1&resize=700%2C400 2x"},"classes":[]},{"id":55293,"url":"https:\/\/lahoradelcampo.com.uy\/site\/cierre-semanal-con-subas-en-el-ime-y-expectativas-de-recuperacion-para-2025\/","url_meta":{"origin":45955,"position":4},"title":"Cierre semanal con subas en el IME y expectativas de recuperaci\u00f3n para 2025","author":"La Hora del Campo","date":"21 diciembre, 2024","format":false,"excerpt":"El mercado lanero australiano concluy\u00f3 la \u00faltima semana de ventas del a\u00f1o 2024 con un repunte en su cotizaci\u00f3n del Indicador de Mercados del Este (IME) en ambas monedas. Sin embargo, el comportamiento es dispar, de acuerdo con la moneda en que se analice, al analizar los primeros seis meses\u2026","rel":"","context":"En \u00abActualidad\u00bb","block_context":{"text":"Actualidad","link":"https:\/\/lahoradelcampo.com.uy\/site\/category\/actualidad\/"},"img":{"alt_text":"","src":"https:\/\/i0.wp.com\/lahoradelcampo.com.uy\/site\/wp-content\/uploads\/2024\/12\/lanas-australias.jpg?fit=880%2C440&ssl=1&resize=350%2C200","width":350,"height":200,"srcset":"https:\/\/i0.wp.com\/lahoradelcampo.com.uy\/site\/wp-content\/uploads\/2024\/12\/lanas-australias.jpg?fit=880%2C440&ssl=1&resize=350%2C200 1x, https:\/\/i0.wp.com\/lahoradelcampo.com.uy\/site\/wp-content\/uploads\/2024\/12\/lanas-australias.jpg?fit=880%2C440&ssl=1&resize=525%2C300 1.5x, https:\/\/i0.wp.com\/lahoradelcampo.com.uy\/site\/wp-content\/uploads\/2024\/12\/lanas-australias.jpg?fit=880%2C440&ssl=1&resize=700%2C400 2x"},"classes":[]},{"id":53404,"url":"https:\/\/lahoradelcampo.com.uy\/site\/semana-de-perdidas-importantes-en-el-mercado-lanero-australiano\/","url_meta":{"origin":45955,"position":5},"title":"Semana de p\u00e9rdidas importantes en el mercado lanero australiano","author":"La Hora del Campo","date":"21 enero, 2024","format":false,"excerpt":"El mercado lanero australiano cerr\u00f3 la segunda semana del 2024 con una fuerte ca\u00edda en el Indicador de Mercados del Este (IME). Tres d\u00edas de ventas donde se conjugaron un ajuste importante de las monedas, nuevamente un volumen importante de oferta y la calidad que juega su partido, con mayor\u2026","rel":"","context":"En \u00abActualidad\u00bb","block_context":{"text":"Actualidad","link":"https:\/\/lahoradelcampo.com.uy\/site\/category\/actualidad\/"},"img":{"alt_text":"","src":"https:\/\/i0.wp.com\/lahoradelcampo.com.uy\/site\/wp-content\/uploads\/2023\/01\/Lana-Australia1.jpg?fit=880%2C440&ssl=1&resize=350%2C200","width":350,"height":200,"srcset":"https:\/\/i0.wp.com\/lahoradelcampo.com.uy\/site\/wp-content\/uploads\/2023\/01\/Lana-Australia1.jpg?fit=880%2C440&ssl=1&resize=350%2C200 1x, https:\/\/i0.wp.com\/lahoradelcampo.com.uy\/site\/wp-content\/uploads\/2023\/01\/Lana-Australia1.jpg?fit=880%2C440&ssl=1&resize=525%2C300 1.5x, https:\/\/i0.wp.com\/lahoradelcampo.com.uy\/site\/wp-content\/uploads\/2023\/01\/Lana-Australia1.jpg?fit=880%2C440&ssl=1&resize=700%2C400 2x"},"classes":[]}],"jetpack_likes_enabled":true,"_links":{"self":[{"href":"https:\/\/lahoradelcampo.com.uy\/site\/wp-json\/wp\/v2\/posts\/45955","targetHints":{"allow":["GET"]}}],"collection":[{"href":"https:\/\/lahoradelcampo.com.uy\/site\/wp-json\/wp\/v2\/posts"}],"about":[{"href":"https:\/\/lahoradelcampo.com.uy\/site\/wp-json\/wp\/v2\/types\/post"}],"author":[{"embeddable":true,"href":"https:\/\/lahoradelcampo.com.uy\/site\/wp-json\/wp\/v2\/users\/5"}],"replies":[{"embeddable":true,"href":"https:\/\/lahoradelcampo.com.uy\/site\/wp-json\/wp\/v2\/comments?post=45955"}],"version-history":[{"count":1,"href":"https:\/\/lahoradelcampo.com.uy\/site\/wp-json\/wp\/v2\/posts\/45955\/revisions"}],"predecessor-version":[{"id":45957,"href":"https:\/\/lahoradelcampo.com.uy\/site\/wp-json\/wp\/v2\/posts\/45955\/revisions\/45957"}],"wp:featuredmedia":[{"embeddable":true,"href":"https:\/\/lahoradelcampo.com.uy\/site\/wp-json\/wp\/v2\/media\/38185"}],"wp:attachment":[{"href":"https:\/\/lahoradelcampo.com.uy\/site\/wp-json\/wp\/v2\/media?parent=45955"}],"wp:term":[{"taxonomy":"category","embeddable":true,"href":"https:\/\/lahoradelcampo.com.uy\/site\/wp-json\/wp\/v2\/categories?post=45955"},{"taxonomy":"post_tag","embeddable":true,"href":"https:\/\/lahoradelcampo.com.uy\/site\/wp-json\/wp\/v2\/tags?post=45955"}],"curies":[{"name":"wp","href":"https:\/\/api.w.org\/{rel}","templated":true}]}}