{"id":45951,"date":"2022-09-29T07:47:58","date_gmt":"2022-09-29T10:47:58","guid":{"rendered":"http:\/\/lahoradelcampo.com.uy\/site\/?p=45951"},"modified":"2022-09-29T07:48:03","modified_gmt":"2022-09-29T10:48:03","slug":"hoy-comienza-la-expo-salto-con-la-inauguracion-a-las-16-horas","status":"publish","type":"post","link":"https:\/\/lahoradelcampo.com.uy\/site\/hoy-comienza-la-expo-salto-con-la-inauguracion-a-las-16-horas\/","title":{"rendered":"Hoy comienza la Expo Salto, con la inauguraci\u00f3n a las 16 horas"},"content":{"rendered":"\n<figure class=\"wp-block-image\"><img data-recalc-dims=\"1\" loading=\"lazy\" decoding=\"async\" width=\"810\" height=\"405\" data-attachment-id=\"2153\" data-permalink=\"https:\/\/lahoradelcampo.com.uy\/site\/hoy-comienzan-las-actividades-de-la-expo-salto\/expo-salto-2\/\" data-orig-file=\"https:\/\/i0.wp.com\/lahoradelcampo.com.uy\/site\/wp-content\/uploads\/2017\/10\/Expo-Salto.jpg?fit=880%2C440&amp;ssl=1\" data-orig-size=\"880,440\" data-comments-opened=\"1\" data-image-meta=\"{&quot;aperture&quot;:&quot;0&quot;,&quot;credit&quot;:&quot;Vicente-Manuel-Tort&quot;,&quot;camera&quot;:&quot;&quot;,&quot;caption&quot;:&quot;&quot;,&quot;created_timestamp&quot;:&quot;0&quot;,&quot;copyright&quot;:&quot;Presidencia de la Republica - Sec.Com.Inst.&quot;,&quot;focal_length&quot;:&quot;0&quot;,&quot;iso&quot;:&quot;0&quot;,&quot;shutter_speed&quot;:&quot;0&quot;,&quot;title&quot;:&quot;&quot;,&quot;orientation&quot;:&quot;1&quot;}\" data-image-title=\"Expo Salto\" data-image-description=\"\" data-image-caption=\"\" data-large-file=\"https:\/\/i0.wp.com\/lahoradelcampo.com.uy\/site\/wp-content\/uploads\/2017\/10\/Expo-Salto.jpg?fit=810%2C405&amp;ssl=1\" src=\"https:\/\/i0.wp.com\/lahoradelcampo.com.uy\/site\/wp-content\/uploads\/2017\/10\/Expo-Salto.jpg?resize=810%2C405\" alt=\"\" class=\"wp-image-2153\" srcset=\"https:\/\/i0.wp.com\/lahoradelcampo.com.uy\/site\/wp-content\/uploads\/2017\/10\/Expo-Salto.jpg?w=880&amp;ssl=1 880w, https:\/\/i0.wp.com\/lahoradelcampo.com.uy\/site\/wp-content\/uploads\/2017\/10\/Expo-Salto.jpg?resize=300%2C150&amp;ssl=1 300w, https:\/\/i0.wp.com\/lahoradelcampo.com.uy\/site\/wp-content\/uploads\/2017\/10\/Expo-Salto.jpg?resize=768%2C384&amp;ssl=1 768w, https:\/\/i0.wp.com\/lahoradelcampo.com.uy\/site\/wp-content\/uploads\/2017\/10\/Expo-Salto.jpg?resize=820%2C410&amp;ssl=1 820w\" sizes=\"auto, (max-width: 810px) 100vw, 810px\" \/><\/figure>\n\n\n\n<p>Hoy da inicio la Expo Salto 2022, con una destacada actividad tanto desde el punto de vista ganadero, como de actividades para toda la familia salte\u00f1a. La muestra se desarrollar\u00e1 desde hoy, jueves 29 de setiembre, hasta el domingo 2 de octubre en el predio de la Asociaci\u00f3n Agropecuaria de Salto. <br><\/p>\n\n\n\n<p>En el programa ganadero previsto para el d\u00eda de hoy, se\u00f1ala el ingreso de los ovinos de 8 a 13 horas.<br><\/p>\n\n\n\n<p>En la ma\u00f1ana, el Instituto Plan Agropecuario realizar\u00e1 una presentaci\u00f3n denominada \u00abUruguay hacia una producci\u00f3n con balance de carbono neutro\u00bb a cargo del Ing. Agr. Agust\u00edn Inthamoussu, consultor en cambio clim\u00e1tico y desarrollo sostenible. En tanto que el Ing. Agr. Marcelo Pereira, coordinador Proyecto GP Plan Agropecuario, presentar\u00e1 \u00abLargando de atr\u00e1s\u2026 el campo natural les gana\u00bb.<br><\/p>\n\n\n\n<p>A las 16 horas, se realizar\u00e1 el acto de apertura de la muestra, frente al Monumento del Centenario, como es tradicional con los discursos a cargo del gobierno departamental y del presidente de la gremial, Ramiro Azambuja.<br><\/p>\n\n\n\n<p>Dentro de las actividades, est\u00e1 previsto la realizaci\u00f3n del Remate Virtual del Norte a cargo de los escritorios El Estribo de Aldo Garc\u00eda Da Rosa, Azanza &amp; Migliaro y Escritorio Enrique Beriau.<br><\/p>\n\n\n\n<p>Viernes 30<br><\/p>\n\n\n\n<p>Para ma\u00f1ana viernes ingresan los vacunos y equinos a exposici\u00f3n, de 8 a 13 horas. En tanto que a las 9 horas, comenzar\u00e1 la calificaci\u00f3n de ovinos, comenzando por los ejemplares de galp\u00f3n para finalizar con los de campo. Como es tradicional se realizar\u00e1 en dos pistas. En la pista uno, estar\u00e1 \u00fanicamente la raza Merino Australiano, en tanto que en la pista 2 se calificaran las dem\u00e1s razas inscriptas.<br><\/p>\n\n\n\n<p>En el sal\u00f3n multiespacio, la firma DSM-Tortuga presentar\u00e1 un caso exitoso en Salto, a las 17 horas, baj\u00f3 la tem\u00e1tica \u00abTecnolog\u00edas para una ganader\u00eda rentable y sustentable\u00bb, disertar\u00e1 el Ing. Agr. Juan Mart\u00edn Da Costa.<br><\/p>\n\n\n\n<p>A las 17:30 horas se realiza la venta de ovinos, comenzando por productos de galp\u00f3n y finalizando con ejemplares de campo.<br><\/p>\n\n\n\n<p>Ovinos<br><\/p>\n\n\n\n<p>De acuerdo a lo informado por el Director de Exposiciones, Sebasti\u00e1n Goncalvez, habr\u00e1 m\u00e1s de 200 reproductores entre vacunos, ovinos y equinos, en las pistas de la muestra.<br><\/p>\n\n\n\n<p>Puntualmente para la jornada de ma\u00f1ana, las pistas tendr\u00e1n 84 ovinos de las distintas razas participantes. En la pista n\u00famero uno habr\u00e1 45 Merino Australiano. En tanto que en la pista n\u00famero dos se calificaran: 12 Ideal, 13 Corriedale, 3 Meril\u00edn y 2 Suffolk y 1 Merino Dohne.<\/p>\n\n\n\n<p>Salto, jueves 29 de setiembre de 2022<\/p>\n","protected":false},"excerpt":{"rendered":"<p>Hoy da inicio la Expo Salto 2022, con una destacada actividad tanto desde el punto de vista ganadero, como de actividades para toda la familia salte\u00f1a. La muestra se desarrollar\u00e1 [&hellip;]<\/p>\n","protected":false},"author":5,"featured_media":2153,"comment_status":"open","ping_status":"open","sticky":false,"template":"","format":"standard","meta":{"_price":"","_stock":"","_tribe_ticket_header":"","_tribe_default_ticket_provider":"","_tribe_ticket_capacity":"0","_ticket_start_date":"","_ticket_end_date":"","_tribe_ticket_show_description":"","_tribe_ticket_show_not_going":false,"_tribe_ticket_use_global_stock":"","_tribe_ticket_global_stock_level":"","_global_stock_mode":"","_global_stock_cap":"","_tribe_rsvp_for_event":"","_tribe_ticket_going_count":"","_tribe_ticket_not_going_count":"","_tribe_tickets_list":"[]","_tribe_ticket_has_attendee_info_fields":false,"h5ap_radio_sources":[],"_jetpack_newsletter_access":"","_jetpack_dont_email_post_to_subs":false,"_jetpack_newsletter_tier_id":0,"_jetpack_memberships_contains_paywalled_content":false,"_jetpack_memberships_contains_paid_content":false,"footnotes":""},"categories":[21,5],"tags":[],"class_list":["post-45951","post","type-post","status-publish","format-standard","has-post-thumbnail","hentry","category-actualidad","category-ganaderia"],"jetpack_featured_media_url":"https:\/\/i0.wp.com\/lahoradelcampo.com.uy\/site\/wp-content\/uploads\/2017\/10\/Expo-Salto.jpg?fit=880%2C440&ssl=1","jetpack_sharing_enabled":true,"jetpack_shortlink":"https:\/\/wp.me\/p99IaT-bX9","jetpack-related-posts":[{"id":34845,"url":"https:\/\/lahoradelcampo.com.uy\/site\/hoy-da-inicio-la-expo-del-trabajo-y-la-confianza\/","url_meta":{"origin":45951,"position":0},"title":"Hoy da inicio la \u00abExpo del trabajo y la confianza\u00bb","author":"La Hora del Campo","date":"30 septiembre, 2021","format":false,"excerpt":"En la jornada de hoy da inicio la 113 edici\u00f3n de la Exposici\u00f3n de Ganader\u00eda, Comercio, Industria y Servicios, Expo Salto, en un nuevo a\u00f1o muy especial para la Asociaci\u00f3n Agropecuaria de Salto que celebra sus 120 a\u00f1os de historia y tendr\u00e1 como invitado de honor al Presidente de la\u2026","rel":"","context":"En \u00abActualidad\u00bb","block_context":{"text":"Actualidad","link":"https:\/\/lahoradelcampo.com.uy\/site\/category\/actualidad\/"},"img":{"alt_text":"","src":"https:\/\/i0.wp.com\/lahoradelcampo.com.uy\/site\/wp-content\/uploads\/2020\/10\/exposaltoweb.jpg?fit=880%2C440&ssl=1&resize=350%2C200","width":350,"height":200,"srcset":"https:\/\/i0.wp.com\/lahoradelcampo.com.uy\/site\/wp-content\/uploads\/2020\/10\/exposaltoweb.jpg?fit=880%2C440&ssl=1&resize=350%2C200 1x, https:\/\/i0.wp.com\/lahoradelcampo.com.uy\/site\/wp-content\/uploads\/2020\/10\/exposaltoweb.jpg?fit=880%2C440&ssl=1&resize=525%2C300 1.5x, https:\/\/i0.wp.com\/lahoradelcampo.com.uy\/site\/wp-content\/uploads\/2020\/10\/exposaltoweb.jpg?fit=880%2C440&ssl=1&resize=700%2C400 2x"},"classes":[]},{"id":45797,"url":"https:\/\/lahoradelcampo.com.uy\/site\/con-mas-de-200-reproductores-se-viene-la-expo-salto-2022\/","url_meta":{"origin":45951,"position":1},"title":"Con m\u00e1s de 200 reproductores se viene la Expo Salto 2022","author":"La Hora del Campo","date":"26 septiembre, 2022","format":false,"excerpt":"El viernes, la Asociaci\u00f3n Agropecuaria de Salto (AAS) realiz\u00f3 el lanzamiento de la 114 edici\u00f3n de la Exposici\u00f3n ganadera, industrial, comercial y artesanal de Salto, en el predio de la gremial, con una importante agenda de actividades desde el punto de vista comercial y art\u00edstica, que sumado a la fuerte\u2026","rel":"","context":"En \u00abActualidad\u00bb","block_context":{"text":"Actualidad","link":"https:\/\/lahoradelcampo.com.uy\/site\/category\/actualidad\/"},"img":{"alt_text":"","src":"https:\/\/i0.wp.com\/lahoradelcampo.com.uy\/site\/wp-content\/uploads\/2022\/09\/AAS-Expolanzamiento.jpg?fit=880%2C440&ssl=1&resize=350%2C200","width":350,"height":200,"srcset":"https:\/\/i0.wp.com\/lahoradelcampo.com.uy\/site\/wp-content\/uploads\/2022\/09\/AAS-Expolanzamiento.jpg?fit=880%2C440&ssl=1&resize=350%2C200 1x, https:\/\/i0.wp.com\/lahoradelcampo.com.uy\/site\/wp-content\/uploads\/2022\/09\/AAS-Expolanzamiento.jpg?fit=880%2C440&ssl=1&resize=525%2C300 1.5x, https:\/\/i0.wp.com\/lahoradelcampo.com.uy\/site\/wp-content\/uploads\/2022\/09\/AAS-Expolanzamiento.jpg?fit=880%2C440&ssl=1&resize=700%2C400 2x"},"classes":[]},{"id":45757,"url":"https:\/\/lahoradelcampo.com.uy\/site\/menos-de-una-semana-para-el-inicio-de-la-expo-salto-2022\/","url_meta":{"origin":45951,"position":2},"title":"Menos de una semana para el inicio de la Expo Salto 2022","author":"La Hora del Campo","date":"23 septiembre, 2022","format":false,"excerpt":"El pr\u00f3ximo jueves 29 de setiembre comienza la 114 edici\u00f3n de la Exposici\u00f3n ganadera, industrial, comercial y artesanal de Salto, en el predio de la Asociaci\u00f3n Agropecuaria de Salto, con una importante agenda de actividades desde el punto de vista comercial y art\u00edstica, que sumado a la fuerte presencia de\u2026","rel":"","context":"En \u00abActualidad\u00bb","block_context":{"text":"Actualidad","link":"https:\/\/lahoradelcampo.com.uy\/site\/category\/actualidad\/"},"img":{"alt_text":"","src":"https:\/\/i0.wp.com\/lahoradelcampo.com.uy\/site\/wp-content\/uploads\/2022\/09\/Salto-Expo.jpg?fit=880%2C440&ssl=1&resize=350%2C200","width":350,"height":200,"srcset":"https:\/\/i0.wp.com\/lahoradelcampo.com.uy\/site\/wp-content\/uploads\/2022\/09\/Salto-Expo.jpg?fit=880%2C440&ssl=1&resize=350%2C200 1x, https:\/\/i0.wp.com\/lahoradelcampo.com.uy\/site\/wp-content\/uploads\/2022\/09\/Salto-Expo.jpg?fit=880%2C440&ssl=1&resize=525%2C300 1.5x, https:\/\/i0.wp.com\/lahoradelcampo.com.uy\/site\/wp-content\/uploads\/2022\/09\/Salto-Expo.jpg?fit=880%2C440&ssl=1&resize=700%2C400 2x"},"classes":[]},{"id":23412,"url":"https:\/\/lahoradelcampo.com.uy\/site\/para-el-2021-el-plan-agropecuario-preve-un-nuevo-aumento-del-stock-vacuno\/","url_meta":{"origin":45951,"position":3},"title":"Para el 2021 el Plan Agropecuario prev\u00e9 un nuevo aumento del stock vacuno","author":"La Hora del Campo","date":"10 septiembre, 2020","format":false,"excerpt":"Con el comienzo de la muestra, el Instituto Plan Agropecuario inicio una agenda de actividades en la de conferencias de la rural, donde se presentar\u00e1n diferentes temas de destaque para el sector agropecuario y el primero fue la proyecci\u00f3n hacia 2021 del stock vacuno nacional, que estuvo a cargo del\u2026","rel":"","context":"En \u00abActualidad\u00bb","block_context":{"text":"Actualidad","link":"https:\/\/lahoradelcampo.com.uy\/site\/category\/actualidad\/"},"img":{"alt_text":"","src":"https:\/\/i0.wp.com\/lahoradelcampo.com.uy\/site\/wp-content\/uploads\/2020\/09\/PLANPRADO1.jpg?fit=880%2C440&ssl=1&resize=350%2C200","width":350,"height":200,"srcset":"https:\/\/i0.wp.com\/lahoradelcampo.com.uy\/site\/wp-content\/uploads\/2020\/09\/PLANPRADO1.jpg?fit=880%2C440&ssl=1&resize=350%2C200 1x, https:\/\/i0.wp.com\/lahoradelcampo.com.uy\/site\/wp-content\/uploads\/2020\/09\/PLANPRADO1.jpg?fit=880%2C440&ssl=1&resize=525%2C300 1.5x, https:\/\/i0.wp.com\/lahoradelcampo.com.uy\/site\/wp-content\/uploads\/2020\/09\/PLANPRADO1.jpg?fit=880%2C440&ssl=1&resize=700%2C400 2x"},"classes":[]},{"id":45977,"url":"https:\/\/lahoradelcampo.com.uy\/site\/hoy-comienzan-las-juras-de-ovinos-y-manana-bovinos-en-la-expo-salto\/","url_meta":{"origin":45951,"position":4},"title":"Hoy comienzan las juras de ovinos y ma\u00f1ana bovinos en la Expo Salto","author":"La Hora del Campo","date":"30 septiembre, 2022","format":false,"excerpt":"Hoy viernes est\u00e1 previsto el ingreso de los reproductores vacunos y equinos que concurren a exposici\u00f3n, de 8 a 13 horas. En tanto que a las 9 horas, comenzar\u00e1 la calificaci\u00f3n de ovinos, comenzando por los ejemplares de galp\u00f3n para finalizar con los de campo. Como es tradicional se realizar\u00e1\u2026","rel":"","context":"En \u00abActualidad\u00bb","block_context":{"text":"Actualidad","link":"https:\/\/lahoradelcampo.com.uy\/site\/category\/actualidad\/"},"img":{"alt_text":"","src":"https:\/\/i0.wp.com\/lahoradelcampo.com.uy\/site\/wp-content\/uploads\/2020\/10\/ovinos-exposalto.jpg?fit=880%2C440&ssl=1&resize=350%2C200","width":350,"height":200,"srcset":"https:\/\/i0.wp.com\/lahoradelcampo.com.uy\/site\/wp-content\/uploads\/2020\/10\/ovinos-exposalto.jpg?fit=880%2C440&ssl=1&resize=350%2C200 1x, https:\/\/i0.wp.com\/lahoradelcampo.com.uy\/site\/wp-content\/uploads\/2020\/10\/ovinos-exposalto.jpg?fit=880%2C440&ssl=1&resize=525%2C300 1.5x, https:\/\/i0.wp.com\/lahoradelcampo.com.uy\/site\/wp-content\/uploads\/2020\/10\/ovinos-exposalto.jpg?fit=880%2C440&ssl=1&resize=700%2C400 2x"},"classes":[]},{"id":33803,"url":"https:\/\/lahoradelcampo.com.uy\/site\/plan-agropecuario-en-la-expo-prado-y-la-gestion-del-pasto\/","url_meta":{"origin":45951,"position":5},"title":"Plan Agropecuario en la Expo Prado  y la gesti\u00f3n del pasto","author":"La Hora del Campo","date":"7 septiembre, 2021","format":false,"excerpt":"El Instituto Plan Agropecuario convoca para la jornada \"Gesti\u00f3n del Pasto: de la medici\u00f3n a las decisiones\". Esta jornada se desarrollar\u00e1 el lunes 13 de setiembre, a las 14:30 horas en el marco de la Expo Prado 2021. En la sala de conferencias de la exposici\u00f3n se tendr\u00e1n las presentaciones\u2026","rel":"","context":"En \u00abActualidad\u00bb","block_context":{"text":"Actualidad","link":"https:\/\/lahoradelcampo.com.uy\/site\/category\/actualidad\/"},"img":{"alt_text":"","src":"https:\/\/i0.wp.com\/lahoradelcampo.com.uy\/site\/wp-content\/uploads\/2021\/01\/Canutillo.jpg?fit=880%2C440&ssl=1&resize=350%2C200","width":350,"height":200,"srcset":"https:\/\/i0.wp.com\/lahoradelcampo.com.uy\/site\/wp-content\/uploads\/2021\/01\/Canutillo.jpg?fit=880%2C440&ssl=1&resize=350%2C200 1x, https:\/\/i0.wp.com\/lahoradelcampo.com.uy\/site\/wp-content\/uploads\/2021\/01\/Canutillo.jpg?fit=880%2C440&ssl=1&resize=525%2C300 1.5x, https:\/\/i0.wp.com\/lahoradelcampo.com.uy\/site\/wp-content\/uploads\/2021\/01\/Canutillo.jpg?fit=880%2C440&ssl=1&resize=700%2C400 2x"},"classes":[]}],"jetpack_likes_enabled":true,"_links":{"self":[{"href":"https:\/\/lahoradelcampo.com.uy\/site\/wp-json\/wp\/v2\/posts\/45951","targetHints":{"allow":["GET"]}}],"collection":[{"href":"https:\/\/lahoradelcampo.com.uy\/site\/wp-json\/wp\/v2\/posts"}],"about":[{"href":"https:\/\/lahoradelcampo.com.uy\/site\/wp-json\/wp\/v2\/types\/post"}],"author":[{"embeddable":true,"href":"https:\/\/lahoradelcampo.com.uy\/site\/wp-json\/wp\/v2\/users\/5"}],"replies":[{"embeddable":true,"href":"https:\/\/lahoradelcampo.com.uy\/site\/wp-json\/wp\/v2\/comments?post=45951"}],"version-history":[{"count":1,"href":"https:\/\/lahoradelcampo.com.uy\/site\/wp-json\/wp\/v2\/posts\/45951\/revisions"}],"predecessor-version":[{"id":45953,"href":"https:\/\/lahoradelcampo.com.uy\/site\/wp-json\/wp\/v2\/posts\/45951\/revisions\/45953"}],"wp:featuredmedia":[{"embeddable":true,"href":"https:\/\/lahoradelcampo.com.uy\/site\/wp-json\/wp\/v2\/media\/2153"}],"wp:attachment":[{"href":"https:\/\/lahoradelcampo.com.uy\/site\/wp-json\/wp\/v2\/media?parent=45951"}],"wp:term":[{"taxonomy":"category","embeddable":true,"href":"https:\/\/lahoradelcampo.com.uy\/site\/wp-json\/wp\/v2\/categories?post=45951"},{"taxonomy":"post_tag","embeddable":true,"href":"https:\/\/lahoradelcampo.com.uy\/site\/wp-json\/wp\/v2\/tags?post=45951"}],"curies":[{"name":"wp","href":"https:\/\/api.w.org\/{rel}","templated":true}]}}