{"id":45945,"date":"2022-09-29T07:45:36","date_gmt":"2022-09-29T10:45:36","guid":{"rendered":"http:\/\/lahoradelcampo.com.uy\/site\/?p=45945"},"modified":"2022-09-29T07:45:39","modified_gmt":"2022-09-29T10:45:39","slug":"espectaculos-de-primer-nivel-para-toda-la-familia-saltena","status":"publish","type":"post","link":"https:\/\/lahoradelcampo.com.uy\/site\/espectaculos-de-primer-nivel-para-toda-la-familia-saltena\/","title":{"rendered":"Espect\u00e1culos de primer nivel para toda la familia salte\u00f1a"},"content":{"rendered":"\n<figure class=\"wp-block-image\"><img data-recalc-dims=\"1\" loading=\"lazy\" decoding=\"async\" width=\"810\" height=\"405\" data-attachment-id=\"45947\" data-permalink=\"https:\/\/lahoradelcampo.com.uy\/site\/espectaculos-de-primer-nivel-para-toda-la-familia-saltena\/carlos-ardaix\/\" data-orig-file=\"https:\/\/i0.wp.com\/lahoradelcampo.com.uy\/site\/wp-content\/uploads\/2022\/09\/Carlos-Ardaix.jpg?fit=880%2C440&amp;ssl=1\" data-orig-size=\"880,440\" data-comments-opened=\"1\" data-image-meta=\"{&quot;aperture&quot;:&quot;0&quot;,&quot;credit&quot;:&quot;&quot;,&quot;camera&quot;:&quot;&quot;,&quot;caption&quot;:&quot;&quot;,&quot;created_timestamp&quot;:&quot;0&quot;,&quot;copyright&quot;:&quot;&quot;,&quot;focal_length&quot;:&quot;0&quot;,&quot;iso&quot;:&quot;0&quot;,&quot;shutter_speed&quot;:&quot;0&quot;,&quot;title&quot;:&quot;&quot;,&quot;orientation&quot;:&quot;1&quot;}\" data-image-title=\"Carlos Ardaix\" data-image-description=\"\" data-image-caption=\"\" data-large-file=\"https:\/\/i0.wp.com\/lahoradelcampo.com.uy\/site\/wp-content\/uploads\/2022\/09\/Carlos-Ardaix.jpg?fit=810%2C405&amp;ssl=1\" src=\"https:\/\/i0.wp.com\/lahoradelcampo.com.uy\/site\/wp-content\/uploads\/2022\/09\/Carlos-Ardaix.jpg?resize=810%2C405\" alt=\"\" class=\"wp-image-45947\" srcset=\"https:\/\/i0.wp.com\/lahoradelcampo.com.uy\/site\/wp-content\/uploads\/2022\/09\/Carlos-Ardaix.jpg?w=880&amp;ssl=1 880w, https:\/\/i0.wp.com\/lahoradelcampo.com.uy\/site\/wp-content\/uploads\/2022\/09\/Carlos-Ardaix.jpg?resize=300%2C150&amp;ssl=1 300w, https:\/\/i0.wp.com\/lahoradelcampo.com.uy\/site\/wp-content\/uploads\/2022\/09\/Carlos-Ardaix.jpg?resize=768%2C384&amp;ssl=1 768w, https:\/\/i0.wp.com\/lahoradelcampo.com.uy\/site\/wp-content\/uploads\/2022\/09\/Carlos-Ardaix.jpg?resize=820%2C410&amp;ssl=1 820w\" sizes=\"auto, (max-width: 810px) 100vw, 810px\" \/><\/figure>\n\n\n\n<p>Sin lugar a dudas la exposici\u00f3n salte\u00f1a se ha destacado por ser un lugar de paseo, encuentro y diversi\u00f3n para toda la familia salte\u00f1a y este a\u00f1o no ser\u00e1 diferente. Pero lo que si no es habitual, es la presencia de varios artistas de renombre en un solo escenario y con entradas accesibles.<br><\/p>\n\n\n\n<p>Carlos Ardaix, Coordinador de la exposici\u00f3n, se\u00f1al\u00f3 que la expo se transforma en el gran momento de paseo y reencuentro de la familia y de los salte\u00f1os. Record\u00f3 que como todos los a\u00f1os, la Intendencia de Salto pondr\u00e1 a disposici\u00f3n de los salte\u00f1os l\u00edneas de \u00f3mnibus que durante las cuatro jornadas estar\u00e1n llevando a la Expo y trayendo de regreso a la ciudad a quienes hagan uso de dicho transporte.<br><\/p>\n\n\n\n<p>Escenario<br><\/p>\n\n\n\n<p>La grilla de artistas para el evento, es de destaque, con reconocidos tanto locales como nacionales.<br><\/p>\n\n\n\n<p>El viernes 30 de setiembre comenzando a las 20 horas, el escenario contara con la presencia de: Emanuel y Mat\u00edas; Mar\u00eda Rita y su banda; Soledad y La Marca; para finalizar con la presencia de Lucas Sugo.<br><\/p>\n\n\n\n<p>El s\u00e1bado 1 de octubre, desde las 20 horas, estar\u00e1n presentes: Los Tacua, Ale Ferreira, La del 30, Marcos Da Costa y cierra Sonido Profesional.<br><\/p>\n\n\n\n<p>El domingo 2, finalmente a partir de las 20 horas el escenario tendr\u00e1 un desfile frente al escenario y la presencia de Xand\u00f3 Candombe. Posteriormente la grilla de artistas comienza con: La Raz\u00f3n, Fernando, Mat\u00edas Valdez y cierra Chacho Ramos.<br><\/p>\n\n\n\n<p>Costo de entradas <br><\/p>\n\n\n\n<p>La primera jornada, es decir, hoy jueves 29 de setiembre, el ingreso no tendr\u00e1 costo. <br><\/p>\n\n\n\n<p>Para ma\u00f1ana viernes y el s\u00e1bado, el valor de la entrada ser\u00e1 de $ 200, en tanto que el domingo el valor ser\u00e1 de $ 300, dichas entradas solamente se pueden adquirir en la puerta del predio ferial. <br><\/p>\n\n\n\n<p>Los menores de 12 a\u00f1os durante los cuatro d\u00edas de la expo no abonar\u00e1n el ingreso.<\/p>\n\n\n\n<p>Salto, jueves 29 setiembre de 2022<\/p>\n","protected":false},"excerpt":{"rendered":"<p>Sin lugar a dudas la exposici\u00f3n salte\u00f1a se ha destacado por ser un lugar de paseo, encuentro y diversi\u00f3n para toda la familia salte\u00f1a y este a\u00f1o no ser\u00e1 diferente. [&hellip;]<\/p>\n","protected":false},"author":5,"featured_media":45947,"comment_status":"open","ping_status":"open","sticky":false,"template":"","format":"standard","meta":{"_price":"","_stock":"","_tribe_ticket_header":"","_tribe_default_ticket_provider":"","_tribe_ticket_capacity":"0","_ticket_start_date":"","_ticket_end_date":"","_tribe_ticket_show_description":"","_tribe_ticket_show_not_going":false,"_tribe_ticket_use_global_stock":"","_tribe_ticket_global_stock_level":"","_global_stock_mode":"","_global_stock_cap":"","_tribe_rsvp_for_event":"","_tribe_ticket_going_count":"","_tribe_ticket_not_going_count":"","_tribe_tickets_list":"[]","_tribe_ticket_has_attendee_info_fields":false,"h5ap_radio_sources":[],"_jetpack_newsletter_access":"","_jetpack_dont_email_post_to_subs":false,"_jetpack_newsletter_tier_id":0,"_jetpack_memberships_contains_paywalled_content":false,"_jetpack_memberships_contains_paid_content":false,"footnotes":""},"categories":[21,5],"tags":[],"class_list":["post-45945","post","type-post","status-publish","format-standard","has-post-thumbnail","hentry","category-actualidad","category-ganaderia"],"jetpack_featured_media_url":"https:\/\/i0.wp.com\/lahoradelcampo.com.uy\/site\/wp-content\/uploads\/2022\/09\/Carlos-Ardaix.jpg?fit=880%2C440&ssl=1","jetpack_sharing_enabled":true,"jetpack_shortlink":"https:\/\/wp.me\/p99IaT-bX3","jetpack-related-posts":[{"id":13100,"url":"https:\/\/lahoradelcampo.com.uy\/site\/10-y-11-de-agosto-se-desarrolla-la-expo-avicola-de-salto\/","url_meta":{"origin":45945,"position":0},"title":"10 y 11 de agosto  se desarrolla la  Expo Av\u00edcola de Salto","author":"La Hora del Campo","date":"29 julio, 2019","format":false,"excerpt":"En el predio de la Asociaci\u00f3n Agropecuaria de Salto se desarrollar\u00e1 durante los d\u00edas s\u00e1bado 10 y domingo 11 de agosto, la tradicional Expo Av\u00edcola, organizada por la Sociedad Fomento Av\u00edcola de Salto, muestra considerada como la mayor del interior y en muchos casos con mayores participaciones que en la\u2026","rel":"","context":"En \u00abActualidad\u00bb","block_context":{"text":"Actualidad","link":"https:\/\/lahoradelcampo.com.uy\/site\/category\/actualidad\/"},"img":{"alt_text":"","src":"https:\/\/i0.wp.com\/lahoradelcampo.com.uy\/site\/wp-content\/uploads\/2019\/07\/expo-avicola.jpg?fit=880%2C440&ssl=1&resize=350%2C200","width":350,"height":200,"srcset":"https:\/\/i0.wp.com\/lahoradelcampo.com.uy\/site\/wp-content\/uploads\/2019\/07\/expo-avicola.jpg?fit=880%2C440&ssl=1&resize=350%2C200 1x, https:\/\/i0.wp.com\/lahoradelcampo.com.uy\/site\/wp-content\/uploads\/2019\/07\/expo-avicola.jpg?fit=880%2C440&ssl=1&resize=525%2C300 1.5x, https:\/\/i0.wp.com\/lahoradelcampo.com.uy\/site\/wp-content\/uploads\/2019\/07\/expo-avicola.jpg?fit=880%2C440&ssl=1&resize=700%2C400 2x"},"classes":[]},{"id":29356,"url":"https:\/\/lahoradelcampo.com.uy\/site\/buenas-perspectivas-para-la-produccion-citricola-saltena\/","url_meta":{"origin":45945,"position":1},"title":"Buenas perspectivas para la producci\u00f3n citr\u00edcola salte\u00f1a","author":"La Hora del Campo","date":"19 abril, 2021","format":false,"excerpt":"El inicio de la zafra de c\u00edtricos marca un punto de inflexi\u00f3n en el ingreso de producci\u00f3n a la Unidad Agroalimentaria Metropolitana (UAM). Los colores caracter\u00edsticos de mandarinas y naranjas comenzaron a instalarse con mucha fuerza en estos d\u00edas en la UAM, con la llegada de la producci\u00f3n proveniente del\u2026","rel":"","context":"En \u00abActualidad\u00bb","block_context":{"text":"Actualidad","link":"https:\/\/lahoradelcampo.com.uy\/site\/category\/actualidad\/"},"img":{"alt_text":"","src":"https:\/\/i0.wp.com\/lahoradelcampo.com.uy\/site\/wp-content\/uploads\/2018\/01\/Naranja.jpg?fit=880%2C440&ssl=1&resize=350%2C200","width":350,"height":200,"srcset":"https:\/\/i0.wp.com\/lahoradelcampo.com.uy\/site\/wp-content\/uploads\/2018\/01\/Naranja.jpg?fit=880%2C440&ssl=1&resize=350%2C200 1x, https:\/\/i0.wp.com\/lahoradelcampo.com.uy\/site\/wp-content\/uploads\/2018\/01\/Naranja.jpg?fit=880%2C440&ssl=1&resize=525%2C300 1.5x, https:\/\/i0.wp.com\/lahoradelcampo.com.uy\/site\/wp-content\/uploads\/2018\/01\/Naranja.jpg?fit=880%2C440&ssl=1&resize=700%2C400 2x"},"classes":[]},{"id":33753,"url":"https:\/\/lahoradelcampo.com.uy\/site\/los-grandes-campeones-de-la-expo-avicola-son-saltenos\/","url_meta":{"origin":45945,"position":2},"title":"Los grandes campeones de la Expo Av\u00edcola son salte\u00f1os","author":"La Hora del Campo","date":"6 septiembre, 2021","format":false,"excerpt":"La pasada semana se realiz\u00f3 la calificaci\u00f3n de los mejores ejemplares de las distintas razas de aves, participantes de la Expo Av\u00edcola 2021 en Salto, en tanto que durante el fin de semana estuvo abierta al p\u00fablico. De acuerdo a la informaci\u00f3n brindada por la Sociedad Fomento Av\u00edcola de Salto,\u2026","rel":"","context":"En \u00abActualidad\u00bb","block_context":{"text":"Actualidad","link":"https:\/\/lahoradelcampo.com.uy\/site\/category\/actualidad\/"},"img":{"alt_text":"","src":"https:\/\/i0.wp.com\/lahoradelcampo.com.uy\/site\/wp-content\/uploads\/2021\/09\/gallinas.jpg?fit=880%2C440&ssl=1&resize=350%2C200","width":350,"height":200,"srcset":"https:\/\/i0.wp.com\/lahoradelcampo.com.uy\/site\/wp-content\/uploads\/2021\/09\/gallinas.jpg?fit=880%2C440&ssl=1&resize=350%2C200 1x, https:\/\/i0.wp.com\/lahoradelcampo.com.uy\/site\/wp-content\/uploads\/2021\/09\/gallinas.jpg?fit=880%2C440&ssl=1&resize=525%2C300 1.5x, https:\/\/i0.wp.com\/lahoradelcampo.com.uy\/site\/wp-content\/uploads\/2021\/09\/gallinas.jpg?fit=880%2C440&ssl=1&resize=700%2C400 2x"},"classes":[]},{"id":54142,"url":"https:\/\/lahoradelcampo.com.uy\/site\/la-expo-avicola-saltena-esta-en-marcha-y-ya-tiene-sus-primeros-campeones\/","url_meta":{"origin":45945,"position":3},"title":"La Expo Av\u00edcola salte\u00f1a est\u00e1 en marcha y ya tiene sus primeros campeones","author":"La Hora del Campo","date":"6 agosto, 2024","format":false,"excerpt":"En el predio de la Asociaci\u00f3n Agropecuaria de Salto, comenz\u00f3 a desarrollarse la Expo Av\u00edcola 2024, con el ingreso de 455 aves durante el fin de semana y la calificaci\u00f3n de las primeras razas este lunes a cargo del jurado argentino de la Asociaci\u00f3n Av\u00edcola Platense. Fabian Ricciardi confirm\u00f3 el\u2026","rel":"","context":"En \u00abActualidad\u00bb","block_context":{"text":"Actualidad","link":"https:\/\/lahoradelcampo.com.uy\/site\/category\/actualidad\/"},"img":{"alt_text":"","src":"https:\/\/i0.wp.com\/lahoradelcampo.com.uy\/site\/wp-content\/uploads\/2024\/08\/Expoavicola-jurados.jpg?fit=880%2C440&ssl=1&resize=350%2C200","width":350,"height":200,"srcset":"https:\/\/i0.wp.com\/lahoradelcampo.com.uy\/site\/wp-content\/uploads\/2024\/08\/Expoavicola-jurados.jpg?fit=880%2C440&ssl=1&resize=350%2C200 1x, https:\/\/i0.wp.com\/lahoradelcampo.com.uy\/site\/wp-content\/uploads\/2024\/08\/Expoavicola-jurados.jpg?fit=880%2C440&ssl=1&resize=525%2C300 1.5x, https:\/\/i0.wp.com\/lahoradelcampo.com.uy\/site\/wp-content\/uploads\/2024\/08\/Expoavicola-jurados.jpg?fit=880%2C440&ssl=1&resize=700%2C400 2x"},"classes":[]},{"id":17624,"url":"https:\/\/lahoradelcampo.com.uy\/site\/nutrida-y-destacada-actividad-tendran-los-criollistas-en-salto\/","url_meta":{"origin":45945,"position":4},"title":"Nutrida y destacada actividad tendr\u00e1n los criollistas en Salto","author":"La Hora del Campo","date":"25 febrero, 2020","format":false,"excerpt":"La Agremiaci\u00f3n de Criadores de Caballos Criollos de Salto ha dado a conocer su agenda de actividades para este a\u00f1o 2020, donde se destacan actividades de suma importancia para los criadores salte\u00f1os y la raza en su conjunto, como lo es la segunda edici\u00f3n de una Credenciadora para el Freno\u2026","rel":"","context":"En \u00abActualidad\u00bb","block_context":{"text":"Actualidad","link":"https:\/\/lahoradelcampo.com.uy\/site\/category\/actualidad\/"},"img":{"alt_text":"","src":"https:\/\/i0.wp.com\/lahoradelcampo.com.uy\/site\/wp-content\/uploads\/2017\/11\/Criollos.jpg?fit=880%2C440&ssl=1&resize=350%2C200","width":350,"height":200,"srcset":"https:\/\/i0.wp.com\/lahoradelcampo.com.uy\/site\/wp-content\/uploads\/2017\/11\/Criollos.jpg?fit=880%2C440&ssl=1&resize=350%2C200 1x, https:\/\/i0.wp.com\/lahoradelcampo.com.uy\/site\/wp-content\/uploads\/2017\/11\/Criollos.jpg?fit=880%2C440&ssl=1&resize=525%2C300 1.5x, https:\/\/i0.wp.com\/lahoradelcampo.com.uy\/site\/wp-content\/uploads\/2017\/11\/Criollos.jpg?fit=880%2C440&ssl=1&resize=700%2C400 2x"},"classes":[]},{"id":54922,"url":"https:\/\/lahoradelcampo.com.uy\/site\/el-ano-con-mas-ovinos-en-la-expo-paysandu\/","url_meta":{"origin":45945,"position":5},"title":"El a\u00f1o con m\u00e1s ovinos en la Expo Paysand\u00fa","author":"La Hora del Campo","date":"20 octubre, 2024","format":false,"excerpt":"La 78\u00b0 Edici\u00f3n de la Expo Rural de Paysand\u00fa mostr\u00f3 un crecimiento importante en la presencia de ovinos, en todas las razas, ratificando porque es el tercer departamento con mayor stock del pa\u00eds. Adem\u00e1s, este a\u00f1o fue el marco para la Expo Nacional Suffolk. El Ing. Jos\u00e9 Francisco Ramos, t\u00e9cnico\u2026","rel":"","context":"En \u00abActualidad\u00bb","block_context":{"text":"Actualidad","link":"https:\/\/lahoradelcampo.com.uy\/site\/category\/actualidad\/"},"img":{"alt_text":"","src":"https:\/\/i0.wp.com\/lahoradelcampo.com.uy\/site\/wp-content\/uploads\/2024\/10\/MerinoPaysandu.jpg?fit=880%2C440&ssl=1&resize=350%2C200","width":350,"height":200,"srcset":"https:\/\/i0.wp.com\/lahoradelcampo.com.uy\/site\/wp-content\/uploads\/2024\/10\/MerinoPaysandu.jpg?fit=880%2C440&ssl=1&resize=350%2C200 1x, https:\/\/i0.wp.com\/lahoradelcampo.com.uy\/site\/wp-content\/uploads\/2024\/10\/MerinoPaysandu.jpg?fit=880%2C440&ssl=1&resize=525%2C300 1.5x, https:\/\/i0.wp.com\/lahoradelcampo.com.uy\/site\/wp-content\/uploads\/2024\/10\/MerinoPaysandu.jpg?fit=880%2C440&ssl=1&resize=700%2C400 2x"},"classes":[]}],"jetpack_likes_enabled":true,"_links":{"self":[{"href":"https:\/\/lahoradelcampo.com.uy\/site\/wp-json\/wp\/v2\/posts\/45945","targetHints":{"allow":["GET"]}}],"collection":[{"href":"https:\/\/lahoradelcampo.com.uy\/site\/wp-json\/wp\/v2\/posts"}],"about":[{"href":"https:\/\/lahoradelcampo.com.uy\/site\/wp-json\/wp\/v2\/types\/post"}],"author":[{"embeddable":true,"href":"https:\/\/lahoradelcampo.com.uy\/site\/wp-json\/wp\/v2\/users\/5"}],"replies":[{"embeddable":true,"href":"https:\/\/lahoradelcampo.com.uy\/site\/wp-json\/wp\/v2\/comments?post=45945"}],"version-history":[{"count":1,"href":"https:\/\/lahoradelcampo.com.uy\/site\/wp-json\/wp\/v2\/posts\/45945\/revisions"}],"predecessor-version":[{"id":45949,"href":"https:\/\/lahoradelcampo.com.uy\/site\/wp-json\/wp\/v2\/posts\/45945\/revisions\/45949"}],"wp:featuredmedia":[{"embeddable":true,"href":"https:\/\/lahoradelcampo.com.uy\/site\/wp-json\/wp\/v2\/media\/45947"}],"wp:attachment":[{"href":"https:\/\/lahoradelcampo.com.uy\/site\/wp-json\/wp\/v2\/media?parent=45945"}],"wp:term":[{"taxonomy":"category","embeddable":true,"href":"https:\/\/lahoradelcampo.com.uy\/site\/wp-json\/wp\/v2\/categories?post=45945"},{"taxonomy":"post_tag","embeddable":true,"href":"https:\/\/lahoradelcampo.com.uy\/site\/wp-json\/wp\/v2\/tags?post=45945"}],"curies":[{"name":"wp","href":"https:\/\/api.w.org\/{rel}","templated":true}]}}