{"id":45941,"date":"2022-09-29T07:35:19","date_gmt":"2022-09-29T10:35:19","guid":{"rendered":"http:\/\/lahoradelcampo.com.uy\/site\/?p=45941"},"modified":"2022-09-29T07:35:24","modified_gmt":"2022-09-29T10:35:24","slug":"pantalla-uruguay-coloco-el-83-de-la-oferta-en-su-primer-dia-de-ventas","status":"publish","type":"post","link":"https:\/\/lahoradelcampo.com.uy\/site\/pantalla-uruguay-coloco-el-83-de-la-oferta-en-su-primer-dia-de-ventas\/","title":{"rendered":"Pantalla Uruguay coloc\u00f3 el 83% de la oferta en su primer d\u00eda de ventas"},"content":{"rendered":"\n<figure class=\"wp-block-image\"><img data-recalc-dims=\"1\" loading=\"lazy\" decoding=\"async\" width=\"810\" height=\"405\" data-attachment-id=\"42205\" data-permalink=\"https:\/\/lahoradelcampo.com.uy\/site\/pantalla-uruguay-cerro-con-los-novillos-de-mas-de-3-anos-en-suba\/pu-general-jose\/\" data-orig-file=\"https:\/\/i0.wp.com\/lahoradelcampo.com.uy\/site\/wp-content\/uploads\/2022\/05\/PU-General-Jose.jpg?fit=880%2C440&amp;ssl=1\" data-orig-size=\"880,440\" data-comments-opened=\"1\" data-image-meta=\"{&quot;aperture&quot;:&quot;0&quot;,&quot;credit&quot;:&quot;&quot;,&quot;camera&quot;:&quot;&quot;,&quot;caption&quot;:&quot;&quot;,&quot;created_timestamp&quot;:&quot;0&quot;,&quot;copyright&quot;:&quot;&quot;,&quot;focal_length&quot;:&quot;0&quot;,&quot;iso&quot;:&quot;0&quot;,&quot;shutter_speed&quot;:&quot;0&quot;,&quot;title&quot;:&quot;&quot;,&quot;orientation&quot;:&quot;1&quot;}\" data-image-title=\"PU-General Jose\" data-image-description=\"\" data-image-caption=\"\" data-large-file=\"https:\/\/i0.wp.com\/lahoradelcampo.com.uy\/site\/wp-content\/uploads\/2022\/05\/PU-General-Jose.jpg?fit=810%2C405&amp;ssl=1\" src=\"https:\/\/i0.wp.com\/lahoradelcampo.com.uy\/site\/wp-content\/uploads\/2022\/05\/PU-General-Jose.jpg?resize=810%2C405\" alt=\"\" class=\"wp-image-42205\" srcset=\"https:\/\/i0.wp.com\/lahoradelcampo.com.uy\/site\/wp-content\/uploads\/2022\/05\/PU-General-Jose.jpg?w=880&amp;ssl=1 880w, https:\/\/i0.wp.com\/lahoradelcampo.com.uy\/site\/wp-content\/uploads\/2022\/05\/PU-General-Jose.jpg?resize=300%2C150&amp;ssl=1 300w, https:\/\/i0.wp.com\/lahoradelcampo.com.uy\/site\/wp-content\/uploads\/2022\/05\/PU-General-Jose.jpg?resize=768%2C384&amp;ssl=1 768w, https:\/\/i0.wp.com\/lahoradelcampo.com.uy\/site\/wp-content\/uploads\/2022\/05\/PU-General-Jose.jpg?resize=820%2C410&amp;ssl=1 820w\" sizes=\"auto, (max-width: 810px) 100vw, 810px\" \/><\/figure>\n\n\n\n<p>Pantalla Uruguay remat\u00f3 vacunos este mi\u00e9rcoles y coloc\u00f3 el 83% de lo ofertado, un total de 3.585 cabezas. <\/p>\n\n\n\n<p>Se vieron varios ajustes de precios y algunas categor\u00edas destacaron en colocaci\u00f3n, como por ejemplo los terneros de menos de 140 kilos, los novillos de uno a dos a\u00f1os y  los de m\u00e1s de tres a\u00f1os, que se vendieron en su totalidad. <\/p>\n\n\n\n<p>El consorcio de escritorios continuar\u00e1 su remate este jueves,  comenzando las actividades a partir de la hora 9.<\/p>\n\n\n\n<figure class=\"wp-block-image\"><img data-recalc-dims=\"1\" loading=\"lazy\" decoding=\"async\" width=\"810\" height=\"414\" data-attachment-id=\"45937\" data-permalink=\"https:\/\/lahoradelcampo.com.uy\/site\/plaza-rural-cerro-sus-venta-254-con-un-82-de-colocacion\/pantallauruguay1dia\/\" data-orig-file=\"https:\/\/i0.wp.com\/lahoradelcampo.com.uy\/site\/wp-content\/uploads\/2022\/09\/pantallauruguay1dia.jpg?fit=1599%2C818&amp;ssl=1\" data-orig-size=\"1599,818\" data-comments-opened=\"1\" data-image-meta=\"{&quot;aperture&quot;:&quot;0&quot;,&quot;credit&quot;:&quot;&quot;,&quot;camera&quot;:&quot;&quot;,&quot;caption&quot;:&quot;&quot;,&quot;created_timestamp&quot;:&quot;0&quot;,&quot;copyright&quot;:&quot;&quot;,&quot;focal_length&quot;:&quot;0&quot;,&quot;iso&quot;:&quot;0&quot;,&quot;shutter_speed&quot;:&quot;0&quot;,&quot;title&quot;:&quot;&quot;,&quot;orientation&quot;:&quot;1&quot;}\" data-image-title=\"pantallauruguay1dia\" data-image-description=\"\" data-image-caption=\"\" data-large-file=\"https:\/\/i0.wp.com\/lahoradelcampo.com.uy\/site\/wp-content\/uploads\/2022\/09\/pantallauruguay1dia.jpg?fit=810%2C414&amp;ssl=1\" src=\"https:\/\/i0.wp.com\/lahoradelcampo.com.uy\/site\/wp-content\/uploads\/2022\/09\/pantallauruguay1dia.jpg?resize=810%2C414\" alt=\"\" class=\"wp-image-45937\" srcset=\"https:\/\/i0.wp.com\/lahoradelcampo.com.uy\/site\/wp-content\/uploads\/2022\/09\/pantallauruguay1dia.jpg?resize=1024%2C524&amp;ssl=1 1024w, https:\/\/i0.wp.com\/lahoradelcampo.com.uy\/site\/wp-content\/uploads\/2022\/09\/pantallauruguay1dia.jpg?resize=300%2C153&amp;ssl=1 300w, https:\/\/i0.wp.com\/lahoradelcampo.com.uy\/site\/wp-content\/uploads\/2022\/09\/pantallauruguay1dia.jpg?resize=768%2C393&amp;ssl=1 768w, https:\/\/i0.wp.com\/lahoradelcampo.com.uy\/site\/wp-content\/uploads\/2022\/09\/pantallauruguay1dia.jpg?w=1599&amp;ssl=1 1599w\" sizes=\"auto, (max-width: 810px) 100vw, 810px\" \/><\/figure>\n\n\n\n<p>Salto, jueves 29 de setiembre de 2022<\/p>\n","protected":false},"excerpt":{"rendered":"<p>Pantalla Uruguay remat\u00f3 vacunos este mi\u00e9rcoles y coloc\u00f3 el 83% de lo ofertado, un total de 3.585 cabezas. Se vieron varios ajustes de precios y algunas categor\u00edas destacaron en colocaci\u00f3n, [&hellip;]<\/p>\n","protected":false},"author":5,"featured_media":42205,"comment_status":"open","ping_status":"open","sticky":false,"template":"","format":"standard","meta":{"_price":"","_stock":"","_tribe_ticket_header":"","_tribe_default_ticket_provider":"","_tribe_ticket_capacity":"0","_ticket_start_date":"","_ticket_end_date":"","_tribe_ticket_show_description":"","_tribe_ticket_show_not_going":false,"_tribe_ticket_use_global_stock":"","_tribe_ticket_global_stock_level":"","_global_stock_mode":"","_global_stock_cap":"","_tribe_rsvp_for_event":"","_tribe_ticket_going_count":"","_tribe_ticket_not_going_count":"","_tribe_tickets_list":"[]","_tribe_ticket_has_attendee_info_fields":false,"h5ap_radio_sources":[],"_jetpack_newsletter_access":"","_jetpack_dont_email_post_to_subs":false,"_jetpack_newsletter_tier_id":0,"_jetpack_memberships_contains_paywalled_content":false,"_jetpack_memberships_contains_paid_content":false,"footnotes":""},"categories":[21,5],"tags":[],"class_list":["post-45941","post","type-post","status-publish","format-standard","has-post-thumbnail","hentry","category-actualidad","category-ganaderia"],"jetpack_featured_media_url":"https:\/\/i0.wp.com\/lahoradelcampo.com.uy\/site\/wp-content\/uploads\/2022\/05\/PU-General-Jose.jpg?fit=880%2C440&ssl=1","jetpack_sharing_enabled":true,"jetpack_shortlink":"https:\/\/wp.me\/p99IaT-bWZ","jetpack-related-posts":[{"id":12267,"url":"https:\/\/lahoradelcampo.com.uy\/site\/pantalla-uruguay-coloco-el-98-de-la-oferta-en-su-remate-205\/","url_meta":{"origin":45941,"position":0},"title":"Pantalla Uruguay coloc\u00f3 el 98%  de la oferta en su remate 205","author":"La Hora del Campo","date":"28 junio, 2019","format":false,"excerpt":"El consorcio de rematadores de Pantalla Uruguay coloc\u00f3 el 98% de la oferta presentada en la pista virtual, con una importante demanda y agilidad en la mayor\u00eda de las categor\u00edas. Los integrantes del consorcio de rematadores destacaron al final de las ventas, los muy buenos valores alcanzados en la pista,\u2026","rel":"","context":"En \u00abActualidad\u00bb","block_context":{"text":"Actualidad","link":"https:\/\/lahoradelcampo.com.uy\/site\/category\/actualidad\/"},"img":{"alt_text":"","src":"https:\/\/i0.wp.com\/lahoradelcampo.com.uy\/site\/wp-content\/uploads\/2019\/06\/pantallauruguay.jpg?fit=880%2C440&ssl=1&resize=350%2C200","width":350,"height":200,"srcset":"https:\/\/i0.wp.com\/lahoradelcampo.com.uy\/site\/wp-content\/uploads\/2019\/06\/pantallauruguay.jpg?fit=880%2C440&ssl=1&resize=350%2C200 1x, https:\/\/i0.wp.com\/lahoradelcampo.com.uy\/site\/wp-content\/uploads\/2019\/06\/pantallauruguay.jpg?fit=880%2C440&ssl=1&resize=525%2C300 1.5x, https:\/\/i0.wp.com\/lahoradelcampo.com.uy\/site\/wp-content\/uploads\/2019\/06\/pantallauruguay.jpg?fit=880%2C440&ssl=1&resize=700%2C400 2x"},"classes":[]},{"id":28800,"url":"https:\/\/lahoradelcampo.com.uy\/site\/pantalla-uruguay-coloco-el-906-en-su-primer-dia-de-ventas\/","url_meta":{"origin":45941,"position":1},"title":"Pantalla Uruguay coloc\u00f3 el 90,6% en su primer d\u00eda de ventas","author":"La Hora del Campo","date":"25 marzo, 2021","format":false,"excerpt":"En la jornada de ayer, el consorcio de rematadores de Pantalla Uruguay coloc\u00f3 el 90,61% de la oferta presentada en su primera jornada de ventas, donde paso por la pista de ventas los terneros y la escalera de novillos. Como siempre de forma 100% virtual, desde el Parque Tecnol\u00f3gico del\u2026","rel":"","context":"En \u00abActualidad\u00bb","block_context":{"text":"Actualidad","link":"https:\/\/lahoradelcampo.com.uy\/site\/category\/actualidad\/"},"img":{"alt_text":"","src":"https:\/\/i0.wp.com\/lahoradelcampo.com.uy\/site\/wp-content\/uploads\/2021\/01\/Pantalla-Uruguay.jpg?fit=880%2C440&ssl=1&resize=350%2C200","width":350,"height":200,"srcset":"https:\/\/i0.wp.com\/lahoradelcampo.com.uy\/site\/wp-content\/uploads\/2021\/01\/Pantalla-Uruguay.jpg?fit=880%2C440&ssl=1&resize=350%2C200 1x, https:\/\/i0.wp.com\/lahoradelcampo.com.uy\/site\/wp-content\/uploads\/2021\/01\/Pantalla-Uruguay.jpg?fit=880%2C440&ssl=1&resize=525%2C300 1.5x, https:\/\/i0.wp.com\/lahoradelcampo.com.uy\/site\/wp-content\/uploads\/2021\/01\/Pantalla-Uruguay.jpg?fit=880%2C440&ssl=1&resize=700%2C400 2x"},"classes":[]},{"id":50266,"url":"https:\/\/lahoradelcampo.com.uy\/site\/pantalla-uruguay-coloco-el-871-de-la-oferta-en-los-dos-primeros-dias\/","url_meta":{"origin":45941,"position":2},"title":"Pantalla Uruguay coloc\u00f3 el 87,1% de la oferta en los dos primeros d\u00edas","author":"La Hora del Campo","date":"28 abril, 2023","format":false,"excerpt":"El consorcio de rematadores de Pantalla Uruguay finaliz\u00f3 ayer 27 de abril la comercializaci\u00f3n de su segunda jornada del remate 256, donde se incluye la Ganadera Hereford. Los negocios continuar\u00e1n ma\u00f1ana con la venta de ovinos y categor\u00edas de cr\u00eda, desde terneras hasta piezas de cr\u00eda. Durante la primera jornada\u2026","rel":"","context":"En \u00abActualidad\u00bb","block_context":{"text":"Actualidad","link":"https:\/\/lahoradelcampo.com.uy\/site\/category\/actualidad\/"},"img":{"alt_text":"","src":"https:\/\/i0.wp.com\/lahoradelcampo.com.uy\/site\/wp-content\/uploads\/2023\/04\/Pantalla-Uruguay.jpg?fit=880%2C440&ssl=1&resize=350%2C200","width":350,"height":200,"srcset":"https:\/\/i0.wp.com\/lahoradelcampo.com.uy\/site\/wp-content\/uploads\/2023\/04\/Pantalla-Uruguay.jpg?fit=880%2C440&ssl=1&resize=350%2C200 1x, https:\/\/i0.wp.com\/lahoradelcampo.com.uy\/site\/wp-content\/uploads\/2023\/04\/Pantalla-Uruguay.jpg?fit=880%2C440&ssl=1&resize=525%2C300 1.5x, https:\/\/i0.wp.com\/lahoradelcampo.com.uy\/site\/wp-content\/uploads\/2023\/04\/Pantalla-Uruguay.jpg?fit=880%2C440&ssl=1&resize=700%2C400 2x"},"classes":[]},{"id":27220,"url":"https:\/\/lahoradelcampo.com.uy\/site\/pantalla-uruguay-coloco-el-94-en-su-primer-remate-del-ano\/","url_meta":{"origin":45941,"position":3},"title":"Pantalla Uruguay coloc\u00f3 el 94%,  en su primer remate del a\u00f1o","author":"La Hora del Campo","date":"1 febrero, 2021","format":false,"excerpt":"Pantalla Uruguay llev\u00f3 adelante su primer remate del a\u00f1o 2021, con un 94,3% de colocaci\u00f3n tras una jornada con buena demanda, dispersi\u00f3n para todo el pa\u00eds y con una zona norte mejor posicionada en cuanto a valores. Si bien el remate se realiz\u00f3 de forma 100% virtual, con muchos operadores\u2026","rel":"","context":"En \u00abActualidad\u00bb","block_context":{"text":"Actualidad","link":"https:\/\/lahoradelcampo.com.uy\/site\/category\/actualidad\/"},"img":{"alt_text":"","src":"https:\/\/i0.wp.com\/lahoradelcampo.com.uy\/site\/wp-content\/uploads\/2017\/10\/Pantalla-Uruguay.jpg?fit=880%2C440&ssl=1&resize=350%2C200","width":350,"height":200,"srcset":"https:\/\/i0.wp.com\/lahoradelcampo.com.uy\/site\/wp-content\/uploads\/2017\/10\/Pantalla-Uruguay.jpg?fit=880%2C440&ssl=1&resize=350%2C200 1x, https:\/\/i0.wp.com\/lahoradelcampo.com.uy\/site\/wp-content\/uploads\/2017\/10\/Pantalla-Uruguay.jpg?fit=880%2C440&ssl=1&resize=525%2C300 1.5x, https:\/\/i0.wp.com\/lahoradelcampo.com.uy\/site\/wp-content\/uploads\/2017\/10\/Pantalla-Uruguay.jpg?fit=880%2C440&ssl=1&resize=700%2C400 2x"},"classes":[]},{"id":30562,"url":"https:\/\/lahoradelcampo.com.uy\/site\/pantalla-uruguay-coloco-el-922-de-los-terneros-en-la-primera-jornada-de-ventas\/","url_meta":{"origin":45941,"position":4},"title":"Pantalla Uruguay coloc\u00f3 el 92,2% de los terneros en la primera jornada de ventas","author":"La Hora del Campo","date":"27 mayo, 2021","format":false,"excerpt":"Pantalla Uruguay coloc\u00f3 el 92,2% de los terneros ofertados en el primer d\u00eda de ventas del remate 228 y la 8va Ganadera Angus, denominado \"#mi\u00e9rcolesdeterneros. Se vendieron 5.316 cabezas. El promedio general para los 4.593 terneros fue de US$ 2,28 al kilo, un 0,4% por debajo del promedio del remate\u2026","rel":"","context":"En \u00abActualidad\u00bb","block_context":{"text":"Actualidad","link":"https:\/\/lahoradelcampo.com.uy\/site\/category\/actualidad\/"},"img":{"alt_text":"","src":"https:\/\/i0.wp.com\/lahoradelcampo.com.uy\/site\/wp-content\/uploads\/2017\/09\/Pantalla-Uruguay.jpg?fit=880%2C440&ssl=1&resize=350%2C200","width":350,"height":200,"srcset":"https:\/\/i0.wp.com\/lahoradelcampo.com.uy\/site\/wp-content\/uploads\/2017\/09\/Pantalla-Uruguay.jpg?fit=880%2C440&ssl=1&resize=350%2C200 1x, https:\/\/i0.wp.com\/lahoradelcampo.com.uy\/site\/wp-content\/uploads\/2017\/09\/Pantalla-Uruguay.jpg?fit=880%2C440&ssl=1&resize=525%2C300 1.5x, https:\/\/i0.wp.com\/lahoradelcampo.com.uy\/site\/wp-content\/uploads\/2017\/09\/Pantalla-Uruguay.jpg?fit=880%2C440&ssl=1&resize=700%2C400 2x"},"classes":[]},{"id":44311,"url":"https:\/\/lahoradelcampo.com.uy\/site\/pantalla-uruguay-coloco-el-9933-de-la-oferta-en-su-remate-244\/","url_meta":{"origin":45941,"position":5},"title":"Pantalla Uruguay coloc\u00f3 el  99,33%  de la oferta en su remate 244","author":"La Hora del Campo","date":"29 julio, 2022","format":false,"excerpt":"Con una colocaci\u00f3n de 6.787 cabezas de vacunos, representando el 99,33% de lo ofertado, el consorcio de rematadores de Pantalla Uruguay concret\u00f3 su remate 244, en la jornada de ayer. Al inicio de las ventas, se realiz\u00f3 el lanzamiento de la segunda edici\u00f3n del concurso \"Tus Ideas Valen\", donde la\u2026","rel":"","context":"En \u00abActualidad\u00bb","block_context":{"text":"Actualidad","link":"https:\/\/lahoradelcampo.com.uy\/site\/category\/actualidad\/"},"img":{"alt_text":"","src":"https:\/\/i0.wp.com\/lahoradelcampo.com.uy\/site\/wp-content\/uploads\/2022\/07\/pantallaotto1.jpg?fit=880%2C440&ssl=1&resize=350%2C200","width":350,"height":200,"srcset":"https:\/\/i0.wp.com\/lahoradelcampo.com.uy\/site\/wp-content\/uploads\/2022\/07\/pantallaotto1.jpg?fit=880%2C440&ssl=1&resize=350%2C200 1x, https:\/\/i0.wp.com\/lahoradelcampo.com.uy\/site\/wp-content\/uploads\/2022\/07\/pantallaotto1.jpg?fit=880%2C440&ssl=1&resize=525%2C300 1.5x, https:\/\/i0.wp.com\/lahoradelcampo.com.uy\/site\/wp-content\/uploads\/2022\/07\/pantallaotto1.jpg?fit=880%2C440&ssl=1&resize=700%2C400 2x"},"classes":[]}],"jetpack_likes_enabled":true,"_links":{"self":[{"href":"https:\/\/lahoradelcampo.com.uy\/site\/wp-json\/wp\/v2\/posts\/45941","targetHints":{"allow":["GET"]}}],"collection":[{"href":"https:\/\/lahoradelcampo.com.uy\/site\/wp-json\/wp\/v2\/posts"}],"about":[{"href":"https:\/\/lahoradelcampo.com.uy\/site\/wp-json\/wp\/v2\/types\/post"}],"author":[{"embeddable":true,"href":"https:\/\/lahoradelcampo.com.uy\/site\/wp-json\/wp\/v2\/users\/5"}],"replies":[{"embeddable":true,"href":"https:\/\/lahoradelcampo.com.uy\/site\/wp-json\/wp\/v2\/comments?post=45941"}],"version-history":[{"count":1,"href":"https:\/\/lahoradelcampo.com.uy\/site\/wp-json\/wp\/v2\/posts\/45941\/revisions"}],"predecessor-version":[{"id":45943,"href":"https:\/\/lahoradelcampo.com.uy\/site\/wp-json\/wp\/v2\/posts\/45941\/revisions\/45943"}],"wp:featuredmedia":[{"embeddable":true,"href":"https:\/\/lahoradelcampo.com.uy\/site\/wp-json\/wp\/v2\/media\/42205"}],"wp:attachment":[{"href":"https:\/\/lahoradelcampo.com.uy\/site\/wp-json\/wp\/v2\/media?parent=45941"}],"wp:term":[{"taxonomy":"category","embeddable":true,"href":"https:\/\/lahoradelcampo.com.uy\/site\/wp-json\/wp\/v2\/categories?post=45941"},{"taxonomy":"post_tag","embeddable":true,"href":"https:\/\/lahoradelcampo.com.uy\/site\/wp-json\/wp\/v2\/tags?post=45941"}],"curies":[{"name":"wp","href":"https:\/\/api.w.org\/{rel}","templated":true}]}}