{"id":45933,"date":"2022-09-29T07:32:54","date_gmt":"2022-09-29T10:32:54","guid":{"rendered":"http:\/\/lahoradelcampo.com.uy\/site\/?p=45933"},"modified":"2022-09-29T07:32:58","modified_gmt":"2022-09-29T10:32:58","slug":"plaza-rural-cerro-sus-venta-254-con-un-82-de-colocacion","status":"publish","type":"post","link":"https:\/\/lahoradelcampo.com.uy\/site\/plaza-rural-cerro-sus-venta-254-con-un-82-de-colocacion\/","title":{"rendered":"Plaza Rural cerr\u00f3 sus venta 254 con un 82% de colocaci\u00f3n"},"content":{"rendered":"\n<figure class=\"wp-block-image\"><img data-recalc-dims=\"1\" loading=\"lazy\" decoding=\"async\" width=\"810\" height=\"405\" data-attachment-id=\"42037\" data-permalink=\"https:\/\/lahoradelcampo.com.uy\/site\/plaza-rural-comercializo-el-95-en-los-dos-primeros-dias-de-plaza-angus\/plazarural-general2\/\" data-orig-file=\"https:\/\/i0.wp.com\/lahoradelcampo.com.uy\/site\/wp-content\/uploads\/2022\/05\/PlazaRural-general2.jpg?fit=880%2C440&amp;ssl=1\" data-orig-size=\"880,440\" data-comments-opened=\"1\" data-image-meta=\"{&quot;aperture&quot;:&quot;0&quot;,&quot;credit&quot;:&quot;&quot;,&quot;camera&quot;:&quot;&quot;,&quot;caption&quot;:&quot;&quot;,&quot;created_timestamp&quot;:&quot;0&quot;,&quot;copyright&quot;:&quot;&quot;,&quot;focal_length&quot;:&quot;0&quot;,&quot;iso&quot;:&quot;0&quot;,&quot;shutter_speed&quot;:&quot;0&quot;,&quot;title&quot;:&quot;&quot;,&quot;orientation&quot;:&quot;1&quot;}\" data-image-title=\"PlazaRural-general2\" data-image-description=\"\" data-image-caption=\"\" data-large-file=\"https:\/\/i0.wp.com\/lahoradelcampo.com.uy\/site\/wp-content\/uploads\/2022\/05\/PlazaRural-general2.jpg?fit=810%2C405&amp;ssl=1\" src=\"https:\/\/i0.wp.com\/lahoradelcampo.com.uy\/site\/wp-content\/uploads\/2022\/05\/PlazaRural-general2.jpg?resize=810%2C405\" alt=\"\" class=\"wp-image-42037\" srcset=\"https:\/\/i0.wp.com\/lahoradelcampo.com.uy\/site\/wp-content\/uploads\/2022\/05\/PlazaRural-general2.jpg?w=880&amp;ssl=1 880w, https:\/\/i0.wp.com\/lahoradelcampo.com.uy\/site\/wp-content\/uploads\/2022\/05\/PlazaRural-general2.jpg?resize=300%2C150&amp;ssl=1 300w, https:\/\/i0.wp.com\/lahoradelcampo.com.uy\/site\/wp-content\/uploads\/2022\/05\/PlazaRural-general2.jpg?resize=768%2C384&amp;ssl=1 768w, https:\/\/i0.wp.com\/lahoradelcampo.com.uy\/site\/wp-content\/uploads\/2022\/05\/PlazaRural-general2.jpg?resize=820%2C410&amp;ssl=1 820w\" sizes=\"auto, (max-width: 810px) 100vw, 810px\" \/><\/figure>\n\n\n\n<p>Plaza Rural vendi\u00f3 9.524 vacunos en dos d\u00edas, en su remate 254, desde el Cottage, lograron una colocaci\u00f3n del 82% en un remate en el que se vieron ajustes de precios en todas las categor\u00edas. Ajustes l\u00f3gicos y esperados ante la baja de precios que se registr\u00f3 en el mercado del gordo y el desarrollo clim\u00e1tico, que por falta de agua ha afectado las pasturas, seg\u00fan explic\u00f3 el presidente del consorcio, Carlos De Freitas.<br><\/p>\n\n\n\n<p>\u00abFue un buen remate, que se movi\u00f3 \u00e1gil y con mucha puja\u00bb dijo el consignatario. \u00abQuienes se acomodaron a los nuevos valores hicieron negocios\u00bb, destac\u00f3.<br><\/p>\n\n\n\n<p>\u00abSab\u00edamos que nos enfrent\u00e1bamos a un remate con una oferta interesante pero en un marco complicado y la verdad es que quedamos muy satisfechos por los vol\u00famenes que colocamos, esto ratifica una vez m\u00e1s que la clientela de Plaza Rural cree en el mercado de Plaza Rural. Todo el que se adapt\u00f3 a los valores vendi\u00f3, y vendi\u00f3 muy bien\u00bb, mencion\u00f3 De Freitas.<\/p>\n\n\n\n<figure class=\"wp-block-image\"><img data-recalc-dims=\"1\" loading=\"lazy\" decoding=\"async\" width=\"810\" height=\"494\" data-attachment-id=\"45935\" data-permalink=\"https:\/\/lahoradelcampo.com.uy\/site\/plaza-rural-cerro-sus-venta-254-con-un-82-de-colocacion\/plazarural-fin254\/\" data-orig-file=\"https:\/\/i0.wp.com\/lahoradelcampo.com.uy\/site\/wp-content\/uploads\/2022\/09\/plazarural-fin254.jpg?fit=920%2C561&amp;ssl=1\" data-orig-size=\"920,561\" data-comments-opened=\"1\" data-image-meta=\"{&quot;aperture&quot;:&quot;0&quot;,&quot;credit&quot;:&quot;&quot;,&quot;camera&quot;:&quot;&quot;,&quot;caption&quot;:&quot;&quot;,&quot;created_timestamp&quot;:&quot;0&quot;,&quot;copyright&quot;:&quot;&quot;,&quot;focal_length&quot;:&quot;0&quot;,&quot;iso&quot;:&quot;0&quot;,&quot;shutter_speed&quot;:&quot;0&quot;,&quot;title&quot;:&quot;&quot;,&quot;orientation&quot;:&quot;1&quot;}\" data-image-title=\"plazarural fin254\" data-image-description=\"\" data-image-caption=\"\" data-large-file=\"https:\/\/i0.wp.com\/lahoradelcampo.com.uy\/site\/wp-content\/uploads\/2022\/09\/plazarural-fin254.jpg?fit=810%2C494&amp;ssl=1\" src=\"https:\/\/i0.wp.com\/lahoradelcampo.com.uy\/site\/wp-content\/uploads\/2022\/09\/plazarural-fin254.jpg?resize=810%2C494\" alt=\"\" class=\"wp-image-45935\" srcset=\"https:\/\/i0.wp.com\/lahoradelcampo.com.uy\/site\/wp-content\/uploads\/2022\/09\/plazarural-fin254.jpg?w=920&amp;ssl=1 920w, https:\/\/i0.wp.com\/lahoradelcampo.com.uy\/site\/wp-content\/uploads\/2022\/09\/plazarural-fin254.jpg?resize=300%2C183&amp;ssl=1 300w, https:\/\/i0.wp.com\/lahoradelcampo.com.uy\/site\/wp-content\/uploads\/2022\/09\/plazarural-fin254.jpg?resize=768%2C468&amp;ssl=1 768w\" sizes=\"auto, (max-width: 810px) 100vw, 810px\" \/><\/figure>\n\n\n\n<p>Salto, jueves 29 de setiembre de 2022<\/p>\n","protected":false},"excerpt":{"rendered":"<p>Plaza Rural vendi\u00f3 9.524 vacunos en dos d\u00edas, en su remate 254, desde el Cottage, lograron una colocaci\u00f3n del 82% en un remate en el que se vieron ajustes de [&hellip;]<\/p>\n","protected":false},"author":5,"featured_media":42037,"comment_status":"open","ping_status":"open","sticky":false,"template":"","format":"standard","meta":{"_price":"","_stock":"","_tribe_ticket_header":"","_tribe_default_ticket_provider":"","_tribe_ticket_capacity":"0","_ticket_start_date":"","_ticket_end_date":"","_tribe_ticket_show_description":"","_tribe_ticket_show_not_going":false,"_tribe_ticket_use_global_stock":"","_tribe_ticket_global_stock_level":"","_global_stock_mode":"","_global_stock_cap":"","_tribe_rsvp_for_event":"","_tribe_ticket_going_count":"","_tribe_ticket_not_going_count":"","_tribe_tickets_list":"[]","_tribe_ticket_has_attendee_info_fields":false,"h5ap_radio_sources":[],"_jetpack_newsletter_access":"","_jetpack_dont_email_post_to_subs":false,"_jetpack_newsletter_tier_id":0,"_jetpack_memberships_contains_paywalled_content":false,"_jetpack_memberships_contains_paid_content":false,"footnotes":""},"categories":[21,5],"tags":[],"class_list":["post-45933","post","type-post","status-publish","format-standard","has-post-thumbnail","hentry","category-actualidad","category-ganaderia"],"jetpack_featured_media_url":"https:\/\/i0.wp.com\/lahoradelcampo.com.uy\/site\/wp-content\/uploads\/2022\/05\/PlazaRural-general2.jpg?fit=880%2C440&ssl=1","jetpack_sharing_enabled":true,"jetpack_shortlink":"https:\/\/wp.me\/p99IaT-bWR","jetpack-related-posts":[{"id":51335,"url":"https:\/\/lahoradelcampo.com.uy\/site\/fuerte-demanda-y-alta-colocacionen-el-270-remate-de-plaza-rural\/","url_meta":{"origin":45933,"position":0},"title":"Fuerte demanda y alta colocaci\u00f3nen el 270 remate de Plaza Rural","author":"La Hora del Campo","date":"22 junio, 2023","format":false,"excerpt":"El 270\u00b0 remate de Plaza Rural inici\u00f3 con gran \u00e9xito, registrando un aumento significativo en las ventas de todas las categor\u00edas. Destacando un incremento del 10,3% en la comercializaci\u00f3n de m\u00e1s de 400 terneros livianos y una alta tasa de colocaci\u00f3n del 94%. Mauricio Digenova de Zambrano & C\u00eda resalt\u00f3\u2026","rel":"","context":"En \u00abActualidad\u00bb","block_context":{"text":"Actualidad","link":"https:\/\/lahoradelcampo.com.uy\/site\/category\/actualidad\/"},"img":{"alt_text":"","src":"https:\/\/i0.wp.com\/lahoradelcampo.com.uy\/site\/wp-content\/uploads\/2017\/10\/Plaza-Rural.jpg?fit=880%2C440&ssl=1&resize=350%2C200","width":350,"height":200,"srcset":"https:\/\/i0.wp.com\/lahoradelcampo.com.uy\/site\/wp-content\/uploads\/2017\/10\/Plaza-Rural.jpg?fit=880%2C440&ssl=1&resize=350%2C200 1x, https:\/\/i0.wp.com\/lahoradelcampo.com.uy\/site\/wp-content\/uploads\/2017\/10\/Plaza-Rural.jpg?fit=880%2C440&ssl=1&resize=525%2C300 1.5x, https:\/\/i0.wp.com\/lahoradelcampo.com.uy\/site\/wp-content\/uploads\/2017\/10\/Plaza-Rural.jpg?fit=880%2C440&ssl=1&resize=700%2C400 2x"},"classes":[]},{"id":42081,"url":"https:\/\/lahoradelcampo.com.uy\/site\/plaza-rural-finalizo-su-remate-248-con-el-92-de-colocacion\/","url_meta":{"origin":45933,"position":1},"title":"Plaza Rural finaliz\u00f3 su remate 248 con el 92% de colocaci\u00f3n","author":"La Hora del Campo","date":"23 mayo, 2022","format":false,"excerpt":"M\u00e1s all\u00e1 de los ajustes de precios que se observaron en algunas categor\u00edas, Plaza Rural contin\u00faa colocando un alto porcentaje de una importante oferta de reposici\u00f3n como la ofrecida en este remate 248, que adem\u00e1s incluy\u00f3 el Plaza Angus. Ignacio Victorica, integrante del consorcio de rematadores, dijo que \"en l\u00edneas\u2026","rel":"","context":"En \u00abActualidad\u00bb","block_context":{"text":"Actualidad","link":"https:\/\/lahoradelcampo.com.uy\/site\/category\/actualidad\/"},"img":{"alt_text":"","src":"https:\/\/i0.wp.com\/lahoradelcampo.com.uy\/site\/wp-content\/uploads\/2022\/05\/Plazarural-general3.jpg?fit=880%2C440&ssl=1&resize=350%2C200","width":350,"height":200,"srcset":"https:\/\/i0.wp.com\/lahoradelcampo.com.uy\/site\/wp-content\/uploads\/2022\/05\/Plazarural-general3.jpg?fit=880%2C440&ssl=1&resize=350%2C200 1x, https:\/\/i0.wp.com\/lahoradelcampo.com.uy\/site\/wp-content\/uploads\/2022\/05\/Plazarural-general3.jpg?fit=880%2C440&ssl=1&resize=525%2C300 1.5x, https:\/\/i0.wp.com\/lahoradelcampo.com.uy\/site\/wp-content\/uploads\/2022\/05\/Plazarural-general3.jpg?fit=880%2C440&ssl=1&resize=700%2C400 2x"},"classes":[]},{"id":54418,"url":"https:\/\/lahoradelcampo.com.uy\/site\/plaza-rural-con-98-de-ventas-en-el-primer-remate-de-setiembre\/","url_meta":{"origin":45933,"position":2},"title":"Plaza Rural con 98% de ventas en el primer remate de setiembre","author":"La Hora del Campo","date":"6 septiembre, 2024","format":false,"excerpt":"El consorcio Plaza Rural logr\u00f3 una vez m\u00e1s superar las expectativas del mercado en su remate 291, con la venta de 12.926 vacunos y un porcentaje del 98,15% de ventas. Alejandro Zambrano, director de Zambrano & C\u00eda., calific\u00f3 la jornada como un \u00e9xito rotundo, destacando la mejora en los precios\u2026","rel":"","context":"En \u00abActualidad\u00bb","block_context":{"text":"Actualidad","link":"https:\/\/lahoradelcampo.com.uy\/site\/category\/actualidad\/"},"img":{"alt_text":"","src":"https:\/\/i0.wp.com\/lahoradelcampo.com.uy\/site\/wp-content\/uploads\/2023\/06\/Plaza-Rural-1.jpg?fit=880%2C440&ssl=1&resize=350%2C200","width":350,"height":200,"srcset":"https:\/\/i0.wp.com\/lahoradelcampo.com.uy\/site\/wp-content\/uploads\/2023\/06\/Plaza-Rural-1.jpg?fit=880%2C440&ssl=1&resize=350%2C200 1x, https:\/\/i0.wp.com\/lahoradelcampo.com.uy\/site\/wp-content\/uploads\/2023\/06\/Plaza-Rural-1.jpg?fit=880%2C440&ssl=1&resize=525%2C300 1.5x, https:\/\/i0.wp.com\/lahoradelcampo.com.uy\/site\/wp-content\/uploads\/2023\/06\/Plaza-Rural-1.jpg?fit=880%2C440&ssl=1&resize=700%2C400 2x"},"classes":[]},{"id":51395,"url":"https:\/\/lahoradelcampo.com.uy\/site\/remate-270-de-plaza-rural-dias-con-tonos-diferentes-y-buena-colocacion\/","url_meta":{"origin":45933,"position":3},"title":"Remate 270 de Plaza Rural: Dos d\u00edas con tonos diferentes y buena colocaci\u00f3n","author":"La Hora del Campo","date":"23 junio, 2023","format":false,"excerpt":"El director de Agro Oriental, Christopher Brown, analiz\u00f3 los resultados del remate 270 de Plaza Rural y destac\u00f3 que tuvo dos d\u00edas con caracter\u00edsticas distintas. Durante el primer d\u00eda, se observ\u00f3 una mayor fluidez en las transacciones y correcciones al alza en casi todas las categor\u00edas, logrando una colocaci\u00f3n por\u2026","rel":"","context":"En \u00abActualidad\u00bb","block_context":{"text":"Actualidad","link":"https:\/\/lahoradelcampo.com.uy\/site\/category\/actualidad\/"},"img":{"alt_text":"","src":"https:\/\/i0.wp.com\/lahoradelcampo.com.uy\/site\/wp-content\/uploads\/2023\/06\/Plaza-Rural-1.jpg?fit=880%2C440&ssl=1&resize=350%2C200","width":350,"height":200,"srcset":"https:\/\/i0.wp.com\/lahoradelcampo.com.uy\/site\/wp-content\/uploads\/2023\/06\/Plaza-Rural-1.jpg?fit=880%2C440&ssl=1&resize=350%2C200 1x, https:\/\/i0.wp.com\/lahoradelcampo.com.uy\/site\/wp-content\/uploads\/2023\/06\/Plaza-Rural-1.jpg?fit=880%2C440&ssl=1&resize=525%2C300 1.5x, https:\/\/i0.wp.com\/lahoradelcampo.com.uy\/site\/wp-content\/uploads\/2023\/06\/Plaza-Rural-1.jpg?fit=880%2C440&ssl=1&resize=700%2C400 2x"},"classes":[]},{"id":29726,"url":"https:\/\/lahoradelcampo.com.uy\/site\/plaza-rural-coloco-27-000-vacunos-el-95-de-la-oferta\/","url_meta":{"origin":45933,"position":4},"title":"Plaza Rural coloc\u00f3 27.000 vacunos, el 95% de la oferta","author":"La Hora del Campo","date":"6 mayo, 2021","format":false,"excerpt":"Plaza Rural cerr\u00f3 su remate 233, con un colocaci\u00f3n de 27.000 cabezas de vacunos, representando el 95% de la oferta total presentada en los cuatro d\u00edas de ventas. \u00c1lvaro Garc\u00eda, presidente del consorcio de rematadores, se\u00f1al\u00f3 su satisfacci\u00f3n con el final del remate, su nivel de colocaci\u00f3n y record\u00f3 que\u2026","rel":"","context":"En \u00abActualidad\u00bb","block_context":{"text":"Actualidad","link":"https:\/\/lahoradelcampo.com.uy\/site\/category\/actualidad\/"},"img":{"alt_text":"","src":"https:\/\/i0.wp.com\/lahoradelcampo.com.uy\/site\/wp-content\/uploads\/2021\/02\/PLazarural.jpg?fit=880%2C440&ssl=1&resize=350%2C200","width":350,"height":200,"srcset":"https:\/\/i0.wp.com\/lahoradelcampo.com.uy\/site\/wp-content\/uploads\/2021\/02\/PLazarural.jpg?fit=880%2C440&ssl=1&resize=350%2C200 1x, https:\/\/i0.wp.com\/lahoradelcampo.com.uy\/site\/wp-content\/uploads\/2021\/02\/PLazarural.jpg?fit=880%2C440&ssl=1&resize=525%2C300 1.5x, https:\/\/i0.wp.com\/lahoradelcampo.com.uy\/site\/wp-content\/uploads\/2021\/02\/PLazarural.jpg?fit=880%2C440&ssl=1&resize=700%2C400 2x"},"classes":[]},{"id":49990,"url":"https:\/\/lahoradelcampo.com.uy\/site\/plaza-rural-disperso-mas-de-10-000-vacunos-en-el-primer-remate-de-abril\/","url_meta":{"origin":45933,"position":5},"title":"Plaza Rural dispers\u00f3 m\u00e1s de 10.000 vacunos en el primer remate de abril","author":"La Hora del Campo","date":"16 abril, 2023","format":false,"excerpt":"Plaza Rural celebr\u00f3 su primer remate de abril con excelentes resultados. La firma dispers\u00f3 10.753 vacunos, logrando una tasa de venta del 95% de la oferta, consolidando la firmeza del mercado de reposici\u00f3n. Alejandro Zambrano Zerbino, director de Zambrano & C\u00eda., destac\u00f3 el \u00e9xito del remate, atribuy\u00e9ndolo al dinamismo del\u2026","rel":"","context":"En \u00abActualidad\u00bb","block_context":{"text":"Actualidad","link":"https:\/\/lahoradelcampo.com.uy\/site\/category\/actualidad\/"},"img":{"alt_text":"","src":"https:\/\/i0.wp.com\/lahoradelcampo.com.uy\/site\/wp-content\/uploads\/2022\/05\/PlazaRural-general2.jpg?fit=880%2C440&ssl=1&resize=350%2C200","width":350,"height":200,"srcset":"https:\/\/i0.wp.com\/lahoradelcampo.com.uy\/site\/wp-content\/uploads\/2022\/05\/PlazaRural-general2.jpg?fit=880%2C440&ssl=1&resize=350%2C200 1x, https:\/\/i0.wp.com\/lahoradelcampo.com.uy\/site\/wp-content\/uploads\/2022\/05\/PlazaRural-general2.jpg?fit=880%2C440&ssl=1&resize=525%2C300 1.5x, https:\/\/i0.wp.com\/lahoradelcampo.com.uy\/site\/wp-content\/uploads\/2022\/05\/PlazaRural-general2.jpg?fit=880%2C440&ssl=1&resize=700%2C400 2x"},"classes":[]}],"jetpack_likes_enabled":true,"_links":{"self":[{"href":"https:\/\/lahoradelcampo.com.uy\/site\/wp-json\/wp\/v2\/posts\/45933","targetHints":{"allow":["GET"]}}],"collection":[{"href":"https:\/\/lahoradelcampo.com.uy\/site\/wp-json\/wp\/v2\/posts"}],"about":[{"href":"https:\/\/lahoradelcampo.com.uy\/site\/wp-json\/wp\/v2\/types\/post"}],"author":[{"embeddable":true,"href":"https:\/\/lahoradelcampo.com.uy\/site\/wp-json\/wp\/v2\/users\/5"}],"replies":[{"embeddable":true,"href":"https:\/\/lahoradelcampo.com.uy\/site\/wp-json\/wp\/v2\/comments?post=45933"}],"version-history":[{"count":1,"href":"https:\/\/lahoradelcampo.com.uy\/site\/wp-json\/wp\/v2\/posts\/45933\/revisions"}],"predecessor-version":[{"id":45939,"href":"https:\/\/lahoradelcampo.com.uy\/site\/wp-json\/wp\/v2\/posts\/45933\/revisions\/45939"}],"wp:featuredmedia":[{"embeddable":true,"href":"https:\/\/lahoradelcampo.com.uy\/site\/wp-json\/wp\/v2\/media\/42037"}],"wp:attachment":[{"href":"https:\/\/lahoradelcampo.com.uy\/site\/wp-json\/wp\/v2\/media?parent=45933"}],"wp:term":[{"taxonomy":"category","embeddable":true,"href":"https:\/\/lahoradelcampo.com.uy\/site\/wp-json\/wp\/v2\/categories?post=45933"},{"taxonomy":"post_tag","embeddable":true,"href":"https:\/\/lahoradelcampo.com.uy\/site\/wp-json\/wp\/v2\/tags?post=45933"}],"curies":[{"name":"wp","href":"https:\/\/api.w.org\/{rel}","templated":true}]}}