{"id":45929,"date":"2022-09-29T07:31:06","date_gmt":"2022-09-29T10:31:06","guid":{"rendered":"http:\/\/lahoradelcampo.com.uy\/site\/?p=45929"},"modified":"2022-09-29T07:31:11","modified_gmt":"2022-09-29T10:31:11","slug":"hoy-se-realiza-el-20-remate-virtual-del-norte-en-la-expo-salto","status":"publish","type":"post","link":"https:\/\/lahoradelcampo.com.uy\/site\/hoy-se-realiza-el-20-remate-virtual-del-norte-en-la-expo-salto\/","title":{"rendered":"Hoy se realiza el 20\u00b0 Remate Virtual del Norte en la Expo Salto"},"content":{"rendered":"\n<figure class=\"wp-block-image\"><img data-recalc-dims=\"1\" loading=\"lazy\" decoding=\"async\" width=\"810\" height=\"405\" data-attachment-id=\"43115\" data-permalink=\"https:\/\/lahoradelcampo.com.uy\/site\/100-de-colocacion-en-la-venta-17-del-remate-virtual-del-norte\/rvn-junio2022\/\" data-orig-file=\"https:\/\/i0.wp.com\/lahoradelcampo.com.uy\/site\/wp-content\/uploads\/2022\/06\/Rvn-junio2022.jpg?fit=880%2C440&amp;ssl=1\" data-orig-size=\"880,440\" data-comments-opened=\"1\" data-image-meta=\"{&quot;aperture&quot;:&quot;0&quot;,&quot;credit&quot;:&quot;&quot;,&quot;camera&quot;:&quot;&quot;,&quot;caption&quot;:&quot;&quot;,&quot;created_timestamp&quot;:&quot;0&quot;,&quot;copyright&quot;:&quot;&quot;,&quot;focal_length&quot;:&quot;0&quot;,&quot;iso&quot;:&quot;0&quot;,&quot;shutter_speed&quot;:&quot;0&quot;,&quot;title&quot;:&quot;&quot;,&quot;orientation&quot;:&quot;1&quot;}\" data-image-title=\"Rvn-junio2022\" data-image-description=\"\" data-image-caption=\"\" data-large-file=\"https:\/\/i0.wp.com\/lahoradelcampo.com.uy\/site\/wp-content\/uploads\/2022\/06\/Rvn-junio2022.jpg?fit=810%2C405&amp;ssl=1\" src=\"https:\/\/i0.wp.com\/lahoradelcampo.com.uy\/site\/wp-content\/uploads\/2022\/06\/Rvn-junio2022.jpg?resize=810%2C405\" alt=\"\" class=\"wp-image-43115\" srcset=\"https:\/\/i0.wp.com\/lahoradelcampo.com.uy\/site\/wp-content\/uploads\/2022\/06\/Rvn-junio2022.jpg?w=880&amp;ssl=1 880w, https:\/\/i0.wp.com\/lahoradelcampo.com.uy\/site\/wp-content\/uploads\/2022\/06\/Rvn-junio2022.jpg?resize=300%2C150&amp;ssl=1 300w, https:\/\/i0.wp.com\/lahoradelcampo.com.uy\/site\/wp-content\/uploads\/2022\/06\/Rvn-junio2022.jpg?resize=768%2C384&amp;ssl=1 768w, https:\/\/i0.wp.com\/lahoradelcampo.com.uy\/site\/wp-content\/uploads\/2022\/06\/Rvn-junio2022.jpg?resize=820%2C410&amp;ssl=1 820w\" sizes=\"auto, (max-width: 810px) 100vw, 810px\" \/><\/figure>\n\n\n\n<p>En el marco de la Expo Salto 2022, se realiza esta jornada el vig\u00e9simo Remate Virtual del Norte, organizado por los escritorios Azanza &#8211; Migliaro, El Estribo de Aldo Garc\u00eda Da Rosa y Escritorio Enrique Beriau, con una oferta de 650 vacunos y 1.000 lanares, a los que se suma una oferta especial de 8 criollos de caba\u00f1a Paso del Horno del Ing. John Moor. <br><\/p>\n\n\n\n<p>El Dr. Ignacio Beriau se\u00f1al\u00f3 que las ventas comenzar\u00e1n a partir de las 19 horas, desde el predio de la Asociaci\u00f3n Agropecuaria de Salto, con la financiaci\u00f3n y la administraci\u00f3n del Banco Scotiabank, con 90 d\u00edas libres. Como es tradicional, las ventas comenzaran con la oferta de lanares, continuando con los vacunos para cerrar con los criollos. <br><\/p>\n\n\n\n<p>En el caso de los lanares, la oferta est\u00e1 compuesta por siete lotes, donde entran \u00abmuy lindos lotes de ovejas, de corderos y corderas\u00bb. Beriau destac\u00f3 \u00abdos lotes de borregas merino muy lindas, finas, un lote en la zona de Estaci\u00f3n Itapeb\u00ed y otro lote de 293 borregas en sopas\u00bb y la venta de terminar\u00eda con \u00abun muy lindo lote de capones de abasto, en la zona de las Termas del Arapey\u00bb. <br><\/p>\n\n\n\n<p>Las ventas contin\u00faan con la oferta de vacunos, donde ingresan \u00abdestacados lotes de terneros, castrados y destetados, en la zona de Estaci\u00f3n Itapeb\u00ed, tambi\u00e9n en Colonia Itapeb\u00ed, en Tom\u00e1s Gomensoro, la verdad que tanto los terneros como las terneras son lotes que tenemos para destacar de este remate aniversario\u00bb. <br><\/p>\n\n\n\n<p>Luego ingresa la escalera de novillos, \u00abhay un lote de novillos de uno a dos a\u00f1os, un lote de novillos un poco m\u00e1s formados, de 350 kilos, cerca de la ciudad de Salto. Hay dos lotes mixtos y para terminar la venta de vacunos, entran excelentes lotes de vientres pre\u00f1ados, son 43 vacas pre\u00f1adas Hereford sola la marca, de muy buena procedencia, todas entoradas con Aberdeen Angus colorado\u00bb. <br><\/p>\n\n\n\n<p>El martillero dijo que \u00abel mercado est\u00e1 tratando de buscar una estabilidad, el ganado de reposici\u00f3n, sin lugar a dudas sinti\u00f3 el impacto de lo que fue la abrupta baja del ganado gordo, pero los remates de los colegas, en las pantallas, han tenido un nivel de colocaci\u00f3n alto, l\u00f3gicamente que a valores del momento\u00bb. <br><\/p>\n\n\n\n<p>En este sentido se\u00f1al\u00f3 que ante la realidad actual del mercado, \u00abaquellos vendedores que se adec\u00faan al precio del momento van a ser los que lo van a vender, y en eso vamos a tratar de estar nosotros, en la comercializaci\u00f3n y tratar de sacar adelante los negocios con estos nuevos valores\u00bb. <br><\/p>\n\n\n\n<p>Por \u00faltimo se ofertar\u00e1n \u00abocho muy buenos ejemplares de Caba\u00f1a Paso del Horno, yeguarizos del amigo John Moor Sanguinetti, muy buena muestra, la verdad, que se compone de siete yeguas y un caballo de muy calidad\u00bb. Beriau record\u00f3 que \u00aben la web est\u00e1n todos los videos, los pedigree de los criollos, es una muy buena muestra de caba\u00f1a Paso del Horno, que tenemos la oportunidad de estar ofertando en lo que va a ser este Remate Virtual del Norte n\u00famero 20\u00bb.<\/p>\n\n\n\n<p>Salto, jueves 29 de setiembre de 2022<\/p>\n","protected":false},"excerpt":{"rendered":"<p>En el marco de la Expo Salto 2022, se realiza esta jornada el vig\u00e9simo Remate Virtual del Norte, organizado por los escritorios Azanza &#8211; Migliaro, El Estribo de Aldo Garc\u00eda [&hellip;]<\/p>\n","protected":false},"author":5,"featured_media":43115,"comment_status":"open","ping_status":"open","sticky":false,"template":"","format":"standard","meta":{"_price":"","_stock":"","_tribe_ticket_header":"","_tribe_default_ticket_provider":"","_tribe_ticket_capacity":"0","_ticket_start_date":"","_ticket_end_date":"","_tribe_ticket_show_description":"","_tribe_ticket_show_not_going":false,"_tribe_ticket_use_global_stock":"","_tribe_ticket_global_stock_level":"","_global_stock_mode":"","_global_stock_cap":"","_tribe_rsvp_for_event":"","_tribe_ticket_going_count":"","_tribe_ticket_not_going_count":"","_tribe_tickets_list":"[]","_tribe_ticket_has_attendee_info_fields":false,"h5ap_radio_sources":[],"_jetpack_newsletter_access":"","_jetpack_dont_email_post_to_subs":false,"_jetpack_newsletter_tier_id":0,"_jetpack_memberships_contains_paywalled_content":false,"_jetpack_memberships_contains_paid_content":false,"footnotes":""},"categories":[21,5],"tags":[],"class_list":["post-45929","post","type-post","status-publish","format-standard","has-post-thumbnail","hentry","category-actualidad","category-ganaderia"],"jetpack_featured_media_url":"https:\/\/i0.wp.com\/lahoradelcampo.com.uy\/site\/wp-content\/uploads\/2022\/06\/Rvn-junio2022.jpg?fit=880%2C440&ssl=1","jetpack_sharing_enabled":true,"jetpack_shortlink":"https:\/\/wp.me\/p99IaT-bWN","jetpack-related-posts":[{"id":20228,"url":"https:\/\/lahoradelcampo.com.uy\/site\/hoy-se-realiza-el-primer-remate-virtual-del-norte\/","url_meta":{"origin":45929,"position":0},"title":"Hoy se realiza el primer remate virtual del norte","author":"La Hora del Campo","date":"27 mayo, 2020","format":false,"excerpt":"Con una oferta de 1.300 vacunos y 500 lanares, los escritorios \"El Estribo\", Azanza & Migliaro y Enrique Beriau, realizan el primer Remate Virtual del Norte aqu\u00ed en Salto. El evento se realiza desde las instalaciones del Club de Pesca, pero debido a la situaci\u00f3n sanitaria, se podr\u00e1 operar \u00fanicamente\u2026","rel":"","context":"En \u00abActualidad\u00bb","block_context":{"text":"Actualidad","link":"https:\/\/lahoradelcampo.com.uy\/site\/category\/actualidad\/"},"img":{"alt_text":"","src":"https:\/\/i0.wp.com\/lahoradelcampo.com.uy\/site\/wp-content\/uploads\/2020\/05\/Remate-virtual.jpg?fit=880%2C440&ssl=1&resize=350%2C200","width":350,"height":200,"srcset":"https:\/\/i0.wp.com\/lahoradelcampo.com.uy\/site\/wp-content\/uploads\/2020\/05\/Remate-virtual.jpg?fit=880%2C440&ssl=1&resize=350%2C200 1x, https:\/\/i0.wp.com\/lahoradelcampo.com.uy\/site\/wp-content\/uploads\/2020\/05\/Remate-virtual.jpg?fit=880%2C440&ssl=1&resize=525%2C300 1.5x, https:\/\/i0.wp.com\/lahoradelcampo.com.uy\/site\/wp-content\/uploads\/2020\/05\/Remate-virtual.jpg?fit=880%2C440&ssl=1&resize=700%2C400 2x"},"classes":[]},{"id":40203,"url":"https:\/\/lahoradelcampo.com.uy\/site\/manana-se-realiza-el-15to-remate-virtual-del-norte\/","url_meta":{"origin":45929,"position":1},"title":"Ma\u00f1ana se realiza el 15to Remate Virtual del Norte","author":"La Hora del Campo","date":"24 marzo, 2022","format":false,"excerpt":"Ma\u00f1ana se realiza la d\u00e9cimo quinta edici\u00f3n del Remate Virtual del Norte, a cargo de los escritorios Azanza-Migliaro, El Estribo de Aldo Garc\u00eda Da Rosa y Escritorio Beriau. El Dr. Ignacio Beriau dijo que se trata de un remate muy especial para el grupo de escritorios. Como es tradicional, las\u2026","rel":"","context":"En \u00abActualidad\u00bb","block_context":{"text":"Actualidad","link":"https:\/\/lahoradelcampo.com.uy\/site\/category\/actualidad\/"},"img":{"alt_text":"","src":"https:\/\/i0.wp.com\/lahoradelcampo.com.uy\/site\/wp-content\/uploads\/2021\/02\/virtualdelnorte.jpg?fit=880%2C440&ssl=1&resize=350%2C200","width":350,"height":200,"srcset":"https:\/\/i0.wp.com\/lahoradelcampo.com.uy\/site\/wp-content\/uploads\/2021\/02\/virtualdelnorte.jpg?fit=880%2C440&ssl=1&resize=350%2C200 1x, https:\/\/i0.wp.com\/lahoradelcampo.com.uy\/site\/wp-content\/uploads\/2021\/02\/virtualdelnorte.jpg?fit=880%2C440&ssl=1&resize=525%2C300 1.5x, https:\/\/i0.wp.com\/lahoradelcampo.com.uy\/site\/wp-content\/uploads\/2021\/02\/virtualdelnorte.jpg?fit=880%2C440&ssl=1&resize=700%2C400 2x"},"classes":[]},{"id":41755,"url":"https:\/\/lahoradelcampo.com.uy\/site\/hoy-se-realiza-el-16-remate-virtual-del-norte\/","url_meta":{"origin":45929,"position":2},"title":"Hoy se realiza el 16 Remate Virtual del Norte","author":"La Hora del Campo","date":"12 mayo, 2022","format":false,"excerpt":"Los escritorio Enrique Beriau, Azanza & Migliaro y El Estribo, realizar\u00e1n a partir de las 19 horas, el decimosexto Remate Virtual del Norte, con una propuesta de 1.200 vacunos y 430 ovinos. Como es tradicional el remate se realiza desde la Parrillada El Port\u00f3n y con transmisi\u00f3n por Tvcable e\u2026","rel":"","context":"En \u00abActualidad\u00bb","block_context":{"text":"Actualidad","link":"https:\/\/lahoradelcampo.com.uy\/site\/category\/actualidad\/"},"img":{"alt_text":"","src":"https:\/\/i0.wp.com\/lahoradelcampo.com.uy\/site\/wp-content\/uploads\/2022\/02\/RVN-Febrero22.jpg?fit=880%2C440&ssl=1&resize=350%2C200","width":350,"height":200,"srcset":"https:\/\/i0.wp.com\/lahoradelcampo.com.uy\/site\/wp-content\/uploads\/2022\/02\/RVN-Febrero22.jpg?fit=880%2C440&ssl=1&resize=350%2C200 1x, https:\/\/i0.wp.com\/lahoradelcampo.com.uy\/site\/wp-content\/uploads\/2022\/02\/RVN-Febrero22.jpg?fit=880%2C440&ssl=1&resize=525%2C300 1.5x, https:\/\/i0.wp.com\/lahoradelcampo.com.uy\/site\/wp-content\/uploads\/2022\/02\/RVN-Febrero22.jpg?fit=880%2C440&ssl=1&resize=700%2C400 2x"},"classes":[]},{"id":25600,"url":"https:\/\/lahoradelcampo.com.uy\/site\/el-4o-remate-virtual-del-norte-coloco-el-100-de-los-ovinos\/","url_meta":{"origin":45929,"position":3},"title":"El 4\u00ba Remate Virtual del Norte coloc\u00f3 el 100% de los ovinos","author":"La Hora del Campo","date":"19 noviembre, 2020","format":false,"excerpt":"Se realiz\u00f3 el 4\u00ba Remate Virtual del Norte, por parte de los escritorios Enrique Beriau, Azanza & Migliaro y El Estribo, donde se coloc\u00f3 el 100% de la oferta de ovinos y el 75% de los vacunos, donde los ganados que los productores ten\u00edan unas expectativas por encima de lo\u2026","rel":"","context":"En \u00abActualidad\u00bb","block_context":{"text":"Actualidad","link":"https:\/\/lahoradelcampo.com.uy\/site\/category\/actualidad\/"},"img":{"alt_text":"","src":"https:\/\/i0.wp.com\/lahoradelcampo.com.uy\/site\/wp-content\/uploads\/2020\/11\/RVNcuarto.jpg?fit=880%2C440&ssl=1&resize=350%2C200","width":350,"height":200,"srcset":"https:\/\/i0.wp.com\/lahoradelcampo.com.uy\/site\/wp-content\/uploads\/2020\/11\/RVNcuarto.jpg?fit=880%2C440&ssl=1&resize=350%2C200 1x, https:\/\/i0.wp.com\/lahoradelcampo.com.uy\/site\/wp-content\/uploads\/2020\/11\/RVNcuarto.jpg?fit=880%2C440&ssl=1&resize=525%2C300 1.5x, https:\/\/i0.wp.com\/lahoradelcampo.com.uy\/site\/wp-content\/uploads\/2020\/11\/RVNcuarto.jpg?fit=880%2C440&ssl=1&resize=700%2C400 2x"},"classes":[]},{"id":22252,"url":"https:\/\/lahoradelcampo.com.uy\/site\/segundo-remate-virtual-del-norte-coloco-el-100-de-la-oferta\/","url_meta":{"origin":45929,"position":4},"title":"Segundo remate virtual del norte  coloc\u00f3 el 100% de la oferta","author":"La Hora del Campo","date":"30 julio, 2020","format":false,"excerpt":"El equipo del escritorio Enrique Beriau, de Azanza & Migliaro y El Estribo, concretaron en la jornada de ayer su segunda venta por pantalla desde las instalaciones del Club de Pesca, logrando comercializar el 100% de lo consignado para este evento. Al cierre del remate, el Dr. Ignacio Beriau, dijo\u2026","rel":"","context":"En \u00abActualidad\u00bb","block_context":{"text":"Actualidad","link":"https:\/\/lahoradelcampo.com.uy\/site\/category\/actualidad\/"},"img":{"alt_text":"","src":"https:\/\/i0.wp.com\/lahoradelcampo.com.uy\/site\/wp-content\/uploads\/2020\/07\/rematevirtualweb.jpg?fit=880%2C440&ssl=1&resize=350%2C200","width":350,"height":200,"srcset":"https:\/\/i0.wp.com\/lahoradelcampo.com.uy\/site\/wp-content\/uploads\/2020\/07\/rematevirtualweb.jpg?fit=880%2C440&ssl=1&resize=350%2C200 1x, https:\/\/i0.wp.com\/lahoradelcampo.com.uy\/site\/wp-content\/uploads\/2020\/07\/rematevirtualweb.jpg?fit=880%2C440&ssl=1&resize=525%2C300 1.5x, https:\/\/i0.wp.com\/lahoradelcampo.com.uy\/site\/wp-content\/uploads\/2020\/07\/rematevirtualweb.jpg?fit=880%2C440&ssl=1&resize=700%2C400 2x"},"classes":[]},{"id":43095,"url":"https:\/\/lahoradelcampo.com.uy\/site\/rvn-con-una-oferta-de-480-ovinos-y-700-vacunos\/","url_meta":{"origin":45929,"position":5},"title":"RVN con una  oferta de 480 ovinos y 700 vacunos","author":"La Hora del Campo","date":"22 junio, 2022","format":false,"excerpt":"En la jornada de hoy, a partir de las 18 horas, se realiza en el local de la Parrillada El Port\u00f3n y con transmisi\u00f3n por tv cable e internet, el d\u00e9cimo s\u00e9ptimo Remate Virtual del Norte, desarrollado por los escritorios Azanza-Migliaro, El Estribo de Aldo Garc\u00eda Da Rosa y Escritorio\u2026","rel":"","context":"En \u00abGanader\u00eda\u00bb","block_context":{"text":"Ganader\u00eda","link":"https:\/\/lahoradelcampo.com.uy\/site\/category\/ganaderia\/"},"img":{"alt_text":"","src":"https:\/\/i0.wp.com\/lahoradelcampo.com.uy\/site\/wp-content\/uploads\/2021\/02\/virtualdelnorte.jpg?fit=880%2C440&ssl=1&resize=350%2C200","width":350,"height":200,"srcset":"https:\/\/i0.wp.com\/lahoradelcampo.com.uy\/site\/wp-content\/uploads\/2021\/02\/virtualdelnorte.jpg?fit=880%2C440&ssl=1&resize=350%2C200 1x, https:\/\/i0.wp.com\/lahoradelcampo.com.uy\/site\/wp-content\/uploads\/2021\/02\/virtualdelnorte.jpg?fit=880%2C440&ssl=1&resize=525%2C300 1.5x, https:\/\/i0.wp.com\/lahoradelcampo.com.uy\/site\/wp-content\/uploads\/2021\/02\/virtualdelnorte.jpg?fit=880%2C440&ssl=1&resize=700%2C400 2x"},"classes":[]}],"jetpack_likes_enabled":true,"_links":{"self":[{"href":"https:\/\/lahoradelcampo.com.uy\/site\/wp-json\/wp\/v2\/posts\/45929","targetHints":{"allow":["GET"]}}],"collection":[{"href":"https:\/\/lahoradelcampo.com.uy\/site\/wp-json\/wp\/v2\/posts"}],"about":[{"href":"https:\/\/lahoradelcampo.com.uy\/site\/wp-json\/wp\/v2\/types\/post"}],"author":[{"embeddable":true,"href":"https:\/\/lahoradelcampo.com.uy\/site\/wp-json\/wp\/v2\/users\/5"}],"replies":[{"embeddable":true,"href":"https:\/\/lahoradelcampo.com.uy\/site\/wp-json\/wp\/v2\/comments?post=45929"}],"version-history":[{"count":1,"href":"https:\/\/lahoradelcampo.com.uy\/site\/wp-json\/wp\/v2\/posts\/45929\/revisions"}],"predecessor-version":[{"id":45931,"href":"https:\/\/lahoradelcampo.com.uy\/site\/wp-json\/wp\/v2\/posts\/45929\/revisions\/45931"}],"wp:featuredmedia":[{"embeddable":true,"href":"https:\/\/lahoradelcampo.com.uy\/site\/wp-json\/wp\/v2\/media\/43115"}],"wp:attachment":[{"href":"https:\/\/lahoradelcampo.com.uy\/site\/wp-json\/wp\/v2\/media?parent=45929"}],"wp:term":[{"taxonomy":"category","embeddable":true,"href":"https:\/\/lahoradelcampo.com.uy\/site\/wp-json\/wp\/v2\/categories?post=45929"},{"taxonomy":"post_tag","embeddable":true,"href":"https:\/\/lahoradelcampo.com.uy\/site\/wp-json\/wp\/v2\/tags?post=45929"}],"curies":[{"name":"wp","href":"https:\/\/api.w.org\/{rel}","templated":true}]}}