{"id":45817,"date":"2022-09-26T09:15:44","date_gmt":"2022-09-26T12:15:44","guid":{"rendered":"http:\/\/lahoradelcampo.com.uy\/site\/?p=45817"},"modified":"2022-09-26T09:15:49","modified_gmt":"2022-09-26T12:15:49","slug":"la-venta-de-toros-comenzo-con-valores-superiores-a-2021","status":"publish","type":"post","link":"https:\/\/lahoradelcampo.com.uy\/site\/la-venta-de-toros-comenzo-con-valores-superiores-a-2021\/","title":{"rendered":"La venta de toros comenz\u00f3 con valores superiores a 2021"},"content":{"rendered":"\n<figure class=\"wp-block-image\"><img data-recalc-dims=\"1\" loading=\"lazy\" decoding=\"async\" width=\"810\" height=\"405\" data-attachment-id=\"45819\" data-permalink=\"https:\/\/lahoradelcampo.com.uy\/site\/la-venta-de-toros-comenzo-con-valores-superiores-a-2021\/toroshereford-2\/\" data-orig-file=\"https:\/\/i0.wp.com\/lahoradelcampo.com.uy\/site\/wp-content\/uploads\/2022\/09\/TorosHereford.jpg?fit=880%2C440&amp;ssl=1\" data-orig-size=\"880,440\" data-comments-opened=\"1\" data-image-meta=\"{&quot;aperture&quot;:&quot;0&quot;,&quot;credit&quot;:&quot;&quot;,&quot;camera&quot;:&quot;&quot;,&quot;caption&quot;:&quot;&quot;,&quot;created_timestamp&quot;:&quot;0&quot;,&quot;copyright&quot;:&quot;&quot;,&quot;focal_length&quot;:&quot;0&quot;,&quot;iso&quot;:&quot;0&quot;,&quot;shutter_speed&quot;:&quot;0&quot;,&quot;title&quot;:&quot;&quot;,&quot;orientation&quot;:&quot;1&quot;}\" data-image-title=\"TorosHereford\" data-image-description=\"\" data-image-caption=\"\" data-large-file=\"https:\/\/i0.wp.com\/lahoradelcampo.com.uy\/site\/wp-content\/uploads\/2022\/09\/TorosHereford.jpg?fit=810%2C405&amp;ssl=1\" src=\"https:\/\/i0.wp.com\/lahoradelcampo.com.uy\/site\/wp-content\/uploads\/2022\/09\/TorosHereford.jpg?resize=810%2C405\" alt=\"\" class=\"wp-image-45819\" srcset=\"https:\/\/i0.wp.com\/lahoradelcampo.com.uy\/site\/wp-content\/uploads\/2022\/09\/TorosHereford.jpg?w=880&amp;ssl=1 880w, https:\/\/i0.wp.com\/lahoradelcampo.com.uy\/site\/wp-content\/uploads\/2022\/09\/TorosHereford.jpg?resize=300%2C150&amp;ssl=1 300w, https:\/\/i0.wp.com\/lahoradelcampo.com.uy\/site\/wp-content\/uploads\/2022\/09\/TorosHereford.jpg?resize=768%2C384&amp;ssl=1 768w, https:\/\/i0.wp.com\/lahoradelcampo.com.uy\/site\/wp-content\/uploads\/2022\/09\/TorosHereford.jpg?resize=820%2C410&amp;ssl=1 820w\" sizes=\"auto, (max-width: 810px) 100vw, 810px\" \/><\/figure>\n\n\n\n<p>Como es tradicional, la zafra de reproductores comenz\u00f3 en el marco de la Expo Prado, con valores muy destacados en el caso de los grandes campeones, pero luego tambi\u00e9n en los promedios alcanzados en los primeros remates de caba\u00f1a. <br><\/p>\n\n\n\n<p>En este sentido el Gran Campe\u00f3n Aberdeen Angus alcanz\u00f3 los US$ 20.000 d\u00f3lares, en tanto que el Gran Campe\u00f3n Polled Hereford se pag\u00f3 US$ 26.000. Luego se dieron valores de US$ 6.500 y US$ 5.900 por otros reproductores destacados en los premios de ambas razas. <br><\/p>\n\n\n\n<p>En la pista de Kiy\u00fa, el pasado fin de semana, el promedio alcanzado se posicion\u00f3 un 30% por sobre la zafra pasada. El remate organizado por la Sociedad de Criadores de Hereford del Uruguay, con el martillo de Escritorio Dutra, logr\u00f3 venta total de la oferta, con valores que fluctuaron entre US$ 13.800 de m\u00e1ximo y US$ 3.240 de m\u00ednimo. <br><\/p>\n\n\n\n<p>El promedio para los 28 toros vendidos este a\u00f1o fue de US$ 4.800. <br><\/p>\n\n\n\n<p>En la misma l\u00ednea, ayer, el \u00abRemate Productivo\u00bb de las caba\u00f1as El Puesto de Nazario Irrazabal y Santa Graciana de Sanguinetti, colocaron el 100% de los toros. Con el martillo de Zambrano &amp; C\u00eda en Flores, se vendieron 61 Angus PI y SA a US$ 4.547 de promedio y 17 Polled Hereford a US$ 3.201, el promedio general del remate fue de US$ 4.254 de promedio, un 32,7% superior a 2021. <br><\/p>\n\n\n\n<p>El m\u00e1ximo fue de US$ 7.680 por un toro plantelero Aberdeen Angus de PI. <\/p>\n\n\n\n<p>Salto, lunes 26 de setiembre de 2022<\/p>\n","protected":false},"excerpt":{"rendered":"<p>Como es tradicional, la zafra de reproductores comenz\u00f3 en el marco de la Expo Prado, con valores muy destacados en el caso de los grandes campeones, pero luego tambi\u00e9n en [&hellip;]<\/p>\n","protected":false},"author":5,"featured_media":45819,"comment_status":"open","ping_status":"open","sticky":false,"template":"","format":"standard","meta":{"_price":"","_stock":"","_tribe_ticket_header":"","_tribe_default_ticket_provider":"","_tribe_ticket_capacity":"0","_ticket_start_date":"","_ticket_end_date":"","_tribe_ticket_show_description":"","_tribe_ticket_show_not_going":false,"_tribe_ticket_use_global_stock":"","_tribe_ticket_global_stock_level":"","_global_stock_mode":"","_global_stock_cap":"","_tribe_rsvp_for_event":"","_tribe_ticket_going_count":"","_tribe_ticket_not_going_count":"","_tribe_tickets_list":"[]","_tribe_ticket_has_attendee_info_fields":false,"h5ap_radio_sources":[],"_jetpack_newsletter_access":"","_jetpack_dont_email_post_to_subs":false,"_jetpack_newsletter_tier_id":0,"_jetpack_memberships_contains_paywalled_content":false,"_jetpack_memberships_contains_paid_content":false,"footnotes":""},"categories":[21,5],"tags":[],"class_list":["post-45817","post","type-post","status-publish","format-standard","has-post-thumbnail","hentry","category-actualidad","category-ganaderia"],"jetpack_featured_media_url":"https:\/\/i0.wp.com\/lahoradelcampo.com.uy\/site\/wp-content\/uploads\/2022\/09\/TorosHereford.jpg?fit=880%2C440&ssl=1","jetpack_sharing_enabled":true,"jetpack_shortlink":"https:\/\/wp.me\/p99IaT-bUZ","jetpack-related-posts":[{"id":34823,"url":"https:\/\/lahoradelcampo.com.uy\/site\/la-cabana-del-gran-campeon-del-prado-vendio-sus-angus-en-us-3-644\/","url_meta":{"origin":45817,"position":0},"title":"La caba\u00f1a del Gran Campe\u00f3n del  Prado vendi\u00f3 sus Angus en US$ 3.644","author":"La Hora del Campo","date":"30 septiembre, 2021","format":false,"excerpt":"San Gregorio Ganadera realiz\u00f3 su d\u00e9cimo cuarto remate anual, en la propia estancia en Soriano, con los martillos de los escritorios Pages Ma\u00f1ay y Coco Morales. Se coloc\u00f3 el 100% de los toros Aberdeen Angus, en tanto que en el Polled Hereford la colocaci\u00f3n fue parcial. Al cierre del remate\u2026","rel":"","context":"En \u00abActualidad\u00bb","block_context":{"text":"Actualidad","link":"https:\/\/lahoradelcampo.com.uy\/site\/category\/actualidad\/"},"img":{"alt_text":"","src":"https:\/\/i0.wp.com\/lahoradelcampo.com.uy\/site\/wp-content\/uploads\/2021\/09\/Zafra-Sangregorio.jpg?fit=880%2C440&ssl=1&resize=350%2C200","width":350,"height":200,"srcset":"https:\/\/i0.wp.com\/lahoradelcampo.com.uy\/site\/wp-content\/uploads\/2021\/09\/Zafra-Sangregorio.jpg?fit=880%2C440&ssl=1&resize=350%2C200 1x, https:\/\/i0.wp.com\/lahoradelcampo.com.uy\/site\/wp-content\/uploads\/2021\/09\/Zafra-Sangregorio.jpg?fit=880%2C440&ssl=1&resize=525%2C300 1.5x, https:\/\/i0.wp.com\/lahoradelcampo.com.uy\/site\/wp-content\/uploads\/2021\/09\/Zafra-Sangregorio.jpg?fit=880%2C440&ssl=1&resize=700%2C400 2x"},"classes":[]},{"id":1151,"url":"https:\/\/lahoradelcampo.com.uy\/site\/us-8-000-por-el-gran-campeon-corriedale\/","url_meta":{"origin":45817,"position":1},"title":"U$S 8.000 por el Gran Campe\u00f3n Corriedale","author":"La Hora del Campo","date":"13 septiembre, 2017","format":false,"excerpt":"La noticia de la apertura del mercado de carne ovina con hueso por parte de Estados Unidos repercuti\u00f3 de forma positiva en los productores y esto adem\u00e1s se vio reflejado en las pistas de ventas de la Expo Prado. Hampshire Down En ese sentido una de las razas carniceras que\u2026","rel":"","context":"En \u00abActualidad\u00bb","block_context":{"text":"Actualidad","link":"https:\/\/lahoradelcampo.com.uy\/site\/category\/actualidad\/"},"img":{"alt_text":"","src":"https:\/\/i0.wp.com\/lahoradelcampo.com.uy\/site\/wp-content\/uploads\/2017\/09\/Remate-Texel.jpg?fit=880%2C440&ssl=1&resize=350%2C200","width":350,"height":200,"srcset":"https:\/\/i0.wp.com\/lahoradelcampo.com.uy\/site\/wp-content\/uploads\/2017\/09\/Remate-Texel.jpg?fit=880%2C440&ssl=1&resize=350%2C200 1x, https:\/\/i0.wp.com\/lahoradelcampo.com.uy\/site\/wp-content\/uploads\/2017\/09\/Remate-Texel.jpg?fit=880%2C440&ssl=1&resize=525%2C300 1.5x, https:\/\/i0.wp.com\/lahoradelcampo.com.uy\/site\/wp-content\/uploads\/2017\/09\/Remate-Texel.jpg?fit=880%2C440&ssl=1&resize=700%2C400 2x"},"classes":[]},{"id":34685,"url":"https:\/\/lahoradelcampo.com.uy\/site\/kiyu-arranco-la-zafra-con-us-3-700-de-promedio\/","url_meta":{"origin":45817,"position":2},"title":"Kiy\u00fa arranc\u00f3 la zafra con  US$ 3.700 de promedio","author":"La Hora del Campo","date":"27 septiembre, 2021","format":false,"excerpt":"La Sociedad de Criadores de Hereford del Uruguay, dio comenz\u00f3 a las ventas de la zafra de reproductores, con su tradicional remate de la Prueba de Eficiencia de la Central de Pruebas de Kiy\u00fa en el departamento de San Jos\u00e9, en 45 edici\u00f3n. Baj\u00f3 el martillo del Escritorio Dutra pasaron\u2026","rel":"","context":"En \u00abActualidad\u00bb","block_context":{"text":"Actualidad","link":"https:\/\/lahoradelcampo.com.uy\/site\/category\/actualidad\/"},"img":{"alt_text":"","src":"https:\/\/i0.wp.com\/lahoradelcampo.com.uy\/site\/wp-content\/uploads\/2021\/09\/zafra-kiyu.jpg?fit=880%2C440&ssl=1&resize=350%2C200","width":350,"height":200,"srcset":"https:\/\/i0.wp.com\/lahoradelcampo.com.uy\/site\/wp-content\/uploads\/2021\/09\/zafra-kiyu.jpg?fit=880%2C440&ssl=1&resize=350%2C200 1x, https:\/\/i0.wp.com\/lahoradelcampo.com.uy\/site\/wp-content\/uploads\/2021\/09\/zafra-kiyu.jpg?fit=880%2C440&ssl=1&resize=525%2C300 1.5x, https:\/\/i0.wp.com\/lahoradelcampo.com.uy\/site\/wp-content\/uploads\/2021\/09\/zafra-kiyu.jpg?fit=880%2C440&ssl=1&resize=700%2C400 2x"},"classes":[]},{"id":2909,"url":"https:\/\/lahoradelcampo.com.uy\/site\/la-zafra-esta-enmarcada-en-la-realidad-economica-del-sector\/","url_meta":{"origin":45817,"position":3},"title":"La zafra esta enmarcada en la realidad econ\u00f3mica del sector","author":"La Hora del Campo","date":"18 octubre, 2017","format":false,"excerpt":"El presidente de la Sociedad de Criadores de Hereford del Uruguay, Cr. Javier Aznarez, dijo que la zafra \"se est\u00e1 dando de acuerdo a las expectativas de los productores, hay una clara necesidad de toros\". Sin embargo reconoci\u00f3 que la misma \"est\u00e1 enmarcada en lo que es una realidad econ\u00f3mica\u2026","rel":"","context":"En \u00abActualidad\u00bb","block_context":{"text":"Actualidad","link":"https:\/\/lahoradelcampo.com.uy\/site\/category\/actualidad\/"},"img":{"alt_text":"","src":"https:\/\/i0.wp.com\/lahoradelcampo.com.uy\/site\/wp-content\/uploads\/2017\/10\/Javier-Aznarez.jpg?fit=880%2C440&ssl=1&resize=350%2C200","width":350,"height":200,"srcset":"https:\/\/i0.wp.com\/lahoradelcampo.com.uy\/site\/wp-content\/uploads\/2017\/10\/Javier-Aznarez.jpg?fit=880%2C440&ssl=1&resize=350%2C200 1x, https:\/\/i0.wp.com\/lahoradelcampo.com.uy\/site\/wp-content\/uploads\/2017\/10\/Javier-Aznarez.jpg?fit=880%2C440&ssl=1&resize=525%2C300 1.5x, https:\/\/i0.wp.com\/lahoradelcampo.com.uy\/site\/wp-content\/uploads\/2017\/10\/Javier-Aznarez.jpg?fit=880%2C440&ssl=1&resize=700%2C400 2x"},"classes":[]},{"id":17368,"url":"https:\/\/lahoradelcampo.com.uy\/site\/arranque-de-la-zafra-ovina-con-buenos-valores-y-demanda-en-todas-las-razas\/","url_meta":{"origin":45817,"position":4},"title":"Arranque de la zafra ovina con  buenos valores y demanda en todas las razas","author":"La Hora del Campo","date":"12 febrero, 2020","format":false,"excerpt":"La zafra de reproductores ovinos ha comenzado con ventas, con buenos valores pero sobre todo con demanda en todas las razas. El arranque fue con el Texel de la caba\u00f1a Illescas en el centro del pa\u00eds, pero ya se comercializaron carneros Merino Australiano, Donhe e Ideal en el norte y\u2026","rel":"","context":"En \u00abActualidad\u00bb","block_context":{"text":"Actualidad","link":"https:\/\/lahoradelcampo.com.uy\/site\/category\/actualidad\/"},"img":{"alt_text":"","src":"https:\/\/i0.wp.com\/lahoradelcampo.com.uy\/site\/wp-content\/uploads\/2018\/02\/web-carneros.jpg?fit=880%2C440&ssl=1&resize=350%2C200","width":350,"height":200,"srcset":"https:\/\/i0.wp.com\/lahoradelcampo.com.uy\/site\/wp-content\/uploads\/2018\/02\/web-carneros.jpg?fit=880%2C440&ssl=1&resize=350%2C200 1x, https:\/\/i0.wp.com\/lahoradelcampo.com.uy\/site\/wp-content\/uploads\/2018\/02\/web-carneros.jpg?fit=880%2C440&ssl=1&resize=525%2C300 1.5x, https:\/\/i0.wp.com\/lahoradelcampo.com.uy\/site\/wp-content\/uploads\/2018\/02\/web-carneros.jpg?fit=880%2C440&ssl=1&resize=700%2C400 2x"},"classes":[]},{"id":14639,"url":"https:\/\/lahoradelcampo.com.uy\/site\/el-cerro-y-el-coraje-colocaron-el-100-de-la-oferta-agilmente\/","url_meta":{"origin":45817,"position":5},"title":"El Cerro y El Coraje colocaron el 100% de la oferta \u00e1gilmente","author":"La Hora del Campo","date":"30 septiembre, 2019","format":false,"excerpt":"Las caba\u00f1as El Cerro de la familia Vigan\u00f3 y El Coraje de Bove Itzaina, comercializaron ayer sus reproductores en esta zafra 2019, con un importante fluidez en los negocios y con valores por sobre 2018. En el caso de la caba\u00f1a \"El Cerro\" se colocaron 27 reproductores de las razas\u2026","rel":"","context":"En \u00abActualidad\u00bb","block_context":{"text":"Actualidad","link":"https:\/\/lahoradelcampo.com.uy\/site\/category\/actualidad\/"},"img":{"alt_text":"","src":"https:\/\/i0.wp.com\/lahoradelcampo.com.uy\/site\/wp-content\/uploads\/2019\/09\/elcoraje.jpg?fit=880%2C440&ssl=1&resize=350%2C200","width":350,"height":200,"srcset":"https:\/\/i0.wp.com\/lahoradelcampo.com.uy\/site\/wp-content\/uploads\/2019\/09\/elcoraje.jpg?fit=880%2C440&ssl=1&resize=350%2C200 1x, https:\/\/i0.wp.com\/lahoradelcampo.com.uy\/site\/wp-content\/uploads\/2019\/09\/elcoraje.jpg?fit=880%2C440&ssl=1&resize=525%2C300 1.5x, https:\/\/i0.wp.com\/lahoradelcampo.com.uy\/site\/wp-content\/uploads\/2019\/09\/elcoraje.jpg?fit=880%2C440&ssl=1&resize=700%2C400 2x"},"classes":[]}],"jetpack_likes_enabled":true,"_links":{"self":[{"href":"https:\/\/lahoradelcampo.com.uy\/site\/wp-json\/wp\/v2\/posts\/45817","targetHints":{"allow":["GET"]}}],"collection":[{"href":"https:\/\/lahoradelcampo.com.uy\/site\/wp-json\/wp\/v2\/posts"}],"about":[{"href":"https:\/\/lahoradelcampo.com.uy\/site\/wp-json\/wp\/v2\/types\/post"}],"author":[{"embeddable":true,"href":"https:\/\/lahoradelcampo.com.uy\/site\/wp-json\/wp\/v2\/users\/5"}],"replies":[{"embeddable":true,"href":"https:\/\/lahoradelcampo.com.uy\/site\/wp-json\/wp\/v2\/comments?post=45817"}],"version-history":[{"count":1,"href":"https:\/\/lahoradelcampo.com.uy\/site\/wp-json\/wp\/v2\/posts\/45817\/revisions"}],"predecessor-version":[{"id":45821,"href":"https:\/\/lahoradelcampo.com.uy\/site\/wp-json\/wp\/v2\/posts\/45817\/revisions\/45821"}],"wp:featuredmedia":[{"embeddable":true,"href":"https:\/\/lahoradelcampo.com.uy\/site\/wp-json\/wp\/v2\/media\/45819"}],"wp:attachment":[{"href":"https:\/\/lahoradelcampo.com.uy\/site\/wp-json\/wp\/v2\/media?parent=45817"}],"wp:term":[{"taxonomy":"category","embeddable":true,"href":"https:\/\/lahoradelcampo.com.uy\/site\/wp-json\/wp\/v2\/categories?post=45817"},{"taxonomy":"post_tag","embeddable":true,"href":"https:\/\/lahoradelcampo.com.uy\/site\/wp-json\/wp\/v2\/tags?post=45817"}],"curies":[{"name":"wp","href":"https:\/\/api.w.org\/{rel}","templated":true}]}}