{"id":45813,"date":"2022-09-26T09:02:42","date_gmt":"2022-09-26T12:02:42","guid":{"rendered":"http:\/\/lahoradelcampo.com.uy\/site\/?p=45813"},"modified":"2022-09-26T09:02:46","modified_gmt":"2022-09-26T12:02:46","slug":"plan-agropecuario-y-brou-firmaron-acuerdo-para-la-compra-de-racion","status":"publish","type":"post","link":"https:\/\/lahoradelcampo.com.uy\/site\/plan-agropecuario-y-brou-firmaron-acuerdo-para-la-compra-de-racion\/","title":{"rendered":"Plan Agropecuario y BROU firmaron acuerdo para la compra de raci\u00f3n"},"content":{"rendered":"\n<figure class=\"wp-block-image\"><img data-recalc-dims=\"1\" loading=\"lazy\" decoding=\"async\" width=\"810\" height=\"405\" data-attachment-id=\"42963\" data-permalink=\"https:\/\/lahoradelcampo.com.uy\/site\/59-de-los-productores-ya-se-encuentran-suplementando-al-inicio-del-invierno\/suplementacionvacuna\/\" data-orig-file=\"https:\/\/i0.wp.com\/lahoradelcampo.com.uy\/site\/wp-content\/uploads\/2022\/06\/Suplementacionvacuna.jpg?fit=880%2C440&amp;ssl=1\" data-orig-size=\"880,440\" data-comments-opened=\"1\" data-image-meta=\"{&quot;aperture&quot;:&quot;0&quot;,&quot;credit&quot;:&quot;&quot;,&quot;camera&quot;:&quot;&quot;,&quot;caption&quot;:&quot;&quot;,&quot;created_timestamp&quot;:&quot;0&quot;,&quot;copyright&quot;:&quot;&quot;,&quot;focal_length&quot;:&quot;0&quot;,&quot;iso&quot;:&quot;0&quot;,&quot;shutter_speed&quot;:&quot;0&quot;,&quot;title&quot;:&quot;&quot;,&quot;orientation&quot;:&quot;1&quot;}\" data-image-title=\"Suplementacionvacuna\" data-image-description=\"\" data-image-caption=\"\" data-large-file=\"https:\/\/i0.wp.com\/lahoradelcampo.com.uy\/site\/wp-content\/uploads\/2022\/06\/Suplementacionvacuna.jpg?fit=810%2C405&amp;ssl=1\" src=\"https:\/\/i0.wp.com\/lahoradelcampo.com.uy\/site\/wp-content\/uploads\/2022\/06\/Suplementacionvacuna.jpg?resize=810%2C405\" alt=\"\" class=\"wp-image-42963\" srcset=\"https:\/\/i0.wp.com\/lahoradelcampo.com.uy\/site\/wp-content\/uploads\/2022\/06\/Suplementacionvacuna.jpg?w=880&amp;ssl=1 880w, https:\/\/i0.wp.com\/lahoradelcampo.com.uy\/site\/wp-content\/uploads\/2022\/06\/Suplementacionvacuna.jpg?resize=300%2C150&amp;ssl=1 300w, https:\/\/i0.wp.com\/lahoradelcampo.com.uy\/site\/wp-content\/uploads\/2022\/06\/Suplementacionvacuna.jpg?resize=768%2C384&amp;ssl=1 768w, https:\/\/i0.wp.com\/lahoradelcampo.com.uy\/site\/wp-content\/uploads\/2022\/06\/Suplementacionvacuna.jpg?resize=820%2C410&amp;ssl=1 820w\" sizes=\"auto, (max-width: 810px) 100vw, 810px\" \/><\/figure>\n\n\n\n<p>En el marco de la Expo Prado 2022, el\nInstituto Plan Agropecuario y el Banco Rep\u00fablica, presentaron la firma de un\nacuerdo que permitir\u00e1 la compra de raci\u00f3n por parte de los productores que\napliquen la tecnolog\u00eda del destete precoz. <\/p>\n\n\n\n<p>El vicepresidente de la instituci\u00f3n de\nextensi\u00f3n, Francisco Donagaray, dijo que en los \u00faltimos a\u00f1os se vienen\nimpulsando \u201ctecnolog\u00edas validadas\u201d y que permiten tener \u201ccertezas\u201d a nivel\nproductivo, siendo \u201cuna de ellas el destete precoz\u201d. <\/p>\n\n\n\n<p>Explic\u00f3 que el resultado de esta tecnolog\u00eda\n\u201cqued\u00f3 demostrado en Guich\u00f3n, es una certeza tecnol\u00f3gica, es decir que no\nperd\u00e9s dinero y ten\u00e9s un impacto brutal en el establecimiento\u201d. Adem\u00e1s indic\u00f3\nque \u201cUruguay necesita sacar un 10% m\u00e1s de pre\u00f1ez y eso se logra con destete\nprecoz\u201d. <\/p>\n\n\n\n<p>El productor record\u00f3 que en la \u00faltima\nactividad realizada por el Ing. \u00c1lvaro Simeone con la UPIC, se demostr\u00f3 que\n\u00fanicamente la aplicaci\u00f3n del destete precoz permite incrementar un 34% los\ningresos en un predio criador. Pero adem\u00e1s remarc\u00f3 que existen categor\u00edas donde\nesta tecnolog\u00eda deber\u00eda se \u201cestructural\u201d como en la \u201cvaca de segundo entore\u201d. <\/p>\n\n\n\n<p>Donagaray dijo haber cometido un error en su\nestablecimiento en los \u00faltimos a\u00f1os, \u201cvi que las vaquillonas se estaban\nalzando, ten\u00edan parches, y se pre\u00f1aron pero lo hicieron al final del entore,\neso signific\u00f3 que cuando fueron a parir, lo hicieron tarde y despu\u00e9s no las\npude pre\u00f1ar de vuelta\u201d. <\/p>\n\n\n\n<p>En este sentido dijo que adem\u00e1s de pre\u00f1ar las\nvacas, esta tecnolog\u00eda permite que \u201clas vacas entran con otra condici\u00f3n\ncorporal al invierno, que son quilos que hacen que se desarrolle mejor el\nternero dentro de la vaca, que para mejor la vaca y que se vuelva a pre\u00f1ar, y\nen algunos casos extremos le estas salvando la vida a la vaca sac\u00e1ndole el\nternero\u201d. <\/p>\n\n\n\n<p>Existen en el vox populi muchos dichos que\njustifican por parte de algunos productores la no utilizaci\u00f3n de la tecnolog\u00eda,\npor lo que Donagaray dijo que \u201cla gente adoptaba la tecnolog\u00eda, conoce los\nprotocolos, sabe c\u00f3mo se hace\u201d, sin embargo \u201cmuchas veces faltaba el recurso\necon\u00f3mico para, por ejemplo, comprar la raci\u00f3n\u201d. <\/p>\n\n\n\n<p>Explic\u00f3 que tras la firma del acuerdo se\ngeneran nuevos desaf\u00edos para la instituci\u00f3n, en primer lugar que \u201clos t\u00e9cnicos\ndel Plan Agropecuario visiten los establecimientos, vean las condiciones,\nayudar al productor a llenar un balance m\u00ednimo que se precisa. Por supuesto que\nel productor tiene que ser cliente del banco, y con una peque\u00f1a gesti\u00f3n le dan\nla plata para poder comprar la raci\u00f3n\u201d. <\/p>\n\n\n\n<p>Ahora \u201ctambi\u00e9n tenemos que identificar y ver\ncuantos productores tenemos para poder negociar, de repente, con las empresas\nproveedoras de raciones un volumen mayor y poder bajar el precio de esa raci\u00f3n\npara los productores\u201d.<\/p>\n\n\n\n<p>Si bien el acuerdo abarca a todos los extractos de productores, no solamente a los m\u00e1s peque\u00f1os, Donagaray dijo que \u201cla diferencia la hacemos con los productores chicos que van a poder criar bien sus terneros y sacar mejores rendimientos en sus establecimientos, y principalmente que no se le mueran las vacas, no solo no pre\u00f1arlas, sino que no se le mueran las vacas ya es una diferencia brutal\u201d. <\/p>\n\n\n\n<p>Salto, lunes 26 de setiembre de 2022<\/p>\n","protected":false},"excerpt":{"rendered":"<p>En el marco de la Expo Prado 2022, el Instituto Plan Agropecuario y el Banco Rep\u00fablica, presentaron la firma de un acuerdo que permitir\u00e1 la compra de raci\u00f3n por parte [&hellip;]<\/p>\n","protected":false},"author":5,"featured_media":42963,"comment_status":"open","ping_status":"open","sticky":false,"template":"","format":"standard","meta":{"_price":"","_stock":"","_tribe_ticket_header":"","_tribe_default_ticket_provider":"","_tribe_ticket_capacity":"0","_ticket_start_date":"","_ticket_end_date":"","_tribe_ticket_show_description":"","_tribe_ticket_show_not_going":false,"_tribe_ticket_use_global_stock":"","_tribe_ticket_global_stock_level":"","_global_stock_mode":"","_global_stock_cap":"","_tribe_rsvp_for_event":"","_tribe_ticket_going_count":"","_tribe_ticket_not_going_count":"","_tribe_tickets_list":"[]","_tribe_ticket_has_attendee_info_fields":false,"h5ap_radio_sources":[],"_jetpack_newsletter_access":"","_jetpack_dont_email_post_to_subs":false,"_jetpack_newsletter_tier_id":0,"_jetpack_memberships_contains_paywalled_content":false,"_jetpack_memberships_contains_paid_content":false,"footnotes":""},"categories":[21,5],"tags":[],"class_list":["post-45813","post","type-post","status-publish","format-standard","has-post-thumbnail","hentry","category-actualidad","category-ganaderia"],"jetpack_featured_media_url":"https:\/\/i0.wp.com\/lahoradelcampo.com.uy\/site\/wp-content\/uploads\/2022\/06\/Suplementacionvacuna.jpg?fit=880%2C440&ssl=1","jetpack_sharing_enabled":true,"jetpack_shortlink":"https:\/\/wp.me\/p99IaT-bUV","jetpack-related-posts":[{"id":45803,"url":"https:\/\/lahoradelcampo.com.uy\/site\/rodeo-de-cria-mantiene-su-condicion-corporal-a-la-salida-del-invierno\/","url_meta":{"origin":45813,"position":0},"title":"Rodeo de cr\u00eda mantiene su condici\u00f3n corporal a la salida del invierno","author":"La Hora del Campo","date":"26 septiembre, 2022","format":false,"excerpt":"De acuerdo a los resultados de la encuesta realizada a 357 productores que integran la Red de Informaci\u00f3n Nacional Ganadera (RING), por parte del Instituto Plan Agropecuario, la condici\u00f3n corporal del rodeo de cr\u00eda (CC) se ha mantenido estable teniendo en cuenta el mes de agosto y los primeros d\u00edas\u2026","rel":"","context":"En \u00abActualidad\u00bb","block_context":{"text":"Actualidad","link":"https:\/\/lahoradelcampo.com.uy\/site\/category\/actualidad\/"},"img":{"alt_text":"","src":"https:\/\/i0.wp.com\/lahoradelcampo.com.uy\/site\/wp-content\/uploads\/2019\/06\/cria-vacuna.jpg?fit=880%2C440&ssl=1&resize=350%2C200","width":350,"height":200,"srcset":"https:\/\/i0.wp.com\/lahoradelcampo.com.uy\/site\/wp-content\/uploads\/2019\/06\/cria-vacuna.jpg?fit=880%2C440&ssl=1&resize=350%2C200 1x, https:\/\/i0.wp.com\/lahoradelcampo.com.uy\/site\/wp-content\/uploads\/2019\/06\/cria-vacuna.jpg?fit=880%2C440&ssl=1&resize=525%2C300 1.5x, https:\/\/i0.wp.com\/lahoradelcampo.com.uy\/site\/wp-content\/uploads\/2019\/06\/cria-vacuna.jpg?fit=880%2C440&ssl=1&resize=700%2C400 2x"},"classes":[]},{"id":35123,"url":"https:\/\/lahoradelcampo.com.uy\/site\/es-momento-de-tomar-decisiones-con-la-vaca-primipara\/","url_meta":{"origin":45813,"position":1},"title":"Es momento de tomar decisiones con la vaca prim\u00edpara","author":"La Hora del Campo","date":"6 octubre, 2021","format":false,"excerpt":"La \u00faltima encuesta realizada por el Instituto Plan Agropecuario a sus productores asociados arroj\u00f3 que la condici\u00f3n corporal de los rodeos de cr\u00eda se ubica entre 3 y 4, situaci\u00f3n que no est\u00e1 mal para el promedio general, sin embargo puede ser un problema en la vaca prim\u00edpara si no\u2026","rel":"","context":"En \u00abActualidad\u00bb","block_context":{"text":"Actualidad","link":"https:\/\/lahoradelcampo.com.uy\/site\/category\/actualidad\/"},"img":{"alt_text":"","src":"https:\/\/i0.wp.com\/lahoradelcampo.com.uy\/site\/wp-content\/uploads\/2019\/05\/Esteban-Montes.jpg?fit=880%2C440&ssl=1&resize=350%2C200","width":350,"height":200,"srcset":"https:\/\/i0.wp.com\/lahoradelcampo.com.uy\/site\/wp-content\/uploads\/2019\/05\/Esteban-Montes.jpg?fit=880%2C440&ssl=1&resize=350%2C200 1x, https:\/\/i0.wp.com\/lahoradelcampo.com.uy\/site\/wp-content\/uploads\/2019\/05\/Esteban-Montes.jpg?fit=880%2C440&ssl=1&resize=525%2C300 1.5x, https:\/\/i0.wp.com\/lahoradelcampo.com.uy\/site\/wp-content\/uploads\/2019\/05\/Esteban-Montes.jpg?fit=880%2C440&ssl=1&resize=700%2C400 2x"},"classes":[]},{"id":26198,"url":"https:\/\/lahoradelcampo.com.uy\/site\/el-84-de-los-productores-tienen-su-rodeo-de-cria-en-una-cc-menor-a-4\/","url_meta":{"origin":45813,"position":2},"title":"El 84% de los productores tienen su rodeo de cr\u00eda en una CC menor a 4","author":"La Hora del Campo","date":"17 diciembre, 2020","format":false,"excerpt":"El Instituto Plan Agropecuario (IPA) realiz\u00f3 un relevamiento sobre el estado de las pasturas y el ganado a trav\u00e9s de lo que ha denominado \"Red de Informaci\u00f3n Nacional Ganadera (RING)\". La misma est\u00e1 compuesta por 300 productores asociados a la instituci\u00f3n y de acuerdo a los datos relevados entre los\u2026","rel":"","context":"En \u00abActualidad\u00bb","block_context":{"text":"Actualidad","link":"https:\/\/lahoradelcampo.com.uy\/site\/category\/actualidad\/"},"img":{"alt_text":"","src":"https:\/\/i0.wp.com\/lahoradelcampo.com.uy\/site\/wp-content\/uploads\/2017\/12\/cria.jpg?fit=880%2C440&ssl=1&resize=350%2C200","width":350,"height":200,"srcset":"https:\/\/i0.wp.com\/lahoradelcampo.com.uy\/site\/wp-content\/uploads\/2017\/12\/cria.jpg?fit=880%2C440&ssl=1&resize=350%2C200 1x, https:\/\/i0.wp.com\/lahoradelcampo.com.uy\/site\/wp-content\/uploads\/2017\/12\/cria.jpg?fit=880%2C440&ssl=1&resize=525%2C300 1.5x, https:\/\/i0.wp.com\/lahoradelcampo.com.uy\/site\/wp-content\/uploads\/2017\/12\/cria.jpg?fit=880%2C440&ssl=1&resize=700%2C400 2x"},"classes":[]},{"id":4873,"url":"https:\/\/lahoradelcampo.com.uy\/site\/recomendaciones-para-el-manejo-de-rodeos-de-cria-en-este-entore\/","url_meta":{"origin":45813,"position":3},"title":"Recomendaciones para el manejo de rodeos de cr\u00eda en este entore","author":"La Hora del Campo","date":"13 diciembre, 2017","format":false,"excerpt":"El Instituto Plan Agropecuario present\u00f3 en su p\u00e1gina web un art\u00edculo realizado por el Ing. Agr. Esteban Montes donde se realizan recomendaciones para el manejo del rodeo de cr\u00eda durante el presente entore. En estos momentos se est\u00e1 realizando un nuevo entore y en general el rodeo de cr\u00eda tiene\u2026","rel":"","context":"En \u00abGanader\u00eda\u00bb","block_context":{"text":"Ganader\u00eda","link":"https:\/\/lahoradelcampo.com.uy\/site\/category\/ganaderia\/"},"img":{"alt_text":"","src":"https:\/\/i0.wp.com\/lahoradelcampo.com.uy\/site\/wp-content\/uploads\/2017\/12\/cria.jpg?fit=880%2C440&ssl=1&resize=350%2C200","width":350,"height":200,"srcset":"https:\/\/i0.wp.com\/lahoradelcampo.com.uy\/site\/wp-content\/uploads\/2017\/12\/cria.jpg?fit=880%2C440&ssl=1&resize=350%2C200 1x, https:\/\/i0.wp.com\/lahoradelcampo.com.uy\/site\/wp-content\/uploads\/2017\/12\/cria.jpg?fit=880%2C440&ssl=1&resize=525%2C300 1.5x, https:\/\/i0.wp.com\/lahoradelcampo.com.uy\/site\/wp-content\/uploads\/2017\/12\/cria.jpg?fit=880%2C440&ssl=1&resize=700%2C400 2x"},"classes":[]},{"id":56439,"url":"https:\/\/lahoradelcampo.com.uy\/site\/tecnologia-y-rentabilidad-en-el-foco-de-la-jornada-de-la-upic\/","url_meta":{"origin":45813,"position":4},"title":"Tecnolog\u00eda y rentabilidad en el foco de la Jornada de la UPIC","author":"La Hora del Campo","date":"4 agosto, 2025","format":false,"excerpt":"El pr\u00f3ximo jueves 14 de agosto, a partir de las 9 horas, se desarrollar\u00e1 en el sal\u00f3n Egeo de Paysand\u00fa la 26.\u00aa Jornada anual de la Unidad de Producci\u00f3n Intensiva de Carne (UPIC), con eje en la aplicaci\u00f3n de tecnolog\u00eda y la rentabilidad del negocio ganadero. El Bloque 1 estar\u00e1\u2026","rel":"","context":"En \u00abActualidad\u00bb","block_context":{"text":"Actualidad","link":"https:\/\/lahoradelcampo.com.uy\/site\/category\/actualidad\/"},"img":{"alt_text":"","src":"https:\/\/i0.wp.com\/lahoradelcampo.com.uy\/site\/wp-content\/uploads\/2025\/08\/jornadaUPIC1.jpg?fit=880%2C440&ssl=1&resize=350%2C200","width":350,"height":200,"srcset":"https:\/\/i0.wp.com\/lahoradelcampo.com.uy\/site\/wp-content\/uploads\/2025\/08\/jornadaUPIC1.jpg?fit=880%2C440&ssl=1&resize=350%2C200 1x, https:\/\/i0.wp.com\/lahoradelcampo.com.uy\/site\/wp-content\/uploads\/2025\/08\/jornadaUPIC1.jpg?fit=880%2C440&ssl=1&resize=525%2C300 1.5x, https:\/\/i0.wp.com\/lahoradelcampo.com.uy\/site\/wp-content\/uploads\/2025\/08\/jornadaUPIC1.jpg?fit=880%2C440&ssl=1&resize=700%2C400 2x"},"classes":[]},{"id":27756,"url":"https:\/\/lahoradelcampo.com.uy\/site\/situacion-del-campo-natural-mejoro-respecto-a-diciembre\/","url_meta":{"origin":45813,"position":5},"title":"Situaci\u00f3n del campo natural mejor\u00f3 respecto a diciembre","author":"La Hora del Campo","date":"17 febrero, 2021","format":false,"excerpt":"De acuerdo al informe elaborado por el Instituto Plan Agropecuario (IPA) en consulta con sus productores asociados a trav\u00e9s de la Red de Informaci\u00f3n Nacional Ganadera, hasta el el 10 de febrero, el 61% de los productores tienen el campo natural con una altura menor a 5 cm, de los\u2026","rel":"","context":"En \u00abActualidad\u00bb","block_context":{"text":"Actualidad","link":"https:\/\/lahoradelcampo.com.uy\/site\/category\/actualidad\/"},"img":{"alt_text":"","src":"https:\/\/i0.wp.com\/lahoradelcampo.com.uy\/site\/wp-content\/uploads\/2021\/02\/criavacuna.jpg?fit=880%2C440&ssl=1&resize=350%2C200","width":350,"height":200,"srcset":"https:\/\/i0.wp.com\/lahoradelcampo.com.uy\/site\/wp-content\/uploads\/2021\/02\/criavacuna.jpg?fit=880%2C440&ssl=1&resize=350%2C200 1x, https:\/\/i0.wp.com\/lahoradelcampo.com.uy\/site\/wp-content\/uploads\/2021\/02\/criavacuna.jpg?fit=880%2C440&ssl=1&resize=525%2C300 1.5x, https:\/\/i0.wp.com\/lahoradelcampo.com.uy\/site\/wp-content\/uploads\/2021\/02\/criavacuna.jpg?fit=880%2C440&ssl=1&resize=700%2C400 2x"},"classes":[]}],"jetpack_likes_enabled":true,"_links":{"self":[{"href":"https:\/\/lahoradelcampo.com.uy\/site\/wp-json\/wp\/v2\/posts\/45813","targetHints":{"allow":["GET"]}}],"collection":[{"href":"https:\/\/lahoradelcampo.com.uy\/site\/wp-json\/wp\/v2\/posts"}],"about":[{"href":"https:\/\/lahoradelcampo.com.uy\/site\/wp-json\/wp\/v2\/types\/post"}],"author":[{"embeddable":true,"href":"https:\/\/lahoradelcampo.com.uy\/site\/wp-json\/wp\/v2\/users\/5"}],"replies":[{"embeddable":true,"href":"https:\/\/lahoradelcampo.com.uy\/site\/wp-json\/wp\/v2\/comments?post=45813"}],"version-history":[{"count":1,"href":"https:\/\/lahoradelcampo.com.uy\/site\/wp-json\/wp\/v2\/posts\/45813\/revisions"}],"predecessor-version":[{"id":45815,"href":"https:\/\/lahoradelcampo.com.uy\/site\/wp-json\/wp\/v2\/posts\/45813\/revisions\/45815"}],"wp:featuredmedia":[{"embeddable":true,"href":"https:\/\/lahoradelcampo.com.uy\/site\/wp-json\/wp\/v2\/media\/42963"}],"wp:attachment":[{"href":"https:\/\/lahoradelcampo.com.uy\/site\/wp-json\/wp\/v2\/media?parent=45813"}],"wp:term":[{"taxonomy":"category","embeddable":true,"href":"https:\/\/lahoradelcampo.com.uy\/site\/wp-json\/wp\/v2\/categories?post=45813"},{"taxonomy":"post_tag","embeddable":true,"href":"https:\/\/lahoradelcampo.com.uy\/site\/wp-json\/wp\/v2\/tags?post=45813"}],"curies":[{"name":"wp","href":"https:\/\/api.w.org\/{rel}","templated":true}]}}