{"id":45807,"date":"2022-09-26T08:00:38","date_gmt":"2022-09-26T11:00:38","guid":{"rendered":"http:\/\/lahoradelcampo.com.uy\/site\/?p=45807"},"modified":"2022-09-26T08:00:41","modified_gmt":"2022-09-26T11:00:41","slug":"arroceros-brasilenos-exigen-el-etiquetado-de-origen-del-cereal","status":"publish","type":"post","link":"https:\/\/lahoradelcampo.com.uy\/site\/arroceros-brasilenos-exigen-el-etiquetado-de-origen-del-cereal\/","title":{"rendered":"Arroceros brasile\u00f1os exigen el etiquetado de origen del cereal"},"content":{"rendered":"\n<figure class=\"wp-block-image\"><img data-recalc-dims=\"1\" loading=\"lazy\" decoding=\"async\" width=\"810\" height=\"405\" data-attachment-id=\"45809\" data-permalink=\"https:\/\/lahoradelcampo.com.uy\/site\/arroceros-brasilenos-exigen-el-etiquetado-de-origen-del-cereal\/arroz-brasil\/\" data-orig-file=\"https:\/\/i0.wp.com\/lahoradelcampo.com.uy\/site\/wp-content\/uploads\/2022\/09\/Arroz-Brasil.jpg?fit=880%2C440&amp;ssl=1\" data-orig-size=\"880,440\" data-comments-opened=\"1\" data-image-meta=\"{&quot;aperture&quot;:&quot;0&quot;,&quot;credit&quot;:&quot;&quot;,&quot;camera&quot;:&quot;&quot;,&quot;caption&quot;:&quot;&quot;,&quot;created_timestamp&quot;:&quot;0&quot;,&quot;copyright&quot;:&quot;&quot;,&quot;focal_length&quot;:&quot;0&quot;,&quot;iso&quot;:&quot;0&quot;,&quot;shutter_speed&quot;:&quot;0&quot;,&quot;title&quot;:&quot;&quot;,&quot;orientation&quot;:&quot;1&quot;}\" data-image-title=\"Arroz Brasil\" data-image-description=\"\" data-image-caption=\"\" data-large-file=\"https:\/\/i0.wp.com\/lahoradelcampo.com.uy\/site\/wp-content\/uploads\/2022\/09\/Arroz-Brasil.jpg?fit=810%2C405&amp;ssl=1\" src=\"https:\/\/i0.wp.com\/lahoradelcampo.com.uy\/site\/wp-content\/uploads\/2022\/09\/Arroz-Brasil.jpg?resize=810%2C405\" alt=\"\" class=\"wp-image-45809\" srcset=\"https:\/\/i0.wp.com\/lahoradelcampo.com.uy\/site\/wp-content\/uploads\/2022\/09\/Arroz-Brasil.jpg?w=880&amp;ssl=1 880w, https:\/\/i0.wp.com\/lahoradelcampo.com.uy\/site\/wp-content\/uploads\/2022\/09\/Arroz-Brasil.jpg?resize=300%2C150&amp;ssl=1 300w, https:\/\/i0.wp.com\/lahoradelcampo.com.uy\/site\/wp-content\/uploads\/2022\/09\/Arroz-Brasil.jpg?resize=768%2C384&amp;ssl=1 768w, https:\/\/i0.wp.com\/lahoradelcampo.com.uy\/site\/wp-content\/uploads\/2022\/09\/Arroz-Brasil.jpg?resize=820%2C410&amp;ssl=1 820w\" sizes=\"auto, (max-width: 810px) 100vw, 810px\" \/><\/figure>\n\n\n\n<p>La Federaci\u00f3n de\nAsociaciones de Arroceros de R\u00edo grande del Sur (Federarroz) inici\u00f3 una acci\u00f3n\ncivil en 2017 contra la Agencia Nacional de Vigilancia Sanitaria (Anvisa), en\nla cual se solicit\u00f3 a la justicia brasile\u00f1a determinar que el envase del arroz\ncomercializado en Brasil, con destino al consumidor final, tuviera una etiqueta\nque defina el origen del cereal. <\/p>\n\n\n\n<p>Esta acci\u00f3n de los\nproductores brasile\u00f1os est\u00e1 basada en que \u201clos granos importados poseen\ncaracter\u00edsticas sanitarias diferentes de los producidos en Brasil, porque son\nvinculados a normas sanitarias de otros pa\u00edses\u201d. Por lo que se solicita que\nexista una etiqueta que defina claramente el origen del arroz. <\/p>\n\n\n\n<p>Si bien, en agosto de\n2017, la justicia del estado de R\u00edo Grande del Sur entendi\u00f3 que Federarroz\nestaba defendiendo los intereses de sus asociados y no al consumidor final, se\npresent\u00f3 un recurso judicial, por lo que se defini\u00f3 en la pasada semana que la\nJusticia Federal de R\u00edo Grande del Sur, deber\u00e1 juzgar este proceso. <\/p>\n\n\n\n<p>Seg\u00fan se establece en el \u00faltimo fallo judicial, no existe posibilidad de desasociar la defensa de los productores del consumidor final, y se entiende que existe omisi\u00f3n por parte del \u00f3rgano regulador del mercado. <\/p>\n\n\n\n<p>Salto, lunes 26 de setiembre de 2022<\/p>\n","protected":false},"excerpt":{"rendered":"<p>La Federaci\u00f3n de Asociaciones de Arroceros de R\u00edo grande del Sur (Federarroz) inici\u00f3 una acci\u00f3n civil en 2017 contra la Agencia Nacional de Vigilancia Sanitaria (Anvisa), en la cual se [&hellip;]<\/p>\n","protected":false},"author":5,"featured_media":45809,"comment_status":"open","ping_status":"open","sticky":false,"template":"","format":"standard","meta":{"_price":"","_stock":"","_tribe_ticket_header":"","_tribe_default_ticket_provider":"","_tribe_ticket_capacity":"0","_ticket_start_date":"","_ticket_end_date":"","_tribe_ticket_show_description":"","_tribe_ticket_show_not_going":false,"_tribe_ticket_use_global_stock":"","_tribe_ticket_global_stock_level":"","_global_stock_mode":"","_global_stock_cap":"","_tribe_rsvp_for_event":"","_tribe_ticket_going_count":"","_tribe_ticket_not_going_count":"","_tribe_tickets_list":"[]","_tribe_ticket_has_attendee_info_fields":false,"h5ap_radio_sources":[],"_jetpack_newsletter_access":"","_jetpack_dont_email_post_to_subs":false,"_jetpack_newsletter_tier_id":0,"_jetpack_memberships_contains_paywalled_content":false,"_jetpack_memberships_contains_paid_content":false,"footnotes":""},"categories":[21,15],"tags":[],"class_list":["post-45807","post","type-post","status-publish","format-standard","has-post-thumbnail","hentry","category-actualidad","category-columnistas"],"jetpack_featured_media_url":"https:\/\/i0.wp.com\/lahoradelcampo.com.uy\/site\/wp-content\/uploads\/2022\/09\/Arroz-Brasil.jpg?fit=880%2C440&ssl=1","jetpack_sharing_enabled":true,"jetpack_shortlink":"https:\/\/wp.me\/p99IaT-bUP","jetpack-related-posts":[{"id":2953,"url":"https:\/\/lahoradelcampo.com.uy\/site\/productores-brasilenos-piden-suspender-importacion-de-arroz-de-uruguay\/","url_meta":{"origin":45807,"position":0},"title":"Productores brasile\u00f1os piden suspender importaci\u00f3n de arroz de Uruguay","author":"La Hora del Campo","date":"19 octubre, 2017","format":false,"excerpt":"Un sector que todos los a\u00f1os genera presi\u00f3n para frenar las importaciones en Brasil, es el sector arrocero, y como era de esperar se aline\u00f3 detr\u00e1s de los productores lecheros brasile\u00f1os y est\u00e1 solicitando la suspensi\u00f3n de las importaciones de arroz del Mercorsur. En esta oportunidad los productores arroceros del\u2026","rel":"","context":"En \u00abActualidad\u00bb","block_context":{"text":"Actualidad","link":"https:\/\/lahoradelcampo.com.uy\/site\/category\/actualidad\/"},"img":{"alt_text":"","src":"https:\/\/i0.wp.com\/lahoradelcampo.com.uy\/site\/wp-content\/uploads\/2017\/10\/arroz.jpg?fit=880%2C440&ssl=1&resize=350%2C200","width":350,"height":200,"srcset":"https:\/\/i0.wp.com\/lahoradelcampo.com.uy\/site\/wp-content\/uploads\/2017\/10\/arroz.jpg?fit=880%2C440&ssl=1&resize=350%2C200 1x, https:\/\/i0.wp.com\/lahoradelcampo.com.uy\/site\/wp-content\/uploads\/2017\/10\/arroz.jpg?fit=880%2C440&ssl=1&resize=525%2C300 1.5x, https:\/\/i0.wp.com\/lahoradelcampo.com.uy\/site\/wp-content\/uploads\/2017\/10\/arroz.jpg?fit=880%2C440&ssl=1&resize=700%2C400 2x"},"classes":[]},{"id":22248,"url":"https:\/\/lahoradelcampo.com.uy\/site\/us-13-por-bolsa-de-arroz-en-brasil\/","url_meta":{"origin":45807,"position":1},"title":"US$ 13 por bolsa de arroz en Brasil","author":"La Hora del Campo","date":"30 julio, 2020","format":false,"excerpt":"En el estado de R\u00edo Grande del Sur, Brasil, el productor contin\u00faa resisti\u00e9ndose a la baja de precios propuesta por la industria. La demanda de otros estados contin\u00faa firme por el cereal del sur brasilero. En cuanto a los precios, en la semana del 21 al 28 de julio, el\u2026","rel":"","context":"En \u00abActualidad\u00bb","block_context":{"text":"Actualidad","link":"https:\/\/lahoradelcampo.com.uy\/site\/category\/actualidad\/"},"img":{"alt_text":"","src":"https:\/\/i0.wp.com\/lahoradelcampo.com.uy\/site\/wp-content\/uploads\/2017\/10\/Arroz-siembra.jpg?fit=880%2C440&ssl=1&resize=350%2C200","width":350,"height":200,"srcset":"https:\/\/i0.wp.com\/lahoradelcampo.com.uy\/site\/wp-content\/uploads\/2017\/10\/Arroz-siembra.jpg?fit=880%2C440&ssl=1&resize=350%2C200 1x, https:\/\/i0.wp.com\/lahoradelcampo.com.uy\/site\/wp-content\/uploads\/2017\/10\/Arroz-siembra.jpg?fit=880%2C440&ssl=1&resize=525%2C300 1.5x, https:\/\/i0.wp.com\/lahoradelcampo.com.uy\/site\/wp-content\/uploads\/2017\/10\/Arroz-siembra.jpg?fit=880%2C440&ssl=1&resize=700%2C400 2x"},"classes":[]},{"id":6281,"url":"https:\/\/lahoradelcampo.com.uy\/site\/aumento-de-la-demanda-sube-precio-del-arroz-en-brasil\/","url_meta":{"origin":45807,"position":2},"title":"Aumento de la demanda sube precio del arroz en Brasil","author":"La Hora del Campo","date":"29 marzo, 2018","format":false,"excerpt":"De acuerdo a la informaci\u00f3n brindada por el Centro de Estudios Avanzados en Econom\u00eda Aplicada de San Pablo (Cepea), la referencia para el arroz c\u00e1scara en R\u00edo Grande del Sur, el estado con mayor producci\u00f3n del cereal, cerr\u00f3 la semana al 28 de marzo en US$ 10,57, lo que marca\u2026","rel":"","context":"En \u00abAgricultura\u00bb","block_context":{"text":"Agricultura","link":"https:\/\/lahoradelcampo.com.uy\/site\/category\/agricultura\/"},"img":{"alt_text":"","src":"https:\/\/i0.wp.com\/lahoradelcampo.com.uy\/site\/wp-content\/uploads\/2018\/03\/Arroz-web.jpg?fit=880%2C440&ssl=1&resize=350%2C200","width":350,"height":200,"srcset":"https:\/\/i0.wp.com\/lahoradelcampo.com.uy\/site\/wp-content\/uploads\/2018\/03\/Arroz-web.jpg?fit=880%2C440&ssl=1&resize=350%2C200 1x, https:\/\/i0.wp.com\/lahoradelcampo.com.uy\/site\/wp-content\/uploads\/2018\/03\/Arroz-web.jpg?fit=880%2C440&ssl=1&resize=525%2C300 1.5x, https:\/\/i0.wp.com\/lahoradelcampo.com.uy\/site\/wp-content\/uploads\/2018\/03\/Arroz-web.jpg?fit=880%2C440&ssl=1&resize=700%2C400 2x"},"classes":[]},{"id":32372,"url":"https:\/\/lahoradelcampo.com.uy\/site\/caeran-los-stocks-arroceros-a-nivel-mundial-segun-el-usda\/","url_meta":{"origin":45807,"position":3},"title":"Caer\u00e1n los stocks arroceros a nivel mundial, seg\u00fan el USDA","author":"La Hora del Campo","date":"26 julio, 2021","format":false,"excerpt":"El Departamento de Agricultura de los Estados Unidos (USDA por sus siglas en ingl\u00e9s) en su \u00faltimo informe de oferta y demanda a nivel mundial, proyect\u00f3 un descenso en los stocks mundiales del cereal para esta temporada. Los fundamentos del informe se basan en una menor producci\u00f3n y un incremento\u2026","rel":"","context":"En \u00abActualidad\u00bb","block_context":{"text":"Actualidad","link":"https:\/\/lahoradelcampo.com.uy\/site\/category\/actualidad\/"},"img":{"alt_text":"","src":"https:\/\/i0.wp.com\/lahoradelcampo.com.uy\/site\/wp-content\/uploads\/2017\/10\/Arroz-siembra.jpg?fit=880%2C440&ssl=1&resize=350%2C200","width":350,"height":200,"srcset":"https:\/\/i0.wp.com\/lahoradelcampo.com.uy\/site\/wp-content\/uploads\/2017\/10\/Arroz-siembra.jpg?fit=880%2C440&ssl=1&resize=350%2C200 1x, https:\/\/i0.wp.com\/lahoradelcampo.com.uy\/site\/wp-content\/uploads\/2017\/10\/Arroz-siembra.jpg?fit=880%2C440&ssl=1&resize=525%2C300 1.5x, https:\/\/i0.wp.com\/lahoradelcampo.com.uy\/site\/wp-content\/uploads\/2017\/10\/Arroz-siembra.jpg?fit=880%2C440&ssl=1&resize=700%2C400 2x"},"classes":[]},{"id":24564,"url":"https:\/\/lahoradelcampo.com.uy\/site\/arroz-en-brasil-se-situa-en-us-1920-por-bolsa\/","url_meta":{"origin":45807,"position":4},"title":"Arroz en Brasil se sit\u00faa en US$ 19,20 por bolsa","author":"La Hora del Campo","date":"12 octubre, 2020","format":false,"excerpt":"Con un 32% del \u00e1rea de siembra en el norte del pa\u00eds, los productores arroceros miran de reojo el mercado brasile\u00f1o que contin\u00faa con altos valores para la bolsa de 50 kilos de arroz c\u00e1scara, a pesar del ingreso de cereal extra regi\u00f3n. De acuerdo a los datos del Centro\u2026","rel":"","context":"En \u00abEquinos\u00bb","block_context":{"text":"Equinos","link":"https:\/\/lahoradelcampo.com.uy\/site\/category\/equinos\/"},"img":{"alt_text":"","src":"https:\/\/i0.wp.com\/lahoradelcampo.com.uy\/site\/wp-content\/uploads\/2019\/04\/Arroceros.jpg?fit=880%2C440&ssl=1&resize=350%2C200","width":350,"height":200,"srcset":"https:\/\/i0.wp.com\/lahoradelcampo.com.uy\/site\/wp-content\/uploads\/2019\/04\/Arroceros.jpg?fit=880%2C440&ssl=1&resize=350%2C200 1x, https:\/\/i0.wp.com\/lahoradelcampo.com.uy\/site\/wp-content\/uploads\/2019\/04\/Arroceros.jpg?fit=880%2C440&ssl=1&resize=525%2C300 1.5x, https:\/\/i0.wp.com\/lahoradelcampo.com.uy\/site\/wp-content\/uploads\/2019\/04\/Arroceros.jpg?fit=880%2C440&ssl=1&resize=700%2C400 2x"},"classes":[]},{"id":55457,"url":"https:\/\/lahoradelcampo.com.uy\/site\/el-arroz-viene-bien-pero-falta-vender-el-10-del-cereal-de-la-zafra-pasada\/","url_meta":{"origin":45807,"position":5},"title":"El arroz viene bien, pero falta vender el 10% del cereal de la zafra pasada","author":"La Hora del Campo","date":"10 enero, 2025","format":false,"excerpt":"El sector arrocero increment\u00f3 su \u00e1rea de siembra para la presente zafra, pasando de las 150 mil de 2023-2024, para las 183 mil que se alcanzaron este a\u00f1o, debido principalmente a la mejora en la capacidad de riego, teniendo en cuenta que los eventos de \"La ni\u00f1a\", en los \u00faltimos\u2026","rel":"","context":"En \u00abActualidad\u00bb","block_context":{"text":"Actualidad","link":"https:\/\/lahoradelcampo.com.uy\/site\/category\/actualidad\/"},"img":{"alt_text":"","src":"https:\/\/i0.wp.com\/lahoradelcampo.com.uy\/site\/wp-content\/uploads\/2025\/01\/Guillermo-Obrien1.jpg?fit=880%2C440&ssl=1&resize=350%2C200","width":350,"height":200,"srcset":"https:\/\/i0.wp.com\/lahoradelcampo.com.uy\/site\/wp-content\/uploads\/2025\/01\/Guillermo-Obrien1.jpg?fit=880%2C440&ssl=1&resize=350%2C200 1x, https:\/\/i0.wp.com\/lahoradelcampo.com.uy\/site\/wp-content\/uploads\/2025\/01\/Guillermo-Obrien1.jpg?fit=880%2C440&ssl=1&resize=525%2C300 1.5x, https:\/\/i0.wp.com\/lahoradelcampo.com.uy\/site\/wp-content\/uploads\/2025\/01\/Guillermo-Obrien1.jpg?fit=880%2C440&ssl=1&resize=700%2C400 2x"},"classes":[]}],"jetpack_likes_enabled":true,"_links":{"self":[{"href":"https:\/\/lahoradelcampo.com.uy\/site\/wp-json\/wp\/v2\/posts\/45807","targetHints":{"allow":["GET"]}}],"collection":[{"href":"https:\/\/lahoradelcampo.com.uy\/site\/wp-json\/wp\/v2\/posts"}],"about":[{"href":"https:\/\/lahoradelcampo.com.uy\/site\/wp-json\/wp\/v2\/types\/post"}],"author":[{"embeddable":true,"href":"https:\/\/lahoradelcampo.com.uy\/site\/wp-json\/wp\/v2\/users\/5"}],"replies":[{"embeddable":true,"href":"https:\/\/lahoradelcampo.com.uy\/site\/wp-json\/wp\/v2\/comments?post=45807"}],"version-history":[{"count":1,"href":"https:\/\/lahoradelcampo.com.uy\/site\/wp-json\/wp\/v2\/posts\/45807\/revisions"}],"predecessor-version":[{"id":45811,"href":"https:\/\/lahoradelcampo.com.uy\/site\/wp-json\/wp\/v2\/posts\/45807\/revisions\/45811"}],"wp:featuredmedia":[{"embeddable":true,"href":"https:\/\/lahoradelcampo.com.uy\/site\/wp-json\/wp\/v2\/media\/45809"}],"wp:attachment":[{"href":"https:\/\/lahoradelcampo.com.uy\/site\/wp-json\/wp\/v2\/media?parent=45807"}],"wp:term":[{"taxonomy":"category","embeddable":true,"href":"https:\/\/lahoradelcampo.com.uy\/site\/wp-json\/wp\/v2\/categories?post=45807"},{"taxonomy":"post_tag","embeddable":true,"href":"https:\/\/lahoradelcampo.com.uy\/site\/wp-json\/wp\/v2\/tags?post=45807"}],"curies":[{"name":"wp","href":"https:\/\/api.w.org\/{rel}","templated":true}]}}