{"id":45803,"date":"2022-09-26T07:37:14","date_gmt":"2022-09-26T10:37:14","guid":{"rendered":"http:\/\/lahoradelcampo.com.uy\/site\/?p=45803"},"modified":"2022-09-26T07:37:19","modified_gmt":"2022-09-26T10:37:19","slug":"rodeo-de-cria-mantiene-su-condicion-corporal-a-la-salida-del-invierno","status":"publish","type":"post","link":"https:\/\/lahoradelcampo.com.uy\/site\/rodeo-de-cria-mantiene-su-condicion-corporal-a-la-salida-del-invierno\/","title":{"rendered":"Rodeo de cr\u00eda mantiene su condici\u00f3n corporal a la salida del invierno"},"content":{"rendered":"\n<figure class=\"wp-block-image\"><img data-recalc-dims=\"1\" loading=\"lazy\" decoding=\"async\" width=\"810\" height=\"405\" data-attachment-id=\"12163\" data-permalink=\"https:\/\/lahoradelcampo.com.uy\/site\/lluvias-en-exceso-reducen-la-faena-y-el-mercado-se-mantiene-firme\/cria-vacuna\/\" data-orig-file=\"https:\/\/i0.wp.com\/lahoradelcampo.com.uy\/site\/wp-content\/uploads\/2019\/06\/cria-vacuna.jpg?fit=880%2C440&amp;ssl=1\" data-orig-size=\"880,440\" data-comments-opened=\"1\" data-image-meta=\"{&quot;aperture&quot;:&quot;0&quot;,&quot;credit&quot;:&quot;&quot;,&quot;camera&quot;:&quot;&quot;,&quot;caption&quot;:&quot;&quot;,&quot;created_timestamp&quot;:&quot;0&quot;,&quot;copyright&quot;:&quot;&quot;,&quot;focal_length&quot;:&quot;0&quot;,&quot;iso&quot;:&quot;0&quot;,&quot;shutter_speed&quot;:&quot;0&quot;,&quot;title&quot;:&quot;&quot;,&quot;orientation&quot;:&quot;1&quot;}\" data-image-title=\"cria vacuna\" data-image-description=\"\" data-image-caption=\"\" data-large-file=\"https:\/\/i0.wp.com\/lahoradelcampo.com.uy\/site\/wp-content\/uploads\/2019\/06\/cria-vacuna.jpg?fit=810%2C405&amp;ssl=1\" src=\"https:\/\/i0.wp.com\/lahoradelcampo.com.uy\/site\/wp-content\/uploads\/2019\/06\/cria-vacuna.jpg?resize=810%2C405\" alt=\"\" class=\"wp-image-12163\" srcset=\"https:\/\/i0.wp.com\/lahoradelcampo.com.uy\/site\/wp-content\/uploads\/2019\/06\/cria-vacuna.jpg?w=880&amp;ssl=1 880w, https:\/\/i0.wp.com\/lahoradelcampo.com.uy\/site\/wp-content\/uploads\/2019\/06\/cria-vacuna.jpg?resize=300%2C150&amp;ssl=1 300w, https:\/\/i0.wp.com\/lahoradelcampo.com.uy\/site\/wp-content\/uploads\/2019\/06\/cria-vacuna.jpg?resize=768%2C384&amp;ssl=1 768w, https:\/\/i0.wp.com\/lahoradelcampo.com.uy\/site\/wp-content\/uploads\/2019\/06\/cria-vacuna.jpg?resize=820%2C410&amp;ssl=1 820w\" sizes=\"auto, (max-width: 810px) 100vw, 810px\" \/><\/figure>\n\n\n\n<p>De acuerdo a los resultados de la encuesta realizada a 357 productores que integran la Red de Informaci\u00f3n Nacional Ganadera (RING), por parte del Instituto Plan Agropecuario, la condici\u00f3n corporal del rodeo de cr\u00eda (CC) se ha mantenido estable teniendo en cuenta el mes de agosto y los primeros d\u00edas de setiembre.<br><\/p>\n\n\n\n<p>El n\u00famero de productores con el rodeo de cr\u00eda en CC por debajo de 3,5 de la escala, se redujo respecto al mes pasado (julio) de 14 a 12%.<br><\/p>\n\n\n\n<p>Consultados los productores respecto a la revisaci\u00f3n de toros, dado que se acerca la \u00e9poca de entore, el 68% respondi\u00f3 que har\u00e1 revisaci\u00f3n; mientras que el 32% restante no tiene planificado hacerlo.<br><\/p>\n\n\n\n<p>La consulta respecto a si tomar\u00e1n decisiones de ajuste carga, estando a finales del mes de agosto y primeros 10 d\u00edas de setiembre, el 37% respondi\u00f3 afirmativamente y hay un 62% que consideran a la venta de animales como \u00fanica opci\u00f3n.<br><\/p>\n\n\n\n<p>Suplementaci\u00f3n<br><\/p>\n\n\n\n<p>El 65% de  los productores reporta estar suplementando. El suplemento  m\u00e1s usado continua siendo la raci\u00f3n (33%), seguido por los fardos (20%), mientras la combinaci\u00f3n de suplementos  es utilizada por el 24% de los productores.<br><\/p>\n\n\n\n<p>Destete precoz<br><\/p>\n\n\n\n<p>Una de las posibilidades a tener en cuenta es el destete precoz en los rodeos de cr\u00eda; el mismo es hoy una t\u00e9cnica segura, una certeza tecnol\u00f3gica; existe un procedimiento protocolizado de c\u00f3mo hacerlo, sus resultados y es sabido que con ello no s\u00f3lo se mejora la pre\u00f1ez del rodeo, especialmente en el segundo entore y en vacas en mal estado, sino que adicionalmente se facilita la recuperaci\u00f3n del estado de las vacas para el siguiente ciclo productivo.<br><\/p>\n\n\n\n<p>Consultados los productores si en caso de tener necesidad de realizar destete precoz, consideran que est\u00e1n preparados para realizarlo, el 64% respondi\u00f3 afirmativamente.<br><\/p>\n\n\n\n<p>En el mismo sentido, consultados los productores que no se consideraban preparados para realizar destete precoz, cu\u00e1les son las limitantes a resolver para una posible utilizaci\u00f3n de esta herramienta, las respuestas permiten identificar \u00e1reas de trabajo de importancia para la capacitaci\u00f3n y extensi\u00f3n.<br><\/p>\n\n\n\n<p>Plan Agropecuario y BROU han firmado un convenio para facilitar el acceso financiero y la asistencia t\u00e9cnica para el pr\u00f3ximo destete.<\/p>\n\n\n\n<p>Salto, lunes 26 de setiembre de 2022<\/p>\n","protected":false},"excerpt":{"rendered":"<p>De acuerdo a los resultados de la encuesta realizada a 357 productores que integran la Red de Informaci\u00f3n Nacional Ganadera (RING), por parte del Instituto Plan Agropecuario, la condici\u00f3n corporal [&hellip;]<\/p>\n","protected":false},"author":5,"featured_media":12163,"comment_status":"open","ping_status":"open","sticky":false,"template":"","format":"standard","meta":{"_price":"","_stock":"","_tribe_ticket_header":"","_tribe_default_ticket_provider":"","_tribe_ticket_capacity":"0","_ticket_start_date":"","_ticket_end_date":"","_tribe_ticket_show_description":"","_tribe_ticket_show_not_going":false,"_tribe_ticket_use_global_stock":"","_tribe_ticket_global_stock_level":"","_global_stock_mode":"","_global_stock_cap":"","_tribe_rsvp_for_event":"","_tribe_ticket_going_count":"","_tribe_ticket_not_going_count":"","_tribe_tickets_list":"[]","_tribe_ticket_has_attendee_info_fields":false,"h5ap_radio_sources":[],"_jetpack_newsletter_access":"","_jetpack_dont_email_post_to_subs":false,"_jetpack_newsletter_tier_id":0,"_jetpack_memberships_contains_paywalled_content":false,"_jetpack_memberships_contains_paid_content":false,"footnotes":""},"categories":[21,5],"tags":[],"class_list":["post-45803","post","type-post","status-publish","format-standard","has-post-thumbnail","hentry","category-actualidad","category-ganaderia"],"jetpack_featured_media_url":"https:\/\/i0.wp.com\/lahoradelcampo.com.uy\/site\/wp-content\/uploads\/2019\/06\/cria-vacuna.jpg?fit=880%2C440&ssl=1","jetpack_sharing_enabled":true,"jetpack_shortlink":"https:\/\/wp.me\/p99IaT-bUL","jetpack-related-posts":[{"id":40177,"url":"https:\/\/lahoradelcampo.com.uy\/site\/tras-las-lluvias-los-ganados-recuperaron-condicion-corporal\/","url_meta":{"origin":45803,"position":0},"title":"Tras las lluvias los ganados recuperaron condici\u00f3n corporal","author":"La Hora del Campo","date":"23 marzo, 2022","format":false,"excerpt":"En relaci\u00f3n directa con el retorno de las lluvias, la recuperaci\u00f3n en la disponibilidad de pasturas, sumado a las decisiones de los productores, los rodeos de cr\u00eda paridos y criados, muestran la recuperaci\u00f3n de su estado corporal, seg\u00fan informaron los productores al Instituto Plan Agropecuario a trav\u00e9s de la encuesta\u2026","rel":"","context":"En \u00abActualidad\u00bb","block_context":{"text":"Actualidad","link":"https:\/\/lahoradelcampo.com.uy\/site\/category\/actualidad\/"},"img":{"alt_text":"","src":"https:\/\/i0.wp.com\/lahoradelcampo.com.uy\/site\/wp-content\/uploads\/2019\/06\/cria-vacuna.jpg?fit=880%2C440&ssl=1&resize=350%2C200","width":350,"height":200,"srcset":"https:\/\/i0.wp.com\/lahoradelcampo.com.uy\/site\/wp-content\/uploads\/2019\/06\/cria-vacuna.jpg?fit=880%2C440&ssl=1&resize=350%2C200 1x, https:\/\/i0.wp.com\/lahoradelcampo.com.uy\/site\/wp-content\/uploads\/2019\/06\/cria-vacuna.jpg?fit=880%2C440&ssl=1&resize=525%2C300 1.5x, https:\/\/i0.wp.com\/lahoradelcampo.com.uy\/site\/wp-content\/uploads\/2019\/06\/cria-vacuna.jpg?fit=880%2C440&ssl=1&resize=700%2C400 2x"},"classes":[]},{"id":44993,"url":"https:\/\/lahoradelcampo.com.uy\/site\/continua-deteriorandose-la-condicion-corporal-del-rodeo-de-cria\/","url_meta":{"origin":45803,"position":1},"title":"Contin\u00faa deterior\u00e1ndose la condici\u00f3n corporal del rodeo de cr\u00eda","author":"La Hora del Campo","date":"27 agosto, 2022","format":false,"excerpt":"De acuerdo a la informaci\u00f3n que surge de la Encuesta realizada por el Instituto Plan Agropecuario a su Red de Informaci\u00f3n Nacional Ganadera (RING), la situaci\u00f3n de los rodeos de cr\u00eda, en cuanto a su condici\u00f3n corporal (C.C.) contin\u00faa deterior\u00e1ndose de manera notoria. El n\u00famero de productores con el rodeo\u2026","rel":"","context":"En \u00abActualidad\u00bb","block_context":{"text":"Actualidad","link":"https:\/\/lahoradelcampo.com.uy\/site\/category\/actualidad\/"},"img":{"alt_text":"","src":"https:\/\/i0.wp.com\/lahoradelcampo.com.uy\/site\/wp-content\/uploads\/2019\/06\/cria.jpg?fit=880%2C440&ssl=1&resize=350%2C200","width":350,"height":200,"srcset":"https:\/\/i0.wp.com\/lahoradelcampo.com.uy\/site\/wp-content\/uploads\/2019\/06\/cria.jpg?fit=880%2C440&ssl=1&resize=350%2C200 1x, https:\/\/i0.wp.com\/lahoradelcampo.com.uy\/site\/wp-content\/uploads\/2019\/06\/cria.jpg?fit=880%2C440&ssl=1&resize=525%2C300 1.5x, https:\/\/i0.wp.com\/lahoradelcampo.com.uy\/site\/wp-content\/uploads\/2019\/06\/cria.jpg?fit=880%2C440&ssl=1&resize=700%2C400 2x"},"classes":[]},{"id":28660,"url":"https:\/\/lahoradelcampo.com.uy\/site\/el-77-del-rodeo-de-cria-esta-con-una-condicion-corporal-menor-a-4\/","url_meta":{"origin":45803,"position":2},"title":"El 77% del rodeo de cr\u00eda est\u00e1 con una condici\u00f3n corporal menor a 4","author":"La Hora del Campo","date":"19 marzo, 2021","format":false,"excerpt":"De acuerdo al relevamiento realizado por el Instituto Plan Agropecuario, durante el mes de febrero, el 77% de los productores tienen el rodeo de cr\u00eda en condici\u00f3n corporal por debajo de 4, mientras que solo en el 4 % de los establecimientos el rodeo de cr\u00eda se ubica por debajo\u2026","rel":"","context":"En \u00abActualidad\u00bb","block_context":{"text":"Actualidad","link":"https:\/\/lahoradelcampo.com.uy\/site\/category\/actualidad\/"},"img":{"alt_text":"","src":"https:\/\/i0.wp.com\/lahoradelcampo.com.uy\/site\/wp-content\/uploads\/2019\/06\/cria-vacuna.jpg?fit=880%2C440&ssl=1&resize=350%2C200","width":350,"height":200,"srcset":"https:\/\/i0.wp.com\/lahoradelcampo.com.uy\/site\/wp-content\/uploads\/2019\/06\/cria-vacuna.jpg?fit=880%2C440&ssl=1&resize=350%2C200 1x, https:\/\/i0.wp.com\/lahoradelcampo.com.uy\/site\/wp-content\/uploads\/2019\/06\/cria-vacuna.jpg?fit=880%2C440&ssl=1&resize=525%2C300 1.5x, https:\/\/i0.wp.com\/lahoradelcampo.com.uy\/site\/wp-content\/uploads\/2019\/06\/cria-vacuna.jpg?fit=880%2C440&ssl=1&resize=700%2C400 2x"},"classes":[]},{"id":27756,"url":"https:\/\/lahoradelcampo.com.uy\/site\/situacion-del-campo-natural-mejoro-respecto-a-diciembre\/","url_meta":{"origin":45803,"position":3},"title":"Situaci\u00f3n del campo natural mejor\u00f3 respecto a diciembre","author":"La Hora del Campo","date":"17 febrero, 2021","format":false,"excerpt":"De acuerdo al informe elaborado por el Instituto Plan Agropecuario (IPA) en consulta con sus productores asociados a trav\u00e9s de la Red de Informaci\u00f3n Nacional Ganadera, hasta el el 10 de febrero, el 61% de los productores tienen el campo natural con una altura menor a 5 cm, de los\u2026","rel":"","context":"En \u00abActualidad\u00bb","block_context":{"text":"Actualidad","link":"https:\/\/lahoradelcampo.com.uy\/site\/category\/actualidad\/"},"img":{"alt_text":"","src":"https:\/\/i0.wp.com\/lahoradelcampo.com.uy\/site\/wp-content\/uploads\/2021\/02\/criavacuna.jpg?fit=880%2C440&ssl=1&resize=350%2C200","width":350,"height":200,"srcset":"https:\/\/i0.wp.com\/lahoradelcampo.com.uy\/site\/wp-content\/uploads\/2021\/02\/criavacuna.jpg?fit=880%2C440&ssl=1&resize=350%2C200 1x, https:\/\/i0.wp.com\/lahoradelcampo.com.uy\/site\/wp-content\/uploads\/2021\/02\/criavacuna.jpg?fit=880%2C440&ssl=1&resize=525%2C300 1.5x, https:\/\/i0.wp.com\/lahoradelcampo.com.uy\/site\/wp-content\/uploads\/2021\/02\/criavacuna.jpg?fit=880%2C440&ssl=1&resize=700%2C400 2x"},"classes":[]},{"id":26198,"url":"https:\/\/lahoradelcampo.com.uy\/site\/el-84-de-los-productores-tienen-su-rodeo-de-cria-en-una-cc-menor-a-4\/","url_meta":{"origin":45803,"position":4},"title":"El 84% de los productores tienen su rodeo de cr\u00eda en una CC menor a 4","author":"La Hora del Campo","date":"17 diciembre, 2020","format":false,"excerpt":"El Instituto Plan Agropecuario (IPA) realiz\u00f3 un relevamiento sobre el estado de las pasturas y el ganado a trav\u00e9s de lo que ha denominado \"Red de Informaci\u00f3n Nacional Ganadera (RING)\". La misma est\u00e1 compuesta por 300 productores asociados a la instituci\u00f3n y de acuerdo a los datos relevados entre los\u2026","rel":"","context":"En \u00abActualidad\u00bb","block_context":{"text":"Actualidad","link":"https:\/\/lahoradelcampo.com.uy\/site\/category\/actualidad\/"},"img":{"alt_text":"","src":"https:\/\/i0.wp.com\/lahoradelcampo.com.uy\/site\/wp-content\/uploads\/2017\/12\/cria.jpg?fit=880%2C440&ssl=1&resize=350%2C200","width":350,"height":200,"srcset":"https:\/\/i0.wp.com\/lahoradelcampo.com.uy\/site\/wp-content\/uploads\/2017\/12\/cria.jpg?fit=880%2C440&ssl=1&resize=350%2C200 1x, https:\/\/i0.wp.com\/lahoradelcampo.com.uy\/site\/wp-content\/uploads\/2017\/12\/cria.jpg?fit=880%2C440&ssl=1&resize=525%2C300 1.5x, https:\/\/i0.wp.com\/lahoradelcampo.com.uy\/site\/wp-content\/uploads\/2017\/12\/cria.jpg?fit=880%2C440&ssl=1&resize=700%2C400 2x"},"classes":[]},{"id":53206,"url":"https:\/\/lahoradelcampo.com.uy\/site\/encuesta-ring-de-noviembre-muestra-una-importante-mejora-en-la-cc-de-la-cria\/","url_meta":{"origin":45803,"position":5},"title":"Encuesta RING de noviembre muestra una importante mejora en la CC de la cr\u00eda","author":"La Hora del Campo","date":"24 noviembre, 2023","format":false,"excerpt":"En un contexto marcado por la consolidaci\u00f3n de una primavera lluviosa y condiciones clim\u00e1ticas favorables, la Red de Informaci\u00f3n Nacional Ganadera (RING) revela mes a mes datos sobre el desempe\u00f1o de las empresas ganaderas en Uruguay. La encuesta de octubre\/noviembre, respondida por 423 productores asociados al Plan Agropecuario, destaca avances\u2026","rel":"","context":"En \u00abActualidad\u00bb","block_context":{"text":"Actualidad","link":"https:\/\/lahoradelcampo.com.uy\/site\/category\/actualidad\/"},"img":{"alt_text":"","src":"https:\/\/i0.wp.com\/lahoradelcampo.com.uy\/site\/wp-content\/uploads\/2023\/11\/Piezasdecria.jpg?fit=880%2C440&ssl=1&resize=350%2C200","width":350,"height":200,"srcset":"https:\/\/i0.wp.com\/lahoradelcampo.com.uy\/site\/wp-content\/uploads\/2023\/11\/Piezasdecria.jpg?fit=880%2C440&ssl=1&resize=350%2C200 1x, https:\/\/i0.wp.com\/lahoradelcampo.com.uy\/site\/wp-content\/uploads\/2023\/11\/Piezasdecria.jpg?fit=880%2C440&ssl=1&resize=525%2C300 1.5x, https:\/\/i0.wp.com\/lahoradelcampo.com.uy\/site\/wp-content\/uploads\/2023\/11\/Piezasdecria.jpg?fit=880%2C440&ssl=1&resize=700%2C400 2x"},"classes":[]}],"jetpack_likes_enabled":true,"_links":{"self":[{"href":"https:\/\/lahoradelcampo.com.uy\/site\/wp-json\/wp\/v2\/posts\/45803","targetHints":{"allow":["GET"]}}],"collection":[{"href":"https:\/\/lahoradelcampo.com.uy\/site\/wp-json\/wp\/v2\/posts"}],"about":[{"href":"https:\/\/lahoradelcampo.com.uy\/site\/wp-json\/wp\/v2\/types\/post"}],"author":[{"embeddable":true,"href":"https:\/\/lahoradelcampo.com.uy\/site\/wp-json\/wp\/v2\/users\/5"}],"replies":[{"embeddable":true,"href":"https:\/\/lahoradelcampo.com.uy\/site\/wp-json\/wp\/v2\/comments?post=45803"}],"version-history":[{"count":1,"href":"https:\/\/lahoradelcampo.com.uy\/site\/wp-json\/wp\/v2\/posts\/45803\/revisions"}],"predecessor-version":[{"id":45805,"href":"https:\/\/lahoradelcampo.com.uy\/site\/wp-json\/wp\/v2\/posts\/45803\/revisions\/45805"}],"wp:featuredmedia":[{"embeddable":true,"href":"https:\/\/lahoradelcampo.com.uy\/site\/wp-json\/wp\/v2\/media\/12163"}],"wp:attachment":[{"href":"https:\/\/lahoradelcampo.com.uy\/site\/wp-json\/wp\/v2\/media?parent=45803"}],"wp:term":[{"taxonomy":"category","embeddable":true,"href":"https:\/\/lahoradelcampo.com.uy\/site\/wp-json\/wp\/v2\/categories?post=45803"},{"taxonomy":"post_tag","embeddable":true,"href":"https:\/\/lahoradelcampo.com.uy\/site\/wp-json\/wp\/v2\/tags?post=45803"}],"curies":[{"name":"wp","href":"https:\/\/api.w.org\/{rel}","templated":true}]}}