{"id":45797,"date":"2022-09-26T07:34:50","date_gmt":"2022-09-26T10:34:50","guid":{"rendered":"http:\/\/lahoradelcampo.com.uy\/site\/?p=45797"},"modified":"2022-09-26T09:43:09","modified_gmt":"2022-09-26T12:43:09","slug":"con-mas-de-200-reproductores-se-viene-la-expo-salto-2022","status":"publish","type":"post","link":"https:\/\/lahoradelcampo.com.uy\/site\/con-mas-de-200-reproductores-se-viene-la-expo-salto-2022\/","title":{"rendered":"Con m\u00e1s de 200 reproductores se viene la Expo Salto 2022"},"content":{"rendered":"\n<figure class=\"wp-block-image\"><img data-recalc-dims=\"1\" loading=\"lazy\" decoding=\"async\" width=\"810\" height=\"405\" data-attachment-id=\"45799\" data-permalink=\"https:\/\/lahoradelcampo.com.uy\/site\/con-mas-de-200-reproductores-se-viene-la-expo-salto-2022\/aas-expolanzamiento\/\" data-orig-file=\"https:\/\/i0.wp.com\/lahoradelcampo.com.uy\/site\/wp-content\/uploads\/2022\/09\/AAS-Expolanzamiento.jpg?fit=880%2C440&amp;ssl=1\" data-orig-size=\"880,440\" data-comments-opened=\"1\" data-image-meta=\"{&quot;aperture&quot;:&quot;0&quot;,&quot;credit&quot;:&quot;&quot;,&quot;camera&quot;:&quot;&quot;,&quot;caption&quot;:&quot;&quot;,&quot;created_timestamp&quot;:&quot;0&quot;,&quot;copyright&quot;:&quot;&quot;,&quot;focal_length&quot;:&quot;0&quot;,&quot;iso&quot;:&quot;0&quot;,&quot;shutter_speed&quot;:&quot;0&quot;,&quot;title&quot;:&quot;&quot;,&quot;orientation&quot;:&quot;1&quot;}\" data-image-title=\"AAS-Expolanzamiento\" data-image-description=\"\" data-image-caption=\"\" data-large-file=\"https:\/\/i0.wp.com\/lahoradelcampo.com.uy\/site\/wp-content\/uploads\/2022\/09\/AAS-Expolanzamiento.jpg?fit=810%2C405&amp;ssl=1\" src=\"https:\/\/i0.wp.com\/lahoradelcampo.com.uy\/site\/wp-content\/uploads\/2022\/09\/AAS-Expolanzamiento.jpg?resize=810%2C405\" alt=\"\" class=\"wp-image-45799\" srcset=\"https:\/\/i0.wp.com\/lahoradelcampo.com.uy\/site\/wp-content\/uploads\/2022\/09\/AAS-Expolanzamiento.jpg?w=880&amp;ssl=1 880w, https:\/\/i0.wp.com\/lahoradelcampo.com.uy\/site\/wp-content\/uploads\/2022\/09\/AAS-Expolanzamiento.jpg?resize=300%2C150&amp;ssl=1 300w, https:\/\/i0.wp.com\/lahoradelcampo.com.uy\/site\/wp-content\/uploads\/2022\/09\/AAS-Expolanzamiento.jpg?resize=768%2C384&amp;ssl=1 768w, https:\/\/i0.wp.com\/lahoradelcampo.com.uy\/site\/wp-content\/uploads\/2022\/09\/AAS-Expolanzamiento.jpg?resize=820%2C410&amp;ssl=1 820w\" sizes=\"auto, (max-width: 810px) 100vw, 810px\" \/><\/figure>\n\n\n\n<p>El viernes, la Asociaci\u00f3n Agropecuaria de Salto (AAS) realiz\u00f3 el lanzamiento de la 114 edici\u00f3n de la Exposici\u00f3n ganadera, industrial, comercial y artesanal de Salto, en el predio de la gremial, con una importante agenda de actividades desde el punto de vista comercial y art\u00edstica, que sumado a la fuerte presencia de gen\u00e9tica destacada a nivel nacional, la convierten en la principal muestra del interior del pa\u00eds. <br><\/p>\n\n\n\n<p>La muestra se desarrollar\u00e1 desde el jueves 29 de setiembre hasta el domingo 2 de octubre, con conferencias, remates y actividades de la Agremiaci\u00f3n de caballos criollos y la Sociedad de Merino Australiano del Uruguay. Adem\u00e1s locales gastron\u00f3micos y espect\u00e1culos art\u00edsticos como Lucas Sugo, Mat\u00edas Valdez, Chacho Ramos y artistas locales.<br><\/p>\n\n\n\n<p>Tal cual se lo adelantamos el jueves, la agenda prevista incluye una serie de actividades muy importantes, y al mismo tiempo una serie de charlas destacadas en el sal\u00f3n multiespacio en el predio. <br><\/p>\n\n\n\n<p>Para el jueves 29 est\u00e1 prevista la realizaci\u00f3n de dos charlas a cargo del Instituto Plan Agropecuario, a partir de la hora 11:00, \u201cUruguay; hacia una producci\u00f3n con balance de carbono neutro\u201d a cargo del consultor en cambio clim\u00e1tico y desarrollo sostenible Ing. Agr. Agust\u00edn Inthamoussu. \u201cLargando de atr\u00e1s\u2026el Campo Natural les gana\u201d, a cargo del coordinador del Proyecto GP Plan Agropecuario Ing. Agr. Marcelo Pereira.<br><\/p>\n\n\n\n<p>Para el viernes 30 de setiembre a las 17:00 horas: \u201cTecnolog\u00edas para una ganader\u00eda rentable y sustentable\u201d. Disertante Juan Martin Da Costa, de la firma  DSM.<br><\/p>\n\n\n\n<p>El s\u00e1bado 1 de octubre, se realizar\u00e1 en la ma\u00f1ana una presentaci\u00f3n a cargo del Bachillerato Agrario de San Antonio, a partir de la hora 11, denominada Tecnolog\u00edas alternativas a la desecaci\u00f3n de cultivo de servicios, que estar\u00e1 a cargo de la docente Ing. Agr. Florencia Rodr\u00edguez.<br><\/p>\n\n\n\n<p>Por la tarde, se realizar\u00e1n dos charlas a cargo del MGAP; a las 16.00 horas: Control avanzado de Garrapata, aspectos pr\u00e1cticos. Disertante Dr. Marcelo Cort\u00e9s, Direcci\u00f3n Gral. de Servicios Ganaderos. y a las 17.00 horas: Taller sobre Bosques en Uruguay: beneficios y regulaci\u00f3n. Ing. Agr. Fabi\u00e1n Bique, Direcci\u00f3n Gral. Forestal. <br><\/p>\n\n\n\n<p>Cantidad de animales<br><\/p>\n\n\n\n<p>De acuerdo a lo informado por el Director de Exposiciones, Sebasti\u00e1n Goncalvez, habr\u00e1 m\u00e1s de 200 reproductores entre vacunos, ovinos y equinos, en las pistas de la muestra. <br><\/p>\n\n\n\n<p>En vacunos ingresar\u00e1n 118 reproductores, habi\u00e9ndose inscripto 62 Hereford y Polled Hereford, 42 Aberdeen Angus, 3 Normando, 3 Braford y 8 Brangus. <br><\/p>\n\n\n\n<p>En ovinos est\u00e1n inscriptos 84 ejemplares, entrando 45 Merino Australiano, 1 merino dohne, 12 Ideal, 13 corriedale, 3 meril\u00edn y 2 suffolk. <br><\/p>\n\n\n\n<p>En Equinos hay 15 criollos y un Appaloosa.  <\/p>\n\n\n\n<p>Salto, lunes 26 de setiembre de 2022<\/p>\n","protected":false},"excerpt":{"rendered":"<p>El viernes, la Asociaci\u00f3n Agropecuaria de Salto (AAS) realiz\u00f3 el lanzamiento de la 114 edici\u00f3n de la Exposici\u00f3n ganadera, industrial, comercial y artesanal de Salto, en el predio de la [&hellip;]<\/p>\n","protected":false},"author":5,"featured_media":45799,"comment_status":"open","ping_status":"open","sticky":false,"template":"","format":"standard","meta":{"_price":"","_stock":"","_tribe_ticket_header":"","_tribe_default_ticket_provider":"","_tribe_ticket_capacity":"0","_ticket_start_date":"","_ticket_end_date":"","_tribe_ticket_show_description":"","_tribe_ticket_show_not_going":false,"_tribe_ticket_use_global_stock":"","_tribe_ticket_global_stock_level":"","_global_stock_mode":"","_global_stock_cap":"","_tribe_rsvp_for_event":"","_tribe_ticket_going_count":"","_tribe_ticket_not_going_count":"","_tribe_tickets_list":"[]","_tribe_ticket_has_attendee_info_fields":false,"h5ap_radio_sources":[],"_jetpack_newsletter_access":"","_jetpack_dont_email_post_to_subs":false,"_jetpack_newsletter_tier_id":0,"_jetpack_memberships_contains_paywalled_content":false,"_jetpack_memberships_contains_paid_content":false,"footnotes":""},"categories":[21,5],"tags":[],"class_list":["post-45797","post","type-post","status-publish","format-standard","has-post-thumbnail","hentry","category-actualidad","category-ganaderia"],"jetpack_featured_media_url":"https:\/\/i0.wp.com\/lahoradelcampo.com.uy\/site\/wp-content\/uploads\/2022\/09\/AAS-Expolanzamiento.jpg?fit=880%2C440&ssl=1","jetpack_sharing_enabled":true,"jetpack_shortlink":"https:\/\/wp.me\/p99IaT-bUF","jetpack-related-posts":[{"id":45757,"url":"https:\/\/lahoradelcampo.com.uy\/site\/menos-de-una-semana-para-el-inicio-de-la-expo-salto-2022\/","url_meta":{"origin":45797,"position":0},"title":"Menos de una semana para el inicio de la Expo Salto 2022","author":"La Hora del Campo","date":"23 septiembre, 2022","format":false,"excerpt":"El pr\u00f3ximo jueves 29 de setiembre comienza la 114 edici\u00f3n de la Exposici\u00f3n ganadera, industrial, comercial y artesanal de Salto, en el predio de la Asociaci\u00f3n Agropecuaria de Salto, con una importante agenda de actividades desde el punto de vista comercial y art\u00edstica, que sumado a la fuerte presencia de\u2026","rel":"","context":"En \u00abActualidad\u00bb","block_context":{"text":"Actualidad","link":"https:\/\/lahoradelcampo.com.uy\/site\/category\/actualidad\/"},"img":{"alt_text":"","src":"https:\/\/i0.wp.com\/lahoradelcampo.com.uy\/site\/wp-content\/uploads\/2022\/09\/Salto-Expo.jpg?fit=880%2C440&ssl=1&resize=350%2C200","width":350,"height":200,"srcset":"https:\/\/i0.wp.com\/lahoradelcampo.com.uy\/site\/wp-content\/uploads\/2022\/09\/Salto-Expo.jpg?fit=880%2C440&ssl=1&resize=350%2C200 1x, https:\/\/i0.wp.com\/lahoradelcampo.com.uy\/site\/wp-content\/uploads\/2022\/09\/Salto-Expo.jpg?fit=880%2C440&ssl=1&resize=525%2C300 1.5x, https:\/\/i0.wp.com\/lahoradelcampo.com.uy\/site\/wp-content\/uploads\/2022\/09\/Salto-Expo.jpg?fit=880%2C440&ssl=1&resize=700%2C400 2x"},"classes":[]},{"id":50128,"url":"https:\/\/lahoradelcampo.com.uy\/site\/la-expo-nacional-hereford-2023-promete-un-fin-de-semana-lleno-de-actividades\/","url_meta":{"origin":45797,"position":1},"title":"La Expo Nacional Hereford 2023 promete un fin de semana lleno de actividades","author":"La Hora del Campo","date":"21 abril, 2023","format":false,"excerpt":"La Expo Nacional Hereford 2023 se llevar\u00e1 a cabo los d\u00edas 19 y 20 de mayo en la Asociaci\u00f3n Agropecuaria de Salto. El evento es organizado por la Sociedad de Criadores de Hereford del Uruguay y la Asociaci\u00f3n Agropecuaria de Salto, y auspiciado por la Asociaci\u00f3n Rural del Uruguay. Esta\u2026","rel":"","context":"En \u00abActualidad\u00bb","block_context":{"text":"Actualidad","link":"https:\/\/lahoradelcampo.com.uy\/site\/category\/actualidad\/"},"img":{"alt_text":"","src":"https:\/\/i0.wp.com\/lahoradelcampo.com.uy\/site\/wp-content\/uploads\/2023\/04\/Hereford-nacional.jpg?fit=880%2C440&ssl=1&resize=350%2C200","width":350,"height":200,"srcset":"https:\/\/i0.wp.com\/lahoradelcampo.com.uy\/site\/wp-content\/uploads\/2023\/04\/Hereford-nacional.jpg?fit=880%2C440&ssl=1&resize=350%2C200 1x, https:\/\/i0.wp.com\/lahoradelcampo.com.uy\/site\/wp-content\/uploads\/2023\/04\/Hereford-nacional.jpg?fit=880%2C440&ssl=1&resize=525%2C300 1.5x, https:\/\/i0.wp.com\/lahoradelcampo.com.uy\/site\/wp-content\/uploads\/2023\/04\/Hereford-nacional.jpg?fit=880%2C440&ssl=1&resize=700%2C400 2x"},"classes":[]},{"id":56967,"url":"https:\/\/lahoradelcampo.com.uy\/site\/expo-salto-2025-se-prepara-con-amplia-agenda-ganadera-comercial-y-cultural\/","url_meta":{"origin":45797,"position":2},"title":"Expo Salto 2025 se prepara con amplia agenda ganadera, comercial y cultural","author":"La Hora del Campo","date":"30 septiembre, 2025","format":false,"excerpt":"La Asociaci\u00f3n Agropecuaria de Salto lanz\u00f3 oficialmente la 117\u00aa edici\u00f3n de la Expo Salto, que se desarrollar\u00e1 entre el 2 y el 5 de octubre de 2025, con un acto previo el d\u00eda 1\u00ba de octubre, en conjunto con el Centro Comercial e Industrial de Salto. El presidente de la\u2026","rel":"","context":"En \u00abActualidad\u00bb","block_context":{"text":"Actualidad","link":"https:\/\/lahoradelcampo.com.uy\/site\/category\/actualidad\/"},"img":{"alt_text":"","src":"https:\/\/i0.wp.com\/lahoradelcampo.com.uy\/site\/wp-content\/uploads\/2025\/09\/ExpoSalto1.jpg?fit=880%2C440&ssl=1&resize=350%2C200","width":350,"height":200,"srcset":"https:\/\/i0.wp.com\/lahoradelcampo.com.uy\/site\/wp-content\/uploads\/2025\/09\/ExpoSalto1.jpg?fit=880%2C440&ssl=1&resize=350%2C200 1x, https:\/\/i0.wp.com\/lahoradelcampo.com.uy\/site\/wp-content\/uploads\/2025\/09\/ExpoSalto1.jpg?fit=880%2C440&ssl=1&resize=525%2C300 1.5x, https:\/\/i0.wp.com\/lahoradelcampo.com.uy\/site\/wp-content\/uploads\/2025\/09\/ExpoSalto1.jpg?fit=880%2C440&ssl=1&resize=700%2C400 2x"},"classes":[]},{"id":34657,"url":"https:\/\/lahoradelcampo.com.uy\/site\/expo-salto-con-la-presencia-del-presidente-de-la-republica\/","url_meta":{"origin":45797,"position":3},"title":"Expo Salto: Con la presencia del Presidente de la Rep\u00fablica","author":"La Hora del Campo","date":"27 septiembre, 2021","format":false,"excerpt":"En este 2021, la Asociaci\u00f3n Agropecuaria de Salto festeja sus ciento veinte a\u00f1os de vida, con una 113 edici\u00f3n de la Exposici\u00f3n de Ganader\u00eda, Comercio, Industria y Servicios, que tendr\u00e1 como destaque principal, la presencia del Presidente de la Rep\u00fablica, Dr. Luis Lacalle Pou, el d\u00eda jueves 30 de setiembre\u2026","rel":"","context":"En \u00abActualidad\u00bb","block_context":{"text":"Actualidad","link":"https:\/\/lahoradelcampo.com.uy\/site\/category\/actualidad\/"},"img":{"alt_text":"","src":"https:\/\/i0.wp.com\/lahoradelcampo.com.uy\/site\/wp-content\/uploads\/2021\/09\/AAS-Lanzamiento.jpg?fit=880%2C440&ssl=1&resize=350%2C200","width":350,"height":200,"srcset":"https:\/\/i0.wp.com\/lahoradelcampo.com.uy\/site\/wp-content\/uploads\/2021\/09\/AAS-Lanzamiento.jpg?fit=880%2C440&ssl=1&resize=350%2C200 1x, https:\/\/i0.wp.com\/lahoradelcampo.com.uy\/site\/wp-content\/uploads\/2021\/09\/AAS-Lanzamiento.jpg?fit=880%2C440&ssl=1&resize=525%2C300 1.5x, https:\/\/i0.wp.com\/lahoradelcampo.com.uy\/site\/wp-content\/uploads\/2021\/09\/AAS-Lanzamiento.jpg?fit=880%2C440&ssl=1&resize=700%2C400 2x"},"classes":[]},{"id":33571,"url":"https:\/\/lahoradelcampo.com.uy\/site\/la-expo-salto-con-los-espacios-en-exteriores-agotados\/","url_meta":{"origin":45797,"position":4},"title":"La Expo Salto con los espacios en exteriores agotados","author":"La Hora del Campo","date":"31 agosto, 2021","format":false,"excerpt":"La Expo Salto se prepara para una nueva edici\u00f3n desde el 30 de setiembre al 3 de octubre, con una muestra agroindustrial y comercial muy importante como es habitual, pero adem\u00e1s con eventos art\u00edsticos de primer nivel ya confirmados. A un mes de la inauguraci\u00f3n de la muestra, se informa\u2026","rel":"","context":"En \u00abActualidad\u00bb","block_context":{"text":"Actualidad","link":"https:\/\/lahoradelcampo.com.uy\/site\/category\/actualidad\/"},"img":{"alt_text":"","src":"https:\/\/i0.wp.com\/lahoradelcampo.com.uy\/site\/wp-content\/uploads\/2020\/10\/exposaltoweb.jpg?fit=880%2C440&ssl=1&resize=350%2C200","width":350,"height":200,"srcset":"https:\/\/i0.wp.com\/lahoradelcampo.com.uy\/site\/wp-content\/uploads\/2020\/10\/exposaltoweb.jpg?fit=880%2C440&ssl=1&resize=350%2C200 1x, https:\/\/i0.wp.com\/lahoradelcampo.com.uy\/site\/wp-content\/uploads\/2020\/10\/exposaltoweb.jpg?fit=880%2C440&ssl=1&resize=525%2C300 1.5x, https:\/\/i0.wp.com\/lahoradelcampo.com.uy\/site\/wp-content\/uploads\/2020\/10\/exposaltoweb.jpg?fit=880%2C440&ssl=1&resize=700%2C400 2x"},"classes":[]},{"id":31822,"url":"https:\/\/lahoradelcampo.com.uy\/site\/del-30-de-setiembre-al-3-de-octubre-se-desarrollara-la-expo-salto-2021\/","url_meta":{"origin":45797,"position":5},"title":"Del 30 de setiembre al 3 de octubre se desarrollar\u00e1 la Expo Salto 2021","author":"La Hora del Campo","date":"5 julio, 2021","format":false,"excerpt":"El pasado 7 de mayo se anunci\u00f3 en La Hora del Campo, la fecha de realizaci\u00f3n de la 113 edici\u00f3n de la Expo Salto 2021, la cual fue confirmada el viernes el viernes en conferencia de prensa. M\u00f3nica Silva indic\u00f3 que la gremial tiene la \"esperanza\" de que los n\u00fameros\u2026","rel":"","context":"En \u00abActualidad\u00bb","block_context":{"text":"Actualidad","link":"https:\/\/lahoradelcampo.com.uy\/site\/category\/actualidad\/"},"img":{"alt_text":"","src":"https:\/\/i0.wp.com\/lahoradelcampo.com.uy\/site\/wp-content\/uploads\/2021\/07\/AAS-Expo.jpg?fit=880%2C440&ssl=1&resize=350%2C200","width":350,"height":200,"srcset":"https:\/\/i0.wp.com\/lahoradelcampo.com.uy\/site\/wp-content\/uploads\/2021\/07\/AAS-Expo.jpg?fit=880%2C440&ssl=1&resize=350%2C200 1x, https:\/\/i0.wp.com\/lahoradelcampo.com.uy\/site\/wp-content\/uploads\/2021\/07\/AAS-Expo.jpg?fit=880%2C440&ssl=1&resize=525%2C300 1.5x, https:\/\/i0.wp.com\/lahoradelcampo.com.uy\/site\/wp-content\/uploads\/2021\/07\/AAS-Expo.jpg?fit=880%2C440&ssl=1&resize=700%2C400 2x"},"classes":[]}],"jetpack_likes_enabled":true,"_links":{"self":[{"href":"https:\/\/lahoradelcampo.com.uy\/site\/wp-json\/wp\/v2\/posts\/45797","targetHints":{"allow":["GET"]}}],"collection":[{"href":"https:\/\/lahoradelcampo.com.uy\/site\/wp-json\/wp\/v2\/posts"}],"about":[{"href":"https:\/\/lahoradelcampo.com.uy\/site\/wp-json\/wp\/v2\/types\/post"}],"author":[{"embeddable":true,"href":"https:\/\/lahoradelcampo.com.uy\/site\/wp-json\/wp\/v2\/users\/5"}],"replies":[{"embeddable":true,"href":"https:\/\/lahoradelcampo.com.uy\/site\/wp-json\/wp\/v2\/comments?post=45797"}],"version-history":[{"count":2,"href":"https:\/\/lahoradelcampo.com.uy\/site\/wp-json\/wp\/v2\/posts\/45797\/revisions"}],"predecessor-version":[{"id":45855,"href":"https:\/\/lahoradelcampo.com.uy\/site\/wp-json\/wp\/v2\/posts\/45797\/revisions\/45855"}],"wp:featuredmedia":[{"embeddable":true,"href":"https:\/\/lahoradelcampo.com.uy\/site\/wp-json\/wp\/v2\/media\/45799"}],"wp:attachment":[{"href":"https:\/\/lahoradelcampo.com.uy\/site\/wp-json\/wp\/v2\/media?parent=45797"}],"wp:term":[{"taxonomy":"category","embeddable":true,"href":"https:\/\/lahoradelcampo.com.uy\/site\/wp-json\/wp\/v2\/categories?post=45797"},{"taxonomy":"post_tag","embeddable":true,"href":"https:\/\/lahoradelcampo.com.uy\/site\/wp-json\/wp\/v2\/tags?post=45797"}],"curies":[{"name":"wp","href":"https:\/\/api.w.org\/{rel}","templated":true}]}}