{"id":43301,"date":"2022-06-29T07:21:15","date_gmt":"2022-06-29T10:21:15","guid":{"rendered":"http:\/\/lahoradelcampo.com.uy\/site\/?p=43301"},"modified":"2022-06-29T07:21:20","modified_gmt":"2022-06-29T10:21:20","slug":"valentin-nombro-sus-nuevas-autoridades","status":"publish","type":"post","link":"https:\/\/lahoradelcampo.com.uy\/site\/valentin-nombro-sus-nuevas-autoridades\/","title":{"rendered":"Valent\u00edn nombr\u00f3  sus nuevas autoridades"},"content":{"rendered":"\n<figure class=\"wp-block-image\"><img data-recalc-dims=\"1\" loading=\"lazy\" decoding=\"async\" width=\"810\" height=\"405\" data-attachment-id=\"43303\" data-permalink=\"https:\/\/lahoradelcampo.com.uy\/site\/valentin-nombro-sus-nuevas-autoridades\/valentin-asamblea\/\" data-orig-file=\"https:\/\/i0.wp.com\/lahoradelcampo.com.uy\/site\/wp-content\/uploads\/2022\/06\/Valentin-asamblea.jpg?fit=880%2C440&amp;ssl=1\" data-orig-size=\"880,440\" data-comments-opened=\"1\" data-image-meta=\"{&quot;aperture&quot;:&quot;0&quot;,&quot;credit&quot;:&quot;&quot;,&quot;camera&quot;:&quot;&quot;,&quot;caption&quot;:&quot;&quot;,&quot;created_timestamp&quot;:&quot;0&quot;,&quot;copyright&quot;:&quot;&quot;,&quot;focal_length&quot;:&quot;0&quot;,&quot;iso&quot;:&quot;0&quot;,&quot;shutter_speed&quot;:&quot;0&quot;,&quot;title&quot;:&quot;&quot;,&quot;orientation&quot;:&quot;1&quot;}\" data-image-title=\"Valentin asamblea\" data-image-description=\"\" data-image-caption=\"\" data-large-file=\"https:\/\/i0.wp.com\/lahoradelcampo.com.uy\/site\/wp-content\/uploads\/2022\/06\/Valentin-asamblea.jpg?fit=810%2C405&amp;ssl=1\" src=\"https:\/\/i0.wp.com\/lahoradelcampo.com.uy\/site\/wp-content\/uploads\/2022\/06\/Valentin-asamblea.jpg?resize=810%2C405\" alt=\"\" class=\"wp-image-43303\" srcset=\"https:\/\/i0.wp.com\/lahoradelcampo.com.uy\/site\/wp-content\/uploads\/2022\/06\/Valentin-asamblea.jpg?w=880&amp;ssl=1 880w, https:\/\/i0.wp.com\/lahoradelcampo.com.uy\/site\/wp-content\/uploads\/2022\/06\/Valentin-asamblea.jpg?resize=300%2C150&amp;ssl=1 300w, https:\/\/i0.wp.com\/lahoradelcampo.com.uy\/site\/wp-content\/uploads\/2022\/06\/Valentin-asamblea.jpg?resize=768%2C384&amp;ssl=1 768w, https:\/\/i0.wp.com\/lahoradelcampo.com.uy\/site\/wp-content\/uploads\/2022\/06\/Valentin-asamblea.jpg?resize=820%2C410&amp;ssl=1 820w\" sizes=\"auto, (max-width: 810px) 100vw, 810px\" \/><\/figure>\n\n\n\n<p>Con fecha 24 de junio de 2022 se realiz\u00f3 la 78\u00aa Asamblea Gral. Ordinaria y se eligi\u00f3 el Directorio para el periodo 2022-2023. En el d\u00eda de la fecha se realiza la distribuci\u00f3n de cargos, quedando la integraci\u00f3n del mismo de la siguiente manera:<br><\/p>\n\n\n\n<p>TITULARES <br><\/p>\n\n\n\n<p>Presidente: Gabriel Silveira<br><\/p>\n\n\n\n<p>Vicepresidente: Eduardo Muguerza<br><\/p>\n\n\n\n<p>Tesorero: Facundo Meirelles<br><\/p>\n\n\n\n<p>Secretario: Andrea Bortagaray<br><\/p>\n\n\n\n<p>Vocales: Alfredo Abelleira &#8211; Diego Muguerza &#8211; Pablo Torres<br><\/p>\n\n\n\n<p>SUPLENTES<br><\/p>\n\n\n\n<p>Martin Bortagaray &#8211; Adolfo Bortagaray Sabarr\u00f3s &#8211; Walter Texeira N\u00fa\u00f1ez &#8211; Luis Pablo Bonet &#8211; Juan Cruz Lorenzelli &#8211;  Graciana Hourcade &#8211; Facundo Lizasoain<br><\/p>\n\n\n\n<p>COMISION FISCAL<br><\/p>\n\n\n\n<p>Titulares: Patricia Gorriti &#8211; Joaqu\u00edn Martinicorena &#8211; Daniel Constantin<\/p>\n\n\n\n<p>Salto, 29 de julio de 2022<\/p>\n","protected":false},"excerpt":{"rendered":"<p>Con fecha 24 de junio de 2022 se realiz\u00f3 la 78\u00aa Asamblea Gral. Ordinaria y se eligi\u00f3 el Directorio para el periodo 2022-2023. En el d\u00eda de la fecha se [&hellip;]<\/p>\n","protected":false},"author":5,"featured_media":43303,"comment_status":"open","ping_status":"open","sticky":false,"template":"","format":"standard","meta":{"_price":"","_stock":"","_tribe_ticket_header":"","_tribe_default_ticket_provider":"","_tribe_ticket_capacity":"0","_ticket_start_date":"","_ticket_end_date":"","_tribe_ticket_show_description":"","_tribe_ticket_show_not_going":false,"_tribe_ticket_use_global_stock":"","_tribe_ticket_global_stock_level":"","_global_stock_mode":"","_global_stock_cap":"","_tribe_rsvp_for_event":"","_tribe_ticket_going_count":"","_tribe_ticket_not_going_count":"","_tribe_tickets_list":"[]","_tribe_ticket_has_attendee_info_fields":false,"h5ap_radio_sources":[],"_jetpack_newsletter_access":"","_jetpack_dont_email_post_to_subs":false,"_jetpack_newsletter_tier_id":0,"_jetpack_memberships_contains_paywalled_content":false,"_jetpack_memberships_contains_paid_content":false,"footnotes":""},"categories":[21,5],"tags":[],"class_list":["post-43301","post","type-post","status-publish","format-standard","has-post-thumbnail","hentry","category-actualidad","category-ganaderia"],"jetpack_featured_media_url":"https:\/\/i0.wp.com\/lahoradelcampo.com.uy\/site\/wp-content\/uploads\/2022\/06\/Valentin-asamblea.jpg?fit=880%2C440&ssl=1","jetpack_sharing_enabled":true,"jetpack_shortlink":"https:\/\/wp.me\/p99IaT-bgp","jetpack-related-posts":[{"id":1533,"url":"https:\/\/lahoradelcampo.com.uy\/site\/el-rodeo-rematara-el-27-de-setiembre-en-valentin\/","url_meta":{"origin":43301,"position":0},"title":"El Rodeo rematar\u00e1 el 27 de setiembre en Valent\u00edn","author":"La Hora del Campo","date":"20 septiembre, 2017","format":false,"excerpt":"El escritorio El Rodeo realizar\u00e1 el pr\u00f3ximo mi\u00e9rcoles 27 de setiembre, un nuevo remate en el Local Valent\u00edn, con una oferta inscripta de 320 reses vacunas, comenzando con una nueva etapa en la firma. La firma se ha trasladado a un nuevo local ubicado en Santos Errandonea 488 esquina Barbieri,\u2026","rel":"","context":"En \u00abActualidad\u00bb","block_context":{"text":"Actualidad","link":"https:\/\/lahoradelcampo.com.uy\/site\/category\/actualidad\/"},"img":{"alt_text":"","src":"https:\/\/i0.wp.com\/lahoradelcampo.com.uy\/site\/wp-content\/uploads\/2017\/09\/Esc-El-Rodeo.jpg?fit=880%2C440&ssl=1&resize=350%2C200","width":350,"height":200,"srcset":"https:\/\/i0.wp.com\/lahoradelcampo.com.uy\/site\/wp-content\/uploads\/2017\/09\/Esc-El-Rodeo.jpg?fit=880%2C440&ssl=1&resize=350%2C200 1x, https:\/\/i0.wp.com\/lahoradelcampo.com.uy\/site\/wp-content\/uploads\/2017\/09\/Esc-El-Rodeo.jpg?fit=880%2C440&ssl=1&resize=525%2C300 1.5x, https:\/\/i0.wp.com\/lahoradelcampo.com.uy\/site\/wp-content\/uploads\/2017\/09\/Esc-El-Rodeo.jpg?fit=880%2C440&ssl=1&resize=700%2C400 2x"},"classes":[]},{"id":1837,"url":"https:\/\/lahoradelcampo.com.uy\/site\/el-rodeo-comercializo-el-100-de-la-oferta-en-valentin\/","url_meta":{"origin":43301,"position":1},"title":"El Rodeo comercializ\u00f3 el 100% de la oferta en Valent\u00edn","author":"La Hora del Campo","date":"28 septiembre, 2017","format":false,"excerpt":"El clima c\u00e1lido reinante el d\u00eda martes, se volvi\u00f3 una tarde gris y fr\u00eda en la jornada de ayer mi\u00e9rcoles, sin embargo el mercado se mostr\u00f3 \u00e1gil y con buenos valores en el local Valent\u00edn, durante el remate realizado por el escritorio El Rodeo. Con una muy buena afluencia de\u2026","rel":"","context":"En \u00abActualidad\u00bb","block_context":{"text":"Actualidad","link":"https:\/\/lahoradelcampo.com.uy\/site\/category\/actualidad\/"},"img":{"alt_text":"","src":"https:\/\/i0.wp.com\/lahoradelcampo.com.uy\/site\/wp-content\/uploads\/2017\/09\/Valentin.jpg?fit=880%2C440&ssl=1&resize=350%2C200","width":350,"height":200,"srcset":"https:\/\/i0.wp.com\/lahoradelcampo.com.uy\/site\/wp-content\/uploads\/2017\/09\/Valentin.jpg?fit=880%2C440&ssl=1&resize=350%2C200 1x, https:\/\/i0.wp.com\/lahoradelcampo.com.uy\/site\/wp-content\/uploads\/2017\/09\/Valentin.jpg?fit=880%2C440&ssl=1&resize=525%2C300 1.5x, https:\/\/i0.wp.com\/lahoradelcampo.com.uy\/site\/wp-content\/uploads\/2017\/09\/Valentin.jpg?fit=880%2C440&ssl=1&resize=700%2C400 2x"},"classes":[]},{"id":21304,"url":"https:\/\/lahoradelcampo.com.uy\/site\/la-asociacion-fomento-rural-de-valentin-realizo-ayer-su-asamblea-anual\/","url_meta":{"origin":43301,"position":2},"title":"La Asociaci\u00f3n Fomento Rural de Valent\u00edn realiz\u00f3 ayer su asamblea anual","author":"La Hora del Campo","date":"25 junio, 2020","format":false,"excerpt":"La Asociaci\u00f3n Fomento Rural de Valent\u00edn realiz\u00f3 su asamblea anual, con la presencia de los directivos y algunos socios de la gremial que se acercaron ayer al local de la gremial. Luego de las presentaciones del balance y memoria anual de la gremial, como es tradicional, se plantearon algunos temas\u2026","rel":"","context":"En \u00abActualidad\u00bb","block_context":{"text":"Actualidad","link":"https:\/\/lahoradelcampo.com.uy\/site\/category\/actualidad\/"},"img":{"alt_text":"","src":"https:\/\/i0.wp.com\/lahoradelcampo.com.uy\/site\/wp-content\/uploads\/2020\/06\/Valentinweb.jpg?fit=880%2C440&ssl=1&resize=350%2C200","width":350,"height":200,"srcset":"https:\/\/i0.wp.com\/lahoradelcampo.com.uy\/site\/wp-content\/uploads\/2020\/06\/Valentinweb.jpg?fit=880%2C440&ssl=1&resize=350%2C200 1x, https:\/\/i0.wp.com\/lahoradelcampo.com.uy\/site\/wp-content\/uploads\/2020\/06\/Valentinweb.jpg?fit=880%2C440&ssl=1&resize=525%2C300 1.5x, https:\/\/i0.wp.com\/lahoradelcampo.com.uy\/site\/wp-content\/uploads\/2020\/06\/Valentinweb.jpg?fit=880%2C440&ssl=1&resize=700%2C400 2x"},"classes":[]},{"id":33359,"url":"https:\/\/lahoradelcampo.com.uy\/site\/la-aas-definio-la-conformacion-de-su-junta-directiva-2021-2023\/","url_meta":{"origin":43301,"position":3},"title":"La AAS defini\u00f3 la conformaci\u00f3n de su junta directiva 2021-2023","author":"La Hora del Campo","date":"24 agosto, 2021","format":false,"excerpt":"La Asociaci\u00f3n Agropecuaria de Salto (AAS) realiz\u00f3 el pasado viernes su asamblea y defini\u00f3 nuevas autoridades que estar\u00e1n encabezadas por el Ing. Agr. Ramiro Azambuja como presidente. Ayer lunes, luego de la reuni\u00f3n semanal, se defini\u00f3 la conformaci\u00f3n de la Junta Directiva. Presidente: RAMIRO AZAMBUJAVicepresidente: DANIEL CONSTANTINSecretario: JORGE LORENZELLITesorero: FEDERIO\u2026","rel":"","context":"En \u00abActualidad\u00bb","block_context":{"text":"Actualidad","link":"https:\/\/lahoradelcampo.com.uy\/site\/category\/actualidad\/"},"img":{"alt_text":"","src":"https:\/\/i0.wp.com\/lahoradelcampo.com.uy\/site\/wp-content\/uploads\/2020\/10\/exposaltoweb.jpg?fit=880%2C440&ssl=1&resize=350%2C200","width":350,"height":200,"srcset":"https:\/\/i0.wp.com\/lahoradelcampo.com.uy\/site\/wp-content\/uploads\/2020\/10\/exposaltoweb.jpg?fit=880%2C440&ssl=1&resize=350%2C200 1x, https:\/\/i0.wp.com\/lahoradelcampo.com.uy\/site\/wp-content\/uploads\/2020\/10\/exposaltoweb.jpg?fit=880%2C440&ssl=1&resize=525%2C300 1.5x, https:\/\/i0.wp.com\/lahoradelcampo.com.uy\/site\/wp-content\/uploads\/2020\/10\/exposaltoweb.jpg?fit=880%2C440&ssl=1&resize=700%2C400 2x"},"classes":[]},{"id":2301,"url":"https:\/\/lahoradelcampo.com.uy\/site\/la-milagrosa-y-santa-maria-del-yaguari-campeonaron-en-corriedale\/","url_meta":{"origin":43301,"position":4},"title":"La Milagrosa y Santa Mar\u00eda del  Yaguar\u00ed campeonaron en Corriedale","author":"La Hora del Campo","date":"7 octubre, 2017","format":false,"excerpt":"En la pista del Corriedale, el jurado fue el productor salte\u00f1o Eduardo Muguerza, qui\u00e9n premio los mejores productos de la raza presentado en la exposici\u00f3n, resaltando durante la jura la buena conformaci\u00f3n, tama\u00f1o y vellones en los principales animales. La caba\u00f1a La Milagrosa de Alejandro Stirling obtuvo en la pista\u2026","rel":"","context":"En \u00abActualidad\u00bb","block_context":{"text":"Actualidad","link":"https:\/\/lahoradelcampo.com.uy\/site\/category\/actualidad\/"},"img":{"alt_text":"","src":"https:\/\/i0.wp.com\/lahoradelcampo.com.uy\/site\/wp-content\/uploads\/2017\/10\/Lamilagrosa.jpg?fit=880%2C440&ssl=1&resize=350%2C200","width":350,"height":200,"srcset":"https:\/\/i0.wp.com\/lahoradelcampo.com.uy\/site\/wp-content\/uploads\/2017\/10\/Lamilagrosa.jpg?fit=880%2C440&ssl=1&resize=350%2C200 1x, https:\/\/i0.wp.com\/lahoradelcampo.com.uy\/site\/wp-content\/uploads\/2017\/10\/Lamilagrosa.jpg?fit=880%2C440&ssl=1&resize=525%2C300 1.5x, https:\/\/i0.wp.com\/lahoradelcampo.com.uy\/site\/wp-content\/uploads\/2017\/10\/Lamilagrosa.jpg?fit=880%2C440&ssl=1&resize=700%2C400 2x"},"classes":[]},{"id":1877,"url":"https:\/\/lahoradelcampo.com.uy\/site\/comienza-hoy-el-congreso-de-la-federacion-rural-de-jovenes\/","url_meta":{"origin":43301,"position":5},"title":"Comienza hoy el Congreso de la Federaci\u00f3n Rural de J\u00f3venes","author":"La Hora del Campo ADMIN","date":"29 septiembre, 2017","format":false,"excerpt":"En\u00a0la jornada de hoy, comienza el Congreso de la Federaci\u00f3n Rural de J\u00f3venes. Se desarrollar\u00e1 en el predio de ferial de la Asociaci\u00f3n Agropecuaria de Salto. La nominaci\u00f3n para que Salto fuera sede del congreso se realiz\u00f3 el a\u00f1o pasado, en la localidad de Zapic\u00e1n. Nicol\u00e1s Ambrosoni Muguerza, presidente de\u2026","rel":"","context":"En \u00abActualidad\u00bb","block_context":{"text":"Actualidad","link":"https:\/\/lahoradelcampo.com.uy\/site\/category\/actualidad\/"},"img":{"alt_text":"","src":"https:\/\/i0.wp.com\/lahoradelcampo.com.uy\/site\/wp-content\/uploads\/2017\/09\/IMG_20170929_084106-1.jpg?fit=1200%2C646&ssl=1&resize=350%2C200","width":350,"height":200,"srcset":"https:\/\/i0.wp.com\/lahoradelcampo.com.uy\/site\/wp-content\/uploads\/2017\/09\/IMG_20170929_084106-1.jpg?fit=1200%2C646&ssl=1&resize=350%2C200 1x, https:\/\/i0.wp.com\/lahoradelcampo.com.uy\/site\/wp-content\/uploads\/2017\/09\/IMG_20170929_084106-1.jpg?fit=1200%2C646&ssl=1&resize=525%2C300 1.5x, https:\/\/i0.wp.com\/lahoradelcampo.com.uy\/site\/wp-content\/uploads\/2017\/09\/IMG_20170929_084106-1.jpg?fit=1200%2C646&ssl=1&resize=700%2C400 2x, https:\/\/i0.wp.com\/lahoradelcampo.com.uy\/site\/wp-content\/uploads\/2017\/09\/IMG_20170929_084106-1.jpg?fit=1200%2C646&ssl=1&resize=1050%2C600 3x"},"classes":[]}],"jetpack_likes_enabled":true,"_links":{"self":[{"href":"https:\/\/lahoradelcampo.com.uy\/site\/wp-json\/wp\/v2\/posts\/43301","targetHints":{"allow":["GET"]}}],"collection":[{"href":"https:\/\/lahoradelcampo.com.uy\/site\/wp-json\/wp\/v2\/posts"}],"about":[{"href":"https:\/\/lahoradelcampo.com.uy\/site\/wp-json\/wp\/v2\/types\/post"}],"author":[{"embeddable":true,"href":"https:\/\/lahoradelcampo.com.uy\/site\/wp-json\/wp\/v2\/users\/5"}],"replies":[{"embeddable":true,"href":"https:\/\/lahoradelcampo.com.uy\/site\/wp-json\/wp\/v2\/comments?post=43301"}],"version-history":[{"count":1,"href":"https:\/\/lahoradelcampo.com.uy\/site\/wp-json\/wp\/v2\/posts\/43301\/revisions"}],"predecessor-version":[{"id":43305,"href":"https:\/\/lahoradelcampo.com.uy\/site\/wp-json\/wp\/v2\/posts\/43301\/revisions\/43305"}],"wp:featuredmedia":[{"embeddable":true,"href":"https:\/\/lahoradelcampo.com.uy\/site\/wp-json\/wp\/v2\/media\/43303"}],"wp:attachment":[{"href":"https:\/\/lahoradelcampo.com.uy\/site\/wp-json\/wp\/v2\/media?parent=43301"}],"wp:term":[{"taxonomy":"category","embeddable":true,"href":"https:\/\/lahoradelcampo.com.uy\/site\/wp-json\/wp\/v2\/categories?post=43301"},{"taxonomy":"post_tag","embeddable":true,"href":"https:\/\/lahoradelcampo.com.uy\/site\/wp-json\/wp\/v2\/tags?post=43301"}],"curies":[{"name":"wp","href":"https:\/\/api.w.org\/{rel}","templated":true}]}}