{"id":43291,"date":"2022-06-29T07:04:06","date_gmt":"2022-06-29T10:04:06","guid":{"rendered":"http:\/\/lahoradelcampo.com.uy\/site\/?p=43291"},"modified":"2022-06-29T07:04:12","modified_gmt":"2022-06-29T10:04:12","slug":"sul-recomienda-ecografias-para-atender-los-vientres-de-manera-diferencial","status":"publish","type":"post","link":"https:\/\/lahoradelcampo.com.uy\/site\/sul-recomienda-ecografias-para-atender-los-vientres-de-manera-diferencial\/","title":{"rendered":"SUL recomienda ecograf\u00edas para atender los vientres de manera diferencial"},"content":{"rendered":"\n<figure class=\"wp-block-image\"><img data-recalc-dims=\"1\" loading=\"lazy\" decoding=\"async\" width=\"810\" height=\"405\" data-attachment-id=\"16114\" data-permalink=\"https:\/\/lahoradelcampo.com.uy\/site\/barco-con-14-mil-ovejas-naufraga-en-el-mar-de-rumania\/ovinos-b-2\/\" data-orig-file=\"https:\/\/i0.wp.com\/lahoradelcampo.com.uy\/site\/wp-content\/uploads\/2019\/11\/ovinos-b.jpg?fit=880%2C440&amp;ssl=1\" data-orig-size=\"880,440\" data-comments-opened=\"1\" data-image-meta=\"{&quot;aperture&quot;:&quot;0&quot;,&quot;credit&quot;:&quot;&quot;,&quot;camera&quot;:&quot;&quot;,&quot;caption&quot;:&quot;&quot;,&quot;created_timestamp&quot;:&quot;0&quot;,&quot;copyright&quot;:&quot;&quot;,&quot;focal_length&quot;:&quot;0&quot;,&quot;iso&quot;:&quot;0&quot;,&quot;shutter_speed&quot;:&quot;0&quot;,&quot;title&quot;:&quot;&quot;,&quot;orientation&quot;:&quot;1&quot;}\" data-image-title=\"ovinos b\" data-image-description=\"\" data-image-caption=\"\" data-large-file=\"https:\/\/i0.wp.com\/lahoradelcampo.com.uy\/site\/wp-content\/uploads\/2019\/11\/ovinos-b.jpg?fit=810%2C405&amp;ssl=1\" src=\"https:\/\/i0.wp.com\/lahoradelcampo.com.uy\/site\/wp-content\/uploads\/2019\/11\/ovinos-b.jpg?resize=810%2C405\" alt=\"\" class=\"wp-image-16114\" srcset=\"https:\/\/i0.wp.com\/lahoradelcampo.com.uy\/site\/wp-content\/uploads\/2019\/11\/ovinos-b.jpg?w=880&amp;ssl=1 880w, https:\/\/i0.wp.com\/lahoradelcampo.com.uy\/site\/wp-content\/uploads\/2019\/11\/ovinos-b.jpg?resize=300%2C150&amp;ssl=1 300w, https:\/\/i0.wp.com\/lahoradelcampo.com.uy\/site\/wp-content\/uploads\/2019\/11\/ovinos-b.jpg?resize=768%2C384&amp;ssl=1 768w, https:\/\/i0.wp.com\/lahoradelcampo.com.uy\/site\/wp-content\/uploads\/2019\/11\/ovinos-b.jpg?resize=820%2C410&amp;ssl=1 820w\" sizes=\"auto, (max-width: 810px) 100vw, 810px\" \/><\/figure>\n\n\n\n<p>Como es tradicional, el Secretariado Uruguayo de la Lana (SUL) realiza todos los meses recomendaciones de manejo del rubro ovino, para alcanzar mayores niveles de productividad. <br><\/p>\n\n\n\n<p>En este sentido se recomienda para el mes de julio coordinar la realizaci\u00f3n de ecograf\u00edas, que deben ubicarse entre 70 a 100 d\u00edas de inicio del servicio, o entre los 30 a 60 d\u00edas de retirados los carneros, para lo que son los servicios de abril\/mayo.<br><\/p>\n\n\n\n<p>En base a estos resultados, mejorar la alimentaci\u00f3n de ovejas en baja condici\u00f3n corporal &#8211; menor a 3- y ovejas gestando mellizos, con pasturas y\/o granos.<br><\/p>\n\n\n\n<p>En caso de ser necesario, planificar la suplementaci\u00f3n de la majada de al menos un per\u00edodos de 30 d\u00edas previo al parto, con raci\u00f3n o grano entero (ma\u00edz, sorgo, afrechillos; tener en cuenta que la majada sepa comer, de lo contrario ense\u00f1ar son suficiente anticipaci\u00f3n)<br><\/p>\n\n\n\n<p>Realizar esquila preparto al menos 30 d\u00edas antes del comienzo de la parici\u00f3n. Limpieza a fondo de puntas quemadas en hembras previo a la esquila pre parto.<br><\/p>\n\n\n\n<p>Procurar protecci\u00f3n pos esquila: peine Beyuan, R13, capas y encierros. Si usaron capas, extraerlas antes de la parici\u00f3n.<br><\/p>\n\n\n\n<p>Desde el punto de vista sanitario se recuerda que el momento de la esquila preparto es el momento ideal para hacer un tratamiento contra piojo.<br><\/p>\n\n\n\n<p>Dosificaci\u00f3n efectiva contra par\u00e1sitos gastrointestinales y vacunaci\u00f3n contra clostridiosis entre 30 a 15 d\u00edas antes que comience la parici\u00f3n.<\/p>\n\n\n\n<p>Salto, 29 de junio de 2022<\/p>\n","protected":false},"excerpt":{"rendered":"<p>Como es tradicional, el Secretariado Uruguayo de la Lana (SUL) realiza todos los meses recomendaciones de manejo del rubro ovino, para alcanzar mayores niveles de productividad. En este sentido se [&hellip;]<\/p>\n","protected":false},"author":5,"featured_media":16114,"comment_status":"open","ping_status":"open","sticky":false,"template":"","format":"standard","meta":{"_price":"","_stock":"","_tribe_ticket_header":"","_tribe_default_ticket_provider":"","_tribe_ticket_capacity":"0","_ticket_start_date":"","_ticket_end_date":"","_tribe_ticket_show_description":"","_tribe_ticket_show_not_going":false,"_tribe_ticket_use_global_stock":"","_tribe_ticket_global_stock_level":"","_global_stock_mode":"","_global_stock_cap":"","_tribe_rsvp_for_event":"","_tribe_ticket_going_count":"","_tribe_ticket_not_going_count":"","_tribe_tickets_list":"[]","_tribe_ticket_has_attendee_info_fields":false,"h5ap_radio_sources":[],"_jetpack_newsletter_access":"","_jetpack_dont_email_post_to_subs":false,"_jetpack_newsletter_tier_id":0,"_jetpack_memberships_contains_paywalled_content":false,"_jetpack_memberships_contains_paid_content":false,"footnotes":""},"categories":[21,13],"tags":[],"class_list":["post-43291","post","type-post","status-publish","format-standard","has-post-thumbnail","hentry","category-actualidad","category-ovinos"],"jetpack_featured_media_url":"https:\/\/i0.wp.com\/lahoradelcampo.com.uy\/site\/wp-content\/uploads\/2019\/11\/ovinos-b.jpg?fit=880%2C440&ssl=1","jetpack_sharing_enabled":true,"jetpack_shortlink":"https:\/\/wp.me\/p99IaT-bgf","jetpack-related-posts":[{"id":21176,"url":"https:\/\/lahoradelcampo.com.uy\/site\/sul-recomienda-la-realizacion-de-ecografias-para-un-mejor-manejo-de-la-oveja-de-cria\/","url_meta":{"origin":43291,"position":0},"title":"SUL recomienda la realizaci\u00f3n de ecograf\u00edas para un mejor manejo de la oveja de cr\u00eda","author":"La Hora del Campo","date":"22 junio, 2020","format":false,"excerpt":"En el marco de la campa\u00f1a \"Vamos por m\u00e1s corderos\" el Secretariado Uruguayo de la Lana (SUL) ha disponibilizado a trav\u00e9s de su p\u00e1gina web (www.sul.org.uy) una serie de recomendaciones t\u00e9cnicas y el listado de profesionales que realizan la t\u00e9cnica a nivel pa\u00eds. El Dr. Sergio Fierro, t\u00e9cnico de la\u2026","rel":"","context":"En \u00abActualidad\u00bb","block_context":{"text":"Actualidad","link":"https:\/\/lahoradelcampo.com.uy\/site\/category\/actualidad\/"},"img":{"alt_text":"","src":"https:\/\/i0.wp.com\/lahoradelcampo.com.uy\/site\/wp-content\/uploads\/2019\/07\/ovinos-corderos.jpg?fit=880%2C440&ssl=1&resize=350%2C200","width":350,"height":200,"srcset":"https:\/\/i0.wp.com\/lahoradelcampo.com.uy\/site\/wp-content\/uploads\/2019\/07\/ovinos-corderos.jpg?fit=880%2C440&ssl=1&resize=350%2C200 1x, https:\/\/i0.wp.com\/lahoradelcampo.com.uy\/site\/wp-content\/uploads\/2019\/07\/ovinos-corderos.jpg?fit=880%2C440&ssl=1&resize=525%2C300 1.5x, https:\/\/i0.wp.com\/lahoradelcampo.com.uy\/site\/wp-content\/uploads\/2019\/07\/ovinos-corderos.jpg?fit=880%2C440&ssl=1&resize=700%2C400 2x"},"classes":[]},{"id":51564,"url":"https:\/\/lahoradelcampo.com.uy\/site\/recomendaciones-del-sul-para-planificar-el-manejo-del-ovino-en-julio\/","url_meta":{"origin":43291,"position":1},"title":"Recomendaciones del SUL; para planificar el manejo del ovino en julio","author":"La Hora del Campo","date":"2 julio, 2023","format":false,"excerpt":"El Secretariado Uruguayo de la Lana (SUL) ha compartido una serie de recomendaciones t\u00e9cnicas para el manejo adecuado de ovejas durante el mes de julio. Estas directrices buscan optimizar la salud y el rendimiento de los animales, asegurando una producci\u00f3n exitosa en el sector ovino. Una de las recomendaciones clave\u2026","rel":"","context":"En \u00abActualidad\u00bb","block_context":{"text":"Actualidad","link":"https:\/\/lahoradelcampo.com.uy\/site\/category\/actualidad\/"},"img":{"alt_text":"","src":"https:\/\/i0.wp.com\/lahoradelcampo.com.uy\/site\/wp-content\/uploads\/2023\/07\/SUL-Ovinos.jpg?fit=880%2C440&ssl=1&resize=350%2C200","width":350,"height":200,"srcset":"https:\/\/i0.wp.com\/lahoradelcampo.com.uy\/site\/wp-content\/uploads\/2023\/07\/SUL-Ovinos.jpg?fit=880%2C440&ssl=1&resize=350%2C200 1x, https:\/\/i0.wp.com\/lahoradelcampo.com.uy\/site\/wp-content\/uploads\/2023\/07\/SUL-Ovinos.jpg?fit=880%2C440&ssl=1&resize=525%2C300 1.5x, https:\/\/i0.wp.com\/lahoradelcampo.com.uy\/site\/wp-content\/uploads\/2023\/07\/SUL-Ovinos.jpg?fit=880%2C440&ssl=1&resize=700%2C400 2x"},"classes":[]},{"id":30280,"url":"https:\/\/lahoradelcampo.com.uy\/site\/despues-de-una-buena-encarnerada-se-debe-planificar-las-ecografias\/","url_meta":{"origin":43291,"position":2},"title":"Despu\u00e9s de una buena encarnerada se debe planificar las ecograf\u00edas","author":"La Hora del Campo","date":"19 mayo, 2021","format":false,"excerpt":"En estos momentos se est\u00e1n cerrando las encarneradas en el norte del pa\u00eds, indic\u00f3 el Dr. Sergio Fierro, t\u00e9cnico del Secretariado Uruguayo de la Lana (SUL) en dicha zona. El profesional record\u00f3 que los productores ovejeros en estos departamentos tienen, en general, dos per\u00edodos claros de encarneradas, el primero y\u2026","rel":"","context":"En \u00abActualidad\u00bb","block_context":{"text":"Actualidad","link":"https:\/\/lahoradelcampo.com.uy\/site\/category\/actualidad\/"},"img":{"alt_text":"","src":"https:\/\/i0.wp.com\/lahoradelcampo.com.uy\/site\/wp-content\/uploads\/2021\/05\/ovejassul.jpg?fit=880%2C440&ssl=1&resize=350%2C200","width":350,"height":200,"srcset":"https:\/\/i0.wp.com\/lahoradelcampo.com.uy\/site\/wp-content\/uploads\/2021\/05\/ovejassul.jpg?fit=880%2C440&ssl=1&resize=350%2C200 1x, https:\/\/i0.wp.com\/lahoradelcampo.com.uy\/site\/wp-content\/uploads\/2021\/05\/ovejassul.jpg?fit=880%2C440&ssl=1&resize=525%2C300 1.5x, https:\/\/i0.wp.com\/lahoradelcampo.com.uy\/site\/wp-content\/uploads\/2021\/05\/ovejassul.jpg?fit=880%2C440&ssl=1&resize=700%2C400 2x"},"classes":[]},{"id":11453,"url":"https:\/\/lahoradelcampo.com.uy\/site\/se-debe-planificar-potreros-para-la-paricion-de-ovinos-segun-el-sul\/","url_meta":{"origin":43291,"position":3},"title":"Se debe planificar potreros para la parici\u00f3n de ovinos, seg\u00fan el SUL","author":"La Hora del Campo","date":"4 junio, 2019","format":false,"excerpt":"El Secretariado Uruguayo de la Lana dio a conocer sus recomendaciones t\u00e9cnicas para la producci\u00f3n ovina para los meses de junio, julio y agosto, de cara a lo que significaran las pariciones, la esquila pre-parto y la importancia de mantener un buen estatus sanitarios de las majadas de cr\u00eda. En\u2026","rel":"","context":"En \u00abActualidad\u00bb","block_context":{"text":"Actualidad","link":"https:\/\/lahoradelcampo.com.uy\/site\/category\/actualidad\/"},"img":{"alt_text":"","src":"https:\/\/i0.wp.com\/lahoradelcampo.com.uy\/site\/wp-content\/uploads\/2019\/06\/ovinos-b.jpg?fit=880%2C440&ssl=1&resize=350%2C200","width":350,"height":200,"srcset":"https:\/\/i0.wp.com\/lahoradelcampo.com.uy\/site\/wp-content\/uploads\/2019\/06\/ovinos-b.jpg?fit=880%2C440&ssl=1&resize=350%2C200 1x, https:\/\/i0.wp.com\/lahoradelcampo.com.uy\/site\/wp-content\/uploads\/2019\/06\/ovinos-b.jpg?fit=880%2C440&ssl=1&resize=525%2C300 1.5x, https:\/\/i0.wp.com\/lahoradelcampo.com.uy\/site\/wp-content\/uploads\/2019\/06\/ovinos-b.jpg?fit=880%2C440&ssl=1&resize=700%2C400 2x"},"classes":[]},{"id":50869,"url":"https:\/\/lahoradelcampo.com.uy\/site\/sul-junio-un-mes-clave-para-preparar-la-proxima-paricion-en-el-ovino\/","url_meta":{"origin":43291,"position":4},"title":"SUL: Junio, un mes clave para preparar la pr\u00f3xima parici\u00f3n en el ovino","author":"La Hora del Campo","date":"30 mayo, 2023","format":false,"excerpt":"El Secretariado Uruguayo de la Lana (SUL) ha emitido una serie de recomendaciones t\u00e9cnicas para el adecuado manejo del ovino durante el mes de junio. Estas pautas buscan optimizar la producci\u00f3n y el cuidado de las ovejas, garantizar su bienestar y preparar el predio y la majada para la pr\u00f3xima\u2026","rel":"","context":"En \u00abActualidad\u00bb","block_context":{"text":"Actualidad","link":"https:\/\/lahoradelcampo.com.uy\/site\/category\/actualidad\/"},"img":{"alt_text":"","src":"https:\/\/i0.wp.com\/lahoradelcampo.com.uy\/site\/wp-content\/uploads\/2023\/03\/Ovejas-ovinosSUL.jpg?fit=880%2C440&ssl=1&resize=350%2C200","width":350,"height":200,"srcset":"https:\/\/i0.wp.com\/lahoradelcampo.com.uy\/site\/wp-content\/uploads\/2023\/03\/Ovejas-ovinosSUL.jpg?fit=880%2C440&ssl=1&resize=350%2C200 1x, https:\/\/i0.wp.com\/lahoradelcampo.com.uy\/site\/wp-content\/uploads\/2023\/03\/Ovejas-ovinosSUL.jpg?fit=880%2C440&ssl=1&resize=525%2C300 1.5x, https:\/\/i0.wp.com\/lahoradelcampo.com.uy\/site\/wp-content\/uploads\/2023\/03\/Ovejas-ovinosSUL.jpg?fit=880%2C440&ssl=1&resize=700%2C400 2x"},"classes":[]},{"id":55896,"url":"https:\/\/lahoradelcampo.com.uy\/site\/ecografia-ovina-la-clave-para-mejorar-la-produccion-de-corderos\/","url_meta":{"origin":43291,"position":5},"title":"Ecograf\u00eda ovina: la clave para mejorar la producci\u00f3n de corderos","author":"La Hora del Campo","date":"14 abril, 2025","format":false,"excerpt":"En plena etapa de encarneradas, el Dr. Sergio Fierro, m\u00e9dico veterinario y t\u00e9cnico del Secretariado Uruguayo de la Lana (SUL), destac\u00f3 la importancia de la ecograf\u00eda como herramienta fundamental para mejorar la eficiencia reproductiva en los sistemas ovinos. Fierro explic\u00f3 que este es el momento ideal para coordinar el diagn\u00f3stico\u2026","rel":"","context":"En \u00abActualidad\u00bb","block_context":{"text":"Actualidad","link":"https:\/\/lahoradelcampo.com.uy\/site\/category\/actualidad\/"},"img":{"alt_text":"","src":"https:\/\/i0.wp.com\/lahoradelcampo.com.uy\/site\/wp-content\/uploads\/2025\/04\/Sergio-Fierro-sul.jpg?fit=880%2C440&ssl=1&resize=350%2C200","width":350,"height":200,"srcset":"https:\/\/i0.wp.com\/lahoradelcampo.com.uy\/site\/wp-content\/uploads\/2025\/04\/Sergio-Fierro-sul.jpg?fit=880%2C440&ssl=1&resize=350%2C200 1x, https:\/\/i0.wp.com\/lahoradelcampo.com.uy\/site\/wp-content\/uploads\/2025\/04\/Sergio-Fierro-sul.jpg?fit=880%2C440&ssl=1&resize=525%2C300 1.5x, https:\/\/i0.wp.com\/lahoradelcampo.com.uy\/site\/wp-content\/uploads\/2025\/04\/Sergio-Fierro-sul.jpg?fit=880%2C440&ssl=1&resize=700%2C400 2x"},"classes":[]}],"jetpack_likes_enabled":true,"_links":{"self":[{"href":"https:\/\/lahoradelcampo.com.uy\/site\/wp-json\/wp\/v2\/posts\/43291","targetHints":{"allow":["GET"]}}],"collection":[{"href":"https:\/\/lahoradelcampo.com.uy\/site\/wp-json\/wp\/v2\/posts"}],"about":[{"href":"https:\/\/lahoradelcampo.com.uy\/site\/wp-json\/wp\/v2\/types\/post"}],"author":[{"embeddable":true,"href":"https:\/\/lahoradelcampo.com.uy\/site\/wp-json\/wp\/v2\/users\/5"}],"replies":[{"embeddable":true,"href":"https:\/\/lahoradelcampo.com.uy\/site\/wp-json\/wp\/v2\/comments?post=43291"}],"version-history":[{"count":1,"href":"https:\/\/lahoradelcampo.com.uy\/site\/wp-json\/wp\/v2\/posts\/43291\/revisions"}],"predecessor-version":[{"id":43293,"href":"https:\/\/lahoradelcampo.com.uy\/site\/wp-json\/wp\/v2\/posts\/43291\/revisions\/43293"}],"wp:featuredmedia":[{"embeddable":true,"href":"https:\/\/lahoradelcampo.com.uy\/site\/wp-json\/wp\/v2\/media\/16114"}],"wp:attachment":[{"href":"https:\/\/lahoradelcampo.com.uy\/site\/wp-json\/wp\/v2\/media?parent=43291"}],"wp:term":[{"taxonomy":"category","embeddable":true,"href":"https:\/\/lahoradelcampo.com.uy\/site\/wp-json\/wp\/v2\/categories?post=43291"},{"taxonomy":"post_tag","embeddable":true,"href":"https:\/\/lahoradelcampo.com.uy\/site\/wp-json\/wp\/v2\/tags?post=43291"}],"curies":[{"name":"wp","href":"https:\/\/api.w.org\/{rel}","templated":true}]}}