{"id":43281,"date":"2022-06-29T06:39:54","date_gmt":"2022-06-29T09:39:54","guid":{"rendered":"http:\/\/lahoradelcampo.com.uy\/site\/?p=43281"},"modified":"2022-06-29T06:39:59","modified_gmt":"2022-06-29T09:39:59","slug":"hoy-comienza-pantalla-uruguay-con-mas-de-9-000-vacunos-y-450-ovinos","status":"publish","type":"post","link":"https:\/\/lahoradelcampo.com.uy\/site\/hoy-comienza-pantalla-uruguay-con-mas-de-9-000-vacunos-y-450-ovinos\/","title":{"rendered":"Hoy comienza Pantalla Uruguay con m\u00e1s de 9.000 vacunos y 450 ovinos"},"content":{"rendered":"\n<figure class=\"wp-block-image\"><img data-recalc-dims=\"1\" loading=\"lazy\" decoding=\"async\" width=\"810\" height=\"405\" data-attachment-id=\"41365\" data-permalink=\"https:\/\/lahoradelcampo.com.uy\/site\/pantalla-uruguay-concreto-su-remate-241-con-el-9545-de-ventas\/pu-pantalla-uruguay\/\" data-orig-file=\"https:\/\/i0.wp.com\/lahoradelcampo.com.uy\/site\/wp-content\/uploads\/2022\/04\/PU-Pantalla-Uruguay.jpg?fit=880%2C440&amp;ssl=1\" data-orig-size=\"880,440\" data-comments-opened=\"1\" data-image-meta=\"{&quot;aperture&quot;:&quot;0&quot;,&quot;credit&quot;:&quot;&quot;,&quot;camera&quot;:&quot;&quot;,&quot;caption&quot;:&quot;&quot;,&quot;created_timestamp&quot;:&quot;0&quot;,&quot;copyright&quot;:&quot;&quot;,&quot;focal_length&quot;:&quot;0&quot;,&quot;iso&quot;:&quot;0&quot;,&quot;shutter_speed&quot;:&quot;0&quot;,&quot;title&quot;:&quot;&quot;,&quot;orientation&quot;:&quot;1&quot;}\" data-image-title=\"PU-Pantalla Uruguay\" data-image-description=\"\" data-image-caption=\"\" data-large-file=\"https:\/\/i0.wp.com\/lahoradelcampo.com.uy\/site\/wp-content\/uploads\/2022\/04\/PU-Pantalla-Uruguay.jpg?fit=810%2C405&amp;ssl=1\" src=\"https:\/\/i0.wp.com\/lahoradelcampo.com.uy\/site\/wp-content\/uploads\/2022\/04\/PU-Pantalla-Uruguay.jpg?resize=810%2C405\" alt=\"\" class=\"wp-image-41365\" srcset=\"https:\/\/i0.wp.com\/lahoradelcampo.com.uy\/site\/wp-content\/uploads\/2022\/04\/PU-Pantalla-Uruguay.jpg?w=880&amp;ssl=1 880w, https:\/\/i0.wp.com\/lahoradelcampo.com.uy\/site\/wp-content\/uploads\/2022\/04\/PU-Pantalla-Uruguay.jpg?resize=300%2C150&amp;ssl=1 300w, https:\/\/i0.wp.com\/lahoradelcampo.com.uy\/site\/wp-content\/uploads\/2022\/04\/PU-Pantalla-Uruguay.jpg?resize=768%2C384&amp;ssl=1 768w, https:\/\/i0.wp.com\/lahoradelcampo.com.uy\/site\/wp-content\/uploads\/2022\/04\/PU-Pantalla-Uruguay.jpg?resize=820%2C410&amp;ssl=1 820w\" sizes=\"auto, (max-width: 810px) 100vw, 810px\" \/><\/figure>\n\n\n\n<p>Como es tradicional, al cerrar cada mes del a\u00f1o, el consorcio de rematadores de Pantalla Uruguay concretar\u00e1 una nueva venta por pantalla, en este caso la 243, con una oferta de 9.623 vacunos y 450 ovinos, durante los d\u00edas mi\u00e9rcoles 29 y jueves 30 de junio. <br><\/p>\n\n\n\n<p>En un contexto del mercado con menor oferta, dada la llegada del invierno, y el repunte de los ganados gordos con destino a faena en las \u00faltimas dos semanas, generan expectativas de un buen remate para estas dos jornadas. <br><\/p>\n\n\n\n<p>Dentro de la oferta general, la firma Bertsch, Correa &amp; San Rom\u00e1n, tendr\u00e1 una destacada oferta de calidad, con 400 vacunos desde el norte del pa\u00eds, en terneros, terneras y vaquillonas. <br><\/p>\n\n\n\n<p>Se destaca una muy buena ternerada Hereford, con destacada calidad racial y clase, lotes de terneros y terneras de Daniel Luzardo, ganado Polled Hereford de muy buena clase y conformaci\u00f3n, ganado origen de Cara Blanca de Morixe. <br><\/p>\n\n\n\n<p>En Artigas la firma ofrece de \u00abEl Puesto\u00bb lote de terneros livianas, cruza red angus, ganado sola marca de estancia y tambi\u00e9n terneras muy homog\u00e9neas en su clase y un destacado ganado de porte carnicero, sola marca. Tambi\u00e9n se ofrecer\u00e1n terneras cruzas del establecimiento \u00abEl Tanque\u00bb, terneras de cola de parici\u00f3n, livianas. <br><\/p>\n\n\n\n<p>Por \u00faltimo se ofrecer\u00e1n vaquillonas pampas y caretas de Guggeri, un ganado con buen desarrollo para su edad, que se viene recuperando de la seca y brindan una muy buena invernada.<br><\/p>\n\n\n\n<p>La actividad, que como ya es tradicional se realiza desde las instalaciones del Parque Tecnol\u00f3gico del LATU, se llevar\u00e1 a cabo con la modalidad de pago al contado para los vendedores y la asistencia del banco Ita\u00fa para los compradores.<br><\/p>\n\n\n\n<p>Durante ambos d\u00edas, los dos lotes comenzaran a la hora 9 en punto. Hoy mi\u00e9rcoles se ofrecen 450 ovinos, 3.242 terneros, 786 novillos de 1 a 2 a\u00f1os, 56 novillos de 2 a 3 a\u00f1os, 54 novillos de m\u00e1s de 3 a\u00f1os y 856 vacas de invernada.<br><\/p>\n\n\n\n<p>En tanto que ma\u00f1ana se ofrecer\u00e1n 2.230 terneras, 723 terneros\/as, 810 vaquillonas sin servicio de 1 a 2 a\u00f1os, 112 vaquillonas sin servicio de 2 a 3 a\u00f1os, 550 vientres pre\u00f1ados, 66 vientres entorados, 112 piezas de cr\u00eda y 27 vientres de pedigree.<\/p>\n\n\n\n<p>Salto, 29 de junio de 2022<\/p>\n","protected":false},"excerpt":{"rendered":"<p>Como es tradicional, al cerrar cada mes del a\u00f1o, el consorcio de rematadores de Pantalla Uruguay concretar\u00e1 una nueva venta por pantalla, en este caso la 243, con una oferta [&hellip;]<\/p>\n","protected":false},"author":5,"featured_media":41365,"comment_status":"open","ping_status":"open","sticky":false,"template":"","format":"standard","meta":{"_price":"","_stock":"","_tribe_ticket_header":"","_tribe_default_ticket_provider":"","_tribe_ticket_capacity":"0","_ticket_start_date":"","_ticket_end_date":"","_tribe_ticket_show_description":"","_tribe_ticket_show_not_going":false,"_tribe_ticket_use_global_stock":"","_tribe_ticket_global_stock_level":"","_global_stock_mode":"","_global_stock_cap":"","_tribe_rsvp_for_event":"","_tribe_ticket_going_count":"","_tribe_ticket_not_going_count":"","_tribe_tickets_list":"[]","_tribe_ticket_has_attendee_info_fields":false,"h5ap_radio_sources":[],"_jetpack_newsletter_access":"","_jetpack_dont_email_post_to_subs":false,"_jetpack_newsletter_tier_id":0,"_jetpack_memberships_contains_paywalled_content":false,"_jetpack_memberships_contains_paid_content":false,"footnotes":""},"categories":[21,5],"tags":[],"class_list":["post-43281","post","type-post","status-publish","format-standard","has-post-thumbnail","hentry","category-actualidad","category-ganaderia"],"jetpack_featured_media_url":"https:\/\/i0.wp.com\/lahoradelcampo.com.uy\/site\/wp-content\/uploads\/2022\/04\/PU-Pantalla-Uruguay.jpg?fit=880%2C440&ssl=1","jetpack_sharing_enabled":true,"jetpack_shortlink":"https:\/\/wp.me\/p99IaT-bg5","jetpack-related-posts":[{"id":30478,"url":"https:\/\/lahoradelcampo.com.uy\/site\/pantalla-uruguay-rematara-17-430-vacunos-a-partir-de-manana-miercoles\/","url_meta":{"origin":43281,"position":0},"title":"Pantalla Uruguay rematar\u00e1 17.430 vacunos a partir de ma\u00f1ana mi\u00e9rcoles","author":"La Hora del Campo","date":"25 mayo, 2021","format":false,"excerpt":"Desde ma\u00f1ana mi\u00e9rcoles y hasta el viernes, el consorcio de rematadores de Pantalla Uruguay realizar\u00e1 su remate 228, que incluye en est\u00e1 oportunidad la 8va Ganadera Angus. Las ventas se realizaran desde el Parque Tecnol\u00f3gico del Latu, en forma 100% virtual, al contado y con banco Ita\u00fa, siendo transmitida en\u2026","rel":"","context":"En \u00abActualidad\u00bb","block_context":{"text":"Actualidad","link":"https:\/\/lahoradelcampo.com.uy\/site\/category\/actualidad\/"},"img":{"alt_text":"","src":"https:\/\/i0.wp.com\/lahoradelcampo.com.uy\/site\/wp-content\/uploads\/2018\/04\/pantalla-web.jpg?fit=880%2C440&ssl=1&resize=350%2C200","width":350,"height":200,"srcset":"https:\/\/i0.wp.com\/lahoradelcampo.com.uy\/site\/wp-content\/uploads\/2018\/04\/pantalla-web.jpg?fit=880%2C440&ssl=1&resize=350%2C200 1x, https:\/\/i0.wp.com\/lahoradelcampo.com.uy\/site\/wp-content\/uploads\/2018\/04\/pantalla-web.jpg?fit=880%2C440&ssl=1&resize=525%2C300 1.5x, https:\/\/i0.wp.com\/lahoradelcampo.com.uy\/site\/wp-content\/uploads\/2018\/04\/pantalla-web.jpg?fit=880%2C440&ssl=1&resize=700%2C400 2x"},"classes":[]},{"id":34777,"url":"https:\/\/lahoradelcampo.com.uy\/site\/bertsch-correa-san-roman-colocaron-el-100-de-la-oferta-en-pantalla-uruguay-2\/","url_meta":{"origin":43281,"position":1},"title":"Bertsch, Correa &#038; San Roman colocaron el 100% de la oferta en Pantalla Uruguay","author":"La Hora del Campo","date":"29 septiembre, 2021","format":false,"excerpt":"En las dos jornadas, la firma Bertsch, Correa & San Roman, coloc\u00f3 el 100% de la oferta en el remate 232 de Pantalla Uruguay. Con agilidad y valores que conformaron a los vendedores, tanto en vacunos como en ovinos. En el caso de los ovinos, donde la firma ten\u00eda una\u2026","rel":"","context":"En \u00abActualidad\u00bb","block_context":{"text":"Actualidad","link":"https:\/\/lahoradelcampo.com.uy\/site\/category\/actualidad\/"},"img":{"alt_text":"","src":"https:\/\/i0.wp.com\/lahoradelcampo.com.uy\/site\/wp-content\/uploads\/2021\/01\/Pantalla-Uruguay.jpg?fit=880%2C440&ssl=1&resize=350%2C200","width":350,"height":200,"srcset":"https:\/\/i0.wp.com\/lahoradelcampo.com.uy\/site\/wp-content\/uploads\/2021\/01\/Pantalla-Uruguay.jpg?fit=880%2C440&ssl=1&resize=350%2C200 1x, https:\/\/i0.wp.com\/lahoradelcampo.com.uy\/site\/wp-content\/uploads\/2021\/01\/Pantalla-Uruguay.jpg?fit=880%2C440&ssl=1&resize=525%2C300 1.5x, https:\/\/i0.wp.com\/lahoradelcampo.com.uy\/site\/wp-content\/uploads\/2021\/01\/Pantalla-Uruguay.jpg?fit=880%2C440&ssl=1&resize=700%2C400 2x"},"classes":[]},{"id":54328,"url":"https:\/\/lahoradelcampo.com.uy\/site\/pantalla-uruguay-ofrece-hoy-5-817-vacunos-y-1-160-ovinos\/","url_meta":{"origin":43281,"position":2},"title":"Pantalla Uruguay ofrece hoy, 5.817 vacunos y 1.160 ovinos","author":"La Hora del Campo","date":"30 agosto, 2024","format":false,"excerpt":"En la jornada de hoy, Pantalla Uruguay estar\u00e1 realizando su remate 279, con una oferta de 5.817 vacunos y 1.160 ovinos, como es tradicional desde las instalaciones del Laboratorio Tecnol\u00f3gico del Uruguay (Latu), con transmisi\u00f3n por en vivo por tv cable e internet. Jos\u00e9 Aicardi, principal de la firma Megaagro,\u2026","rel":"","context":"En \u00abActualidad\u00bb","block_context":{"text":"Actualidad","link":"https:\/\/lahoradelcampo.com.uy\/site\/category\/actualidad\/"},"img":{"alt_text":"","src":"https:\/\/i0.wp.com\/lahoradelcampo.com.uy\/site\/wp-content\/uploads\/2024\/08\/Aicardi-megaagro.jpg?fit=880%2C440&ssl=1&resize=350%2C200","width":350,"height":200,"srcset":"https:\/\/i0.wp.com\/lahoradelcampo.com.uy\/site\/wp-content\/uploads\/2024\/08\/Aicardi-megaagro.jpg?fit=880%2C440&ssl=1&resize=350%2C200 1x, https:\/\/i0.wp.com\/lahoradelcampo.com.uy\/site\/wp-content\/uploads\/2024\/08\/Aicardi-megaagro.jpg?fit=880%2C440&ssl=1&resize=525%2C300 1.5x, https:\/\/i0.wp.com\/lahoradelcampo.com.uy\/site\/wp-content\/uploads\/2024\/08\/Aicardi-megaagro.jpg?fit=880%2C440&ssl=1&resize=700%2C400 2x"},"classes":[]},{"id":36883,"url":"https:\/\/lahoradelcampo.com.uy\/site\/pantalla-uruguay-ofrece-8-541-vacunos-y-1-530-ovinos\/","url_meta":{"origin":43281,"position":3},"title":"Pantalla Uruguay ofrece 8.541 vacunos y 1.530 ovinos","author":"La Hora del Campo","date":"25 noviembre, 2021","format":false,"excerpt":"En la jornada de hoy y ma\u00f1ana, el consorcio de rematadores de Pantalla Uruguay, realiza su pen\u00faltima venta de 2021, con una oferta de 8.541 vacunos y 1.530 ovinos. Este remate 234 incluye la 46 edici\u00f3n de la Ganadera Hereford, un cl\u00e1sico donde se remarca un plus por los ganados\u2026","rel":"","context":"En \u00abActualidad\u00bb","block_context":{"text":"Actualidad","link":"https:\/\/lahoradelcampo.com.uy\/site\/category\/actualidad\/"},"img":{"alt_text":"","src":"https:\/\/i0.wp.com\/lahoradelcampo.com.uy\/site\/wp-content\/uploads\/2021\/09\/Pantalla-otto.jpg?fit=880%2C440&ssl=1&resize=350%2C200","width":350,"height":200,"srcset":"https:\/\/i0.wp.com\/lahoradelcampo.com.uy\/site\/wp-content\/uploads\/2021\/09\/Pantalla-otto.jpg?fit=880%2C440&ssl=1&resize=350%2C200 1x, https:\/\/i0.wp.com\/lahoradelcampo.com.uy\/site\/wp-content\/uploads\/2021\/09\/Pantalla-otto.jpg?fit=880%2C440&ssl=1&resize=525%2C300 1.5x, https:\/\/i0.wp.com\/lahoradelcampo.com.uy\/site\/wp-content\/uploads\/2021\/09\/Pantalla-otto.jpg?fit=880%2C440&ssl=1&resize=700%2C400 2x"},"classes":[]},{"id":40367,"url":"https:\/\/lahoradelcampo.com.uy\/site\/15-000-vacunos-y-2-200-ovinos-en-el-remate-239-de-pantalla-uruguay\/","url_meta":{"origin":43281,"position":4},"title":"15.000 vacunos y 2.200 ovinos en  el remate 239 de Pantalla Uruguay","author":"La Hora del Campo","date":"30 marzo, 2022","format":false,"excerpt":"Pantalla Uruguay realizar\u00e1 hoy y ma\u00f1ana el remate 239 del consorcio y la primera Ganadera Brangus, como es tradicional desde el predio del Parque Tecnol\u00f3gico del LATU y transmitido por Tv Cable e Internet. Las ventas comenzaran a partir de las 9 horas y contar\u00e1 con una oferta de 14.909\u2026","rel":"","context":"En \u00abActualidad\u00bb","block_context":{"text":"Actualidad","link":"https:\/\/lahoradelcampo.com.uy\/site\/category\/actualidad\/"},"img":{"alt_text":"","src":"https:\/\/i0.wp.com\/lahoradelcampo.com.uy\/site\/wp-content\/uploads\/2021\/01\/Pantalla-Uruguay.jpg?fit=880%2C440&ssl=1&resize=350%2C200","width":350,"height":200,"srcset":"https:\/\/i0.wp.com\/lahoradelcampo.com.uy\/site\/wp-content\/uploads\/2021\/01\/Pantalla-Uruguay.jpg?fit=880%2C440&ssl=1&resize=350%2C200 1x, https:\/\/i0.wp.com\/lahoradelcampo.com.uy\/site\/wp-content\/uploads\/2021\/01\/Pantalla-Uruguay.jpg?fit=880%2C440&ssl=1&resize=525%2C300 1.5x, https:\/\/i0.wp.com\/lahoradelcampo.com.uy\/site\/wp-content\/uploads\/2021\/01\/Pantalla-Uruguay.jpg?fit=880%2C440&ssl=1&resize=700%2C400 2x"},"classes":[]},{"id":40071,"url":"https:\/\/lahoradelcampo.com.uy\/site\/bertsch-correa-san-roman-certifican-1-450-vacunos-para-pantalla-uruguay\/","url_meta":{"origin":43281,"position":5},"title":"Bertsch, Correa &#038; San Roman certifican 1.450 vacunos para Pantalla Uruguay","author":"La Hora del Campo","date":"20 marzo, 2022","format":false,"excerpt":"Pantalla Uruguay se encuentra certificando los ganados para su remate 239, que en esta oportunidad incluye la primera Ganadera Brangus. El escritorio Bertsch, Correa & San Rom\u00e1n se encuentran certificando 1.450 vacunos y 200 ovinos que han sido consignados a la firma para este remate. Carlos Mart\u00edn Correa, integrante de\u2026","rel":"","context":"En \u00abActualidad\u00bb","block_context":{"text":"Actualidad","link":"https:\/\/lahoradelcampo.com.uy\/site\/category\/actualidad\/"},"img":{"alt_text":"","src":"https:\/\/i0.wp.com\/lahoradelcampo.com.uy\/site\/wp-content\/uploads\/2022\/03\/Carlosmartincorrea1.jpg?fit=880%2C440&ssl=1&resize=350%2C200","width":350,"height":200,"srcset":"https:\/\/i0.wp.com\/lahoradelcampo.com.uy\/site\/wp-content\/uploads\/2022\/03\/Carlosmartincorrea1.jpg?fit=880%2C440&ssl=1&resize=350%2C200 1x, https:\/\/i0.wp.com\/lahoradelcampo.com.uy\/site\/wp-content\/uploads\/2022\/03\/Carlosmartincorrea1.jpg?fit=880%2C440&ssl=1&resize=525%2C300 1.5x, https:\/\/i0.wp.com\/lahoradelcampo.com.uy\/site\/wp-content\/uploads\/2022\/03\/Carlosmartincorrea1.jpg?fit=880%2C440&ssl=1&resize=700%2C400 2x"},"classes":[]}],"jetpack_likes_enabled":true,"_links":{"self":[{"href":"https:\/\/lahoradelcampo.com.uy\/site\/wp-json\/wp\/v2\/posts\/43281","targetHints":{"allow":["GET"]}}],"collection":[{"href":"https:\/\/lahoradelcampo.com.uy\/site\/wp-json\/wp\/v2\/posts"}],"about":[{"href":"https:\/\/lahoradelcampo.com.uy\/site\/wp-json\/wp\/v2\/types\/post"}],"author":[{"embeddable":true,"href":"https:\/\/lahoradelcampo.com.uy\/site\/wp-json\/wp\/v2\/users\/5"}],"replies":[{"embeddable":true,"href":"https:\/\/lahoradelcampo.com.uy\/site\/wp-json\/wp\/v2\/comments?post=43281"}],"version-history":[{"count":1,"href":"https:\/\/lahoradelcampo.com.uy\/site\/wp-json\/wp\/v2\/posts\/43281\/revisions"}],"predecessor-version":[{"id":43283,"href":"https:\/\/lahoradelcampo.com.uy\/site\/wp-json\/wp\/v2\/posts\/43281\/revisions\/43283"}],"wp:featuredmedia":[{"embeddable":true,"href":"https:\/\/lahoradelcampo.com.uy\/site\/wp-json\/wp\/v2\/media\/41365"}],"wp:attachment":[{"href":"https:\/\/lahoradelcampo.com.uy\/site\/wp-json\/wp\/v2\/media?parent=43281"}],"wp:term":[{"taxonomy":"category","embeddable":true,"href":"https:\/\/lahoradelcampo.com.uy\/site\/wp-json\/wp\/v2\/categories?post=43281"},{"taxonomy":"post_tag","embeddable":true,"href":"https:\/\/lahoradelcampo.com.uy\/site\/wp-json\/wp\/v2\/tags?post=43281"}],"curies":[{"name":"wp","href":"https:\/\/api.w.org\/{rel}","templated":true}]}}