{"id":43263,"date":"2022-06-28T07:45:31","date_gmt":"2022-06-28T10:45:31","guid":{"rendered":"http:\/\/lahoradelcampo.com.uy\/site\/?p=43263"},"modified":"2022-06-28T07:45:36","modified_gmt":"2022-06-28T10:45:36","slug":"faena-y-precios-al-alza-para-el-ovino","status":"publish","type":"post","link":"https:\/\/lahoradelcampo.com.uy\/site\/faena-y-precios-al-alza-para-el-ovino\/","title":{"rendered":"Faena y precios al alza para el ovino"},"content":{"rendered":"\n<figure class=\"wp-block-image\"><img data-recalc-dims=\"1\" loading=\"lazy\" decoding=\"async\" width=\"810\" height=\"405\" data-attachment-id=\"7287\" data-permalink=\"https:\/\/lahoradelcampo.com.uy\/site\/exportaciones-de-carne-ovina-crecen-un-23-9\/ovinos-8\/\" data-orig-file=\"https:\/\/i0.wp.com\/lahoradelcampo.com.uy\/site\/wp-content\/uploads\/2018\/05\/ovinos.jpg?fit=880%2C440&amp;ssl=1\" data-orig-size=\"880,440\" data-comments-opened=\"1\" data-image-meta=\"{&quot;aperture&quot;:&quot;0&quot;,&quot;credit&quot;:&quot;&quot;,&quot;camera&quot;:&quot;&quot;,&quot;caption&quot;:&quot;&quot;,&quot;created_timestamp&quot;:&quot;0&quot;,&quot;copyright&quot;:&quot;&quot;,&quot;focal_length&quot;:&quot;0&quot;,&quot;iso&quot;:&quot;0&quot;,&quot;shutter_speed&quot;:&quot;0&quot;,&quot;title&quot;:&quot;&quot;,&quot;orientation&quot;:&quot;1&quot;}\" data-image-title=\"ovinos\" data-image-description=\"\" data-image-caption=\"\" data-large-file=\"https:\/\/i0.wp.com\/lahoradelcampo.com.uy\/site\/wp-content\/uploads\/2018\/05\/ovinos.jpg?fit=810%2C405&amp;ssl=1\" src=\"https:\/\/i0.wp.com\/lahoradelcampo.com.uy\/site\/wp-content\/uploads\/2018\/05\/ovinos.jpg?resize=810%2C405\" alt=\"\" class=\"wp-image-7287\" srcset=\"https:\/\/i0.wp.com\/lahoradelcampo.com.uy\/site\/wp-content\/uploads\/2018\/05\/ovinos.jpg?w=880&amp;ssl=1 880w, https:\/\/i0.wp.com\/lahoradelcampo.com.uy\/site\/wp-content\/uploads\/2018\/05\/ovinos.jpg?resize=300%2C150&amp;ssl=1 300w, https:\/\/i0.wp.com\/lahoradelcampo.com.uy\/site\/wp-content\/uploads\/2018\/05\/ovinos.jpg?resize=768%2C384&amp;ssl=1 768w, https:\/\/i0.wp.com\/lahoradelcampo.com.uy\/site\/wp-content\/uploads\/2018\/05\/ovinos.jpg?resize=820%2C410&amp;ssl=1 820w\" sizes=\"auto, (max-width: 810px) 100vw, 810px\" \/><\/figure>\n\n\n\n<p>Los ovinos tambi\u00e9n cotizan al alza en todas las categor\u00edas, en un mercado que se encuentra con \u00abdemanda en todas las categor\u00edas, faena sostenida\u00bb y un mercado \u00abestable\u00bb seg\u00fan el comentario de los operadores. <br><\/p>\n\n\n\n<p>Los valores posicionan al cordero hasta 35 kilos en US$ 4,63, subiendo tres centavos y un cordero pesado en US$ 4,69, subiendo un centavo. Por su parte el borrego tambi\u00e9n sube dos centavos, y se ubica en US$ 4,62. <br><\/p>\n\n\n\n<p>Las categor\u00edas adultas tambi\u00e9n ajustaron al alza, con la oveja promediando US$ 4,16 en cuarta balanza, subiendo dos centavos en la semana y el cap\u00f3n, que sube un centavo, se posiciona en US$ 4,20.<br><\/p>\n\n\n\n<p>La faena de ovinos, seg\u00fan INAC, se posicion\u00f3 en 16.292 cabezas, subiendo un 9% respecto a la semana pasada y un 1,5% sobre el pasado 28 de mayo. La actividad industrial estuvo compuesta por 9.121 corderos y 4.644 ovejas, complet\u00e1ndose con capones, carneros y borregos. <br><\/p>\n\n\n\n<p>La planta de mayor actividad en la \u00faltima semana fue Las Piedras con 5.947 ovinos, seguida por San Jacinto con 5.725 y Frigocerro con 2.219 cabezas. <\/p>\n\n\n\n<p>Salto, 28 de junio de 2022<\/p>\n","protected":false},"excerpt":{"rendered":"<p>Los ovinos tambi\u00e9n cotizan al alza en todas las categor\u00edas, en un mercado que se encuentra con \u00abdemanda en todas las categor\u00edas, faena sostenida\u00bb y un mercado \u00abestable\u00bb seg\u00fan el [&hellip;]<\/p>\n","protected":false},"author":5,"featured_media":7287,"comment_status":"open","ping_status":"open","sticky":false,"template":"","format":"standard","meta":{"_price":"","_stock":"","_tribe_ticket_header":"","_tribe_default_ticket_provider":"","_tribe_ticket_capacity":"0","_ticket_start_date":"","_ticket_end_date":"","_tribe_ticket_show_description":"","_tribe_ticket_show_not_going":false,"_tribe_ticket_use_global_stock":"","_tribe_ticket_global_stock_level":"","_global_stock_mode":"","_global_stock_cap":"","_tribe_rsvp_for_event":"","_tribe_ticket_going_count":"","_tribe_ticket_not_going_count":"","_tribe_tickets_list":"[]","_tribe_ticket_has_attendee_info_fields":false,"h5ap_radio_sources":[],"_jetpack_newsletter_access":"","_jetpack_dont_email_post_to_subs":false,"_jetpack_newsletter_tier_id":0,"_jetpack_memberships_contains_paywalled_content":false,"_jetpack_memberships_contains_paid_content":false,"footnotes":""},"categories":[21,13],"tags":[],"class_list":["post-43263","post","type-post","status-publish","format-standard","has-post-thumbnail","hentry","category-actualidad","category-ovinos"],"jetpack_featured_media_url":"https:\/\/i0.wp.com\/lahoradelcampo.com.uy\/site\/wp-content\/uploads\/2018\/05\/ovinos.jpg?fit=880%2C440&ssl=1","jetpack_sharing_enabled":true,"jetpack_shortlink":"https:\/\/wp.me\/p99IaT-bfN","jetpack-related-posts":[{"id":50210,"url":"https:\/\/lahoradelcampo.com.uy\/site\/mercado-de-haciendas-firme-y-estable-con-escasa-oferta-de-ganados-especiales\/","url_meta":{"origin":43263,"position":0},"title":"Mercado de haciendas firme y estable con escasa oferta de ganados especiales","author":"La Hora del Campo","date":"26 abril, 2023","format":false,"excerpt":"El mercado de haciendas sigue al alza seg\u00fan los valores de referencia de la Asociaci\u00f3n de Consignatarios de Ganado (ACG) publicados la semana pasada en base a los negocios concretados entre el 16 y el 22 de abril. Los novillos y las vacas subieron un centavo, mientras que las vaquillonas\u2026","rel":"","context":"En \u00abActualidad\u00bb","block_context":{"text":"Actualidad","link":"https:\/\/lahoradelcampo.com.uy\/site\/category\/actualidad\/"},"img":{"alt_text":"","src":"https:\/\/i0.wp.com\/lahoradelcampo.com.uy\/site\/wp-content\/uploads\/2023\/04\/Ganadogordo1.jpg?fit=880%2C440&ssl=1&resize=350%2C200","width":350,"height":200,"srcset":"https:\/\/i0.wp.com\/lahoradelcampo.com.uy\/site\/wp-content\/uploads\/2023\/04\/Ganadogordo1.jpg?fit=880%2C440&ssl=1&resize=350%2C200 1x, https:\/\/i0.wp.com\/lahoradelcampo.com.uy\/site\/wp-content\/uploads\/2023\/04\/Ganadogordo1.jpg?fit=880%2C440&ssl=1&resize=525%2C300 1.5x, https:\/\/i0.wp.com\/lahoradelcampo.com.uy\/site\/wp-content\/uploads\/2023\/04\/Ganadogordo1.jpg?fit=880%2C440&ssl=1&resize=700%2C400 2x"},"classes":[]},{"id":49794,"url":"https:\/\/lahoradelcampo.com.uy\/site\/mercado-de-haciendas-firme-y-con-preferencia-por-vacas\/","url_meta":{"origin":43263,"position":1},"title":"Mercado de haciendas firme y con preferencia por vacas","author":"La Hora del Campo","date":"4 abril, 2023","format":false,"excerpt":"La Asociaci\u00f3n de Consignatarios de Ganado (ACG) realiz\u00f3 su reuni\u00f3n semanal de precios ayer, lunes 3 de abril, en la que se discuti\u00f3 la situaci\u00f3n del mercado de haciendas. Seg\u00fan los comentarios de la ACG, la demanda se mantuvo estable en una semana con mayor preferencia por vacas y reducci\u00f3n\u2026","rel":"","context":"En \u00abActualidad\u00bb","block_context":{"text":"Actualidad","link":"https:\/\/lahoradelcampo.com.uy\/site\/category\/actualidad\/"},"img":{"alt_text":"","src":"https:\/\/i0.wp.com\/lahoradelcampo.com.uy\/site\/wp-content\/uploads\/2018\/01\/vacunos.jpg?fit=880%2C440&ssl=1&resize=350%2C200","width":350,"height":200,"srcset":"https:\/\/i0.wp.com\/lahoradelcampo.com.uy\/site\/wp-content\/uploads\/2018\/01\/vacunos.jpg?fit=880%2C440&ssl=1&resize=350%2C200 1x, https:\/\/i0.wp.com\/lahoradelcampo.com.uy\/site\/wp-content\/uploads\/2018\/01\/vacunos.jpg?fit=880%2C440&ssl=1&resize=525%2C300 1.5x, https:\/\/i0.wp.com\/lahoradelcampo.com.uy\/site\/wp-content\/uploads\/2018\/01\/vacunos.jpg?fit=880%2C440&ssl=1&resize=700%2C400 2x"},"classes":[]},{"id":50072,"url":"https:\/\/lahoradelcampo.com.uy\/site\/disparidad-en-los-valores-pero-entradas-agiles-en-el-mercado-de-hacienda\/","url_meta":{"origin":43263,"position":2},"title":"Disparidad en los valores, pero entradas \u00e1giles en el mercado de hacienda","author":"La Hora del Campo","date":"19 abril, 2023","format":false,"excerpt":"El mercado ganadero contin\u00faa al alza, seg\u00fan los valores de referencia de la Asociaci\u00f3n de Consignatarios de Ganado (ACG) en base a los negocios concretados entre el 9 y el 15 de abril. La vaquillona y el novillo gordo aumentaron seis centavos, mientras que la vaca gorda subi\u00f3 cinco centavos\u2026","rel":"","context":"En \u00abActualidad\u00bb","block_context":{"text":"Actualidad","link":"https:\/\/lahoradelcampo.com.uy\/site\/category\/actualidad\/"},"img":{"alt_text":"","src":"https:\/\/i0.wp.com\/lahoradelcampo.com.uy\/site\/wp-content\/uploads\/2017\/10\/ganaderia.jpg?fit=880%2C440&ssl=1&resize=350%2C200","width":350,"height":200,"srcset":"https:\/\/i0.wp.com\/lahoradelcampo.com.uy\/site\/wp-content\/uploads\/2017\/10\/ganaderia.jpg?fit=880%2C440&ssl=1&resize=350%2C200 1x, https:\/\/i0.wp.com\/lahoradelcampo.com.uy\/site\/wp-content\/uploads\/2017\/10\/ganaderia.jpg?fit=880%2C440&ssl=1&resize=525%2C300 1.5x, https:\/\/i0.wp.com\/lahoradelcampo.com.uy\/site\/wp-content\/uploads\/2017\/10\/ganaderia.jpg?fit=880%2C440&ssl=1&resize=700%2C400 2x"},"classes":[]},{"id":48347,"url":"https:\/\/lahoradelcampo.com.uy\/site\/la-suba-de-precios-es-para-pocos-no-hay-oferta-bien-terminada\/","url_meta":{"origin":43263,"position":3},"title":"La suba de precios es para pocos, no hay oferta bien terminada","author":"La Hora del Campo","date":"25 enero, 2023","format":false,"excerpt":"El mercado de haciendas con destino a la industria frigor\u00edfica ha ganado algunos centavos en la \u00faltima semana, a la par de una faena que volvi\u00f3 a recuperarse con una demanda firme, principalmente de las plantas que se encuentran con faenas Kosher. En la reuni\u00f3n de la Asociaci\u00f3n de Consignatarios\u2026","rel":"","context":"En \u00abActualidad\u00bb","block_context":{"text":"Actualidad","link":"https:\/\/lahoradelcampo.com.uy\/site\/category\/actualidad\/"},"img":{"alt_text":"","src":"https:\/\/i0.wp.com\/lahoradelcampo.com.uy\/site\/wp-content\/uploads\/2023\/01\/ganado-vaquillonas.jpg?fit=880%2C440&ssl=1&resize=350%2C200","width":350,"height":200,"srcset":"https:\/\/i0.wp.com\/lahoradelcampo.com.uy\/site\/wp-content\/uploads\/2023\/01\/ganado-vaquillonas.jpg?fit=880%2C440&ssl=1&resize=350%2C200 1x, https:\/\/i0.wp.com\/lahoradelcampo.com.uy\/site\/wp-content\/uploads\/2023\/01\/ganado-vaquillonas.jpg?fit=880%2C440&ssl=1&resize=525%2C300 1.5x, https:\/\/i0.wp.com\/lahoradelcampo.com.uy\/site\/wp-content\/uploads\/2023\/01\/ganado-vaquillonas.jpg?fit=880%2C440&ssl=1&resize=700%2C400 2x"},"classes":[]},{"id":48957,"url":"https:\/\/lahoradelcampo.com.uy\/site\/poca-oferta-buena-demanda-y-precios-al-alza-en-el-ganado-gordo\/","url_meta":{"origin":43263,"position":4},"title":"Poca oferta, buena demanda y precios al alza en el ganado gordo","author":"La Hora del Campo","date":"1 marzo, 2023","format":false,"excerpt":"En la reuni\u00f3n de la Asociaci\u00f3n de Consignatarios de Ganado (ACG) de esta semana, se analiz\u00f3 el mercado ganadero tanto desde el punto de vista del mercado de hacienda gorda con destino a la industria frigor\u00edfica, donde se registraron subas considerables, como tambi\u00e9n para la reposici\u00f3n, donde se ajustaron los\u2026","rel":"","context":"En \u00abActualidad\u00bb","block_context":{"text":"Actualidad","link":"https:\/\/lahoradelcampo.com.uy\/site\/category\/actualidad\/"},"img":{"alt_text":"","src":"https:\/\/i0.wp.com\/lahoradelcampo.com.uy\/site\/wp-content\/uploads\/2017\/09\/Novillo.jpg?fit=880%2C440&ssl=1&resize=350%2C200","width":350,"height":200,"srcset":"https:\/\/i0.wp.com\/lahoradelcampo.com.uy\/site\/wp-content\/uploads\/2017\/09\/Novillo.jpg?fit=880%2C440&ssl=1&resize=350%2C200 1x, https:\/\/i0.wp.com\/lahoradelcampo.com.uy\/site\/wp-content\/uploads\/2017\/09\/Novillo.jpg?fit=880%2C440&ssl=1&resize=525%2C300 1.5x, https:\/\/i0.wp.com\/lahoradelcampo.com.uy\/site\/wp-content\/uploads\/2017\/09\/Novillo.jpg?fit=880%2C440&ssl=1&resize=700%2C400 2x"},"classes":[]},{"id":56854,"url":"https:\/\/lahoradelcampo.com.uy\/site\/mercado-agil-firme-y-con-el-novillo-superando-los-us-530\/","url_meta":{"origin":43263,"position":5},"title":"Mercado \u00e1gil, firme y con el novillo superando los US$ 5,30","author":"La Hora del Campo","date":"17 septiembre, 2025","format":false,"excerpt":"El mercado de haciendas se mantuvo firme con demanda sostenida y entradas \u00e1giles, de acuerdo con el relevamiento realizado por la Asociaci\u00f3n de Consignatarios de Ganado (ACG). En su comentario, la gremial destac\u00f3 que \"contin\u00faa la buena demanda manteniendo la faena. Entradas \u00e1giles; mercado firme\".La faena semanal alcanz\u00f3 un total\u2026","rel":"","context":"En \u00abActualidad\u00bb","block_context":{"text":"Actualidad","link":"https:\/\/lahoradelcampo.com.uy\/site\/category\/actualidad\/"},"img":{"alt_text":"","src":"https:\/\/i0.wp.com\/lahoradelcampo.com.uy\/site\/wp-content\/uploads\/2025\/09\/Haciendas.jpg?fit=880%2C440&ssl=1&resize=350%2C200","width":350,"height":200,"srcset":"https:\/\/i0.wp.com\/lahoradelcampo.com.uy\/site\/wp-content\/uploads\/2025\/09\/Haciendas.jpg?fit=880%2C440&ssl=1&resize=350%2C200 1x, https:\/\/i0.wp.com\/lahoradelcampo.com.uy\/site\/wp-content\/uploads\/2025\/09\/Haciendas.jpg?fit=880%2C440&ssl=1&resize=525%2C300 1.5x, https:\/\/i0.wp.com\/lahoradelcampo.com.uy\/site\/wp-content\/uploads\/2025\/09\/Haciendas.jpg?fit=880%2C440&ssl=1&resize=700%2C400 2x"},"classes":[]}],"jetpack_likes_enabled":true,"_links":{"self":[{"href":"https:\/\/lahoradelcampo.com.uy\/site\/wp-json\/wp\/v2\/posts\/43263","targetHints":{"allow":["GET"]}}],"collection":[{"href":"https:\/\/lahoradelcampo.com.uy\/site\/wp-json\/wp\/v2\/posts"}],"about":[{"href":"https:\/\/lahoradelcampo.com.uy\/site\/wp-json\/wp\/v2\/types\/post"}],"author":[{"embeddable":true,"href":"https:\/\/lahoradelcampo.com.uy\/site\/wp-json\/wp\/v2\/users\/5"}],"replies":[{"embeddable":true,"href":"https:\/\/lahoradelcampo.com.uy\/site\/wp-json\/wp\/v2\/comments?post=43263"}],"version-history":[{"count":1,"href":"https:\/\/lahoradelcampo.com.uy\/site\/wp-json\/wp\/v2\/posts\/43263\/revisions"}],"predecessor-version":[{"id":43265,"href":"https:\/\/lahoradelcampo.com.uy\/site\/wp-json\/wp\/v2\/posts\/43263\/revisions\/43265"}],"wp:featuredmedia":[{"embeddable":true,"href":"https:\/\/lahoradelcampo.com.uy\/site\/wp-json\/wp\/v2\/media\/7287"}],"wp:attachment":[{"href":"https:\/\/lahoradelcampo.com.uy\/site\/wp-json\/wp\/v2\/media?parent=43263"}],"wp:term":[{"taxonomy":"category","embeddable":true,"href":"https:\/\/lahoradelcampo.com.uy\/site\/wp-json\/wp\/v2\/categories?post=43263"},{"taxonomy":"post_tag","embeddable":true,"href":"https:\/\/lahoradelcampo.com.uy\/site\/wp-json\/wp\/v2\/tags?post=43263"}],"curies":[{"name":"wp","href":"https:\/\/api.w.org\/{rel}","templated":true}]}}