{"id":43257,"date":"2022-06-28T07:36:10","date_gmt":"2022-06-28T10:36:10","guid":{"rendered":"http:\/\/lahoradelcampo.com.uy\/site\/?p=43257"},"modified":"2022-06-28T07:47:10","modified_gmt":"2022-06-28T10:47:10","slug":"faena-volvio-a-caer-esta-semana","status":"publish","type":"post","link":"https:\/\/lahoradelcampo.com.uy\/site\/faena-volvio-a-caer-esta-semana\/","title":{"rendered":"Faena vacuna volvi\u00f3 a caer esta semana"},"content":{"rendered":"\n<figure class=\"wp-block-image\"><img data-recalc-dims=\"1\" loading=\"lazy\" decoding=\"async\" width=\"810\" height=\"405\" data-attachment-id=\"11205\" data-permalink=\"https:\/\/lahoradelcampo.com.uy\/site\/la-faena-vacuna-continua-firme-y-se-posiciona-un-2-sobre-2018\/faena-1\/\" data-orig-file=\"https:\/\/i0.wp.com\/lahoradelcampo.com.uy\/site\/wp-content\/uploads\/2019\/05\/Faena-1.jpg?fit=880%2C440&amp;ssl=1\" data-orig-size=\"880,440\" data-comments-opened=\"1\" data-image-meta=\"{&quot;aperture&quot;:&quot;0&quot;,&quot;credit&quot;:&quot;&quot;,&quot;camera&quot;:&quot;&quot;,&quot;caption&quot;:&quot;&quot;,&quot;created_timestamp&quot;:&quot;0&quot;,&quot;copyright&quot;:&quot;&quot;,&quot;focal_length&quot;:&quot;0&quot;,&quot;iso&quot;:&quot;0&quot;,&quot;shutter_speed&quot;:&quot;0&quot;,&quot;title&quot;:&quot;&quot;,&quot;orientation&quot;:&quot;1&quot;}\" data-image-title=\"Faena 1\" data-image-description=\"\" data-image-caption=\"\" data-large-file=\"https:\/\/i0.wp.com\/lahoradelcampo.com.uy\/site\/wp-content\/uploads\/2019\/05\/Faena-1.jpg?fit=810%2C405&amp;ssl=1\" src=\"https:\/\/i0.wp.com\/lahoradelcampo.com.uy\/site\/wp-content\/uploads\/2019\/05\/Faena-1.jpg?resize=810%2C405\" alt=\"\" class=\"wp-image-11205\" srcset=\"https:\/\/i0.wp.com\/lahoradelcampo.com.uy\/site\/wp-content\/uploads\/2019\/05\/Faena-1.jpg?w=880&amp;ssl=1 880w, https:\/\/i0.wp.com\/lahoradelcampo.com.uy\/site\/wp-content\/uploads\/2019\/05\/Faena-1.jpg?resize=300%2C150&amp;ssl=1 300w, https:\/\/i0.wp.com\/lahoradelcampo.com.uy\/site\/wp-content\/uploads\/2019\/05\/Faena-1.jpg?resize=768%2C384&amp;ssl=1 768w, https:\/\/i0.wp.com\/lahoradelcampo.com.uy\/site\/wp-content\/uploads\/2019\/05\/Faena-1.jpg?resize=820%2C410&amp;ssl=1 820w\" sizes=\"auto, (max-width: 810px) 100vw, 810px\" \/><\/figure>\n\n\n\n<p>En la \u00faltima semana, cerrada el 25 de junio, la faena vacuna se posicion\u00f3 en las 43.811 cabezas, registrando una baja semanal del 6,6% y del 13,6% frente a la \u00faltima semana del mes de mayo. <br><\/p>\n\n\n\n<p>La actividad de la industria estuvo compuesta por 19.288 cabezas de novillos, 17.385 vacas, 6.263 vaquillonas y se complementa con toros y terneros. <br><\/p>\n\n\n\n<p>Estos vol\u00famenes en las distintas categor\u00edas representan una baja semanal de 11% para novillos y 4,9% para las vacas, mientras que las vaquillonas se incrementan un 0,9%. En tanto que en el mes la ca\u00edda es del 22,7% en el caso de los novillos y del 8,3% en las vacas, mientras que las vaquillonas suben un 7,4%. <br><\/p>\n\n\n\n<p>La planta de mayor faena en la \u00faltima semana volvi\u00f3 a ser Frigor\u00edfico Tacuaremb\u00f3 Marfrig, con un total de 5.039 cabezas, con un mayor volumen de vacas en la actividad. Le sigui\u00f3 en importancia Frigor\u00edfico Las Piedras con 4.937 cabezas y una clara preferencia por novillos.  <\/p>\n\n\n\n<p>Salto, 28 de junio de 2022<\/p>\n","protected":false},"excerpt":{"rendered":"<p>En la \u00faltima semana, cerrada el 25 de junio, la faena vacuna se posicion\u00f3 en las 43.811 cabezas, registrando una baja semanal del 6,6% y del 13,6% frente a la [&hellip;]<\/p>\n","protected":false},"author":5,"featured_media":11205,"comment_status":"open","ping_status":"open","sticky":false,"template":"","format":"standard","meta":{"_price":"","_stock":"","_tribe_ticket_header":"","_tribe_default_ticket_provider":"","_tribe_ticket_capacity":"0","_ticket_start_date":"","_ticket_end_date":"","_tribe_ticket_show_description":"","_tribe_ticket_show_not_going":false,"_tribe_ticket_use_global_stock":"","_tribe_ticket_global_stock_level":"","_global_stock_mode":"","_global_stock_cap":"","_tribe_rsvp_for_event":"","_tribe_ticket_going_count":"","_tribe_ticket_not_going_count":"","_tribe_tickets_list":"[]","_tribe_ticket_has_attendee_info_fields":false,"h5ap_radio_sources":[],"_jetpack_newsletter_access":"","_jetpack_dont_email_post_to_subs":false,"_jetpack_newsletter_tier_id":0,"_jetpack_memberships_contains_paywalled_content":false,"_jetpack_memberships_contains_paid_content":false,"footnotes":""},"categories":[21,5],"tags":[],"class_list":["post-43257","post","type-post","status-publish","format-standard","has-post-thumbnail","hentry","category-actualidad","category-ganaderia"],"jetpack_featured_media_url":"https:\/\/i0.wp.com\/lahoradelcampo.com.uy\/site\/wp-content\/uploads\/2019\/05\/Faena-1.jpg?fit=880%2C440&ssl=1","jetpack_sharing_enabled":true,"jetpack_shortlink":"https:\/\/wp.me\/p99IaT-bfH","jetpack-related-posts":[{"id":13106,"url":"https:\/\/lahoradelcampo.com.uy\/site\/faena-vacuna-semanal-crecio-un-14-al-27-de-julio\/","url_meta":{"origin":43257,"position":0},"title":"Faena vacuna semanal creci\u00f3 un 14% al 27 de julio","author":"La Hora del Campo","date":"29 julio, 2019","format":false,"excerpt":"La faena vacuna en la semana cerrada el 27 de julio se posicion\u00f3 en las 34.054 cabezas, lo que representa un incremento del 14% respecto a la semana anterior. El incremento semanal se sustenta en un crecimiento de la faena de novillos y vaquillonas con participaci\u00f3n de los corrales de\u2026","rel":"","context":"En \u00abActualidad\u00bb","block_context":{"text":"Actualidad","link":"https:\/\/lahoradelcampo.com.uy\/site\/category\/actualidad\/"},"img":{"alt_text":"","src":"https:\/\/i0.wp.com\/lahoradelcampo.com.uy\/site\/wp-content\/uploads\/2019\/04\/Faena.jpg?fit=880%2C440&ssl=1&resize=350%2C200","width":350,"height":200,"srcset":"https:\/\/i0.wp.com\/lahoradelcampo.com.uy\/site\/wp-content\/uploads\/2019\/04\/Faena.jpg?fit=880%2C440&ssl=1&resize=350%2C200 1x, https:\/\/i0.wp.com\/lahoradelcampo.com.uy\/site\/wp-content\/uploads\/2019\/04\/Faena.jpg?fit=880%2C440&ssl=1&resize=525%2C300 1.5x, https:\/\/i0.wp.com\/lahoradelcampo.com.uy\/site\/wp-content\/uploads\/2019\/04\/Faena.jpg?fit=880%2C440&ssl=1&resize=700%2C400 2x"},"classes":[]},{"id":27292,"url":"https:\/\/lahoradelcampo.com.uy\/site\/faena-vacuna-de-44-933-cabezas-se-contrajo-un-2\/","url_meta":{"origin":43257,"position":1},"title":"Faena vacuna de 44.933 cabezas se contrajo un 2%","author":"La Hora del Campo","date":"2 febrero, 2021","format":false,"excerpt":"La faena vacuna en el pa\u00eds ha disminuido un 2% en la \u00faltima semana, tras ubicarse en las 44.933 cabezas (1.025 animales menos que la semana anterior), a pesar de esta ca\u00edda es v\u00e1lido recordar que al cierre del mes de enero la actividad industrial se posicion\u00f3 un 37,1% por\u2026","rel":"","context":"En \u00abActualidad\u00bb","block_context":{"text":"Actualidad","link":"https:\/\/lahoradelcampo.com.uy\/site\/category\/actualidad\/"},"img":{"alt_text":"","src":"https:\/\/i0.wp.com\/lahoradelcampo.com.uy\/site\/wp-content\/uploads\/2019\/05\/Faena-1.jpg?fit=880%2C440&ssl=1&resize=350%2C200","width":350,"height":200,"srcset":"https:\/\/i0.wp.com\/lahoradelcampo.com.uy\/site\/wp-content\/uploads\/2019\/05\/Faena-1.jpg?fit=880%2C440&ssl=1&resize=350%2C200 1x, https:\/\/i0.wp.com\/lahoradelcampo.com.uy\/site\/wp-content\/uploads\/2019\/05\/Faena-1.jpg?fit=880%2C440&ssl=1&resize=525%2C300 1.5x, https:\/\/i0.wp.com\/lahoradelcampo.com.uy\/site\/wp-content\/uploads\/2019\/05\/Faena-1.jpg?fit=880%2C440&ssl=1&resize=700%2C400 2x"},"classes":[]},{"id":43481,"url":"https:\/\/lahoradelcampo.com.uy\/site\/en-junio-la-faena-vacuna-cayo-un-128\/","url_meta":{"origin":43257,"position":2},"title":"En junio, la faena vacuna cay\u00f3 un 12,8%","author":"La Hora del Campo","date":"5 julio, 2022","format":false,"excerpt":"La pasada semana cerrada el 2 de julio de 2022, la faena vacuna registr\u00f3 el segundo menor nivel semanal de actividad del presente a\u00f1o. Seg\u00fan los datos aportados por el Instituto Nacional de Carnes (INAC), la faena cerr\u00f3 en 39.987 cabezas de vacunos, un 8,7% por debajo de la semana\u2026","rel":"","context":"En \u00abActualidad\u00bb","block_context":{"text":"Actualidad","link":"https:\/\/lahoradelcampo.com.uy\/site\/category\/actualidad\/"},"img":{"alt_text":"","src":"https:\/\/i0.wp.com\/lahoradelcampo.com.uy\/site\/wp-content\/uploads\/2022\/07\/FAENA-vacuna1.jpg?fit=880%2C440&ssl=1&resize=350%2C200","width":350,"height":200,"srcset":"https:\/\/i0.wp.com\/lahoradelcampo.com.uy\/site\/wp-content\/uploads\/2022\/07\/FAENA-vacuna1.jpg?fit=880%2C440&ssl=1&resize=350%2C200 1x, https:\/\/i0.wp.com\/lahoradelcampo.com.uy\/site\/wp-content\/uploads\/2022\/07\/FAENA-vacuna1.jpg?fit=880%2C440&ssl=1&resize=525%2C300 1.5x, https:\/\/i0.wp.com\/lahoradelcampo.com.uy\/site\/wp-content\/uploads\/2022\/07\/FAENA-vacuna1.jpg?fit=880%2C440&ssl=1&resize=700%2C400 2x"},"classes":[]},{"id":33793,"url":"https:\/\/lahoradelcampo.com.uy\/site\/faena-vacuna-semanal-crecio-un-17-y-es-la-mas-alta-del-ano\/","url_meta":{"origin":43257,"position":3},"title":"Faena vacuna semanal creci\u00f3 un 17% y es la m\u00e1s alta del a\u00f1o","author":"La Hora del Campo","date":"7 septiembre, 2021","format":false,"excerpt":"La actividad industrial contin\u00faa a gran ritmo en el pa\u00eds y la faena en la \u00faltima semana super\u00f3 las 58 mil cabezas, convirti\u00e9ndose en un nuevo r\u00e9cord para 2021, que ha procesado un 35,6% en el acumulado del a\u00f1o, respecto a 2020. Seg\u00fan los datos del Instituto Nacional de Carnes\u2026","rel":"","context":"En \u00abActualidad\u00bb","block_context":{"text":"Actualidad","link":"https:\/\/lahoradelcampo.com.uy\/site\/category\/actualidad\/"},"img":{"alt_text":"","src":"https:\/\/i0.wp.com\/lahoradelcampo.com.uy\/site\/wp-content\/uploads\/2021\/09\/FAENA-vacuna.jpg?fit=880%2C440&ssl=1&resize=350%2C200","width":350,"height":200,"srcset":"https:\/\/i0.wp.com\/lahoradelcampo.com.uy\/site\/wp-content\/uploads\/2021\/09\/FAENA-vacuna.jpg?fit=880%2C440&ssl=1&resize=350%2C200 1x, https:\/\/i0.wp.com\/lahoradelcampo.com.uy\/site\/wp-content\/uploads\/2021\/09\/FAENA-vacuna.jpg?fit=880%2C440&ssl=1&resize=525%2C300 1.5x, https:\/\/i0.wp.com\/lahoradelcampo.com.uy\/site\/wp-content\/uploads\/2021\/09\/FAENA-vacuna.jpg?fit=880%2C440&ssl=1&resize=700%2C400 2x"},"classes":[]},{"id":40557,"url":"https:\/\/lahoradelcampo.com.uy\/site\/el-primer-trimestre-de-2022-cerro-con-un-142-de-aumento-en-la-faena-bovina\/","url_meta":{"origin":43257,"position":4},"title":"El primer trimestre de 2022 cerr\u00f3 con un 14,2% de aumento en la faena bovina","author":"La Hora del Campo","date":"5 abril, 2022","format":false,"excerpt":"El mercado de haciendas contin\u00faa con tendencia alcista en los valores, con un novillo gordo que ayer por la noche cerr\u00f3 a US$ 5,22 de promedio, seg\u00fan la Asociaci\u00f3n de Consignatarios de Ganados del Uruguay (ACG), subiendo nueve centavos respecto al lunes de la pasada semana. Lo mismos ocurre con\u2026","rel":"","context":"En \u00abActualidad\u00bb","block_context":{"text":"Actualidad","link":"https:\/\/lahoradelcampo.com.uy\/site\/category\/actualidad\/"},"img":{"alt_text":"","src":"https:\/\/i0.wp.com\/lahoradelcampo.com.uy\/site\/wp-content\/uploads\/2019\/04\/Faena.jpg?fit=880%2C440&ssl=1&resize=350%2C200","width":350,"height":200,"srcset":"https:\/\/i0.wp.com\/lahoradelcampo.com.uy\/site\/wp-content\/uploads\/2019\/04\/Faena.jpg?fit=880%2C440&ssl=1&resize=350%2C200 1x, https:\/\/i0.wp.com\/lahoradelcampo.com.uy\/site\/wp-content\/uploads\/2019\/04\/Faena.jpg?fit=880%2C440&ssl=1&resize=525%2C300 1.5x, https:\/\/i0.wp.com\/lahoradelcampo.com.uy\/site\/wp-content\/uploads\/2019\/04\/Faena.jpg?fit=880%2C440&ssl=1&resize=700%2C400 2x"},"classes":[]},{"id":17684,"url":"https:\/\/lahoradelcampo.com.uy\/site\/faena-vacuna-subio-un-10-en-la-ultima-semana\/","url_meta":{"origin":43257,"position":5},"title":"Faena vacuna subi\u00f3 un 10% en la \u00faltima semana","author":"La Hora del Campo","date":"27 febrero, 2020","format":false,"excerpt":"La faena en la \u00faltima semana se recuper\u00f3 un 9,9% frente a la semana precedente, con una mayor participaci\u00f3n de animales de corral con destino a la cuota 481, principalmente novillos y vaquillonas que fueron las categor\u00edas de mayor crecimiento. En total se faenaron 43.072 cabezas de acuerdo a los\u2026","rel":"","context":"En \u00abActualidad\u00bb","block_context":{"text":"Actualidad","link":"https:\/\/lahoradelcampo.com.uy\/site\/category\/actualidad\/"},"img":{"alt_text":"","src":"https:\/\/i0.wp.com\/lahoradelcampo.com.uy\/site\/wp-content\/uploads\/2017\/10\/Faena.jpg?fit=880%2C440&ssl=1&resize=350%2C200","width":350,"height":200,"srcset":"https:\/\/i0.wp.com\/lahoradelcampo.com.uy\/site\/wp-content\/uploads\/2017\/10\/Faena.jpg?fit=880%2C440&ssl=1&resize=350%2C200 1x, https:\/\/i0.wp.com\/lahoradelcampo.com.uy\/site\/wp-content\/uploads\/2017\/10\/Faena.jpg?fit=880%2C440&ssl=1&resize=525%2C300 1.5x, https:\/\/i0.wp.com\/lahoradelcampo.com.uy\/site\/wp-content\/uploads\/2017\/10\/Faena.jpg?fit=880%2C440&ssl=1&resize=700%2C400 2x"},"classes":[]}],"jetpack_likes_enabled":true,"_links":{"self":[{"href":"https:\/\/lahoradelcampo.com.uy\/site\/wp-json\/wp\/v2\/posts\/43257","targetHints":{"allow":["GET"]}}],"collection":[{"href":"https:\/\/lahoradelcampo.com.uy\/site\/wp-json\/wp\/v2\/posts"}],"about":[{"href":"https:\/\/lahoradelcampo.com.uy\/site\/wp-json\/wp\/v2\/types\/post"}],"author":[{"embeddable":true,"href":"https:\/\/lahoradelcampo.com.uy\/site\/wp-json\/wp\/v2\/users\/5"}],"replies":[{"embeddable":true,"href":"https:\/\/lahoradelcampo.com.uy\/site\/wp-json\/wp\/v2\/comments?post=43257"}],"version-history":[{"count":2,"href":"https:\/\/lahoradelcampo.com.uy\/site\/wp-json\/wp\/v2\/posts\/43257\/revisions"}],"predecessor-version":[{"id":43267,"href":"https:\/\/lahoradelcampo.com.uy\/site\/wp-json\/wp\/v2\/posts\/43257\/revisions\/43267"}],"wp:featuredmedia":[{"embeddable":true,"href":"https:\/\/lahoradelcampo.com.uy\/site\/wp-json\/wp\/v2\/media\/11205"}],"wp:attachment":[{"href":"https:\/\/lahoradelcampo.com.uy\/site\/wp-json\/wp\/v2\/media?parent=43257"}],"wp:term":[{"taxonomy":"category","embeddable":true,"href":"https:\/\/lahoradelcampo.com.uy\/site\/wp-json\/wp\/v2\/categories?post=43257"},{"taxonomy":"post_tag","embeddable":true,"href":"https:\/\/lahoradelcampo.com.uy\/site\/wp-json\/wp\/v2\/tags?post=43257"}],"curies":[{"name":"wp","href":"https:\/\/api.w.org\/{rel}","templated":true}]}}