{"id":43253,"date":"2022-06-28T07:27:27","date_gmt":"2022-06-28T10:27:27","guid":{"rendered":"http:\/\/lahoradelcampo.com.uy\/site\/?p=43253"},"modified":"2022-06-28T07:27:33","modified_gmt":"2022-06-28T10:27:33","slug":"mercado-de-haciendas-vuelve-a-ajustar-al-alza","status":"publish","type":"post","link":"https:\/\/lahoradelcampo.com.uy\/site\/mercado-de-haciendas-vuelve-a-ajustar-al-alza\/","title":{"rendered":"Mercado de haciendas vuelve a ajustar al alza"},"content":{"rendered":"\n<figure class=\"wp-block-image\"><img data-recalc-dims=\"1\" loading=\"lazy\" decoding=\"async\" width=\"810\" height=\"405\" data-attachment-id=\"29920\" data-permalink=\"https:\/\/lahoradelcampo.com.uy\/site\/el-mercado-de-hacienda-gorda-sigue-firme-con-una-faena-en-alza\/ganadogordo-2\/\" data-orig-file=\"https:\/\/i0.wp.com\/lahoradelcampo.com.uy\/site\/wp-content\/uploads\/2021\/05\/ganadogordo.jpg?fit=880%2C440&amp;ssl=1\" data-orig-size=\"880,440\" data-comments-opened=\"1\" data-image-meta=\"{&quot;aperture&quot;:&quot;0&quot;,&quot;credit&quot;:&quot;&quot;,&quot;camera&quot;:&quot;&quot;,&quot;caption&quot;:&quot;&quot;,&quot;created_timestamp&quot;:&quot;0&quot;,&quot;copyright&quot;:&quot;&quot;,&quot;focal_length&quot;:&quot;0&quot;,&quot;iso&quot;:&quot;0&quot;,&quot;shutter_speed&quot;:&quot;0&quot;,&quot;title&quot;:&quot;&quot;,&quot;orientation&quot;:&quot;1&quot;}\" data-image-title=\"ganadogordo\" data-image-description=\"\" data-image-caption=\"\" data-large-file=\"https:\/\/i0.wp.com\/lahoradelcampo.com.uy\/site\/wp-content\/uploads\/2021\/05\/ganadogordo.jpg?fit=810%2C405&amp;ssl=1\" src=\"https:\/\/i0.wp.com\/lahoradelcampo.com.uy\/site\/wp-content\/uploads\/2021\/05\/ganadogordo.jpg?resize=810%2C405\" alt=\"\" class=\"wp-image-29920\" srcset=\"https:\/\/i0.wp.com\/lahoradelcampo.com.uy\/site\/wp-content\/uploads\/2021\/05\/ganadogordo.jpg?w=880&amp;ssl=1 880w, https:\/\/i0.wp.com\/lahoradelcampo.com.uy\/site\/wp-content\/uploads\/2021\/05\/ganadogordo.jpg?resize=300%2C150&amp;ssl=1 300w, https:\/\/i0.wp.com\/lahoradelcampo.com.uy\/site\/wp-content\/uploads\/2021\/05\/ganadogordo.jpg?resize=768%2C384&amp;ssl=1 768w, https:\/\/i0.wp.com\/lahoradelcampo.com.uy\/site\/wp-content\/uploads\/2021\/05\/ganadogordo.jpg?resize=820%2C410&amp;ssl=1 820w\" sizes=\"auto, (max-width: 810px) 100vw, 810px\" \/><\/figure>\n\n\n\n<p>El mercado de haciendas se encuentra nuevamente al alza, con una demanda adicional por novillos especiales debido a las faenas kosher y una oferta que cada vez se hace m\u00e1s escasa de acuerdo a los consignatarios, con valores puntuales por novillos especiales de US$ 5,65 como se\u00f1al\u00f3 el martillero Alejandro Dutra al cierre de la semana.<br><\/p>\n\n\n\n<p>Luego de cuatro semanas de bajas en las cotizaciones, con una industria que presion\u00f3 a la baja debido a un ajuste de precios a nivel internacional, no ha disminuido su demanda y contin\u00faa presionando para poder completar su actividad de faena, con entradas cortas que se sit\u00faan generalmente dentro de la misma semana. <br><\/p>\n\n\n\n<p>La llegada del invierno, para dicha demanda, es un factor que incide a\u00fan m\u00e1s sobre la disminuci\u00f3n de la oferta y el retraso de las comidas para terminar los ganados. Lo que se oferta de los verdeos claramente tiene un valor diferencial en el mercado y logra los valores antes mencionados.  <br><\/p>\n\n\n\n<p><strong>Consignatarios<\/strong><br><\/p>\n\n\n\n<p>En su reuni\u00f3n semanal, ayer lunes, la Asociaci\u00f3n de Consignatarios de Ganados del Uruguay (ACG) volvi\u00f3 a marcar un nuevo ajuste al alza en los valores de la hacienda para faena, en un mercado donde \u00abcontin\u00faa la reducci\u00f3n de la faena condicionada por la oferta\u00bb se\u00f1alan en su comentario, donde remarcan la firmeza del mercado. <br><\/p>\n\n\n\n<p>En este escenario, el novillo gordo cotiza a US$ 5,50 de promedio, subiendo ocho centavos sobre la referencia semanal anterior. Los valores se manejan en referencias promedio de US$ 5,58 para los ganados especiales y US$ 5,39 para los generales. <br><\/p>\n\n\n\n<p>En el caso de la vaca gorda, los promedios tambi\u00e9n ajustan al alza, donde el promedio se posicion\u00f3 en US$ 5,22, tras una suba de siete centavos en la semana. Los promedios van desde US$ 5,31 para las especiales de carne a US$ 5,12 para las generales. <br><\/p>\n\n\n\n<p>Por su parte la vaquillona se posiciona en US$ 5,34, con valores que van en promedio desde los US$ 5,40 para las especiales a US$ 5,28 para las generales. <\/p>\n\n\n\n<p>Salto, 28 de junio de 2022<\/p>\n","protected":false},"excerpt":{"rendered":"<p>El mercado de haciendas se encuentra nuevamente al alza, con una demanda adicional por novillos especiales debido a las faenas kosher y una oferta que cada vez se hace m\u00e1s [&hellip;]<\/p>\n","protected":false},"author":5,"featured_media":29920,"comment_status":"open","ping_status":"open","sticky":false,"template":"","format":"standard","meta":{"_price":"","_stock":"","_tribe_ticket_header":"","_tribe_default_ticket_provider":"","_tribe_ticket_capacity":"0","_ticket_start_date":"","_ticket_end_date":"","_tribe_ticket_show_description":"","_tribe_ticket_show_not_going":false,"_tribe_ticket_use_global_stock":"","_tribe_ticket_global_stock_level":"","_global_stock_mode":"","_global_stock_cap":"","_tribe_rsvp_for_event":"","_tribe_ticket_going_count":"","_tribe_ticket_not_going_count":"","_tribe_tickets_list":"[]","_tribe_ticket_has_attendee_info_fields":false,"h5ap_radio_sources":[],"_jetpack_newsletter_access":"","_jetpack_dont_email_post_to_subs":false,"_jetpack_newsletter_tier_id":0,"_jetpack_memberships_contains_paywalled_content":false,"_jetpack_memberships_contains_paid_content":false,"footnotes":""},"categories":[21,5],"tags":[],"class_list":["post-43253","post","type-post","status-publish","format-standard","has-post-thumbnail","hentry","category-actualidad","category-ganaderia"],"jetpack_featured_media_url":"https:\/\/i0.wp.com\/lahoradelcampo.com.uy\/site\/wp-content\/uploads\/2021\/05\/ganadogordo.jpg?fit=880%2C440&ssl=1","jetpack_sharing_enabled":true,"jetpack_shortlink":"https:\/\/wp.me\/p99IaT-bfD","jetpack-related-posts":[{"id":5911,"url":"https:\/\/lahoradelcampo.com.uy\/site\/exportaciones-de-carne-vacuna-y-mercado-de-haciendas-en-alza\/","url_meta":{"origin":43253,"position":0},"title":"Exportaciones de carne vacuna y  mercado de haciendas en alza","author":"La Hora del Campo","date":"15 febrero, 2018","format":false,"excerpt":"Las exportaciones de carne vacuna se encuentran con una suba del 15% en su facturaci\u00f3n en el transcurso del comienzo de este a\u00f1o 2018, mientras que el mercado de haciendas se afirma semana a semana en los valores y las lluvias, aunque menores a lo esperado, suman noticias muy positivas\u2026","rel":"","context":"En \u00abActualidad\u00bb","block_context":{"text":"Actualidad","link":"https:\/\/lahoradelcampo.com.uy\/site\/category\/actualidad\/"},"img":{"alt_text":"","src":"https:\/\/i0.wp.com\/lahoradelcampo.com.uy\/site\/wp-content\/uploads\/2018\/02\/ganados.jpg?fit=880%2C440&ssl=1&resize=350%2C200","width":350,"height":200,"srcset":"https:\/\/i0.wp.com\/lahoradelcampo.com.uy\/site\/wp-content\/uploads\/2018\/02\/ganados.jpg?fit=880%2C440&ssl=1&resize=350%2C200 1x, https:\/\/i0.wp.com\/lahoradelcampo.com.uy\/site\/wp-content\/uploads\/2018\/02\/ganados.jpg?fit=880%2C440&ssl=1&resize=525%2C300 1.5x, https:\/\/i0.wp.com\/lahoradelcampo.com.uy\/site\/wp-content\/uploads\/2018\/02\/ganados.jpg?fit=880%2C440&ssl=1&resize=700%2C400 2x"},"classes":[]},{"id":27708,"url":"https:\/\/lahoradelcampo.com.uy\/site\/el-mercado-de-haciendas-supero-los-us-340-por-el-novillo\/","url_meta":{"origin":43253,"position":1},"title":"El mercado de haciendas super\u00f3 los US$ 3,40 por el novillo","author":"La Hora del Campo","date":"16 febrero, 2021","format":false,"excerpt":"En un contexto de lluvias que se han registrado en todo el pa\u00eds durante la \u00faltima semana, el productor ha recibido cierto nivel de tranquilidad y no tiene el apuro de salir a comercializar r\u00e1pidamente sus ganados, por otro lado la demanda est\u00e1 activa y puja por hacerse de la\u2026","rel":"","context":"En \u00abActualidad\u00bb","block_context":{"text":"Actualidad","link":"https:\/\/lahoradelcampo.com.uy\/site\/category\/actualidad\/"},"img":{"alt_text":"","src":"https:\/\/i0.wp.com\/lahoradelcampo.com.uy\/site\/wp-content\/uploads\/2019\/06\/novillo.jpg?fit=880%2C440&ssl=1&resize=350%2C200","width":350,"height":200,"srcset":"https:\/\/i0.wp.com\/lahoradelcampo.com.uy\/site\/wp-content\/uploads\/2019\/06\/novillo.jpg?fit=880%2C440&ssl=1&resize=350%2C200 1x, https:\/\/i0.wp.com\/lahoradelcampo.com.uy\/site\/wp-content\/uploads\/2019\/06\/novillo.jpg?fit=880%2C440&ssl=1&resize=525%2C300 1.5x, https:\/\/i0.wp.com\/lahoradelcampo.com.uy\/site\/wp-content\/uploads\/2019\/06\/novillo.jpg?fit=880%2C440&ssl=1&resize=700%2C400 2x"},"classes":[]},{"id":53985,"url":"https:\/\/lahoradelcampo.com.uy\/site\/mercado-de-haciendas-firme-y-agil-con-escasez-de-ganados-especiales\/","url_meta":{"origin":43253,"position":2},"title":"Mercado de haciendas firme y \u00e1gil, con escasez de ganados especiales","author":"La Hora del Campo","date":"20 junio, 2024","format":false,"excerpt":"El mercado de haciendas se presenta \"firme y \u00e1gil, con escasez de ganados bien terminados y especiales\" seg\u00fan el comentario de la Asociaci\u00f3n de Consignatarios de Ganados (ACG). Al cierre de la reuni\u00f3n semanal, Juan Irigoyen, socio de la gremial, analiz\u00f3 el mercado e indic\u00f3 que \"la faena es importante\u2026","rel":"","context":"En \u00abActualidad\u00bb","block_context":{"text":"Actualidad","link":"https:\/\/lahoradelcampo.com.uy\/site\/category\/actualidad\/"},"img":{"alt_text":"","src":"https:\/\/i0.wp.com\/lahoradelcampo.com.uy\/site\/wp-content\/uploads\/2020\/06\/ganado-gordo-1.jpg?fit=880%2C440&ssl=1&resize=350%2C200","width":350,"height":200,"srcset":"https:\/\/i0.wp.com\/lahoradelcampo.com.uy\/site\/wp-content\/uploads\/2020\/06\/ganado-gordo-1.jpg?fit=880%2C440&ssl=1&resize=350%2C200 1x, https:\/\/i0.wp.com\/lahoradelcampo.com.uy\/site\/wp-content\/uploads\/2020\/06\/ganado-gordo-1.jpg?fit=880%2C440&ssl=1&resize=525%2C300 1.5x, https:\/\/i0.wp.com\/lahoradelcampo.com.uy\/site\/wp-content\/uploads\/2020\/06\/ganado-gordo-1.jpg?fit=880%2C440&ssl=1&resize=700%2C400 2x"},"classes":[]},{"id":55975,"url":"https:\/\/lahoradelcampo.com.uy\/site\/mercado-de-haciendas-firme-con-poca-oferta-y-demanda-sostenida\/","url_meta":{"origin":43253,"position":3},"title":"Mercado de haciendas firme, con poca oferta y demanda sostenida","author":"La Hora del Campo","date":"23 abril, 2025","format":false,"excerpt":"El mercado ganadero uruguayo se mantiene estable, con valores firmes impulsados por una baja oferta de animales y condiciones clim\u00e1ticas favorables. Seg\u00fan consignatarios, la pasada Semana de Pascuas tuvo una operativa reducida, sumado al inicio de la faena de corral para la cuota 481, lo que aliviana la presi\u00f3n sobre\u2026","rel":"","context":"En \u00abActualidad\u00bb","block_context":{"text":"Actualidad","link":"https:\/\/lahoradelcampo.com.uy\/site\/category\/actualidad\/"},"img":{"alt_text":"","src":"https:\/\/i0.wp.com\/lahoradelcampo.com.uy\/site\/wp-content\/uploads\/2017\/10\/Ganadogordo.jpg?fit=880%2C440&ssl=1&resize=350%2C200","width":350,"height":200,"srcset":"https:\/\/i0.wp.com\/lahoradelcampo.com.uy\/site\/wp-content\/uploads\/2017\/10\/Ganadogordo.jpg?fit=880%2C440&ssl=1&resize=350%2C200 1x, https:\/\/i0.wp.com\/lahoradelcampo.com.uy\/site\/wp-content\/uploads\/2017\/10\/Ganadogordo.jpg?fit=880%2C440&ssl=1&resize=525%2C300 1.5x, https:\/\/i0.wp.com\/lahoradelcampo.com.uy\/site\/wp-content\/uploads\/2017\/10\/Ganadogordo.jpg?fit=880%2C440&ssl=1&resize=700%2C400 2x"},"classes":[]},{"id":50210,"url":"https:\/\/lahoradelcampo.com.uy\/site\/mercado-de-haciendas-firme-y-estable-con-escasa-oferta-de-ganados-especiales\/","url_meta":{"origin":43253,"position":4},"title":"Mercado de haciendas firme y estable con escasa oferta de ganados especiales","author":"La Hora del Campo","date":"26 abril, 2023","format":false,"excerpt":"El mercado de haciendas sigue al alza seg\u00fan los valores de referencia de la Asociaci\u00f3n de Consignatarios de Ganado (ACG) publicados la semana pasada en base a los negocios concretados entre el 16 y el 22 de abril. Los novillos y las vacas subieron un centavo, mientras que las vaquillonas\u2026","rel":"","context":"En \u00abActualidad\u00bb","block_context":{"text":"Actualidad","link":"https:\/\/lahoradelcampo.com.uy\/site\/category\/actualidad\/"},"img":{"alt_text":"","src":"https:\/\/i0.wp.com\/lahoradelcampo.com.uy\/site\/wp-content\/uploads\/2023\/04\/Ganadogordo1.jpg?fit=880%2C440&ssl=1&resize=350%2C200","width":350,"height":200,"srcset":"https:\/\/i0.wp.com\/lahoradelcampo.com.uy\/site\/wp-content\/uploads\/2023\/04\/Ganadogordo1.jpg?fit=880%2C440&ssl=1&resize=350%2C200 1x, https:\/\/i0.wp.com\/lahoradelcampo.com.uy\/site\/wp-content\/uploads\/2023\/04\/Ganadogordo1.jpg?fit=880%2C440&ssl=1&resize=525%2C300 1.5x, https:\/\/i0.wp.com\/lahoradelcampo.com.uy\/site\/wp-content\/uploads\/2023\/04\/Ganadogordo1.jpg?fit=880%2C440&ssl=1&resize=700%2C400 2x"},"classes":[]},{"id":56610,"url":"https:\/\/lahoradelcampo.com.uy\/site\/mercado-de-haciendas-sigue-con-demanda-firme-y-precios-al-alza\/","url_meta":{"origin":43253,"position":5},"title":"Mercado de haciendas sigue con demanda firme y precios al alza","author":"La Hora del Campo","date":"19 agosto, 2025","format":false,"excerpt":"Los precios de la hacienda con destino a faena contin\u00faan con su tendencia alcista en todas las categor\u00edas. \u201cCon demanda que se adecua a la \u00e9poca, mercado firme para todas las categor\u00edas\u201d dijo la Asociaci\u00f3n de Consignatarios de Ganados (ACG) tras su reuni\u00f3n de precios de este lunes 18 de\u2026","rel":"","context":"En \u00abActualidad\u00bb","block_context":{"text":"Actualidad","link":"https:\/\/lahoradelcampo.com.uy\/site\/category\/actualidad\/"},"img":{"alt_text":"","src":"https:\/\/i0.wp.com\/lahoradelcampo.com.uy\/site\/wp-content\/uploads\/2024\/07\/GanadoHereford.jpg?fit=880%2C440&ssl=1&resize=350%2C200","width":350,"height":200,"srcset":"https:\/\/i0.wp.com\/lahoradelcampo.com.uy\/site\/wp-content\/uploads\/2024\/07\/GanadoHereford.jpg?fit=880%2C440&ssl=1&resize=350%2C200 1x, https:\/\/i0.wp.com\/lahoradelcampo.com.uy\/site\/wp-content\/uploads\/2024\/07\/GanadoHereford.jpg?fit=880%2C440&ssl=1&resize=525%2C300 1.5x, https:\/\/i0.wp.com\/lahoradelcampo.com.uy\/site\/wp-content\/uploads\/2024\/07\/GanadoHereford.jpg?fit=880%2C440&ssl=1&resize=700%2C400 2x"},"classes":[]}],"jetpack_likes_enabled":true,"_links":{"self":[{"href":"https:\/\/lahoradelcampo.com.uy\/site\/wp-json\/wp\/v2\/posts\/43253","targetHints":{"allow":["GET"]}}],"collection":[{"href":"https:\/\/lahoradelcampo.com.uy\/site\/wp-json\/wp\/v2\/posts"}],"about":[{"href":"https:\/\/lahoradelcampo.com.uy\/site\/wp-json\/wp\/v2\/types\/post"}],"author":[{"embeddable":true,"href":"https:\/\/lahoradelcampo.com.uy\/site\/wp-json\/wp\/v2\/users\/5"}],"replies":[{"embeddable":true,"href":"https:\/\/lahoradelcampo.com.uy\/site\/wp-json\/wp\/v2\/comments?post=43253"}],"version-history":[{"count":1,"href":"https:\/\/lahoradelcampo.com.uy\/site\/wp-json\/wp\/v2\/posts\/43253\/revisions"}],"predecessor-version":[{"id":43255,"href":"https:\/\/lahoradelcampo.com.uy\/site\/wp-json\/wp\/v2\/posts\/43253\/revisions\/43255"}],"wp:featuredmedia":[{"embeddable":true,"href":"https:\/\/lahoradelcampo.com.uy\/site\/wp-json\/wp\/v2\/media\/29920"}],"wp:attachment":[{"href":"https:\/\/lahoradelcampo.com.uy\/site\/wp-json\/wp\/v2\/media?parent=43253"}],"wp:term":[{"taxonomy":"category","embeddable":true,"href":"https:\/\/lahoradelcampo.com.uy\/site\/wp-json\/wp\/v2\/categories?post=43253"},{"taxonomy":"post_tag","embeddable":true,"href":"https:\/\/lahoradelcampo.com.uy\/site\/wp-json\/wp\/v2\/tags?post=43253"}],"curies":[{"name":"wp","href":"https:\/\/api.w.org\/{rel}","templated":true}]}}