{"id":43249,"date":"2022-06-28T07:22:13","date_gmt":"2022-06-28T10:22:13","guid":{"rendered":"http:\/\/lahoradelcampo.com.uy\/site\/?p=43249"},"modified":"2022-06-28T07:22:17","modified_gmt":"2022-06-28T10:22:17","slug":"tecnicos-argentinos-realizaran-charla-sobre-nutricion-ovina-en-calsal","status":"publish","type":"post","link":"https:\/\/lahoradelcampo.com.uy\/site\/tecnicos-argentinos-realizaran-charla-sobre-nutricion-ovina-en-calsal\/","title":{"rendered":"T\u00e9cnicos argentinos realizar\u00e1n charla sobre nutrici\u00f3n ovina en CALSAL"},"content":{"rendered":"\n<figure class=\"wp-block-image\"><img data-recalc-dims=\"1\" loading=\"lazy\" decoding=\"async\" width=\"810\" height=\"405\" data-attachment-id=\"38463\" data-permalink=\"https:\/\/lahoradelcampo.com.uy\/site\/clu-lanzo-el-operativo-ovinos-2022-con-base-de-us-400-hasta-marzo\/clu-corderos\/\" data-orig-file=\"https:\/\/i0.wp.com\/lahoradelcampo.com.uy\/site\/wp-content\/uploads\/2022\/01\/CLU-corderos.jpg?fit=880%2C440&amp;ssl=1\" data-orig-size=\"880,440\" data-comments-opened=\"1\" data-image-meta=\"{&quot;aperture&quot;:&quot;0&quot;,&quot;credit&quot;:&quot;&quot;,&quot;camera&quot;:&quot;&quot;,&quot;caption&quot;:&quot;&quot;,&quot;created_timestamp&quot;:&quot;0&quot;,&quot;copyright&quot;:&quot;&quot;,&quot;focal_length&quot;:&quot;0&quot;,&quot;iso&quot;:&quot;0&quot;,&quot;shutter_speed&quot;:&quot;0&quot;,&quot;title&quot;:&quot;&quot;,&quot;orientation&quot;:&quot;1&quot;}\" data-image-title=\"CLU-corderos\" data-image-description=\"\" data-image-caption=\"\" data-large-file=\"https:\/\/i0.wp.com\/lahoradelcampo.com.uy\/site\/wp-content\/uploads\/2022\/01\/CLU-corderos.jpg?fit=810%2C405&amp;ssl=1\" src=\"https:\/\/i0.wp.com\/lahoradelcampo.com.uy\/site\/wp-content\/uploads\/2022\/01\/CLU-corderos.jpg?resize=810%2C405\" alt=\"\" class=\"wp-image-38463\" srcset=\"https:\/\/i0.wp.com\/lahoradelcampo.com.uy\/site\/wp-content\/uploads\/2022\/01\/CLU-corderos.jpg?w=880&amp;ssl=1 880w, https:\/\/i0.wp.com\/lahoradelcampo.com.uy\/site\/wp-content\/uploads\/2022\/01\/CLU-corderos.jpg?resize=300%2C150&amp;ssl=1 300w, https:\/\/i0.wp.com\/lahoradelcampo.com.uy\/site\/wp-content\/uploads\/2022\/01\/CLU-corderos.jpg?resize=768%2C384&amp;ssl=1 768w, https:\/\/i0.wp.com\/lahoradelcampo.com.uy\/site\/wp-content\/uploads\/2022\/01\/CLU-corderos.jpg?resize=820%2C410&amp;ssl=1 820w\" sizes=\"auto, (max-width: 810px) 100vw, 810px\" \/><\/figure>\n\n\n\n<p>El pr\u00f3ximo 26 de julio, t\u00e9cnicos del INTA Bariloche e INTA Ezquel realizar\u00e1n una charla en los salones de CALSAL sobre nutrici\u00f3n ovina, en el marco de una gira que visitar\u00e1 en los d\u00edas siguientes varios predios de la zona e instalaciones de INIA en Tacuaremb\u00f3. <br><\/p>\n\n\n\n<p>El Dr. Ramiro Orihuela dijo a CAMBIO, que la presencia de los t\u00e9cnicos argentinos parte de una demanda de los productores de la zona. <br><\/p>\n\n\n\n<p>Seg\u00fan explic\u00f3 crece la demanda por informaci\u00f3n respecto a la nutrici\u00f3n del ovino, y dichos profesionales poseen un importante conocimiento en el tema, debido a las condicionantes de producci\u00f3n que se tiene en esa zona de Argentina. <br><\/p>\n\n\n\n<p>En los pr\u00f3ximos d\u00edas se brindar\u00e1n m\u00e1s detalles de la jornada.<\/p>\n\n\n\n<p>Salto, 28 de junio de 2022<\/p>\n","protected":false},"excerpt":{"rendered":"<p>El pr\u00f3ximo 26 de julio, t\u00e9cnicos del INTA Bariloche e INTA Ezquel realizar\u00e1n una charla en los salones de CALSAL sobre nutrici\u00f3n ovina, en el marco de una gira que [&hellip;]<\/p>\n","protected":false},"author":5,"featured_media":38463,"comment_status":"open","ping_status":"open","sticky":false,"template":"","format":"standard","meta":{"_price":"","_stock":"","_tribe_ticket_header":"","_tribe_default_ticket_provider":"","_tribe_ticket_capacity":"0","_ticket_start_date":"","_ticket_end_date":"","_tribe_ticket_show_description":"","_tribe_ticket_show_not_going":false,"_tribe_ticket_use_global_stock":"","_tribe_ticket_global_stock_level":"","_global_stock_mode":"","_global_stock_cap":"","_tribe_rsvp_for_event":"","_tribe_ticket_going_count":"","_tribe_ticket_not_going_count":"","_tribe_tickets_list":"[]","_tribe_ticket_has_attendee_info_fields":false,"h5ap_radio_sources":[],"_jetpack_newsletter_access":"","_jetpack_dont_email_post_to_subs":false,"_jetpack_newsletter_tier_id":0,"_jetpack_memberships_contains_paywalled_content":false,"_jetpack_memberships_contains_paid_content":false,"footnotes":""},"categories":[21,13],"tags":[],"class_list":["post-43249","post","type-post","status-publish","format-standard","has-post-thumbnail","hentry","category-actualidad","category-ovinos"],"jetpack_featured_media_url":"https:\/\/i0.wp.com\/lahoradelcampo.com.uy\/site\/wp-content\/uploads\/2022\/01\/CLU-corderos.jpg?fit=880%2C440&ssl=1","jetpack_sharing_enabled":true,"jetpack_shortlink":"https:\/\/wp.me\/p99IaT-bfz","jetpack-related-posts":[{"id":43873,"url":"https:\/\/lahoradelcampo.com.uy\/site\/nutricion-ovina-impacto-en-la-produccion-de-carne-y-lana\/","url_meta":{"origin":43249,"position":0},"title":"Nutrici\u00f3n Ovina: Impacto en la producci\u00f3n de carne y lana","author":"La Hora del Campo","date":"16 julio, 2022","format":false,"excerpt":"El pr\u00f3ximo martes 26 de julio, tal cual lo hab\u00edamos anunciado hace dos semanas, se desarrollar\u00e1 en Cooperativa Calsal, la jornada sobre nutrici\u00f3n en ovinos donde participaran t\u00e9cnicos del INTA de Argentina. De acuerdo a la informaci\u00f3n proporcionada por la cooperativa, la actividad ser\u00e1 presencial en el sal\u00f3n de actos,\u2026","rel":"","context":"En \u00abActualidad\u00bb","block_context":{"text":"Actualidad","link":"https:\/\/lahoradelcampo.com.uy\/site\/category\/actualidad\/"},"img":{"alt_text":"","src":"https:\/\/i0.wp.com\/lahoradelcampo.com.uy\/site\/wp-content\/uploads\/2022\/07\/Ovinos-encierre.jpg?fit=880%2C440&ssl=1&resize=350%2C200","width":350,"height":200,"srcset":"https:\/\/i0.wp.com\/lahoradelcampo.com.uy\/site\/wp-content\/uploads\/2022\/07\/Ovinos-encierre.jpg?fit=880%2C440&ssl=1&resize=350%2C200 1x, https:\/\/i0.wp.com\/lahoradelcampo.com.uy\/site\/wp-content\/uploads\/2022\/07\/Ovinos-encierre.jpg?fit=880%2C440&ssl=1&resize=525%2C300 1.5x, https:\/\/i0.wp.com\/lahoradelcampo.com.uy\/site\/wp-content\/uploads\/2022\/07\/Ovinos-encierre.jpg?fit=880%2C440&ssl=1&resize=700%2C400 2x"},"classes":[]},{"id":51900,"url":"https:\/\/lahoradelcampo.com.uy\/site\/calsal-realizara-jornada-sobre-la-cria-de-pollitas-bebe-para-ponedoras\/","url_meta":{"origin":43249,"position":1},"title":"Calsal realizar\u00e1 jornada sobre la cr\u00eda de pollitas beb\u00e9 para ponedoras","author":"La Hora del Campo","date":"20 julio, 2023","format":false,"excerpt":"La cr\u00eda adecuada de pollitas beb\u00e9 para ponedoras es un aspecto fundamental en la producci\u00f3n av\u00edcola, para lo cual, Cooperativa Calsal el pr\u00f3ximo 26 de julio realizar\u00e1 una actividad virtual al respecto. El Dr. Ramiro Orihuela, integrante de la cooperativa, mencion\u00f3 algunos de los factores claves que aseguran un buen\u2026","rel":"","context":"En \u00abActualidad\u00bb","block_context":{"text":"Actualidad","link":"https:\/\/lahoradelcampo.com.uy\/site\/category\/actualidad\/"},"img":{"alt_text":"","src":"https:\/\/i0.wp.com\/lahoradelcampo.com.uy\/site\/wp-content\/uploads\/2023\/07\/RamiroOrihuela.jpg?fit=880%2C440&ssl=1&resize=350%2C200","width":350,"height":200,"srcset":"https:\/\/i0.wp.com\/lahoradelcampo.com.uy\/site\/wp-content\/uploads\/2023\/07\/RamiroOrihuela.jpg?fit=880%2C440&ssl=1&resize=350%2C200 1x, https:\/\/i0.wp.com\/lahoradelcampo.com.uy\/site\/wp-content\/uploads\/2023\/07\/RamiroOrihuela.jpg?fit=880%2C440&ssl=1&resize=525%2C300 1.5x, https:\/\/i0.wp.com\/lahoradelcampo.com.uy\/site\/wp-content\/uploads\/2023\/07\/RamiroOrihuela.jpg?fit=880%2C440&ssl=1&resize=700%2C400 2x"},"classes":[]},{"id":40545,"url":"https:\/\/lahoradelcampo.com.uy\/site\/valorizacion-de-la-produccion-ovina-genetica-ambiente\/","url_meta":{"origin":43249,"position":2},"title":"Valorizaci\u00f3n de la producci\u00f3n ovina: gen\u00e9tica + ambiente","author":"La Hora del Campo","date":"5 abril, 2022","format":false,"excerpt":"Durante los d\u00edas 21 y 22 de abril en la sede de INIA Tacuaremb\u00f3, Ruta 5 km 386, se realizar\u00e1n dos actividades relacionadas con el proyecto SMARTER, el cual est\u00e1 asociado tambi\u00e9n con otros programas de la investigaci\u00f3n en Uruguay como como RUMIAR y GrassToGas, entre otros. Ambas jornadas son\u2026","rel":"","context":"En \u00abActualidad\u00bb","block_context":{"text":"Actualidad","link":"https:\/\/lahoradelcampo.com.uy\/site\/category\/actualidad\/"},"img":{"alt_text":"","src":"https:\/\/i0.wp.com\/lahoradelcampo.com.uy\/site\/wp-content\/uploads\/2021\/09\/ovinos-irlanda.jpg?fit=880%2C440&ssl=1&resize=350%2C200","width":350,"height":200,"srcset":"https:\/\/i0.wp.com\/lahoradelcampo.com.uy\/site\/wp-content\/uploads\/2021\/09\/ovinos-irlanda.jpg?fit=880%2C440&ssl=1&resize=350%2C200 1x, https:\/\/i0.wp.com\/lahoradelcampo.com.uy\/site\/wp-content\/uploads\/2021\/09\/ovinos-irlanda.jpg?fit=880%2C440&ssl=1&resize=525%2C300 1.5x, https:\/\/i0.wp.com\/lahoradelcampo.com.uy\/site\/wp-content\/uploads\/2021\/09\/ovinos-irlanda.jpg?fit=880%2C440&ssl=1&resize=700%2C400 2x"},"classes":[]},{"id":48865,"url":"https:\/\/lahoradelcampo.com.uy\/site\/se-desarrollan-charlas-sobre-influenza-aviar-en-salto-y-en-el-sur-del-pais\/","url_meta":{"origin":43249,"position":3},"title":"Se desarrollan charlas sobre influenza aviar en Salto y en el sur del pa\u00eds","author":"La Hora del Campo","date":"24 febrero, 2023","format":false,"excerpt":"Luego que se detectar\u00e1 en el departamento de Rocha, la muerte de varios cisnes de cuello negro a causa de la influenza aviar, el Ministerio de Ganader\u00eda, Agricultura y Pesca (MGAP) ha declarado emergencia agropecuaria, tomando varias medidas preventivas en la zona. Al mismo tiempo comienzan a desarrollarse en los\u2026","rel":"","context":"En \u00abActualidad\u00bb","block_context":{"text":"Actualidad","link":"https:\/\/lahoradelcampo.com.uy\/site\/category\/actualidad\/"},"img":{"alt_text":"","src":"https:\/\/i0.wp.com\/lahoradelcampo.com.uy\/site\/wp-content\/uploads\/2023\/02\/Aviar.jpg?fit=880%2C440&ssl=1&resize=350%2C200","width":350,"height":200,"srcset":"https:\/\/i0.wp.com\/lahoradelcampo.com.uy\/site\/wp-content\/uploads\/2023\/02\/Aviar.jpg?fit=880%2C440&ssl=1&resize=350%2C200 1x, https:\/\/i0.wp.com\/lahoradelcampo.com.uy\/site\/wp-content\/uploads\/2023\/02\/Aviar.jpg?fit=880%2C440&ssl=1&resize=525%2C300 1.5x, https:\/\/i0.wp.com\/lahoradelcampo.com.uy\/site\/wp-content\/uploads\/2023\/02\/Aviar.jpg?fit=880%2C440&ssl=1&resize=700%2C400 2x"},"classes":[]},{"id":22780,"url":"https:\/\/lahoradelcampo.com.uy\/site\/sul-inia-e-inac-trabajan-para-mejorar-la-competitividad-internacional-de-la-carne-ovina\/","url_meta":{"origin":43249,"position":4},"title":"SUL, INIA e INAC trabajan para mejorar la competitividad internacional de la carne ovina","author":"La Hora del Campo","date":"18 agosto, 2020","format":false,"excerpt":"El Secretariado Uruguayo de la Lana (SUL), conjuntamente con el Instituto Nacional de Investigaci\u00f3n Agropecuaria (INIA) y el Instituto Nacional de Carnes (INAC) llevan adelante el convenio de cooperaci\u00f3n \u201cInvestigaci\u00f3n, transferencia de tecnolog\u00eda e innovaci\u00f3n para la mejora de la competitividad internacional de la cadena c\u00e1rnica ovina del Uruguay\u201d. En\u2026","rel":"","context":"En \u00abActualidad\u00bb","block_context":{"text":"Actualidad","link":"https:\/\/lahoradelcampo.com.uy\/site\/category\/actualidad\/"},"img":{"alt_text":"","src":"https:\/\/i0.wp.com\/lahoradelcampo.com.uy\/site\/wp-content\/uploads\/2017\/09\/Ovinos.jpg?fit=880%2C440&ssl=1&resize=350%2C200","width":350,"height":200,"srcset":"https:\/\/i0.wp.com\/lahoradelcampo.com.uy\/site\/wp-content\/uploads\/2017\/09\/Ovinos.jpg?fit=880%2C440&ssl=1&resize=350%2C200 1x, https:\/\/i0.wp.com\/lahoradelcampo.com.uy\/site\/wp-content\/uploads\/2017\/09\/Ovinos.jpg?fit=880%2C440&ssl=1&resize=525%2C300 1.5x, https:\/\/i0.wp.com\/lahoradelcampo.com.uy\/site\/wp-content\/uploads\/2017\/09\/Ovinos.jpg?fit=880%2C440&ssl=1&resize=700%2C400 2x"},"classes":[]},{"id":6579,"url":"https:\/\/lahoradelcampo.com.uy\/site\/lanzamiento-de-la-zafra-ovina-se-realizara-en-artigas-este-ano\/","url_meta":{"origin":43249,"position":5},"title":"Lanzamiento de la zafra ovina se realizar\u00e1 en Artigas este a\u00f1o","author":"La Hora del Campo","date":"19 abril, 2018","format":false,"excerpt":"El Secretariado Uruguayo de la Lana dio a conocer su agenda de actividades destacadas para 2018, en la cual se determina que el lanzamiento de la zafra ovina del pa\u00eds, se realizar\u00e1 en la zona m\u00e1s ovejera del pa\u00eds. Seg\u00fan los datos de la Declaraci\u00f3n Jurada Anual de Dicose, Salto\u2026","rel":"","context":"En \u00abActualidad\u00bb","block_context":{"text":"Actualidad","link":"https:\/\/lahoradelcampo.com.uy\/site\/category\/actualidad\/"},"img":{"alt_text":"","src":"https:\/\/i0.wp.com\/lahoradelcampo.com.uy\/site\/wp-content\/uploads\/2018\/04\/Ovinos.jpg?fit=880%2C440&ssl=1&resize=350%2C200","width":350,"height":200,"srcset":"https:\/\/i0.wp.com\/lahoradelcampo.com.uy\/site\/wp-content\/uploads\/2018\/04\/Ovinos.jpg?fit=880%2C440&ssl=1&resize=350%2C200 1x, https:\/\/i0.wp.com\/lahoradelcampo.com.uy\/site\/wp-content\/uploads\/2018\/04\/Ovinos.jpg?fit=880%2C440&ssl=1&resize=525%2C300 1.5x, https:\/\/i0.wp.com\/lahoradelcampo.com.uy\/site\/wp-content\/uploads\/2018\/04\/Ovinos.jpg?fit=880%2C440&ssl=1&resize=700%2C400 2x"},"classes":[]}],"jetpack_likes_enabled":true,"_links":{"self":[{"href":"https:\/\/lahoradelcampo.com.uy\/site\/wp-json\/wp\/v2\/posts\/43249","targetHints":{"allow":["GET"]}}],"collection":[{"href":"https:\/\/lahoradelcampo.com.uy\/site\/wp-json\/wp\/v2\/posts"}],"about":[{"href":"https:\/\/lahoradelcampo.com.uy\/site\/wp-json\/wp\/v2\/types\/post"}],"author":[{"embeddable":true,"href":"https:\/\/lahoradelcampo.com.uy\/site\/wp-json\/wp\/v2\/users\/5"}],"replies":[{"embeddable":true,"href":"https:\/\/lahoradelcampo.com.uy\/site\/wp-json\/wp\/v2\/comments?post=43249"}],"version-history":[{"count":1,"href":"https:\/\/lahoradelcampo.com.uy\/site\/wp-json\/wp\/v2\/posts\/43249\/revisions"}],"predecessor-version":[{"id":43251,"href":"https:\/\/lahoradelcampo.com.uy\/site\/wp-json\/wp\/v2\/posts\/43249\/revisions\/43251"}],"wp:featuredmedia":[{"embeddable":true,"href":"https:\/\/lahoradelcampo.com.uy\/site\/wp-json\/wp\/v2\/media\/38463"}],"wp:attachment":[{"href":"https:\/\/lahoradelcampo.com.uy\/site\/wp-json\/wp\/v2\/media?parent=43249"}],"wp:term":[{"taxonomy":"category","embeddable":true,"href":"https:\/\/lahoradelcampo.com.uy\/site\/wp-json\/wp\/v2\/categories?post=43249"},{"taxonomy":"post_tag","embeddable":true,"href":"https:\/\/lahoradelcampo.com.uy\/site\/wp-json\/wp\/v2\/tags?post=43249"}],"curies":[{"name":"wp","href":"https:\/\/api.w.org\/{rel}","templated":true}]}}