{"id":43245,"date":"2022-06-28T07:17:08","date_gmt":"2022-06-28T10:17:08","guid":{"rendered":"http:\/\/lahoradelcampo.com.uy\/site\/?p=43245"},"modified":"2022-06-28T07:17:13","modified_gmt":"2022-06-28T10:17:13","slug":"cae-el-precio-de-la-carne-en-gancho-de-carniceria","status":"publish","type":"post","link":"https:\/\/lahoradelcampo.com.uy\/site\/cae-el-precio-de-la-carne-en-gancho-de-carniceria\/","title":{"rendered":"Cae el precio de la carne  en gancho de carnicer\u00eda"},"content":{"rendered":"\n<figure class=\"wp-block-image\"><img data-recalc-dims=\"1\" loading=\"lazy\" decoding=\"async\" width=\"810\" height=\"405\" data-attachment-id=\"37411\" data-permalink=\"https:\/\/lahoradelcampo.com.uy\/site\/consumo-de-carne-vacuna-crecio-23-en-2021\/carnevacuna\/\" data-orig-file=\"https:\/\/i0.wp.com\/lahoradelcampo.com.uy\/site\/wp-content\/uploads\/2021\/12\/Carnevacuna.jpg?fit=880%2C440&amp;ssl=1\" data-orig-size=\"880,440\" data-comments-opened=\"1\" data-image-meta=\"{&quot;aperture&quot;:&quot;0&quot;,&quot;credit&quot;:&quot;&quot;,&quot;camera&quot;:&quot;&quot;,&quot;caption&quot;:&quot;&quot;,&quot;created_timestamp&quot;:&quot;0&quot;,&quot;copyright&quot;:&quot;&quot;,&quot;focal_length&quot;:&quot;0&quot;,&quot;iso&quot;:&quot;0&quot;,&quot;shutter_speed&quot;:&quot;0&quot;,&quot;title&quot;:&quot;&quot;,&quot;orientation&quot;:&quot;1&quot;}\" data-image-title=\"Carnevacuna\" data-image-description=\"\" data-image-caption=\"\" data-large-file=\"https:\/\/i0.wp.com\/lahoradelcampo.com.uy\/site\/wp-content\/uploads\/2021\/12\/Carnevacuna.jpg?fit=810%2C405&amp;ssl=1\" src=\"https:\/\/i0.wp.com\/lahoradelcampo.com.uy\/site\/wp-content\/uploads\/2021\/12\/Carnevacuna.jpg?resize=810%2C405\" alt=\"\" class=\"wp-image-37411\" srcset=\"https:\/\/i0.wp.com\/lahoradelcampo.com.uy\/site\/wp-content\/uploads\/2021\/12\/Carnevacuna.jpg?w=880&amp;ssl=1 880w, https:\/\/i0.wp.com\/lahoradelcampo.com.uy\/site\/wp-content\/uploads\/2021\/12\/Carnevacuna.jpg?resize=300%2C150&amp;ssl=1 300w, https:\/\/i0.wp.com\/lahoradelcampo.com.uy\/site\/wp-content\/uploads\/2021\/12\/Carnevacuna.jpg?resize=768%2C384&amp;ssl=1 768w, https:\/\/i0.wp.com\/lahoradelcampo.com.uy\/site\/wp-content\/uploads\/2021\/12\/Carnevacuna.jpg?resize=820%2C410&amp;ssl=1 820w\" sizes=\"auto, (max-width: 810px) 100vw, 810px\" \/><\/figure>\n\n\n\n<p>En la \u00faltima semana de informaci\u00f3n de INAC, el valor de la carne en gancho de carnicer\u00eda registr\u00f3 un descenso del 0,16% en los novillos y del 1,24% en el caso de las vacas. <br><\/p>\n\n\n\n<p>En el registro de INAC, para la semana cerrada el 18 de junio, los valores del kilogramo de la carne de novillo por media res en gancho de carnicer\u00eda, con impuestos incluidos, fueron desde $ 236,57 a $ 263,41, haciendo un promedio de $ 243,42. <br><\/p>\n\n\n\n<p>Para la vaca, en las mismas condiciones, los valores estuvieron entre $ 224,43 y $ 245 por kilogramo, con un promedio de $ 234,55. En el promedio ponderado entre la comercializaci\u00f3n de media res de novillo y vaca, el valor de referencia es de $ 242,65, con un descenso de 0,30% por kilogramo. <br><\/p>\n\n\n\n<p><strong>Carne Ovina<\/strong><br><\/p>\n\n\n\n<p>En el caso de cordero, los valores informados por la industria sobre la comercializaci\u00f3n de las carcasas al mercado interno, muestran una referencia promedio de $ 273,71 por kilogramo, registrando un descenso del 1,31% respecto a la semana previa. <br><\/p>\n\n\n\n<p>Los valores de la semana cerrada el pasado 18 de julio, fluctuaron entre $ 264,61 y $ 300 por kilogramo. <\/p>\n\n\n\n<p>Salto, 28 de julio de 2022<\/p>\n","protected":false},"excerpt":{"rendered":"<p>En la \u00faltima semana de informaci\u00f3n de INAC, el valor de la carne en gancho de carnicer\u00eda registr\u00f3 un descenso del 0,16% en los novillos y del 1,24% en el [&hellip;]<\/p>\n","protected":false},"author":5,"featured_media":37411,"comment_status":"open","ping_status":"open","sticky":false,"template":"","format":"standard","meta":{"_price":"","_stock":"","_tribe_ticket_header":"","_tribe_default_ticket_provider":"","_tribe_ticket_capacity":"0","_ticket_start_date":"","_ticket_end_date":"","_tribe_ticket_show_description":"","_tribe_ticket_show_not_going":false,"_tribe_ticket_use_global_stock":"","_tribe_ticket_global_stock_level":"","_global_stock_mode":"","_global_stock_cap":"","_tribe_rsvp_for_event":"","_tribe_ticket_going_count":"","_tribe_ticket_not_going_count":"","_tribe_tickets_list":"[]","_tribe_ticket_has_attendee_info_fields":false,"h5ap_radio_sources":[],"_jetpack_newsletter_access":"","_jetpack_dont_email_post_to_subs":false,"_jetpack_newsletter_tier_id":0,"_jetpack_memberships_contains_paywalled_content":false,"_jetpack_memberships_contains_paid_content":false,"footnotes":""},"categories":[21,5],"tags":[],"class_list":["post-43245","post","type-post","status-publish","format-standard","has-post-thumbnail","hentry","category-actualidad","category-ganaderia"],"jetpack_featured_media_url":"https:\/\/i0.wp.com\/lahoradelcampo.com.uy\/site\/wp-content\/uploads\/2021\/12\/Carnevacuna.jpg?fit=880%2C440&ssl=1","jetpack_sharing_enabled":true,"jetpack_shortlink":"https:\/\/wp.me\/p99IaT-bfv","jetpack-related-posts":[{"id":36837,"url":"https:\/\/lahoradelcampo.com.uy\/site\/la-media-res-de-novillo-subio-un-36-en-2021\/","url_meta":{"origin":43245,"position":0},"title":"La media res de novillo subi\u00f3 un 36% en 2021","author":"La Hora del Campo","date":"23 noviembre, 2021","format":false,"excerpt":"De acuerdo a los datos aportados por el INAC, el valor promedio de la media res de novillo en gancho de carnicer\u00eda, con impuestos incluidos, subi\u00f3 un 36% en esta a\u00f1o 2021. El promedio para este producto fue de $ 158,77 el kilogramo para el mes de diciembre de 2020,\u2026","rel":"","context":"En \u00abActualidad\u00bb","block_context":{"text":"Actualidad","link":"https:\/\/lahoradelcampo.com.uy\/site\/category\/actualidad\/"},"img":{"alt_text":"","src":"https:\/\/i0.wp.com\/lahoradelcampo.com.uy\/site\/wp-content\/uploads\/2017\/11\/Carne.jpg?fit=880%2C440&ssl=1&resize=350%2C200","width":350,"height":200,"srcset":"https:\/\/i0.wp.com\/lahoradelcampo.com.uy\/site\/wp-content\/uploads\/2017\/11\/Carne.jpg?fit=880%2C440&ssl=1&resize=350%2C200 1x, https:\/\/i0.wp.com\/lahoradelcampo.com.uy\/site\/wp-content\/uploads\/2017\/11\/Carne.jpg?fit=880%2C440&ssl=1&resize=525%2C300 1.5x, https:\/\/i0.wp.com\/lahoradelcampo.com.uy\/site\/wp-content\/uploads\/2017\/11\/Carne.jpg?fit=880%2C440&ssl=1&resize=700%2C400 2x"},"classes":[]},{"id":49406,"url":"https:\/\/lahoradelcampo.com.uy\/site\/la-carne-subio-en-gancho-de-carniceria-en-la-ultima-semana\/","url_meta":{"origin":43245,"position":1},"title":"La carne subi\u00f3 en gancho de carnicer\u00eda en la \u00faltima semana","author":"La Hora del Campo","date":"24 marzo, 2023","format":false,"excerpt":"El Instituto Nacional de Carnes (INAC) ha actualizado la informaci\u00f3n semanal sobre el precio en gancho de carnicer\u00eda en Uruguay, para la semana cerrada el 18 de marzo de 2023. El precio promedio en gancho de carnicer\u00eda del novillo fue de $U 202,46, lo que representa un aumento del 0,10%\u2026","rel":"","context":"En \u00abActualidad\u00bb","block_context":{"text":"Actualidad","link":"https:\/\/lahoradelcampo.com.uy\/site\/category\/actualidad\/"},"img":{"alt_text":"","src":"https:\/\/i0.wp.com\/lahoradelcampo.com.uy\/site\/wp-content\/uploads\/2023\/03\/carniceria.jpg?fit=880%2C440&ssl=1&resize=350%2C200","width":350,"height":200,"srcset":"https:\/\/i0.wp.com\/lahoradelcampo.com.uy\/site\/wp-content\/uploads\/2023\/03\/carniceria.jpg?fit=880%2C440&ssl=1&resize=350%2C200 1x, https:\/\/i0.wp.com\/lahoradelcampo.com.uy\/site\/wp-content\/uploads\/2023\/03\/carniceria.jpg?fit=880%2C440&ssl=1&resize=525%2C300 1.5x, https:\/\/i0.wp.com\/lahoradelcampo.com.uy\/site\/wp-content\/uploads\/2023\/03\/carniceria.jpg?fit=880%2C440&ssl=1&resize=700%2C400 2x"},"classes":[]},{"id":36101,"url":"https:\/\/lahoradelcampo.com.uy\/site\/la-media-res-en-gancho-subio-un-69-en-30-dias\/","url_meta":{"origin":43245,"position":2},"title":"La media res en gancho subi\u00f3 un 6,9% en 30 d\u00edas","author":"La Hora del Campo","date":"1 noviembre, 2021","format":false,"excerpt":"En el \u00faltimo mes la media res de novillo al carnicero, en gancho de carnicer\u00eda con impuestos incluidos, registr\u00f3 un aumento del 6,9% en su cotizaci\u00f3n, tras situarse en $ 223,53 por kilogramo. A pesar de ello en la \u00faltima semana baj\u00f3 un 0,42% en su cotizaci\u00f3n, seg\u00fan los datos\u2026","rel":"","context":"En \u00abActualidad\u00bb","block_context":{"text":"Actualidad","link":"https:\/\/lahoradelcampo.com.uy\/site\/category\/actualidad\/"},"img":{"alt_text":"","src":"https:\/\/i0.wp.com\/lahoradelcampo.com.uy\/site\/wp-content\/uploads\/2020\/08\/carneexport.jpg?fit=880%2C440&ssl=1&resize=350%2C200","width":350,"height":200,"srcset":"https:\/\/i0.wp.com\/lahoradelcampo.com.uy\/site\/wp-content\/uploads\/2020\/08\/carneexport.jpg?fit=880%2C440&ssl=1&resize=350%2C200 1x, https:\/\/i0.wp.com\/lahoradelcampo.com.uy\/site\/wp-content\/uploads\/2020\/08\/carneexport.jpg?fit=880%2C440&ssl=1&resize=525%2C300 1.5x, https:\/\/i0.wp.com\/lahoradelcampo.com.uy\/site\/wp-content\/uploads\/2020\/08\/carneexport.jpg?fit=880%2C440&ssl=1&resize=700%2C400 2x"},"classes":[]},{"id":34653,"url":"https:\/\/lahoradelcampo.com.uy\/site\/carnicerias-media-res-del-novillo-cae-mas-de-2-en-los-ultimos-30-dias\/","url_meta":{"origin":43245,"position":3},"title":"Carnicer\u00edas: Media res del novillo cae m\u00e1s de 2% en los \u00faltimos 30 d\u00edas","author":"La Hora del Campo","date":"27 septiembre, 2021","format":false,"excerpt":"De acuerdo a los datos publicados por el Instituto Nacional de Carnes (INAC), en la semana del 12 al 18 de setiembre, la media res de novillo en gancho de carnicer\u00eda (impuestos incluidos) registr\u00f3 un descenso del 2,16% en los \u00faltimos 30 d\u00edas, tras cerrar en $ 206,78 por kilogramo.\u2026","rel":"","context":"En \u00abActualidad\u00bb","block_context":{"text":"Actualidad","link":"https:\/\/lahoradelcampo.com.uy\/site\/category\/actualidad\/"},"img":{"alt_text":"","src":"https:\/\/i0.wp.com\/lahoradelcampo.com.uy\/site\/wp-content\/uploads\/2021\/01\/Carnicerias.jpg?fit=880%2C440&ssl=1&resize=350%2C200","width":350,"height":200,"srcset":"https:\/\/i0.wp.com\/lahoradelcampo.com.uy\/site\/wp-content\/uploads\/2021\/01\/Carnicerias.jpg?fit=880%2C440&ssl=1&resize=350%2C200 1x, https:\/\/i0.wp.com\/lahoradelcampo.com.uy\/site\/wp-content\/uploads\/2021\/01\/Carnicerias.jpg?fit=880%2C440&ssl=1&resize=525%2C300 1.5x, https:\/\/i0.wp.com\/lahoradelcampo.com.uy\/site\/wp-content\/uploads\/2021\/01\/Carnicerias.jpg?fit=880%2C440&ssl=1&resize=700%2C400 2x"},"classes":[]},{"id":56564,"url":"https:\/\/lahoradelcampo.com.uy\/site\/el-valor-del-cordero-en-gancho-de-carniceria-subio-19\/","url_meta":{"origin":43245,"position":4},"title":"El valor del cordero en gancho de carnicer\u00eda subi\u00f3 19%","author":"La Hora del Campo","date":"13 agosto, 2025","format":false,"excerpt":"El mercado interno para la carne ovina est\u00e1 muy limitado a un consumo de 2,6 kilos per c\u00e1pita, de acuerdo con el dato del Instituto Nacional de Carnes (INAC) para 2024, comercializ\u00e1ndose sus mayores vol\u00famenes en noviembre y diciembre, de cara a las tradicionales fiestas de fin de a\u00f1o. Esto\u2026","rel":"","context":"En \u00abActualidad\u00bb","block_context":{"text":"Actualidad","link":"https:\/\/lahoradelcampo.com.uy\/site\/category\/actualidad\/"},"img":{"alt_text":"","src":"https:\/\/i0.wp.com\/lahoradelcampo.com.uy\/site\/wp-content\/uploads\/2025\/08\/cordero-en-gancho.jpg?fit=880%2C440&ssl=1&resize=350%2C200","width":350,"height":200,"srcset":"https:\/\/i0.wp.com\/lahoradelcampo.com.uy\/site\/wp-content\/uploads\/2025\/08\/cordero-en-gancho.jpg?fit=880%2C440&ssl=1&resize=350%2C200 1x, https:\/\/i0.wp.com\/lahoradelcampo.com.uy\/site\/wp-content\/uploads\/2025\/08\/cordero-en-gancho.jpg?fit=880%2C440&ssl=1&resize=525%2C300 1.5x, https:\/\/i0.wp.com\/lahoradelcampo.com.uy\/site\/wp-content\/uploads\/2025\/08\/cordero-en-gancho.jpg?fit=880%2C440&ssl=1&resize=700%2C400 2x"},"classes":[]},{"id":41045,"url":"https:\/\/lahoradelcampo.com.uy\/site\/precio-del-cordero-al-productor-sube-un-33-en-2022\/","url_meta":{"origin":43245,"position":5},"title":"Precio del cordero al productor sube un 33% en 2022","author":"La Hora del Campo","date":"22 abril, 2022","format":false,"excerpt":"Durante las primeras 15 semanas del 2022, el valor promedio del cordero pesado en cuarta balanza ha registrado una suba del 33,2% respecto a igual per\u00edodo de 2021. Teniendo en cuenta lo sucedido entre 2012 y 2021, se pueden registrar dos escenarios posibles de valores para las \u00faltimas 15 semanas\u2026","rel":"","context":"En \u00abActualidad\u00bb","block_context":{"text":"Actualidad","link":"https:\/\/lahoradelcampo.com.uy\/site\/category\/actualidad\/"},"img":{"alt_text":"","src":"https:\/\/i0.wp.com\/lahoradelcampo.com.uy\/site\/wp-content\/uploads\/2022\/04\/Corderos-carne-ovina.jpg?fit=880%2C440&ssl=1&resize=350%2C200","width":350,"height":200,"srcset":"https:\/\/i0.wp.com\/lahoradelcampo.com.uy\/site\/wp-content\/uploads\/2022\/04\/Corderos-carne-ovina.jpg?fit=880%2C440&ssl=1&resize=350%2C200 1x, https:\/\/i0.wp.com\/lahoradelcampo.com.uy\/site\/wp-content\/uploads\/2022\/04\/Corderos-carne-ovina.jpg?fit=880%2C440&ssl=1&resize=525%2C300 1.5x, https:\/\/i0.wp.com\/lahoradelcampo.com.uy\/site\/wp-content\/uploads\/2022\/04\/Corderos-carne-ovina.jpg?fit=880%2C440&ssl=1&resize=700%2C400 2x"},"classes":[]}],"jetpack_likes_enabled":true,"_links":{"self":[{"href":"https:\/\/lahoradelcampo.com.uy\/site\/wp-json\/wp\/v2\/posts\/43245","targetHints":{"allow":["GET"]}}],"collection":[{"href":"https:\/\/lahoradelcampo.com.uy\/site\/wp-json\/wp\/v2\/posts"}],"about":[{"href":"https:\/\/lahoradelcampo.com.uy\/site\/wp-json\/wp\/v2\/types\/post"}],"author":[{"embeddable":true,"href":"https:\/\/lahoradelcampo.com.uy\/site\/wp-json\/wp\/v2\/users\/5"}],"replies":[{"embeddable":true,"href":"https:\/\/lahoradelcampo.com.uy\/site\/wp-json\/wp\/v2\/comments?post=43245"}],"version-history":[{"count":1,"href":"https:\/\/lahoradelcampo.com.uy\/site\/wp-json\/wp\/v2\/posts\/43245\/revisions"}],"predecessor-version":[{"id":43247,"href":"https:\/\/lahoradelcampo.com.uy\/site\/wp-json\/wp\/v2\/posts\/43245\/revisions\/43247"}],"wp:featuredmedia":[{"embeddable":true,"href":"https:\/\/lahoradelcampo.com.uy\/site\/wp-json\/wp\/v2\/media\/37411"}],"wp:attachment":[{"href":"https:\/\/lahoradelcampo.com.uy\/site\/wp-json\/wp\/v2\/media?parent=43245"}],"wp:term":[{"taxonomy":"category","embeddable":true,"href":"https:\/\/lahoradelcampo.com.uy\/site\/wp-json\/wp\/v2\/categories?post=43245"},{"taxonomy":"post_tag","embeddable":true,"href":"https:\/\/lahoradelcampo.com.uy\/site\/wp-json\/wp\/v2\/tags?post=43245"}],"curies":[{"name":"wp","href":"https:\/\/api.w.org\/{rel}","templated":true}]}}