{"id":43239,"date":"2022-06-28T07:06:08","date_gmt":"2022-06-28T10:06:08","guid":{"rendered":"http:\/\/lahoradelcampo.com.uy\/site\/?p=43239"},"modified":"2022-06-28T07:06:13","modified_gmt":"2022-06-28T10:06:13","slug":"el-valor-de-las-haciendas-y-el-mercado-exterior-estan-desencontrados","status":"publish","type":"post","link":"https:\/\/lahoradelcampo.com.uy\/site\/el-valor-de-las-haciendas-y-el-mercado-exterior-estan-desencontrados\/","title":{"rendered":"El valor de las haciendas  y el mercado exterior  est\u00e1n \u00abdesencontrados\u00bb"},"content":{"rendered":"\n<figure class=\"wp-block-image\"><img data-recalc-dims=\"1\" loading=\"lazy\" decoding=\"async\" width=\"810\" height=\"405\" data-attachment-id=\"43241\" data-permalink=\"https:\/\/lahoradelcampo.com.uy\/site\/el-valor-de-las-haciendas-y-el-mercado-exterior-estan-desencontrados\/danieldemattos\/\" data-orig-file=\"https:\/\/i0.wp.com\/lahoradelcampo.com.uy\/site\/wp-content\/uploads\/2022\/06\/danieldemattos.jpg?fit=880%2C440&amp;ssl=1\" data-orig-size=\"880,440\" data-comments-opened=\"1\" data-image-meta=\"{&quot;aperture&quot;:&quot;0&quot;,&quot;credit&quot;:&quot;&quot;,&quot;camera&quot;:&quot;&quot;,&quot;caption&quot;:&quot;&quot;,&quot;created_timestamp&quot;:&quot;0&quot;,&quot;copyright&quot;:&quot;&quot;,&quot;focal_length&quot;:&quot;0&quot;,&quot;iso&quot;:&quot;0&quot;,&quot;shutter_speed&quot;:&quot;0&quot;,&quot;title&quot;:&quot;&quot;,&quot;orientation&quot;:&quot;1&quot;}\" data-image-title=\"danieldemattos\" data-image-description=\"\" data-image-caption=\"\" data-large-file=\"https:\/\/i0.wp.com\/lahoradelcampo.com.uy\/site\/wp-content\/uploads\/2022\/06\/danieldemattos.jpg?fit=810%2C405&amp;ssl=1\" src=\"https:\/\/i0.wp.com\/lahoradelcampo.com.uy\/site\/wp-content\/uploads\/2022\/06\/danieldemattos.jpg?resize=810%2C405\" alt=\"\" class=\"wp-image-43241\" srcset=\"https:\/\/i0.wp.com\/lahoradelcampo.com.uy\/site\/wp-content\/uploads\/2022\/06\/danieldemattos.jpg?w=880&amp;ssl=1 880w, https:\/\/i0.wp.com\/lahoradelcampo.com.uy\/site\/wp-content\/uploads\/2022\/06\/danieldemattos.jpg?resize=300%2C150&amp;ssl=1 300w, https:\/\/i0.wp.com\/lahoradelcampo.com.uy\/site\/wp-content\/uploads\/2022\/06\/danieldemattos.jpg?resize=768%2C384&amp;ssl=1 768w, https:\/\/i0.wp.com\/lahoradelcampo.com.uy\/site\/wp-content\/uploads\/2022\/06\/danieldemattos.jpg?resize=820%2C410&amp;ssl=1 820w\" sizes=\"auto, (max-width: 810px) 100vw, 810px\" \/><\/figure>\n\n\n\n<p>Con una faena vacuna que ha venido cayendo en las \u00faltimas semanas y una menor disponibilidad de haciendas en el mercado, los valores de la hacienda en el mercado interno han tenido un nuevo repunte. El Ing. Daniel de Mattos de la firma BPU, dijo que la actual situaci\u00f3n del mercado interno est\u00e1 \u00abcontrapuesto\u00bb con la realidad de los negocios a nivel internacional.<br><\/p>\n\n\n\n<p>En el marco de la jornada realizada en Paysand\u00fa, donde se present\u00f3 la certificaci\u00f3n de carne carbono neutro, el referente de la industria dijo que la situaci\u00f3n actual en el pa\u00eds es la llegada de \u00abun invierno donde en los meses previos se faen\u00f3 mucho, con niveles r\u00e9cord para Uruguay\u00bb, al mismo tiempo que se ingresa a la estaci\u00f3n m\u00e1s fr\u00eda del a\u00f1o \u00abdonde la disponibilidad es muy baja de hacienda\u00bb.<br><\/p>\n\n\n\n<p>La baja disponibilidad de ganados para faena, seg\u00fan explic\u00f3, se debe a condicionantes clim\u00e1ticas que se han venido registrando desde el verano, a las cuales es suman las altas faenas mencionadas anteriormente.<br><\/p>\n\n\n\n<p>Para De Mattos, este repunte de precios que se ha visto en el mercado interno \u00abest\u00e1 contrapuesto con el mercado exterior, con una China con problemas con el tema Covid, con ciudades enteras que est\u00e1n en lockdown, que ha bajado el consumo, donde hay importadores con stocks altos y precios a la baja\u00bb. <br><\/p>\n\n\n\n<p>Desde su punto de vista, \u00abesto es una coyuntura que va a demorar un par de meses en irse\u00bb, por lo que remarc\u00f3 que esa diferencia entre los valores de exportaci\u00f3n y el precio de la hacienda \u00abson desencuentros que se dan en este mercado y habr\u00e1 una faena m\u00e1s baja. por baja disponibilidad y un mercado bastante sufrido a nivel externo\u00bb. <br><\/p>\n\n\n\n<p>El integrante de BPU se\u00f1al\u00f3 que la disponibilidad de haciendas para faena en la pr\u00f3xima primavera \u00abla vamos a empezar a dilucidar sobre el mes de agosto, me parece que ah\u00ed va a empezar a aparecer hacienda de forma importante nuevamente\u00bb.<br><\/p>\n\n\n\n<p>Sobre la demanda, dijo que seguir\u00e1 en niveles altos, porque \u00abtenemos una Asia, con China a la cabeza, con un aumento en el consumo de prote\u00edna animal y de carne vacuna\u00bb. Puntualmente sobre los niveles de precios que se podr\u00edan plantear en la primavera, indic\u00f3 que los \u00abva a decir el mercado\u00bb.<\/p>\n\n\n\n<p>Salto, 28 junio de 2022<\/p>\n","protected":false},"excerpt":{"rendered":"<p>Con una faena vacuna que ha venido cayendo en las \u00faltimas semanas y una menor disponibilidad de haciendas en el mercado, los valores de la hacienda en el mercado interno [&hellip;]<\/p>\n","protected":false},"author":5,"featured_media":43241,"comment_status":"open","ping_status":"open","sticky":false,"template":"","format":"standard","meta":{"_price":"","_stock":"","_tribe_ticket_header":"","_tribe_default_ticket_provider":"","_tribe_ticket_capacity":"0","_ticket_start_date":"","_ticket_end_date":"","_tribe_ticket_show_description":"","_tribe_ticket_show_not_going":false,"_tribe_ticket_use_global_stock":"","_tribe_ticket_global_stock_level":"","_global_stock_mode":"","_global_stock_cap":"","_tribe_rsvp_for_event":"","_tribe_ticket_going_count":"","_tribe_ticket_not_going_count":"","_tribe_tickets_list":"[]","_tribe_ticket_has_attendee_info_fields":false,"h5ap_radio_sources":[],"_jetpack_newsletter_access":"","_jetpack_dont_email_post_to_subs":false,"_jetpack_newsletter_tier_id":0,"_jetpack_memberships_contains_paywalled_content":false,"_jetpack_memberships_contains_paid_content":false,"footnotes":""},"categories":[21,5],"tags":[],"class_list":["post-43239","post","type-post","status-publish","format-standard","has-post-thumbnail","hentry","category-actualidad","category-ganaderia"],"jetpack_featured_media_url":"https:\/\/i0.wp.com\/lahoradelcampo.com.uy\/site\/wp-content\/uploads\/2022\/06\/danieldemattos.jpg?fit=880%2C440&ssl=1","jetpack_sharing_enabled":true,"jetpack_shortlink":"https:\/\/wp.me\/p99IaT-bfp","jetpack-related-posts":[{"id":10157,"url":"https:\/\/lahoradelcampo.com.uy\/site\/mercado-de-haciendas-agil-y-firme-despues-de-turismo\/","url_meta":{"origin":43239,"position":0},"title":"Mercado de haciendas \u00e1gil y firme despu\u00e9s de turismo","author":"La Hora del Campo","date":"24 abril, 2019","format":false,"excerpt":"El mercado de hacienda gorda contin\u00faa \u00e1gil en los negocios y con firmeza en los valores seg\u00fan el martillero Francisco C\u00e1nepa.","rel":"","context":"En \u00abActualidad\u00bb","block_context":{"text":"Actualidad","link":"https:\/\/lahoradelcampo.com.uy\/site\/category\/actualidad\/"},"img":{"alt_text":"","src":"https:\/\/i0.wp.com\/lahoradelcampo.com.uy\/site\/wp-content\/uploads\/2019\/04\/Canepa.jpg?fit=880%2C440&ssl=1&resize=350%2C200","width":350,"height":200,"srcset":"https:\/\/i0.wp.com\/lahoradelcampo.com.uy\/site\/wp-content\/uploads\/2019\/04\/Canepa.jpg?fit=880%2C440&ssl=1&resize=350%2C200 1x, https:\/\/i0.wp.com\/lahoradelcampo.com.uy\/site\/wp-content\/uploads\/2019\/04\/Canepa.jpg?fit=880%2C440&ssl=1&resize=525%2C300 1.5x, https:\/\/i0.wp.com\/lahoradelcampo.com.uy\/site\/wp-content\/uploads\/2019\/04\/Canepa.jpg?fit=880%2C440&ssl=1&resize=700%2C400 2x"},"classes":[]},{"id":5911,"url":"https:\/\/lahoradelcampo.com.uy\/site\/exportaciones-de-carne-vacuna-y-mercado-de-haciendas-en-alza\/","url_meta":{"origin":43239,"position":1},"title":"Exportaciones de carne vacuna y  mercado de haciendas en alza","author":"La Hora del Campo","date":"15 febrero, 2018","format":false,"excerpt":"Las exportaciones de carne vacuna se encuentran con una suba del 15% en su facturaci\u00f3n en el transcurso del comienzo de este a\u00f1o 2018, mientras que el mercado de haciendas se afirma semana a semana en los valores y las lluvias, aunque menores a lo esperado, suman noticias muy positivas\u2026","rel":"","context":"En \u00abActualidad\u00bb","block_context":{"text":"Actualidad","link":"https:\/\/lahoradelcampo.com.uy\/site\/category\/actualidad\/"},"img":{"alt_text":"","src":"https:\/\/i0.wp.com\/lahoradelcampo.com.uy\/site\/wp-content\/uploads\/2018\/02\/ganados.jpg?fit=880%2C440&ssl=1&resize=350%2C200","width":350,"height":200,"srcset":"https:\/\/i0.wp.com\/lahoradelcampo.com.uy\/site\/wp-content\/uploads\/2018\/02\/ganados.jpg?fit=880%2C440&ssl=1&resize=350%2C200 1x, https:\/\/i0.wp.com\/lahoradelcampo.com.uy\/site\/wp-content\/uploads\/2018\/02\/ganados.jpg?fit=880%2C440&ssl=1&resize=525%2C300 1.5x, https:\/\/i0.wp.com\/lahoradelcampo.com.uy\/site\/wp-content\/uploads\/2018\/02\/ganados.jpg?fit=880%2C440&ssl=1&resize=700%2C400 2x"},"classes":[]},{"id":46199,"url":"https:\/\/lahoradelcampo.com.uy\/site\/la-baja-en-el-ganado-creo-que-no-se-justifica-por-una-menor-demanda-de-china\/","url_meta":{"origin":43239,"position":2},"title":"La baja en el ganado \u00abcreo que no\u00bb se justifica por una menor demanda de China","author":"La Hora del Campo","date":"10 octubre, 2022","format":false,"excerpt":"Para el Ing. Jos\u00e9 Mesa, representante de la Comisi\u00f3n Nacional de Fomento Rural (CNFR) en la junta directiva del Instituto Nacional de Carnes, la ca\u00edda en los valores no se justifica por una menor demanda desde China, seg\u00fan lo coment\u00f3 en una entrevista realizada por la Asociaci\u00f3n de Consignatarios de\u2026","rel":"","context":"En \u00abActualidad\u00bb","block_context":{"text":"Actualidad","link":"https:\/\/lahoradelcampo.com.uy\/site\/category\/actualidad\/"},"img":{"alt_text":"","src":"https:\/\/i0.wp.com\/lahoradelcampo.com.uy\/site\/wp-content\/uploads\/2019\/12\/Mesa.jpg?fit=880%2C440&ssl=1&resize=350%2C200","width":350,"height":200,"srcset":"https:\/\/i0.wp.com\/lahoradelcampo.com.uy\/site\/wp-content\/uploads\/2019\/12\/Mesa.jpg?fit=880%2C440&ssl=1&resize=350%2C200 1x, https:\/\/i0.wp.com\/lahoradelcampo.com.uy\/site\/wp-content\/uploads\/2019\/12\/Mesa.jpg?fit=880%2C440&ssl=1&resize=525%2C300 1.5x, https:\/\/i0.wp.com\/lahoradelcampo.com.uy\/site\/wp-content\/uploads\/2019\/12\/Mesa.jpg?fit=880%2C440&ssl=1&resize=700%2C400 2x"},"classes":[]},{"id":56059,"url":"https:\/\/lahoradelcampo.com.uy\/site\/hacienda-gorda-la-presion-de-la-actividad-no-permite-sostener-este-nivel-de-valores\/","url_meta":{"origin":43239,"position":3},"title":"Hacienda gorda: \u00abLa presi\u00f3n de la actividad no permite sostener este nivel de valores\u00bb","author":"La Hora del Campo","date":"5 mayo, 2025","format":false,"excerpt":"En el actual escenario de precios del mercado ganadero, la interrogante es saber que pasar\u00e1 tras la faena de corral con los valores de la hacienda, debido a que en plena producci\u00f3n de los frigor\u00edficos para cumplir con la pr\u00f3xima cuota de corral, los precios no han experimentado una baja\u2026","rel":"","context":"En \u00abActualidad\u00bb","block_context":{"text":"Actualidad","link":"https:\/\/lahoradelcampo.com.uy\/site\/category\/actualidad\/"},"img":{"alt_text":"","src":"https:\/\/i0.wp.com\/lahoradelcampo.com.uy\/site\/wp-content\/uploads\/2025\/05\/MarceloSecco-marfrig.jpg?fit=880%2C440&ssl=1&resize=350%2C200","width":350,"height":200,"srcset":"https:\/\/i0.wp.com\/lahoradelcampo.com.uy\/site\/wp-content\/uploads\/2025\/05\/MarceloSecco-marfrig.jpg?fit=880%2C440&ssl=1&resize=350%2C200 1x, https:\/\/i0.wp.com\/lahoradelcampo.com.uy\/site\/wp-content\/uploads\/2025\/05\/MarceloSecco-marfrig.jpg?fit=880%2C440&ssl=1&resize=525%2C300 1.5x, https:\/\/i0.wp.com\/lahoradelcampo.com.uy\/site\/wp-content\/uploads\/2025\/05\/MarceloSecco-marfrig.jpg?fit=880%2C440&ssl=1&resize=700%2C400 2x"},"classes":[]},{"id":41105,"url":"https:\/\/lahoradelcampo.com.uy\/site\/el-mercado-de-haciendas-sigue-entonado-con-el-novillo-a-us-545\/","url_meta":{"origin":43239,"position":4},"title":"El mercado de haciendas sigue entonado con el novillo a US$ 5,45","author":"La Hora del Campo","date":"23 abril, 2022","format":false,"excerpt":"El departamento de Artigas ha sido uno de los m\u00e1s afectados por la emergencia agropecuaria, que a\u00fan mantiene algunas seccionales policiales declaras por el Ministerio de Ganader\u00eda, Agricultura y Pesca (MGAP) al igual que Salto, sin embargo no es ajeno a estos niveles de precios y demanda, que se vienen\u2026","rel":"","context":"En \u00abActualidad\u00bb","block_context":{"text":"Actualidad","link":"https:\/\/lahoradelcampo.com.uy\/site\/category\/actualidad\/"},"img":{"alt_text":"","src":"https:\/\/i0.wp.com\/lahoradelcampo.com.uy\/site\/wp-content\/uploads\/2022\/04\/ManuelAcevedo.jpg?fit=880%2C440&ssl=1&resize=350%2C200","width":350,"height":200,"srcset":"https:\/\/i0.wp.com\/lahoradelcampo.com.uy\/site\/wp-content\/uploads\/2022\/04\/ManuelAcevedo.jpg?fit=880%2C440&ssl=1&resize=350%2C200 1x, https:\/\/i0.wp.com\/lahoradelcampo.com.uy\/site\/wp-content\/uploads\/2022\/04\/ManuelAcevedo.jpg?fit=880%2C440&ssl=1&resize=525%2C300 1.5x, https:\/\/i0.wp.com\/lahoradelcampo.com.uy\/site\/wp-content\/uploads\/2022\/04\/ManuelAcevedo.jpg?fit=880%2C440&ssl=1&resize=700%2C400 2x"},"classes":[]},{"id":4291,"url":"https:\/\/lahoradelcampo.com.uy\/site\/dificultades-en-la-carga-presiona-valores-de-la-hacienda\/","url_meta":{"origin":43239,"position":5},"title":"Dificultades en la carga presiona valores de la hacienda","author":"La Hora del Campo","date":"29 noviembre, 2017","format":false,"excerpt":"En la jornada de ayer muchos consignatarios estuvieron a la espera de la autorizaci\u00f3n para cargar los ganados ya vendidos a la industria frigor\u00edfica, la ausencia de una definici\u00f3n para el conflicto entre los trabajadores del frigor\u00edfico Sol\u00eds y la empresa llev\u00f3 a que se esperar\u00e1 hasta pasadas las 14\u2026","rel":"","context":"En \u00abActualidad\u00bb","block_context":{"text":"Actualidad","link":"https:\/\/lahoradelcampo.com.uy\/site\/category\/actualidad\/"},"img":{"alt_text":"","src":"https:\/\/i0.wp.com\/lahoradelcampo.com.uy\/site\/wp-content\/uploads\/2017\/11\/Marcos-Ruso.jpg?fit=880%2C440&ssl=1&resize=350%2C200","width":350,"height":200,"srcset":"https:\/\/i0.wp.com\/lahoradelcampo.com.uy\/site\/wp-content\/uploads\/2017\/11\/Marcos-Ruso.jpg?fit=880%2C440&ssl=1&resize=350%2C200 1x, https:\/\/i0.wp.com\/lahoradelcampo.com.uy\/site\/wp-content\/uploads\/2017\/11\/Marcos-Ruso.jpg?fit=880%2C440&ssl=1&resize=525%2C300 1.5x, https:\/\/i0.wp.com\/lahoradelcampo.com.uy\/site\/wp-content\/uploads\/2017\/11\/Marcos-Ruso.jpg?fit=880%2C440&ssl=1&resize=700%2C400 2x"},"classes":[]}],"jetpack_likes_enabled":true,"_links":{"self":[{"href":"https:\/\/lahoradelcampo.com.uy\/site\/wp-json\/wp\/v2\/posts\/43239","targetHints":{"allow":["GET"]}}],"collection":[{"href":"https:\/\/lahoradelcampo.com.uy\/site\/wp-json\/wp\/v2\/posts"}],"about":[{"href":"https:\/\/lahoradelcampo.com.uy\/site\/wp-json\/wp\/v2\/types\/post"}],"author":[{"embeddable":true,"href":"https:\/\/lahoradelcampo.com.uy\/site\/wp-json\/wp\/v2\/users\/5"}],"replies":[{"embeddable":true,"href":"https:\/\/lahoradelcampo.com.uy\/site\/wp-json\/wp\/v2\/comments?post=43239"}],"version-history":[{"count":1,"href":"https:\/\/lahoradelcampo.com.uy\/site\/wp-json\/wp\/v2\/posts\/43239\/revisions"}],"predecessor-version":[{"id":43243,"href":"https:\/\/lahoradelcampo.com.uy\/site\/wp-json\/wp\/v2\/posts\/43239\/revisions\/43243"}],"wp:featuredmedia":[{"embeddable":true,"href":"https:\/\/lahoradelcampo.com.uy\/site\/wp-json\/wp\/v2\/media\/43241"}],"wp:attachment":[{"href":"https:\/\/lahoradelcampo.com.uy\/site\/wp-json\/wp\/v2\/media?parent=43239"}],"wp:term":[{"taxonomy":"category","embeddable":true,"href":"https:\/\/lahoradelcampo.com.uy\/site\/wp-json\/wp\/v2\/categories?post=43239"},{"taxonomy":"post_tag","embeddable":true,"href":"https:\/\/lahoradelcampo.com.uy\/site\/wp-json\/wp\/v2\/tags?post=43239"}],"curies":[{"name":"wp","href":"https:\/\/api.w.org\/{rel}","templated":true}]}}