{"id":43235,"date":"2022-06-28T06:57:37","date_gmt":"2022-06-28T09:57:37","guid":{"rendered":"http:\/\/lahoradelcampo.com.uy\/site\/?p=43235"},"modified":"2022-06-28T06:57:42","modified_gmt":"2022-06-28T09:57:42","slug":"mgap-abrio-llamado-para-trabajar-en-el-censo-general-agropecuario","status":"publish","type":"post","link":"https:\/\/lahoradelcampo.com.uy\/site\/mgap-abrio-llamado-para-trabajar-en-el-censo-general-agropecuario\/","title":{"rendered":"MGAP abri\u00f3 llamado para trabajar en el Censo General Agropecuario"},"content":{"rendered":"\n<figure class=\"wp-block-image\"><img data-recalc-dims=\"1\" loading=\"lazy\" decoding=\"async\" width=\"810\" height=\"405\" data-attachment-id=\"40937\" data-permalink=\"https:\/\/lahoradelcampo.com.uy\/site\/diea-realizara-prueba-piloto-del-censo-general-agropecuario\/mgap-censo\/\" data-orig-file=\"https:\/\/i0.wp.com\/lahoradelcampo.com.uy\/site\/wp-content\/uploads\/2022\/04\/MGAP-Censo.jpg?fit=880%2C440&amp;ssl=1\" data-orig-size=\"880,440\" data-comments-opened=\"1\" data-image-meta=\"{&quot;aperture&quot;:&quot;0&quot;,&quot;credit&quot;:&quot;&quot;,&quot;camera&quot;:&quot;&quot;,&quot;caption&quot;:&quot;&quot;,&quot;created_timestamp&quot;:&quot;0&quot;,&quot;copyright&quot;:&quot;&quot;,&quot;focal_length&quot;:&quot;0&quot;,&quot;iso&quot;:&quot;0&quot;,&quot;shutter_speed&quot;:&quot;0&quot;,&quot;title&quot;:&quot;&quot;,&quot;orientation&quot;:&quot;1&quot;}\" data-image-title=\"MGAP-Censo\" data-image-description=\"\" data-image-caption=\"\" data-large-file=\"https:\/\/i0.wp.com\/lahoradelcampo.com.uy\/site\/wp-content\/uploads\/2022\/04\/MGAP-Censo.jpg?fit=810%2C405&amp;ssl=1\" src=\"https:\/\/i0.wp.com\/lahoradelcampo.com.uy\/site\/wp-content\/uploads\/2022\/04\/MGAP-Censo.jpg?resize=810%2C405\" alt=\"\" class=\"wp-image-40937\" srcset=\"https:\/\/i0.wp.com\/lahoradelcampo.com.uy\/site\/wp-content\/uploads\/2022\/04\/MGAP-Censo.jpg?w=880&amp;ssl=1 880w, https:\/\/i0.wp.com\/lahoradelcampo.com.uy\/site\/wp-content\/uploads\/2022\/04\/MGAP-Censo.jpg?resize=300%2C150&amp;ssl=1 300w, https:\/\/i0.wp.com\/lahoradelcampo.com.uy\/site\/wp-content\/uploads\/2022\/04\/MGAP-Censo.jpg?resize=768%2C384&amp;ssl=1 768w, https:\/\/i0.wp.com\/lahoradelcampo.com.uy\/site\/wp-content\/uploads\/2022\/04\/MGAP-Censo.jpg?resize=820%2C410&amp;ssl=1 820w\" sizes=\"auto, (max-width: 810px) 100vw, 810px\" \/><\/figure>\n\n\n\n<p>El Ministerio de Ganader\u00eda, Agricultura y Pesca (MGAP) anunci\u00f3 la apertura de un llamado de personal para Enumeradores, Supervisores Zonales y Departamentales, para desarrollar tareas inherentes a cada funci\u00f3n durante el desarrollo del Censo General Agropecuario. Dicho llamado estar\u00e1 abierto hasta el 7 de julio pr\u00f3ximo. <br><\/p>\n\n\n\n<p>Teniendo en cuenta que dicho censo se realiza a nivel pa\u00eds, en los 19 departamentos, el llamado est\u00e1 habilitado a nivel nacional y aquellos interesados deber\u00e1n postularse a trav\u00e9s de un formulario web en la p\u00e1gina del MGAP (www.mgap.gub.uy).<br><\/p>\n\n\n\n<p>En total ser\u00e1n 615 cargos de Enumeradores (Encuestadores), 105 cargos de Supervisores de Zona y un cargo de Supervisor Departamental por departamento, salvo en Canelones donde ser\u00e1n dos. <br><\/p>\n\n\n\n<p>Las personas seleccionadas y contratadas recibir\u00e1n capacitaci\u00f3n durante el mes de setiembre y a partir del 1 de octubre se comenzar\u00e1 con el trabajo a nivel de campo, que se espera est\u00e9 finalizado para noviembre. <\/p>\n\n\n\n<p>Salto, 28 de junio de 2022<\/p>\n","protected":false},"excerpt":{"rendered":"<p>El Ministerio de Ganader\u00eda, Agricultura y Pesca (MGAP) anunci\u00f3 la apertura de un llamado de personal para Enumeradores, Supervisores Zonales y Departamentales, para desarrollar tareas inherentes a cada funci\u00f3n durante [&hellip;]<\/p>\n","protected":false},"author":5,"featured_media":40937,"comment_status":"open","ping_status":"open","sticky":false,"template":"","format":"standard","meta":{"_price":"","_stock":"","_tribe_ticket_header":"","_tribe_default_ticket_provider":"","_tribe_ticket_capacity":"0","_ticket_start_date":"","_ticket_end_date":"","_tribe_ticket_show_description":"","_tribe_ticket_show_not_going":false,"_tribe_ticket_use_global_stock":"","_tribe_ticket_global_stock_level":"","_global_stock_mode":"","_global_stock_cap":"","_tribe_rsvp_for_event":"","_tribe_ticket_going_count":"","_tribe_ticket_not_going_count":"","_tribe_tickets_list":"[]","_tribe_ticket_has_attendee_info_fields":false,"h5ap_radio_sources":[],"_jetpack_newsletter_access":"","_jetpack_dont_email_post_to_subs":false,"_jetpack_newsletter_tier_id":0,"_jetpack_memberships_contains_paywalled_content":false,"_jetpack_memberships_contains_paid_content":false,"footnotes":""},"categories":[21,5],"tags":[],"class_list":["post-43235","post","type-post","status-publish","format-standard","has-post-thumbnail","hentry","category-actualidad","category-ganaderia"],"jetpack_featured_media_url":"https:\/\/i0.wp.com\/lahoradelcampo.com.uy\/site\/wp-content\/uploads\/2022\/04\/MGAP-Censo.jpg?fit=880%2C440&ssl=1","jetpack_sharing_enabled":true,"jetpack_shortlink":"https:\/\/wp.me\/p99IaT-bfl","jetpack-related-posts":[{"id":43571,"url":"https:\/\/lahoradelcampo.com.uy\/site\/se-prorrogo-el-plazo-de-llamado-para-trabajar-en-el-cga-2022\/","url_meta":{"origin":43235,"position":0},"title":"Se prorrog\u00f3 el plazo de llamado para trabajar en el CGA 2022","author":"La Hora del Campo","date":"7 julio, 2022","format":false,"excerpt":"El Ministerio de Ganader\u00eda, Agricultura y Pesca (MGAP), prorrog\u00f3 el plazo de los 3 llamados a concurso para la provisi\u00f3n de Enumeradores, Supervisores Zonales y Departamentales para trabajar en el CGA 2022 hasta el martes 12 de julio inclusive. Dado la gran recepci\u00f3n por parte de la poblaci\u00f3n a los\u2026","rel":"","context":"En \u00abActualidad\u00bb","block_context":{"text":"Actualidad","link":"https:\/\/lahoradelcampo.com.uy\/site\/category\/actualidad\/"},"img":{"alt_text":"","src":"https:\/\/i0.wp.com\/lahoradelcampo.com.uy\/site\/wp-content\/uploads\/2022\/04\/MGAP-Censo.jpg?fit=880%2C440&ssl=1&resize=350%2C200","width":350,"height":200,"srcset":"https:\/\/i0.wp.com\/lahoradelcampo.com.uy\/site\/wp-content\/uploads\/2022\/04\/MGAP-Censo.jpg?fit=880%2C440&ssl=1&resize=350%2C200 1x, https:\/\/i0.wp.com\/lahoradelcampo.com.uy\/site\/wp-content\/uploads\/2022\/04\/MGAP-Censo.jpg?fit=880%2C440&ssl=1&resize=525%2C300 1.5x, https:\/\/i0.wp.com\/lahoradelcampo.com.uy\/site\/wp-content\/uploads\/2022\/04\/MGAP-Censo.jpg?fit=880%2C440&ssl=1&resize=700%2C400 2x"},"classes":[]},{"id":40935,"url":"https:\/\/lahoradelcampo.com.uy\/site\/diea-realizara-prueba-piloto-del-censo-general-agropecuario\/","url_meta":{"origin":43235,"position":1},"title":"DIEA realizar\u00e1 prueba piloto del Censo General Agropecuario","author":"La Hora del Campo","date":"20 abril, 2022","format":false,"excerpt":"Con motivo del Censo General Agropecuario, a realizarse entre setiembre y diciembre de 2022 en todo el pa\u00eds, la Oficina de Estad\u00edsticas Agropecuarias (DIEA) efectuar\u00e1 una prueba piloto con el objetivo de probar el funcionamiento de los programas desarrollados para la recolecci\u00f3n de datos censales y geogr\u00e1ficos. Dicho piloto estar\u00e1\u2026","rel":"","context":"En \u00abActualidad\u00bb","block_context":{"text":"Actualidad","link":"https:\/\/lahoradelcampo.com.uy\/site\/category\/actualidad\/"},"img":{"alt_text":"","src":"https:\/\/i0.wp.com\/lahoradelcampo.com.uy\/site\/wp-content\/uploads\/2022\/04\/MGAP-Censo.jpg?fit=880%2C440&ssl=1&resize=350%2C200","width":350,"height":200,"srcset":"https:\/\/i0.wp.com\/lahoradelcampo.com.uy\/site\/wp-content\/uploads\/2022\/04\/MGAP-Censo.jpg?fit=880%2C440&ssl=1&resize=350%2C200 1x, https:\/\/i0.wp.com\/lahoradelcampo.com.uy\/site\/wp-content\/uploads\/2022\/04\/MGAP-Censo.jpg?fit=880%2C440&ssl=1&resize=525%2C300 1.5x, https:\/\/i0.wp.com\/lahoradelcampo.com.uy\/site\/wp-content\/uploads\/2022\/04\/MGAP-Censo.jpg?fit=880%2C440&ssl=1&resize=700%2C400 2x"},"classes":[]},{"id":45733,"url":"https:\/\/lahoradelcampo.com.uy\/site\/el-mgap-barrera-el-pais-en-octubre-para-censar-el-sector-agropecuario\/","url_meta":{"origin":43235,"position":2},"title":"El MGAP barrera el pa\u00eds en octubre, para censar el sector agropecuario","author":"La Hora del Campo","date":"22 septiembre, 2022","format":false,"excerpt":"En este 2022 se debe realizar por Ley, el Censo General Agropecuario, el cual ya viene censando empresas agropecuarias desde el mes de agosto y a partir de octubre comenzar\u00e1 con un barrido general de todo el territorio nacional. El Director del Censo General Agropecuario, Leonardo Arenare, y el coordinador\u2026","rel":"","context":"En \u00abActualidad\u00bb","block_context":{"text":"Actualidad","link":"https:\/\/lahoradelcampo.com.uy\/site\/category\/actualidad\/"},"img":{"alt_text":"","src":"https:\/\/i0.wp.com\/lahoradelcampo.com.uy\/site\/wp-content\/uploads\/2022\/09\/Censo-MGAP.jpg?fit=880%2C440&ssl=1&resize=350%2C200","width":350,"height":200,"srcset":"https:\/\/i0.wp.com\/lahoradelcampo.com.uy\/site\/wp-content\/uploads\/2022\/09\/Censo-MGAP.jpg?fit=880%2C440&ssl=1&resize=350%2C200 1x, https:\/\/i0.wp.com\/lahoradelcampo.com.uy\/site\/wp-content\/uploads\/2022\/09\/Censo-MGAP.jpg?fit=880%2C440&ssl=1&resize=525%2C300 1.5x, https:\/\/i0.wp.com\/lahoradelcampo.com.uy\/site\/wp-content\/uploads\/2022\/09\/Censo-MGAP.jpg?fit=880%2C440&ssl=1&resize=700%2C400 2x"},"classes":[]},{"id":53596,"url":"https:\/\/lahoradelcampo.com.uy\/site\/retoman-actividades-del-censo-general-agropecuario\/","url_meta":{"origin":43235,"position":3},"title":"Retoman actividades del Censo General Agropecuario","author":"La Hora del Campo","date":"17 marzo, 2024","format":false,"excerpt":"El Ministerio de Ganader\u00eda, Agricultura y Pesca (MGAP), a trav\u00e9s de la Oficina de Estad\u00edsticas Agropecuarias (DIEA) y el Instituto Nacional de Estad\u00edstica (INE), anunci\u00f3 que a partir del 14 de marzo se reanudar\u00e1n las actividades del Censo General Agropecuario en Uruguay. El Censo General Agropecuario es una herramienta crucial\u2026","rel":"","context":"En \u00abActualidad\u00bb","block_context":{"text":"Actualidad","link":"https:\/\/lahoradelcampo.com.uy\/site\/category\/actualidad\/"},"img":{"alt_text":"","src":"https:\/\/i0.wp.com\/lahoradelcampo.com.uy\/site\/wp-content\/uploads\/2024\/03\/Censo-MGAP2.jpg?fit=880%2C440&ssl=1&resize=350%2C200","width":350,"height":200,"srcset":"https:\/\/i0.wp.com\/lahoradelcampo.com.uy\/site\/wp-content\/uploads\/2024\/03\/Censo-MGAP2.jpg?fit=880%2C440&ssl=1&resize=350%2C200 1x, https:\/\/i0.wp.com\/lahoradelcampo.com.uy\/site\/wp-content\/uploads\/2024\/03\/Censo-MGAP2.jpg?fit=880%2C440&ssl=1&resize=525%2C300 1.5x, https:\/\/i0.wp.com\/lahoradelcampo.com.uy\/site\/wp-content\/uploads\/2024\/03\/Censo-MGAP2.jpg?fit=880%2C440&ssl=1&resize=700%2C400 2x"},"classes":[]},{"id":40713,"url":"https:\/\/lahoradelcampo.com.uy\/site\/en-setiembre-comenzara-el-censo-general-agropecuario-2022\/","url_meta":{"origin":43235,"position":4},"title":"En setiembre comenzar\u00e1 el Censo General Agropecuario 2022","author":"La Hora del Campo","date":"12 abril, 2022","format":false,"excerpt":"El Uruguay posee una importante trayectoria censal desde 1852, con 15 censos generales y 4 censos ganaderos, y por consiguiente en el a\u00f1o 2022 se realizar\u00e1 el Vig\u00e9simo Censo General Agropecuario. Un Censo General Agropecuario (CGA) es una operaci\u00f3n estad\u00edstica que recopila, procesa y difunde los datos sobre la estructura\u2026","rel":"","context":"En \u00abActualidad\u00bb","block_context":{"text":"Actualidad","link":"https:\/\/lahoradelcampo.com.uy\/site\/category\/actualidad\/"},"img":{"alt_text":"","src":"https:\/\/i0.wp.com\/lahoradelcampo.com.uy\/site\/wp-content\/uploads\/2021\/09\/Campo-tierras.jpg?fit=880%2C440&ssl=1&resize=350%2C200","width":350,"height":200,"srcset":"https:\/\/i0.wp.com\/lahoradelcampo.com.uy\/site\/wp-content\/uploads\/2021\/09\/Campo-tierras.jpg?fit=880%2C440&ssl=1&resize=350%2C200 1x, https:\/\/i0.wp.com\/lahoradelcampo.com.uy\/site\/wp-content\/uploads\/2021\/09\/Campo-tierras.jpg?fit=880%2C440&ssl=1&resize=525%2C300 1.5x, https:\/\/i0.wp.com\/lahoradelcampo.com.uy\/site\/wp-content\/uploads\/2021\/09\/Campo-tierras.jpg?fit=880%2C440&ssl=1&resize=700%2C400 2x"},"classes":[]},{"id":23920,"url":"https:\/\/lahoradelcampo.com.uy\/site\/diea-presento-detalles-del-proximo-censo-agropecuario-2022\/","url_meta":{"origin":43235,"position":5},"title":"DIEA present\u00f3 detalles del pr\u00f3ximo Censo Agropecuario 2022","author":"La Hora del Campo","date":"22 septiembre, 2020","format":false,"excerpt":"La Direcci\u00f3n de Informaci\u00f3n y Estad\u00edsticas Agropecuarias (DIEA) del MGAP present\u00f3 en el Prado, detalles de lo que ser\u00e1 el Censo Agropecuario 2022. Pablo Couto, coordinador de la DIEA, dijo que la misi\u00f3n de dicha oficina del ministerio es generar y difundir informaci\u00f3n estad\u00edstica oportuna y de calidad, con el\u2026","rel":"","context":"En \u00abActualidad\u00bb","block_context":{"text":"Actualidad","link":"https:\/\/lahoradelcampo.com.uy\/site\/category\/actualidad\/"},"img":{"alt_text":"","src":"https:\/\/i0.wp.com\/lahoradelcampo.com.uy\/site\/wp-content\/uploads\/2020\/04\/campossemiseco.jpg?fit=880%2C440&ssl=1&resize=350%2C200","width":350,"height":200,"srcset":"https:\/\/i0.wp.com\/lahoradelcampo.com.uy\/site\/wp-content\/uploads\/2020\/04\/campossemiseco.jpg?fit=880%2C440&ssl=1&resize=350%2C200 1x, https:\/\/i0.wp.com\/lahoradelcampo.com.uy\/site\/wp-content\/uploads\/2020\/04\/campossemiseco.jpg?fit=880%2C440&ssl=1&resize=525%2C300 1.5x, https:\/\/i0.wp.com\/lahoradelcampo.com.uy\/site\/wp-content\/uploads\/2020\/04\/campossemiseco.jpg?fit=880%2C440&ssl=1&resize=700%2C400 2x"},"classes":[]}],"jetpack_likes_enabled":true,"_links":{"self":[{"href":"https:\/\/lahoradelcampo.com.uy\/site\/wp-json\/wp\/v2\/posts\/43235","targetHints":{"allow":["GET"]}}],"collection":[{"href":"https:\/\/lahoradelcampo.com.uy\/site\/wp-json\/wp\/v2\/posts"}],"about":[{"href":"https:\/\/lahoradelcampo.com.uy\/site\/wp-json\/wp\/v2\/types\/post"}],"author":[{"embeddable":true,"href":"https:\/\/lahoradelcampo.com.uy\/site\/wp-json\/wp\/v2\/users\/5"}],"replies":[{"embeddable":true,"href":"https:\/\/lahoradelcampo.com.uy\/site\/wp-json\/wp\/v2\/comments?post=43235"}],"version-history":[{"count":1,"href":"https:\/\/lahoradelcampo.com.uy\/site\/wp-json\/wp\/v2\/posts\/43235\/revisions"}],"predecessor-version":[{"id":43237,"href":"https:\/\/lahoradelcampo.com.uy\/site\/wp-json\/wp\/v2\/posts\/43235\/revisions\/43237"}],"wp:featuredmedia":[{"embeddable":true,"href":"https:\/\/lahoradelcampo.com.uy\/site\/wp-json\/wp\/v2\/media\/40937"}],"wp:attachment":[{"href":"https:\/\/lahoradelcampo.com.uy\/site\/wp-json\/wp\/v2\/media?parent=43235"}],"wp:term":[{"taxonomy":"category","embeddable":true,"href":"https:\/\/lahoradelcampo.com.uy\/site\/wp-json\/wp\/v2\/categories?post=43235"},{"taxonomy":"post_tag","embeddable":true,"href":"https:\/\/lahoradelcampo.com.uy\/site\/wp-json\/wp\/v2\/tags?post=43235"}],"curies":[{"name":"wp","href":"https:\/\/api.w.org\/{rel}","templated":true}]}}