{"id":43211,"date":"2022-06-27T07:23:55","date_gmt":"2022-06-27T10:23:55","guid":{"rendered":"http:\/\/lahoradelcampo.com.uy\/site\/?p=43211"},"modified":"2022-06-27T07:24:01","modified_gmt":"2022-06-27T10:24:01","slug":"novillos-gordos-especiales-llegaron-a-us-565","status":"publish","type":"post","link":"https:\/\/lahoradelcampo.com.uy\/site\/novillos-gordos-especiales-llegaron-a-us-565\/","title":{"rendered":"Novillos gordos especiales llegaron a US$ 5,65"},"content":{"rendered":"\n<figure class=\"wp-block-image\"><img data-recalc-dims=\"1\" loading=\"lazy\" decoding=\"async\" width=\"810\" height=\"405\" data-attachment-id=\"7255\" data-permalink=\"https:\/\/lahoradelcampo.com.uy\/site\/se-duplica-la-exportacion-en-pie-en-2018\/dutra\/\" data-orig-file=\"https:\/\/i0.wp.com\/lahoradelcampo.com.uy\/site\/wp-content\/uploads\/2018\/05\/Dutra.jpg?fit=880%2C440&amp;ssl=1\" data-orig-size=\"880,440\" data-comments-opened=\"1\" data-image-meta=\"{&quot;aperture&quot;:&quot;0&quot;,&quot;credit&quot;:&quot;&quot;,&quot;camera&quot;:&quot;&quot;,&quot;caption&quot;:&quot;&quot;,&quot;created_timestamp&quot;:&quot;0&quot;,&quot;copyright&quot;:&quot;&quot;,&quot;focal_length&quot;:&quot;0&quot;,&quot;iso&quot;:&quot;0&quot;,&quot;shutter_speed&quot;:&quot;0&quot;,&quot;title&quot;:&quot;&quot;,&quot;orientation&quot;:&quot;1&quot;}\" data-image-title=\"Dutra\" data-image-description=\"\" data-image-caption=\"\" data-large-file=\"https:\/\/i0.wp.com\/lahoradelcampo.com.uy\/site\/wp-content\/uploads\/2018\/05\/Dutra.jpg?fit=810%2C405&amp;ssl=1\" src=\"https:\/\/i0.wp.com\/lahoradelcampo.com.uy\/site\/wp-content\/uploads\/2018\/05\/Dutra.jpg?resize=810%2C405\" alt=\"\" class=\"wp-image-7255\" srcset=\"https:\/\/i0.wp.com\/lahoradelcampo.com.uy\/site\/wp-content\/uploads\/2018\/05\/Dutra.jpg?w=880&amp;ssl=1 880w, https:\/\/i0.wp.com\/lahoradelcampo.com.uy\/site\/wp-content\/uploads\/2018\/05\/Dutra.jpg?resize=300%2C150&amp;ssl=1 300w, https:\/\/i0.wp.com\/lahoradelcampo.com.uy\/site\/wp-content\/uploads\/2018\/05\/Dutra.jpg?resize=768%2C384&amp;ssl=1 768w, https:\/\/i0.wp.com\/lahoradelcampo.com.uy\/site\/wp-content\/uploads\/2018\/05\/Dutra.jpg?resize=820%2C410&amp;ssl=1 820w\" sizes=\"auto, (max-width: 810px) 100vw, 810px\" \/><\/figure>\n\n\n\n<p>El mercado de haciendas est\u00e1 nuevamente cotizando al alza en las \u00faltimas dos semanas, varios operadores indicaron a lo largo de la semana, que la oferta no lograba satisfacer la demanda, por lo cual en muchos casos se pagaban algunos centavos m\u00e1s de acuerdo a la necesidad de cada planta frigor\u00edfica. <br><\/p>\n\n\n\n<p>El martillero Alejandro Dutra, integrante del escritorio Dutra, dijo que \u00abhubo un cambio en la tendencia en los precios del ganado gordo, despu\u00e9s de cuatro semanas de bajas, ya vamos en la segunda de suba\u00bb. Desde su punto de vista la planilla de precios de la Asociaci\u00f3n de Consignatarios de Ganados (ACG) tendr\u00e1 un nuevo ajuste al alza en los valores. <br><\/p>\n\n\n\n<p>Explic\u00f3 que se observa en los negocios \u00abla faltante de ganados, y adem\u00e1s hay muy buenos valores para el ganado gordo\u00bb. <br><\/p>\n\n\n\n<p>Como referencias puntuales de precios, dijo que el viernes \u00abhicimos un negocio, que no es un promedio de ACG, pero un ganado bien terminado de 500 kilos, de verde, especial, que se pag\u00f3 US$ 5,65\u00bb. Dutra dijo que r\u00e1pidamente el novillo gordo \u00abse va acercando a lo que son los 5,50 en el promedio\u00bb. En el caso de la vaca gorda, dijo que tambi\u00e9n deber\u00eda haber una suba que estim\u00f3 entre cuatro y cinco centavos.<br><\/p>\n\n\n\n<p>Seg\u00fan el consignatario: \u00abhoy por hoy mientras la industria siga con esta intenci\u00f3n de faena, estamos frente a un mercado que va a seguir en alza\u00bb. <br><\/p>\n\n\n\n<p><strong>Pantalla Uruguay<\/strong><br><\/p>\n\n\n\n<p>El escritorio forma parte del consorcio de rematadores de Pantalla Uruguay, que el 29 y 30 de junio ofrecer\u00e1 m\u00e1s de 9.000 vacunos y 450 ovinos. \u00abNosotros estamos con 1.400 cabezas, viene mucho ganado de ac\u00e1 de arriba, tanto de Artigas como de Salto\u00bb dijo el martillero. <br><\/p>\n\n\n\n<p>M\u00e1s all\u00e1 de la suba en el ganado gordo, el rematador dijo que \u00aba la reposici\u00f3n le cuesta copiar un poco m\u00e1s esta suba, porcentualmente, pero creo que se va a hacer un buen remate, tenemos muchas expectativas\u00bb.<br><\/p>\n\n\n\n<p>Para Dutra se est\u00e1 en un muy buen momento del mercado, \u00ablas ventas grandes de oto\u00f1o ya pasaron, est\u00e1n m\u00e1s moderadas las pantallas, las ventas con menos cantidad de ganados, como es l\u00f3gico, as\u00ed que vamos a tener una pantalla que por lo pronto va a ser din\u00e1mica\u00bb. <br><\/p>\n\n\n\n<p>El consignatario explic\u00f3 que debido a los altos niveles de faena, \u00abhay necesidad de reponer\u00bb por lo que sostuvo que el escenario para la ganader\u00eda es \u00abmuy positivo\u00bb. Desde su punto de vista en los pr\u00f3ximos meses \u00abva a haber una puja interesante por los ganados, hay que tener en cuenta los corrales que aceleran mucho los procesos\u00bb. <br><\/p>\n\n\n\n<p>Salto, 27 de junio de 2022<\/p>\n","protected":false},"excerpt":{"rendered":"<p>El mercado de haciendas est\u00e1 nuevamente cotizando al alza en las \u00faltimas dos semanas, varios operadores indicaron a lo largo de la semana, que la oferta no lograba satisfacer la [&hellip;]<\/p>\n","protected":false},"author":5,"featured_media":7255,"comment_status":"open","ping_status":"open","sticky":false,"template":"","format":"standard","meta":{"_price":"","_stock":"","_tribe_ticket_header":"","_tribe_default_ticket_provider":"","_tribe_ticket_capacity":"0","_ticket_start_date":"","_ticket_end_date":"","_tribe_ticket_show_description":"","_tribe_ticket_show_not_going":false,"_tribe_ticket_use_global_stock":"","_tribe_ticket_global_stock_level":"","_global_stock_mode":"","_global_stock_cap":"","_tribe_rsvp_for_event":"","_tribe_ticket_going_count":"","_tribe_ticket_not_going_count":"","_tribe_tickets_list":"[]","_tribe_ticket_has_attendee_info_fields":false,"h5ap_radio_sources":[],"_jetpack_newsletter_access":"","_jetpack_dont_email_post_to_subs":false,"_jetpack_newsletter_tier_id":0,"_jetpack_memberships_contains_paywalled_content":false,"_jetpack_memberships_contains_paid_content":false,"footnotes":""},"categories":[21,5],"tags":[],"class_list":["post-43211","post","type-post","status-publish","format-standard","has-post-thumbnail","hentry","category-actualidad","category-ganaderia"],"jetpack_featured_media_url":"https:\/\/i0.wp.com\/lahoradelcampo.com.uy\/site\/wp-content\/uploads\/2018\/05\/Dutra.jpg?fit=880%2C440&ssl=1","jetpack_sharing_enabled":true,"jetpack_shortlink":"https:\/\/wp.me\/p99IaT-beX","jetpack-related-posts":[{"id":43253,"url":"https:\/\/lahoradelcampo.com.uy\/site\/mercado-de-haciendas-vuelve-a-ajustar-al-alza\/","url_meta":{"origin":43211,"position":0},"title":"Mercado de haciendas vuelve a ajustar al alza","author":"La Hora del Campo","date":"28 junio, 2022","format":false,"excerpt":"El mercado de haciendas se encuentra nuevamente al alza, con una demanda adicional por novillos especiales debido a las faenas kosher y una oferta que cada vez se hace m\u00e1s escasa de acuerdo a los consignatarios, con valores puntuales por novillos especiales de US$ 5,65 como se\u00f1al\u00f3 el martillero Alejandro\u2026","rel":"","context":"En \u00abActualidad\u00bb","block_context":{"text":"Actualidad","link":"https:\/\/lahoradelcampo.com.uy\/site\/category\/actualidad\/"},"img":{"alt_text":"","src":"https:\/\/i0.wp.com\/lahoradelcampo.com.uy\/site\/wp-content\/uploads\/2021\/05\/ganadogordo.jpg?fit=880%2C440&ssl=1&resize=350%2C200","width":350,"height":200,"srcset":"https:\/\/i0.wp.com\/lahoradelcampo.com.uy\/site\/wp-content\/uploads\/2021\/05\/ganadogordo.jpg?fit=880%2C440&ssl=1&resize=350%2C200 1x, https:\/\/i0.wp.com\/lahoradelcampo.com.uy\/site\/wp-content\/uploads\/2021\/05\/ganadogordo.jpg?fit=880%2C440&ssl=1&resize=525%2C300 1.5x, https:\/\/i0.wp.com\/lahoradelcampo.com.uy\/site\/wp-content\/uploads\/2021\/05\/ganadogordo.jpg?fit=880%2C440&ssl=1&resize=700%2C400 2x"},"classes":[]},{"id":1867,"url":"https:\/\/lahoradelcampo.com.uy\/site\/buen-nivel-de-colocacion-en-pantalla-uruguay\/","url_meta":{"origin":43211,"position":1},"title":"Buen nivel de colocaci\u00f3n  en Pantalla Uruguay","author":"La Hora del Campo","date":"28 septiembre, 2017","format":false,"excerpt":"En la jornada de ayer, el consorcio de rematadores de Pantalla Uruguay concret\u00f3 su 184 remate por pantalla, con un importante nivel de colocaci\u00f3n de la oferta propuesta para esta oportunidad. \"Un remate que arranc\u00f3 muy firme coloc\u00e1ndose todo en la escalera de machos, con los precios por encima de\u2026","rel":"","context":"En \u00abActualidad\u00bb","block_context":{"text":"Actualidad","link":"https:\/\/lahoradelcampo.com.uy\/site\/category\/actualidad\/"},"img":{"alt_text":"","src":"https:\/\/i0.wp.com\/lahoradelcampo.com.uy\/site\/wp-content\/uploads\/2017\/09\/Pantalla-Uruguay.jpg?fit=880%2C440&ssl=1&resize=350%2C200","width":350,"height":200,"srcset":"https:\/\/i0.wp.com\/lahoradelcampo.com.uy\/site\/wp-content\/uploads\/2017\/09\/Pantalla-Uruguay.jpg?fit=880%2C440&ssl=1&resize=350%2C200 1x, https:\/\/i0.wp.com\/lahoradelcampo.com.uy\/site\/wp-content\/uploads\/2017\/09\/Pantalla-Uruguay.jpg?fit=880%2C440&ssl=1&resize=525%2C300 1.5x, https:\/\/i0.wp.com\/lahoradelcampo.com.uy\/site\/wp-content\/uploads\/2017\/09\/Pantalla-Uruguay.jpg?fit=880%2C440&ssl=1&resize=700%2C400 2x"},"classes":[]},{"id":47317,"url":"https:\/\/lahoradelcampo.com.uy\/site\/entradas-agiles-y-precios-en-alza-para-el-gordo\/","url_meta":{"origin":43211,"position":2},"title":"Entradas \u00e1giles y precios en alza para el gordo","author":"La Hora del Campo","date":"29 noviembre, 2022","format":false,"excerpt":"En la jornada de ayer se reunieron los consignatarios de ganados y marcaron las nuevas referencias de precios para la presente semana, con subas en las cotizaciones de acorde a lo que ha venido sucediendo en la semana pasada, con vacas pesadas que llegaron a US$ 3,60 en el sur\u2026","rel":"","context":"En \u00abActualidad\u00bb","block_context":{"text":"Actualidad","link":"https:\/\/lahoradelcampo.com.uy\/site\/category\/actualidad\/"},"img":{"alt_text":"","src":"https:\/\/i0.wp.com\/lahoradelcampo.com.uy\/site\/wp-content\/uploads\/2019\/06\/ganados.jpg?fit=880%2C440&ssl=1&resize=350%2C200","width":350,"height":200,"srcset":"https:\/\/i0.wp.com\/lahoradelcampo.com.uy\/site\/wp-content\/uploads\/2019\/06\/ganados.jpg?fit=880%2C440&ssl=1&resize=350%2C200 1x, https:\/\/i0.wp.com\/lahoradelcampo.com.uy\/site\/wp-content\/uploads\/2019\/06\/ganados.jpg?fit=880%2C440&ssl=1&resize=525%2C300 1.5x, https:\/\/i0.wp.com\/lahoradelcampo.com.uy\/site\/wp-content\/uploads\/2019\/06\/ganados.jpg?fit=880%2C440&ssl=1&resize=700%2C400 2x"},"classes":[]},{"id":27786,"url":"https:\/\/lahoradelcampo.com.uy\/site\/ante-la-escasez-en-la-oferta-el-ganado-gordo-continua-subiendo\/","url_meta":{"origin":43211,"position":3},"title":"Ante la escasez en la  oferta, el ganado gordo contin\u00faa subiendo","author":"La Hora del Campo","date":"18 febrero, 2021","format":false,"excerpt":"La escasez de ganados gordos, bien terminados, es el principal factor alcista de las \u00faltimas semanas, y ha llevado a que las industrias se disputaran lotes importantes que llegaron a pagarse US$ 3,50. La generalidad del mercado mostr\u00f3 una nueva suba de precios que ha llevado al novillo gordo, especial,\u2026","rel":"","context":"En \u00abActualidad\u00bb","block_context":{"text":"Actualidad","link":"https:\/\/lahoradelcampo.com.uy\/site\/category\/actualidad\/"},"img":{"alt_text":"","src":"https:\/\/i0.wp.com\/lahoradelcampo.com.uy\/site\/wp-content\/uploads\/2019\/06\/novillo.jpg?fit=880%2C440&ssl=1&resize=350%2C200","width":350,"height":200,"srcset":"https:\/\/i0.wp.com\/lahoradelcampo.com.uy\/site\/wp-content\/uploads\/2019\/06\/novillo.jpg?fit=880%2C440&ssl=1&resize=350%2C200 1x, https:\/\/i0.wp.com\/lahoradelcampo.com.uy\/site\/wp-content\/uploads\/2019\/06\/novillo.jpg?fit=880%2C440&ssl=1&resize=525%2C300 1.5x, https:\/\/i0.wp.com\/lahoradelcampo.com.uy\/site\/wp-content\/uploads\/2019\/06\/novillo.jpg?fit=880%2C440&ssl=1&resize=700%2C400 2x"},"classes":[]},{"id":56801,"url":"https:\/\/lahoradelcampo.com.uy\/site\/alejandro-dutra-estamos-en-un-mercado-ganadero-muy-bueno-y-con-la-flecha-para-arriba\/","url_meta":{"origin":43211,"position":4},"title":"Alejandro Dutra: \u00abEstamos en un mercado ganadero muy bueno y con la flecha para arriba\u00bb","author":"La Hora del Campo","date":"13 septiembre, 2025","format":false,"excerpt":"En el marco de la Expo Prado, Alejandro Dutra, director de Escritorio Dutra, analiz\u00f3 la coyuntura del mercado ganadero, destacando el firme nivel de los precios y la alta demanda de haciendas gordas. \"La verdad que este a\u00f1o no fue as\u00ed, seguimos con valores muy buenos. Se sigue trabajando muy\u2026","rel":"","context":"En \u00abActualidad\u00bb","block_context":{"text":"Actualidad","link":"https:\/\/lahoradelcampo.com.uy\/site\/category\/actualidad\/"},"img":{"alt_text":"","src":"https:\/\/i0.wp.com\/lahoradelcampo.com.uy\/site\/wp-content\/uploads\/2025\/09\/Alejandrodutra1.jpg?fit=880%2C440&ssl=1&resize=350%2C200","width":350,"height":200,"srcset":"https:\/\/i0.wp.com\/lahoradelcampo.com.uy\/site\/wp-content\/uploads\/2025\/09\/Alejandrodutra1.jpg?fit=880%2C440&ssl=1&resize=350%2C200 1x, https:\/\/i0.wp.com\/lahoradelcampo.com.uy\/site\/wp-content\/uploads\/2025\/09\/Alejandrodutra1.jpg?fit=880%2C440&ssl=1&resize=525%2C300 1.5x, https:\/\/i0.wp.com\/lahoradelcampo.com.uy\/site\/wp-content\/uploads\/2025\/09\/Alejandrodutra1.jpg?fit=880%2C440&ssl=1&resize=700%2C400 2x"},"classes":[]},{"id":20982,"url":"https:\/\/lahoradelcampo.com.uy\/site\/reposicion-estable-y-con-ajuste-en-la-oferta\/","url_meta":{"origin":43211,"position":5},"title":"Reposici\u00f3n estable y con ajuste en la oferta","author":"La Hora del Campo","date":"16 junio, 2020","format":false,"excerpt":"De acuerdo a la Asociaci\u00f3n de Consignatarios de Ganados del Uruguay, hubo un ajuste en la oferta de ganados de reposici\u00f3n, por lo cual los precios se mantuvieron estables. A destacar que los terneros de exportaci\u00f3n, mejoran levemente en su cotizaci\u00f3n, mientras que la escalera de novillos cotiza al alza\u2026","rel":"","context":"En \u00abActualidad\u00bb","block_context":{"text":"Actualidad","link":"https:\/\/lahoradelcampo.com.uy\/site\/category\/actualidad\/"},"img":{"alt_text":"","src":"https:\/\/i0.wp.com\/lahoradelcampo.com.uy\/site\/wp-content\/uploads\/2020\/06\/reposicion.jpg?fit=880%2C440&ssl=1&resize=350%2C200","width":350,"height":200,"srcset":"https:\/\/i0.wp.com\/lahoradelcampo.com.uy\/site\/wp-content\/uploads\/2020\/06\/reposicion.jpg?fit=880%2C440&ssl=1&resize=350%2C200 1x, https:\/\/i0.wp.com\/lahoradelcampo.com.uy\/site\/wp-content\/uploads\/2020\/06\/reposicion.jpg?fit=880%2C440&ssl=1&resize=525%2C300 1.5x, https:\/\/i0.wp.com\/lahoradelcampo.com.uy\/site\/wp-content\/uploads\/2020\/06\/reposicion.jpg?fit=880%2C440&ssl=1&resize=700%2C400 2x"},"classes":[]}],"jetpack_likes_enabled":true,"_links":{"self":[{"href":"https:\/\/lahoradelcampo.com.uy\/site\/wp-json\/wp\/v2\/posts\/43211","targetHints":{"allow":["GET"]}}],"collection":[{"href":"https:\/\/lahoradelcampo.com.uy\/site\/wp-json\/wp\/v2\/posts"}],"about":[{"href":"https:\/\/lahoradelcampo.com.uy\/site\/wp-json\/wp\/v2\/types\/post"}],"author":[{"embeddable":true,"href":"https:\/\/lahoradelcampo.com.uy\/site\/wp-json\/wp\/v2\/users\/5"}],"replies":[{"embeddable":true,"href":"https:\/\/lahoradelcampo.com.uy\/site\/wp-json\/wp\/v2\/comments?post=43211"}],"version-history":[{"count":1,"href":"https:\/\/lahoradelcampo.com.uy\/site\/wp-json\/wp\/v2\/posts\/43211\/revisions"}],"predecessor-version":[{"id":43213,"href":"https:\/\/lahoradelcampo.com.uy\/site\/wp-json\/wp\/v2\/posts\/43211\/revisions\/43213"}],"wp:featuredmedia":[{"embeddable":true,"href":"https:\/\/lahoradelcampo.com.uy\/site\/wp-json\/wp\/v2\/media\/7255"}],"wp:attachment":[{"href":"https:\/\/lahoradelcampo.com.uy\/site\/wp-json\/wp\/v2\/media?parent=43211"}],"wp:term":[{"taxonomy":"category","embeddable":true,"href":"https:\/\/lahoradelcampo.com.uy\/site\/wp-json\/wp\/v2\/categories?post=43211"},{"taxonomy":"post_tag","embeddable":true,"href":"https:\/\/lahoradelcampo.com.uy\/site\/wp-json\/wp\/v2\/tags?post=43211"}],"curies":[{"name":"wp","href":"https:\/\/api.w.org\/{rel}","templated":true}]}}