{"id":43207,"date":"2022-06-27T07:20:14","date_gmt":"2022-06-27T10:20:14","guid":{"rendered":"http:\/\/lahoradelcampo.com.uy\/site\/?p=43207"},"modified":"2022-06-27T07:20:18","modified_gmt":"2022-06-27T10:20:18","slug":"arroceros-en-rs-brasil-alcanzaron-los-8-315-kilos-por-hectarea","status":"publish","type":"post","link":"https:\/\/lahoradelcampo.com.uy\/site\/arroceros-en-rs-brasil-alcanzaron-los-8-315-kilos-por-hectarea\/","title":{"rendered":"Arroceros en RS\/Brasil alcanzaron los 8.315 kilos por hect\u00e1rea"},"content":{"rendered":"\n<figure class=\"wp-block-image\"><img data-recalc-dims=\"1\" loading=\"lazy\" decoding=\"async\" width=\"810\" height=\"405\" data-attachment-id=\"10941\" data-permalink=\"https:\/\/lahoradelcampo.com.uy\/site\/leve-caida-en-la-produccion-mundial-del-arroz-en-2019\/arroz-3-2\/\" data-orig-file=\"https:\/\/i0.wp.com\/lahoradelcampo.com.uy\/site\/wp-content\/uploads\/2019\/05\/arroz-3.jpg?fit=880%2C440&amp;ssl=1\" data-orig-size=\"880,440\" data-comments-opened=\"1\" data-image-meta=\"{&quot;aperture&quot;:&quot;0&quot;,&quot;credit&quot;:&quot;&quot;,&quot;camera&quot;:&quot;&quot;,&quot;caption&quot;:&quot;&quot;,&quot;created_timestamp&quot;:&quot;0&quot;,&quot;copyright&quot;:&quot;&quot;,&quot;focal_length&quot;:&quot;0&quot;,&quot;iso&quot;:&quot;0&quot;,&quot;shutter_speed&quot;:&quot;0&quot;,&quot;title&quot;:&quot;&quot;,&quot;orientation&quot;:&quot;1&quot;}\" data-image-title=\"arroz 3\" data-image-description=\"\" data-image-caption=\"\" data-large-file=\"https:\/\/i0.wp.com\/lahoradelcampo.com.uy\/site\/wp-content\/uploads\/2019\/05\/arroz-3.jpg?fit=810%2C405&amp;ssl=1\" src=\"https:\/\/i0.wp.com\/lahoradelcampo.com.uy\/site\/wp-content\/uploads\/2019\/05\/arroz-3.jpg?resize=810%2C405\" alt=\"\" class=\"wp-image-10941\" srcset=\"https:\/\/i0.wp.com\/lahoradelcampo.com.uy\/site\/wp-content\/uploads\/2019\/05\/arroz-3.jpg?w=880&amp;ssl=1 880w, https:\/\/i0.wp.com\/lahoradelcampo.com.uy\/site\/wp-content\/uploads\/2019\/05\/arroz-3.jpg?resize=300%2C150&amp;ssl=1 300w, https:\/\/i0.wp.com\/lahoradelcampo.com.uy\/site\/wp-content\/uploads\/2019\/05\/arroz-3.jpg?resize=768%2C384&amp;ssl=1 768w, https:\/\/i0.wp.com\/lahoradelcampo.com.uy\/site\/wp-content\/uploads\/2019\/05\/arroz-3.jpg?resize=820%2C410&amp;ssl=1 820w\" sizes=\"auto, (max-width: 810px) 100vw, 810px\" \/><\/figure>\n\n\n\n<p>El Instituto R\u00edo Grandense del Arroz present\u00f3 los resultados finales de la zafra arrocera 2021-22, donde se indic\u00f3 un total de 927.009 hect\u00e1reas cosechadas de 957.185 sembradas en todo el estado del  sur de Brasil. <br><\/p>\n\n\n\n<p>La producci\u00f3n en el estado de R\u00edo Grande del Sur alcanz\u00f3 las 7.708.229 toneladas. Con un promedio de 8.315 kilos por hect\u00e1rea cosechada en el estado, en tanto que se perdieron 30.176 hect\u00e1reas. <\/p>\n\n\n\n<p>Salto, 27 de junio de 2022<\/p>\n","protected":false},"excerpt":{"rendered":"<p>El Instituto R\u00edo Grandense del Arroz present\u00f3 los resultados finales de la zafra arrocera 2021-22, donde se indic\u00f3 un total de 927.009 hect\u00e1reas cosechadas de 957.185 sembradas en todo el [&hellip;]<\/p>\n","protected":false},"author":5,"featured_media":10941,"comment_status":"open","ping_status":"open","sticky":false,"template":"","format":"standard","meta":{"_price":"","_stock":"","_tribe_ticket_header":"","_tribe_default_ticket_provider":"","_tribe_ticket_capacity":"0","_ticket_start_date":"","_ticket_end_date":"","_tribe_ticket_show_description":"","_tribe_ticket_show_not_going":false,"_tribe_ticket_use_global_stock":"","_tribe_ticket_global_stock_level":"","_global_stock_mode":"","_global_stock_cap":"","_tribe_rsvp_for_event":"","_tribe_ticket_going_count":"","_tribe_ticket_not_going_count":"","_tribe_tickets_list":"[]","_tribe_ticket_has_attendee_info_fields":false,"h5ap_radio_sources":[],"_jetpack_newsletter_access":"","_jetpack_dont_email_post_to_subs":false,"_jetpack_newsletter_tier_id":0,"_jetpack_memberships_contains_paywalled_content":false,"_jetpack_memberships_contains_paid_content":false,"footnotes":""},"categories":[21,15],"tags":[],"class_list":["post-43207","post","type-post","status-publish","format-standard","has-post-thumbnail","hentry","category-actualidad","category-columnistas"],"jetpack_featured_media_url":"https:\/\/i0.wp.com\/lahoradelcampo.com.uy\/site\/wp-content\/uploads\/2019\/05\/arroz-3.jpg?fit=880%2C440&ssl=1","jetpack_sharing_enabled":true,"jetpack_shortlink":"https:\/\/wp.me\/p99IaT-beT","jetpack-related-posts":[{"id":10441,"url":"https:\/\/lahoradelcampo.com.uy\/site\/cosecha-de-arroz-alcanzo-el-85-en-rio-grande-del-sur-brasil\/","url_meta":{"origin":43207,"position":0},"title":"Cosecha de arroz alcanz\u00f3 el 85% en R\u00edo Grande del Sur, Brasil","author":"La Hora del Campo","date":"3 mayo, 2019","format":false,"excerpt":"En el estado de R\u00edo Grande del Sur, Brasil, el principal productor de arroz del vecino pa\u00eds, la cosecha de la zafra 2018-19 alcanz\u00f3 las 837.518 hect\u00e1reas lo cual representa el 85,1% del \u00e1rea sembrada, seg\u00fan la informaci\u00f3n proporcionada por el Instituto Riograndense del Arroz (IRGA). La cosecha a permitido\u2026","rel":"","context":"En \u00abActualidad\u00bb","block_context":{"text":"Actualidad","link":"https:\/\/lahoradelcampo.com.uy\/site\/category\/actualidad\/"},"img":{"alt_text":"","src":"https:\/\/i0.wp.com\/lahoradelcampo.com.uy\/site\/wp-content\/uploads\/2019\/04\/Programa.jpg?fit=880%2C440&ssl=1&resize=350%2C200","width":350,"height":200,"srcset":"https:\/\/i0.wp.com\/lahoradelcampo.com.uy\/site\/wp-content\/uploads\/2019\/04\/Programa.jpg?fit=880%2C440&ssl=1&resize=350%2C200 1x, https:\/\/i0.wp.com\/lahoradelcampo.com.uy\/site\/wp-content\/uploads\/2019\/04\/Programa.jpg?fit=880%2C440&ssl=1&resize=525%2C300 1.5x, https:\/\/i0.wp.com\/lahoradelcampo.com.uy\/site\/wp-content\/uploads\/2019\/04\/Programa.jpg?fit=880%2C440&ssl=1&resize=700%2C400 2x"},"classes":[]},{"id":41837,"url":"https:\/\/lahoradelcampo.com.uy\/site\/suba-del-dolar-impulsa-el-arroz-en-brasil\/","url_meta":{"origin":43207,"position":1},"title":"Suba del d\u00f3lar impulsa el arroz en Brasil","author":"La Hora del Campo","date":"16 mayo, 2022","format":false,"excerpt":"El mercado brasilero del arroz reaccion\u00f3 esta semana, debido principalmente a la fuerza del d\u00f3lar frente al real. En promedio en el estado de R\u00edo Grande del Sur, principal productor del cereal en el vecino pa\u00eds, la bolsa de 50 kilos de arroz c\u00e1scara cerr\u00f3 la semana cotizando a R$\u2026","rel":"","context":"En \u00abActualidad\u00bb","block_context":{"text":"Actualidad","link":"https:\/\/lahoradelcampo.com.uy\/site\/category\/actualidad\/"},"img":{"alt_text":"","src":"https:\/\/i0.wp.com\/lahoradelcampo.com.uy\/site\/wp-content\/uploads\/2018\/04\/Arroz.jpg?fit=880%2C440&ssl=1&resize=350%2C200","width":350,"height":200,"srcset":"https:\/\/i0.wp.com\/lahoradelcampo.com.uy\/site\/wp-content\/uploads\/2018\/04\/Arroz.jpg?fit=880%2C440&ssl=1&resize=350%2C200 1x, https:\/\/i0.wp.com\/lahoradelcampo.com.uy\/site\/wp-content\/uploads\/2018\/04\/Arroz.jpg?fit=880%2C440&ssl=1&resize=525%2C300 1.5x, https:\/\/i0.wp.com\/lahoradelcampo.com.uy\/site\/wp-content\/uploads\/2018\/04\/Arroz.jpg?fit=880%2C440&ssl=1&resize=700%2C400 2x"},"classes":[]},{"id":10737,"url":"https:\/\/lahoradelcampo.com.uy\/site\/cae-el-area-de-trigo-2019-20-en-brasil\/","url_meta":{"origin":43207,"position":2},"title":"Cae el \u00e1rea de trigo 2019\/20 en Brasil","author":"La Hora del Campo","date":"14 mayo, 2019","format":false,"excerpt":"La siembra de trigo para la zafra 2019\/20 ha comenzado en Brasil en una \u00e1rea que debe disminuir respecto al a\u00f1o pasado, seg\u00fan el Centro de Estudios Avanzados en Econom\u00eda Aplicada de San Pablo (CEPEA), sin embargo se estim\u00f3 que crecer\u00e1 la productividad del cereal por hect\u00e1rea lo cual permitir\u00e1\u2026","rel":"","context":"En \u00abActualidad\u00bb","block_context":{"text":"Actualidad","link":"https:\/\/lahoradelcampo.com.uy\/site\/category\/actualidad\/"},"img":{"alt_text":"","src":"https:\/\/i0.wp.com\/lahoradelcampo.com.uy\/site\/wp-content\/uploads\/2019\/05\/trigos.jpg?fit=880%2C440&ssl=1&resize=350%2C200","width":350,"height":200,"srcset":"https:\/\/i0.wp.com\/lahoradelcampo.com.uy\/site\/wp-content\/uploads\/2019\/05\/trigos.jpg?fit=880%2C440&ssl=1&resize=350%2C200 1x, https:\/\/i0.wp.com\/lahoradelcampo.com.uy\/site\/wp-content\/uploads\/2019\/05\/trigos.jpg?fit=880%2C440&ssl=1&resize=525%2C300 1.5x, https:\/\/i0.wp.com\/lahoradelcampo.com.uy\/site\/wp-content\/uploads\/2019\/05\/trigos.jpg?fit=880%2C440&ssl=1&resize=700%2C400 2x"},"classes":[]},{"id":1607,"url":"https:\/\/lahoradelcampo.com.uy\/site\/solo-si-falta-arroz-se-obtiene-un-buen-precio\/","url_meta":{"origin":43207,"position":3},"title":"Solo si falta arroz, se obtiene un buen precio","author":"La Hora del Campo","date":"21 septiembre, 2017","format":false,"excerpt":"La problem\u00e1tica del sector arrocero, que est\u00e1 llevando a una reducci\u00f3n de \u00e1rea en nuestro pa\u00eds, tambi\u00e9n se extiende a los dem\u00e1s pa\u00edses de la regi\u00f3n y los productores en Brasil est\u00e1n fuertemente preocupados en presionar al gobierno para limitar el ingreso del arroz de la regi\u00f3n y mejorar los\u2026","rel":"","context":"En \u00abActualidad\u00bb","block_context":{"text":"Actualidad","link":"https:\/\/lahoradelcampo.com.uy\/site\/category\/actualidad\/"},"img":{"alt_text":"","src":"https:\/\/i0.wp.com\/lahoradelcampo.com.uy\/site\/wp-content\/uploads\/2017\/09\/Roberto-Amaral.jpg?fit=880%2C440&ssl=1&resize=350%2C200","width":350,"height":200,"srcset":"https:\/\/i0.wp.com\/lahoradelcampo.com.uy\/site\/wp-content\/uploads\/2017\/09\/Roberto-Amaral.jpg?fit=880%2C440&ssl=1&resize=350%2C200 1x, https:\/\/i0.wp.com\/lahoradelcampo.com.uy\/site\/wp-content\/uploads\/2017\/09\/Roberto-Amaral.jpg?fit=880%2C440&ssl=1&resize=525%2C300 1.5x, https:\/\/i0.wp.com\/lahoradelcampo.com.uy\/site\/wp-content\/uploads\/2017\/09\/Roberto-Amaral.jpg?fit=880%2C440&ssl=1&resize=700%2C400 2x"},"classes":[]},{"id":22248,"url":"https:\/\/lahoradelcampo.com.uy\/site\/us-13-por-bolsa-de-arroz-en-brasil\/","url_meta":{"origin":43207,"position":4},"title":"US$ 13 por bolsa de arroz en Brasil","author":"La Hora del Campo","date":"30 julio, 2020","format":false,"excerpt":"En el estado de R\u00edo Grande del Sur, Brasil, el productor contin\u00faa resisti\u00e9ndose a la baja de precios propuesta por la industria. La demanda de otros estados contin\u00faa firme por el cereal del sur brasilero. En cuanto a los precios, en la semana del 21 al 28 de julio, el\u2026","rel":"","context":"En \u00abActualidad\u00bb","block_context":{"text":"Actualidad","link":"https:\/\/lahoradelcampo.com.uy\/site\/category\/actualidad\/"},"img":{"alt_text":"","src":"https:\/\/i0.wp.com\/lahoradelcampo.com.uy\/site\/wp-content\/uploads\/2017\/10\/Arroz-siembra.jpg?fit=880%2C440&ssl=1&resize=350%2C200","width":350,"height":200,"srcset":"https:\/\/i0.wp.com\/lahoradelcampo.com.uy\/site\/wp-content\/uploads\/2017\/10\/Arroz-siembra.jpg?fit=880%2C440&ssl=1&resize=350%2C200 1x, https:\/\/i0.wp.com\/lahoradelcampo.com.uy\/site\/wp-content\/uploads\/2017\/10\/Arroz-siembra.jpg?fit=880%2C440&ssl=1&resize=525%2C300 1.5x, https:\/\/i0.wp.com\/lahoradelcampo.com.uy\/site\/wp-content\/uploads\/2017\/10\/Arroz-siembra.jpg?fit=880%2C440&ssl=1&resize=700%2C400 2x"},"classes":[]},{"id":26486,"url":"https:\/\/lahoradelcampo.com.uy\/site\/area-arrocera-de-brasil-caera-30-000-hectareas\/","url_meta":{"origin":43207,"position":5},"title":"\u00c1rea arrocera de Brasil caer\u00e1 30.000 hect\u00e1reas","author":"La Hora del Campo","date":"31 diciembre, 2020","format":false,"excerpt":"De acuerdo a las estimaciones realizadas en el mes de agosto de este a\u00f1o, el mayor estado productor de arroz de Brasil, R\u00edo Grande del Sur, ten\u00eda un \u00e1rea a sembrar de 969,2 mil hect\u00e1reas, sin embargo est\u00e1 proyecci\u00f3n no ser\u00e1 confirmada. La falta de agua en la frontera oeste,\u2026","rel":"","context":"En \u00abActualidad\u00bb","block_context":{"text":"Actualidad","link":"https:\/\/lahoradelcampo.com.uy\/site\/category\/actualidad\/"},"img":{"alt_text":"","src":"https:\/\/i0.wp.com\/lahoradelcampo.com.uy\/site\/wp-content\/uploads\/2018\/04\/Arroz.jpg?fit=880%2C440&ssl=1&resize=350%2C200","width":350,"height":200,"srcset":"https:\/\/i0.wp.com\/lahoradelcampo.com.uy\/site\/wp-content\/uploads\/2018\/04\/Arroz.jpg?fit=880%2C440&ssl=1&resize=350%2C200 1x, https:\/\/i0.wp.com\/lahoradelcampo.com.uy\/site\/wp-content\/uploads\/2018\/04\/Arroz.jpg?fit=880%2C440&ssl=1&resize=525%2C300 1.5x, https:\/\/i0.wp.com\/lahoradelcampo.com.uy\/site\/wp-content\/uploads\/2018\/04\/Arroz.jpg?fit=880%2C440&ssl=1&resize=700%2C400 2x"},"classes":[]}],"jetpack_likes_enabled":true,"_links":{"self":[{"href":"https:\/\/lahoradelcampo.com.uy\/site\/wp-json\/wp\/v2\/posts\/43207","targetHints":{"allow":["GET"]}}],"collection":[{"href":"https:\/\/lahoradelcampo.com.uy\/site\/wp-json\/wp\/v2\/posts"}],"about":[{"href":"https:\/\/lahoradelcampo.com.uy\/site\/wp-json\/wp\/v2\/types\/post"}],"author":[{"embeddable":true,"href":"https:\/\/lahoradelcampo.com.uy\/site\/wp-json\/wp\/v2\/users\/5"}],"replies":[{"embeddable":true,"href":"https:\/\/lahoradelcampo.com.uy\/site\/wp-json\/wp\/v2\/comments?post=43207"}],"version-history":[{"count":1,"href":"https:\/\/lahoradelcampo.com.uy\/site\/wp-json\/wp\/v2\/posts\/43207\/revisions"}],"predecessor-version":[{"id":43209,"href":"https:\/\/lahoradelcampo.com.uy\/site\/wp-json\/wp\/v2\/posts\/43207\/revisions\/43209"}],"wp:featuredmedia":[{"embeddable":true,"href":"https:\/\/lahoradelcampo.com.uy\/site\/wp-json\/wp\/v2\/media\/10941"}],"wp:attachment":[{"href":"https:\/\/lahoradelcampo.com.uy\/site\/wp-json\/wp\/v2\/media?parent=43207"}],"wp:term":[{"taxonomy":"category","embeddable":true,"href":"https:\/\/lahoradelcampo.com.uy\/site\/wp-json\/wp\/v2\/categories?post=43207"},{"taxonomy":"post_tag","embeddable":true,"href":"https:\/\/lahoradelcampo.com.uy\/site\/wp-json\/wp\/v2\/tags?post=43207"}],"curies":[{"name":"wp","href":"https:\/\/api.w.org\/{rel}","templated":true}]}}