{"id":43199,"date":"2022-06-27T07:12:18","date_gmt":"2022-06-27T10:12:18","guid":{"rendered":"http:\/\/lahoradelcampo.com.uy\/site\/?p=43199"},"modified":"2022-06-27T07:12:24","modified_gmt":"2022-06-27T10:12:24","slug":"gobierno-devolvera-65-millones-de-pesos-a-850-productores-lecheros","status":"publish","type":"post","link":"https:\/\/lahoradelcampo.com.uy\/site\/gobierno-devolvera-65-millones-de-pesos-a-850-productores-lecheros\/","title":{"rendered":"Gobierno devolver\u00e1 65 millones de pesos a 850 productores lecheros"},"content":{"rendered":"\n<figure class=\"wp-block-image\"><img data-recalc-dims=\"1\" loading=\"lazy\" decoding=\"async\" width=\"810\" height=\"405\" data-attachment-id=\"37849\" data-permalink=\"https:\/\/lahoradelcampo.com.uy\/site\/ejecutivo-devolvera-us-14-millones-a-productores-lecheros\/mgap-buffa\/\" data-orig-file=\"https:\/\/i0.wp.com\/lahoradelcampo.com.uy\/site\/wp-content\/uploads\/2021\/12\/MGAP-Buffa.jpg?fit=880%2C440&amp;ssl=1\" data-orig-size=\"880,440\" data-comments-opened=\"1\" data-image-meta=\"{&quot;aperture&quot;:&quot;0&quot;,&quot;credit&quot;:&quot;&quot;,&quot;camera&quot;:&quot;&quot;,&quot;caption&quot;:&quot;&quot;,&quot;created_timestamp&quot;:&quot;0&quot;,&quot;copyright&quot;:&quot;&quot;,&quot;focal_length&quot;:&quot;0&quot;,&quot;iso&quot;:&quot;0&quot;,&quot;shutter_speed&quot;:&quot;0&quot;,&quot;title&quot;:&quot;&quot;,&quot;orientation&quot;:&quot;1&quot;}\" data-image-title=\"MGAP-Buffa\" data-image-description=\"\" data-image-caption=\"\" data-large-file=\"https:\/\/i0.wp.com\/lahoradelcampo.com.uy\/site\/wp-content\/uploads\/2021\/12\/MGAP-Buffa.jpg?fit=810%2C405&amp;ssl=1\" src=\"https:\/\/i0.wp.com\/lahoradelcampo.com.uy\/site\/wp-content\/uploads\/2021\/12\/MGAP-Buffa.jpg?resize=810%2C405\" alt=\"\" class=\"wp-image-37849\" srcset=\"https:\/\/i0.wp.com\/lahoradelcampo.com.uy\/site\/wp-content\/uploads\/2021\/12\/MGAP-Buffa.jpg?w=880&amp;ssl=1 880w, https:\/\/i0.wp.com\/lahoradelcampo.com.uy\/site\/wp-content\/uploads\/2021\/12\/MGAP-Buffa.jpg?resize=300%2C150&amp;ssl=1 300w, https:\/\/i0.wp.com\/lahoradelcampo.com.uy\/site\/wp-content\/uploads\/2021\/12\/MGAP-Buffa.jpg?resize=768%2C384&amp;ssl=1 768w, https:\/\/i0.wp.com\/lahoradelcampo.com.uy\/site\/wp-content\/uploads\/2021\/12\/MGAP-Buffa.jpg?resize=820%2C410&amp;ssl=1 820w\" sizes=\"auto, (max-width: 810px) 100vw, 810px\" \/><\/figure>\n\n\n\n<p>Por tercera ocasi\u00f3n desde 2021, el Gobierno reintegrar\u00e1 el excedente generado por el Fondo de Financiamiento y Desarrollo Sustentable de la Actividad Lechera, 65 millones de pesos, a 850 productores. Consultado al respecto por Comunicaci\u00f3n Presidencial, el subsecretario del MGAP, Juan Ignacio Buffa, se\u00f1al\u00f3 que toda medida que mejore la situaci\u00f3n de los productores lecheros es buena para la cadena del sector y aumenta la productividad. Acceda a declaraciones del subsecretario, debajo.<br><\/p>\n\n\n\n<p>Buffa expres\u00f3 que en 2021, se modific\u00f3 la ley del fondo lechero para subsanar el hecho de que los productores que nunca hab\u00edan tomado el cr\u00e9dito que otorgaba la ley o aquellos que, habiendo terminado de pagar su deuda, tuvieran que continuar pagando; por lo que se les comenz\u00f3 a devolver el monto excedente. Los pagos a los productores se realizan mediante dep\u00f3sitos bancarios cada tres meses, sostuvo.<br><\/p>\n\n\n\n<p>Detall\u00f3 que el primer reembolso se efectu\u00f3 en diciembre de 2021 y benefici\u00f3 a 610 productores y el segundo, en marzo de 2022 para 711 emprendedores.<br><\/p>\n\n\n\n<p>\u201cLa tercera devoluci\u00f3n, a realizarse en los pr\u00f3ximos d\u00edas, llega en un momento importante del sector lechero, que atraves\u00f3 una crisis fuerte en los \u00faltimos 6 a\u00f1os y que hoy se est\u00e1 recuperando, en virtud de la competitividad y la mejora en la relaci\u00f3n de precios\u201d, acot\u00f3 el jerarca, quien indic\u00f3 que los reintegros trimestrales seguir\u00e1n vigentes mientras haya productores que terminen de pagar sus cr\u00e9ditos.<br><\/p>\n\n\n\n<p>Tomando en cuenta estas primeras tres devoluciones el reintegro asciende a un total de 4 millones y medio de d\u00f3lares.<br><\/p>\n\n\n\n<p>\u201cCualquier cosa que mejore la situaci\u00f3n de los productores lecheros es buena para la cadena del sector. No hay cadena si no hay orde\u00f1e\u201d, manifest\u00f3 Buffa.<\/p>\n\n\n\n<p>Salto, 27 de junio de 2022<\/p>\n","protected":false},"excerpt":{"rendered":"<p>Por tercera ocasi\u00f3n desde 2021, el Gobierno reintegrar\u00e1 el excedente generado por el Fondo de Financiamiento y Desarrollo Sustentable de la Actividad Lechera, 65 millones de pesos, a 850 productores. [&hellip;]<\/p>\n","protected":false},"author":5,"featured_media":37849,"comment_status":"open","ping_status":"open","sticky":false,"template":"","format":"standard","meta":{"_price":"","_stock":"","_tribe_ticket_header":"","_tribe_default_ticket_provider":"","_tribe_ticket_capacity":"0","_ticket_start_date":"","_ticket_end_date":"","_tribe_ticket_show_description":"","_tribe_ticket_show_not_going":false,"_tribe_ticket_use_global_stock":"","_tribe_ticket_global_stock_level":"","_global_stock_mode":"","_global_stock_cap":"","_tribe_rsvp_for_event":"","_tribe_ticket_going_count":"","_tribe_ticket_not_going_count":"","_tribe_tickets_list":"[]","_tribe_ticket_has_attendee_info_fields":false,"h5ap_radio_sources":[],"_jetpack_newsletter_access":"","_jetpack_dont_email_post_to_subs":false,"_jetpack_newsletter_tier_id":0,"_jetpack_memberships_contains_paywalled_content":false,"_jetpack_memberships_contains_paid_content":false,"footnotes":""},"categories":[21,11],"tags":[],"class_list":["post-43199","post","type-post","status-publish","format-standard","has-post-thumbnail","hentry","category-actualidad","category-lecheria"],"jetpack_featured_media_url":"https:\/\/i0.wp.com\/lahoradelcampo.com.uy\/site\/wp-content\/uploads\/2021\/12\/MGAP-Buffa.jpg?fit=880%2C440&ssl=1","jetpack_sharing_enabled":true,"jetpack_shortlink":"https:\/\/wp.me\/p99IaT-beL","jetpack-related-posts":[{"id":40181,"url":"https:\/\/lahoradelcampo.com.uy\/site\/gobierno-devolvio-65-millones-de-pesos-del-fondo-de-la-leche\/","url_meta":{"origin":43199,"position":0},"title":"Gobierno devolvi\u00f3 65 millones de pesos del Fondo de la Leche","author":"La Hora del Campo","date":"23 marzo, 2022","format":false,"excerpt":"El subsecretario de Ganader\u00eda, Juan Ignacio Buffa, inform\u00f3 que el Fondo de Financiamiento y Desarrollo Sustentable de la Actividad Lechera reintegr\u00f3 65 millones de pesos a 650 productores correspondientes a la prestaci\u00f3n pecuniaria de la leche del trimestre noviembre 2021-enero 2022. Buffa se\u00f1al\u00f3 que la iniciativa posibilita aumentar la productividad\u2026","rel":"","context":"En \u00abActualidad\u00bb","block_context":{"text":"Actualidad","link":"https:\/\/lahoradelcampo.com.uy\/site\/category\/actualidad\/"},"img":{"alt_text":"","src":"https:\/\/i0.wp.com\/lahoradelcampo.com.uy\/site\/wp-content\/uploads\/2021\/12\/MGAP-Buffa.jpg?fit=880%2C440&ssl=1&resize=350%2C200","width":350,"height":200,"srcset":"https:\/\/i0.wp.com\/lahoradelcampo.com.uy\/site\/wp-content\/uploads\/2021\/12\/MGAP-Buffa.jpg?fit=880%2C440&ssl=1&resize=350%2C200 1x, https:\/\/i0.wp.com\/lahoradelcampo.com.uy\/site\/wp-content\/uploads\/2021\/12\/MGAP-Buffa.jpg?fit=880%2C440&ssl=1&resize=525%2C300 1.5x, https:\/\/i0.wp.com\/lahoradelcampo.com.uy\/site\/wp-content\/uploads\/2021\/12\/MGAP-Buffa.jpg?fit=880%2C440&ssl=1&resize=700%2C400 2x"},"classes":[]},{"id":37847,"url":"https:\/\/lahoradelcampo.com.uy\/site\/ejecutivo-devolvera-us-14-millones-a-productores-lecheros\/","url_meta":{"origin":43199,"position":1},"title":"Ejecutivo devolver\u00e1 US$ 1,4 millones a productores lecheros","author":"La Hora del Campo","date":"27 diciembre, 2021","format":false,"excerpt":"Antes de fin de a\u00f1o, el Gobierno devolver\u00e1 a unos 700 productores el excedente generado por el Fondo de Financiamiento y Desarrollo Sustentable de la Actividad Lechera, que representa 1,4 millones de d\u00f3lares. El subsecretario de Ganader\u00eda, Agricultura y Pesca, Juan Ignacio Buffa, inform\u00f3 a Comunicaci\u00f3n Presidencial que la medida\u2026","rel":"","context":"En \u00abActualidad\u00bb","block_context":{"text":"Actualidad","link":"https:\/\/lahoradelcampo.com.uy\/site\/category\/actualidad\/"},"img":{"alt_text":"","src":"https:\/\/i0.wp.com\/lahoradelcampo.com.uy\/site\/wp-content\/uploads\/2021\/12\/MGAP-Buffa.jpg?fit=880%2C440&ssl=1&resize=350%2C200","width":350,"height":200,"srcset":"https:\/\/i0.wp.com\/lahoradelcampo.com.uy\/site\/wp-content\/uploads\/2021\/12\/MGAP-Buffa.jpg?fit=880%2C440&ssl=1&resize=350%2C200 1x, https:\/\/i0.wp.com\/lahoradelcampo.com.uy\/site\/wp-content\/uploads\/2021\/12\/MGAP-Buffa.jpg?fit=880%2C440&ssl=1&resize=525%2C300 1.5x, https:\/\/i0.wp.com\/lahoradelcampo.com.uy\/site\/wp-content\/uploads\/2021\/12\/MGAP-Buffa.jpg?fit=880%2C440&ssl=1&resize=700%2C400 2x"},"classes":[]},{"id":19084,"url":"https:\/\/lahoradelcampo.com.uy\/site\/se-ampliaron-zonas-declaradas-en-emergencia-por-sequia\/","url_meta":{"origin":43199,"position":2},"title":"Se ampliaron zonas declaradas en emergencia por sequ\u00eda","author":"La Hora del Campo","date":"22 abril, 2020","format":false,"excerpt":"El Subsecretario del MGAP, Juan Ignacio Buffa, el Director de Desarrollo Rural, Pablo Lanz, el Director de la Granja, Nicol\u00e1s Chiesa y el Analista Funcional de SNIA, Germ\u00e1n Rodr\u00edguez informaron detalles sobre la ampliaci\u00f3n de las zonas declaradas en Emergencia Agropecuaria en Rocha, Cerro Largo, Lavalleja y Treinta y Tres.\u2026","rel":"","context":"En \u00abActualidad\u00bb","block_context":{"text":"Actualidad","link":"https:\/\/lahoradelcampo.com.uy\/site\/category\/actualidad\/"},"img":{"alt_text":"","src":"https:\/\/i0.wp.com\/lahoradelcampo.com.uy\/site\/wp-content\/uploads\/2020\/04\/Mgap-sequia.jpg?fit=880%2C440&ssl=1&resize=350%2C200","width":350,"height":200,"srcset":"https:\/\/i0.wp.com\/lahoradelcampo.com.uy\/site\/wp-content\/uploads\/2020\/04\/Mgap-sequia.jpg?fit=880%2C440&ssl=1&resize=350%2C200 1x, https:\/\/i0.wp.com\/lahoradelcampo.com.uy\/site\/wp-content\/uploads\/2020\/04\/Mgap-sequia.jpg?fit=880%2C440&ssl=1&resize=525%2C300 1.5x, https:\/\/i0.wp.com\/lahoradelcampo.com.uy\/site\/wp-content\/uploads\/2020\/04\/Mgap-sequia.jpg?fit=880%2C440&ssl=1&resize=700%2C400 2x"},"classes":[]},{"id":3013,"url":"https:\/\/lahoradelcampo.com.uy\/site\/mgap-procura-crear-fondo-de-garantia-para-lecheros\/","url_meta":{"origin":43199,"position":3},"title":"MGAP procura crear fondo de garant\u00eda para lecheros","author":"La Hora del Campo","date":"20 octubre, 2017","format":false,"excerpt":"El ministro Tabar\u00e9 Aguerre inform\u00f3 que el Poder Ejecutivo enviar\u00e1 al Parlamento un proyecto de ley para crear un fondo de garant\u00eda que atienda el endeudamiento de los productores lecheros. Para su financiamiento se aumentar\u00e1 el precio de la leche en dos pesos por litro. Por otra parte, el ministro\u2026","rel":"","context":"En \u00abLecher\u00eda\u00bb","block_context":{"text":"Lecher\u00eda","link":"https:\/\/lahoradelcampo.com.uy\/site\/category\/lecheria\/"},"img":{"alt_text":"","src":"https:\/\/i0.wp.com\/lahoradelcampo.com.uy\/site\/wp-content\/uploads\/2017\/10\/Lecheria-1.jpg?fit=880%2C440&ssl=1&resize=350%2C200","width":350,"height":200,"srcset":"https:\/\/i0.wp.com\/lahoradelcampo.com.uy\/site\/wp-content\/uploads\/2017\/10\/Lecheria-1.jpg?fit=880%2C440&ssl=1&resize=350%2C200 1x, https:\/\/i0.wp.com\/lahoradelcampo.com.uy\/site\/wp-content\/uploads\/2017\/10\/Lecheria-1.jpg?fit=880%2C440&ssl=1&resize=525%2C300 1.5x, https:\/\/i0.wp.com\/lahoradelcampo.com.uy\/site\/wp-content\/uploads\/2017\/10\/Lecheria-1.jpg?fit=880%2C440&ssl=1&resize=700%2C400 2x"},"classes":[]},{"id":7017,"url":"https:\/\/lahoradelcampo.com.uy\/site\/medidas-del-gobierno-han-beneficiado-a-mas-de-13-000-productores\/","url_meta":{"origin":43199,"position":4},"title":"Medidas del gobierno han beneficiado a m\u00e1s de 13.000 productores","author":"La Hora del Campo","date":"10 mayo, 2018","format":false,"excerpt":"Bajo el t\u00edtulo \u201cAcciones adoptadas frente a situaciones cr\u00edticas que registra coyunturalmente el sector agropecuario\u201d, el gobierno nacional detalla en un documento las diversas medidas adoptadas a partir de la reuni\u00f3n del 15 de enero entre V\u00e1zquez y las gremiales rurales. El informe recuerda que se adopt\u00f3 la rebaja del\u2026","rel":"","context":"En \u00abActualidad\u00bb","block_context":{"text":"Actualidad","link":"https:\/\/lahoradelcampo.com.uy\/site\/category\/actualidad\/"},"img":{"alt_text":"","src":"https:\/\/i0.wp.com\/lahoradelcampo.com.uy\/site\/wp-content\/uploads\/2018\/05\/reunion-1.jpg?fit=880%2C440&ssl=1&resize=350%2C200","width":350,"height":200,"srcset":"https:\/\/i0.wp.com\/lahoradelcampo.com.uy\/site\/wp-content\/uploads\/2018\/05\/reunion-1.jpg?fit=880%2C440&ssl=1&resize=350%2C200 1x, https:\/\/i0.wp.com\/lahoradelcampo.com.uy\/site\/wp-content\/uploads\/2018\/05\/reunion-1.jpg?fit=880%2C440&ssl=1&resize=525%2C300 1.5x, https:\/\/i0.wp.com\/lahoradelcampo.com.uy\/site\/wp-content\/uploads\/2018\/05\/reunion-1.jpg?fit=880%2C440&ssl=1&resize=700%2C400 2x"},"classes":[]},{"id":5979,"url":"https:\/\/lahoradelcampo.com.uy\/site\/poder-ejecutivo-promulgo-las-leyes-del-fondo-lechero-y-la-devolucion-del-iva-al-gasoil\/","url_meta":{"origin":43199,"position":5},"title":"Poder Ejecutivo promulg\u00f3 las leyes del fondo lechero y la devoluci\u00f3n del iva al gasoil","author":"La Hora del Campo","date":"21 febrero, 2018","format":false,"excerpt":"El Poder Ejecutivo promulg\u00f3 el 20 de febrero la Ley de creaci\u00f3n del Fondo de Garant\u00eda para Deudas de los Productores Lecheros, as\u00ed como tambi\u00e9n la que establece la devoluci\u00f3n del Iva en adquisisiones de gasoil de productores lecheros, arroceros y fruticultores, donde se incluyen adem\u00e1s a los floricultores pero\u2026","rel":"","context":"En \u00abActualidad\u00bb","block_context":{"text":"Actualidad","link":"https:\/\/lahoradelcampo.com.uy\/site\/category\/actualidad\/"},"img":{"alt_text":"","src":"https:\/\/i0.wp.com\/lahoradelcampo.com.uy\/site\/wp-content\/uploads\/2017\/09\/lecheria.jpg?fit=880%2C440&ssl=1&resize=350%2C200","width":350,"height":200,"srcset":"https:\/\/i0.wp.com\/lahoradelcampo.com.uy\/site\/wp-content\/uploads\/2017\/09\/lecheria.jpg?fit=880%2C440&ssl=1&resize=350%2C200 1x, https:\/\/i0.wp.com\/lahoradelcampo.com.uy\/site\/wp-content\/uploads\/2017\/09\/lecheria.jpg?fit=880%2C440&ssl=1&resize=525%2C300 1.5x, https:\/\/i0.wp.com\/lahoradelcampo.com.uy\/site\/wp-content\/uploads\/2017\/09\/lecheria.jpg?fit=880%2C440&ssl=1&resize=700%2C400 2x"},"classes":[]}],"jetpack_likes_enabled":true,"_links":{"self":[{"href":"https:\/\/lahoradelcampo.com.uy\/site\/wp-json\/wp\/v2\/posts\/43199","targetHints":{"allow":["GET"]}}],"collection":[{"href":"https:\/\/lahoradelcampo.com.uy\/site\/wp-json\/wp\/v2\/posts"}],"about":[{"href":"https:\/\/lahoradelcampo.com.uy\/site\/wp-json\/wp\/v2\/types\/post"}],"author":[{"embeddable":true,"href":"https:\/\/lahoradelcampo.com.uy\/site\/wp-json\/wp\/v2\/users\/5"}],"replies":[{"embeddable":true,"href":"https:\/\/lahoradelcampo.com.uy\/site\/wp-json\/wp\/v2\/comments?post=43199"}],"version-history":[{"count":1,"href":"https:\/\/lahoradelcampo.com.uy\/site\/wp-json\/wp\/v2\/posts\/43199\/revisions"}],"predecessor-version":[{"id":43201,"href":"https:\/\/lahoradelcampo.com.uy\/site\/wp-json\/wp\/v2\/posts\/43199\/revisions\/43201"}],"wp:featuredmedia":[{"embeddable":true,"href":"https:\/\/lahoradelcampo.com.uy\/site\/wp-json\/wp\/v2\/media\/37849"}],"wp:attachment":[{"href":"https:\/\/lahoradelcampo.com.uy\/site\/wp-json\/wp\/v2\/media?parent=43199"}],"wp:term":[{"taxonomy":"category","embeddable":true,"href":"https:\/\/lahoradelcampo.com.uy\/site\/wp-json\/wp\/v2\/categories?post=43199"},{"taxonomy":"post_tag","embeddable":true,"href":"https:\/\/lahoradelcampo.com.uy\/site\/wp-json\/wp\/v2\/tags?post=43199"}],"curies":[{"name":"wp","href":"https:\/\/api.w.org\/{rel}","templated":true}]}}