{"id":43195,"date":"2022-06-27T06:57:26","date_gmt":"2022-06-27T09:57:26","guid":{"rendered":"http:\/\/lahoradelcampo.com.uy\/site\/?p=43195"},"modified":"2022-06-27T06:57:32","modified_gmt":"2022-06-27T09:57:32","slug":"remision-de-leche-en-mayo-cayo-un-25","status":"publish","type":"post","link":"https:\/\/lahoradelcampo.com.uy\/site\/remision-de-leche-en-mayo-cayo-un-25\/","title":{"rendered":"Remisi\u00f3n de leche en mayo cay\u00f3 un 2,5%"},"content":{"rendered":"\n<figure class=\"wp-block-image\"><img data-recalc-dims=\"1\" loading=\"lazy\" decoding=\"async\" width=\"810\" height=\"405\" data-attachment-id=\"40787\" data-permalink=\"https:\/\/lahoradelcampo.com.uy\/site\/productor-frances-ofrecera-leche-con-cannabidiol-en-europa\/lecheria-ordene\/\" data-orig-file=\"https:\/\/i0.wp.com\/lahoradelcampo.com.uy\/site\/wp-content\/uploads\/2022\/04\/Lecheria-orde%C3%B1e.jpg?fit=880%2C440&amp;ssl=1\" data-orig-size=\"880,440\" data-comments-opened=\"1\" data-image-meta=\"{&quot;aperture&quot;:&quot;0&quot;,&quot;credit&quot;:&quot;&quot;,&quot;camera&quot;:&quot;&quot;,&quot;caption&quot;:&quot;&quot;,&quot;created_timestamp&quot;:&quot;0&quot;,&quot;copyright&quot;:&quot;&quot;,&quot;focal_length&quot;:&quot;0&quot;,&quot;iso&quot;:&quot;0&quot;,&quot;shutter_speed&quot;:&quot;0&quot;,&quot;title&quot;:&quot;&quot;,&quot;orientation&quot;:&quot;1&quot;}\" data-image-title=\"Lecheria-orde\u00f1e\" data-image-description=\"\" data-image-caption=\"\" data-large-file=\"https:\/\/i0.wp.com\/lahoradelcampo.com.uy\/site\/wp-content\/uploads\/2022\/04\/Lecheria-orde%C3%B1e.jpg?fit=810%2C405&amp;ssl=1\" src=\"https:\/\/i0.wp.com\/lahoradelcampo.com.uy\/site\/wp-content\/uploads\/2022\/04\/Lecheria-orde%C3%B1e.jpg?resize=810%2C405\" alt=\"\" class=\"wp-image-40787\" srcset=\"https:\/\/i0.wp.com\/lahoradelcampo.com.uy\/site\/wp-content\/uploads\/2022\/04\/Lecheria-orde%C3%B1e.jpg?w=880&amp;ssl=1 880w, https:\/\/i0.wp.com\/lahoradelcampo.com.uy\/site\/wp-content\/uploads\/2022\/04\/Lecheria-orde%C3%B1e.jpg?resize=300%2C150&amp;ssl=1 300w, https:\/\/i0.wp.com\/lahoradelcampo.com.uy\/site\/wp-content\/uploads\/2022\/04\/Lecheria-orde%C3%B1e.jpg?resize=768%2C384&amp;ssl=1 768w, https:\/\/i0.wp.com\/lahoradelcampo.com.uy\/site\/wp-content\/uploads\/2022\/04\/Lecheria-orde%C3%B1e.jpg?resize=820%2C410&amp;ssl=1 820w\" sizes=\"auto, (max-width: 810px) 100vw, 810px\" \/><\/figure>\n\n\n\n<p>De acuerdo al informe elaborado por el Instituto Nacional de la Leche, durante el mes de mayo cay\u00f3 la remisi\u00f3n de leche a la industria l\u00e1ctea. <br><\/p>\n\n\n\n<p>En dicho mes ingresaron a planta 164 millones de litros de leche, un 2,5% menos que en igual mes de 2021. <br><\/p>\n\n\n\n<p>Durante los primeros cinco meses de 2022, enero-mayo, la remisi\u00f3n de leche alcanz\u00f3 los 746 millones de litros, lo que marca tambi\u00e9n una ca\u00edda respecto a igual per\u00edodo del a\u00f1o pasado, pero en este caso del 1,2%. <br><\/p>\n\n\n\n<p>Por su parte, en el acumulado de los \u00faltimos 12 meses, a mayo de 2022, la remisi\u00f3n se posiciona en los 2.109 millones de litros de leche, lo que a\u00fan mantiene la remisi\u00f3n un 0,1% sobre igual per\u00edodo anterior. <\/p>\n\n\n\n<p><strong>Precio en el tambo subi\u00f3 un 23% en US$<\/strong><\/p>\n\n\n\n<p>De acuerdo a la informaci\u00f3n de INALE, el precio de la leche en el tambo, recibido por el productor en el mes de mayo de 2022, registr\u00f3 un incremento del 23% respecto a un a\u00f1o atr\u00e1s, tras ubicarse en US$ 0,44 por litro. <br><\/p>\n\n\n\n<p>Si se analiza este valor en pesos uruguayos, el incremento fue menor, pero la tendencia fue tambi\u00e9n positiva. El litro de leche en el tambo se posicion\u00f3 en $ 17,78 durante el mes de mayo, lo que implica un aumento de 14% respecto a un a\u00f1o atr\u00e1s. <br><\/p>\n\n\n\n<p>Por su parte el kilo de s\u00f3lidos, se posicion\u00f3 en $ 228,30, tambi\u00e9n registrando subas con respecto a mayo del a\u00f1o pasado, incrementando su cotizaci\u00f3n un 13%. <\/p>\n\n\n\n<p>Salto, 27 de junio de 2022<\/p>\n","protected":false},"excerpt":{"rendered":"<p>De acuerdo al informe elaborado por el Instituto Nacional de la Leche, durante el mes de mayo cay\u00f3 la remisi\u00f3n de leche a la industria l\u00e1ctea. En dicho mes ingresaron [&hellip;]<\/p>\n","protected":false},"author":5,"featured_media":40787,"comment_status":"open","ping_status":"open","sticky":false,"template":"","format":"standard","meta":{"_price":"","_stock":"","_tribe_ticket_header":"","_tribe_default_ticket_provider":"","_tribe_ticket_capacity":"0","_ticket_start_date":"","_ticket_end_date":"","_tribe_ticket_show_description":"","_tribe_ticket_show_not_going":false,"_tribe_ticket_use_global_stock":"","_tribe_ticket_global_stock_level":"","_global_stock_mode":"","_global_stock_cap":"","_tribe_rsvp_for_event":"","_tribe_ticket_going_count":"","_tribe_ticket_not_going_count":"","_tribe_tickets_list":"[]","_tribe_ticket_has_attendee_info_fields":false,"h5ap_radio_sources":[],"_jetpack_newsletter_access":"","_jetpack_dont_email_post_to_subs":false,"_jetpack_newsletter_tier_id":0,"_jetpack_memberships_contains_paywalled_content":false,"_jetpack_memberships_contains_paid_content":false,"footnotes":""},"categories":[21,11],"tags":[],"class_list":["post-43195","post","type-post","status-publish","format-standard","has-post-thumbnail","hentry","category-actualidad","category-lecheria"],"jetpack_featured_media_url":"https:\/\/i0.wp.com\/lahoradelcampo.com.uy\/site\/wp-content\/uploads\/2022\/04\/Lecheria-orde%C3%B1e.jpg?fit=880%2C440&ssl=1","jetpack_sharing_enabled":true,"jetpack_shortlink":"https:\/\/wp.me\/p99IaT-beH","jetpack-related-posts":[{"id":31554,"url":"https:\/\/lahoradelcampo.com.uy\/site\/remision-de-leche-crecio-6-en-mayo\/","url_meta":{"origin":43195,"position":0},"title":"Remisi\u00f3n de leche creci\u00f3 6% en mayo","author":"La Hora del Campo","date":"26 junio, 2021","format":false,"excerpt":"Seg\u00fan el Instituto Nacional de la Leche (INALE) la remisi\u00f3n de leche a plantas industriales totaliz\u00f3 171,2 millones y creci\u00f3 6,2% respecto a igual mes del a\u00f1o pasado, confirmando as\u00ed el fuerte dinamismo de la fase primaria en los \u00faltimos meses. En el per\u00edodo enero-mayo, la remisi\u00f3n totaliza 768 millones\u2026","rel":"","context":"En \u00abActualidad\u00bb","block_context":{"text":"Actualidad","link":"https:\/\/lahoradelcampo.com.uy\/site\/category\/actualidad\/"},"img":{"alt_text":"","src":"https:\/\/i0.wp.com\/lahoradelcampo.com.uy\/site\/wp-content\/uploads\/2019\/04\/Lecheria.jpg?fit=880%2C440&ssl=1&resize=350%2C200","width":350,"height":200,"srcset":"https:\/\/i0.wp.com\/lahoradelcampo.com.uy\/site\/wp-content\/uploads\/2019\/04\/Lecheria.jpg?fit=880%2C440&ssl=1&resize=350%2C200 1x, https:\/\/i0.wp.com\/lahoradelcampo.com.uy\/site\/wp-content\/uploads\/2019\/04\/Lecheria.jpg?fit=880%2C440&ssl=1&resize=525%2C300 1.5x, https:\/\/i0.wp.com\/lahoradelcampo.com.uy\/site\/wp-content\/uploads\/2019\/04\/Lecheria.jpg?fit=880%2C440&ssl=1&resize=700%2C400 2x"},"classes":[]},{"id":45025,"url":"https:\/\/lahoradelcampo.com.uy\/site\/precio-de-la-leche-subio-un-18-en-dolares-y-la-remision-cayo-un-49\/","url_meta":{"origin":43195,"position":1},"title":"Precio de la leche subi\u00f3 un 18% en d\u00f3lares y la remisi\u00f3n cay\u00f3 un 4,9%","author":"La Hora del Campo","date":"27 agosto, 2022","format":false,"excerpt":"El Instituto Nacional de la Leche (INALE) dio a conocer los valores recibidos por el productor durante el pasado mes de julio, donde se observa un incremento en las cotizaciones respecto a igual mes del a\u00f1o pasado, tanto en d\u00f3lares norteamericanos como en la moneda nacional. En d\u00f3lares norteamericanos, el\u2026","rel":"","context":"En \u00abActualidad\u00bb","block_context":{"text":"Actualidad","link":"https:\/\/lahoradelcampo.com.uy\/site\/category\/actualidad\/"},"img":{"alt_text":"","src":"https:\/\/i0.wp.com\/lahoradelcampo.com.uy\/site\/wp-content\/uploads\/2021\/06\/Lecheria.jpg?fit=880%2C440&ssl=1&resize=350%2C200","width":350,"height":200,"srcset":"https:\/\/i0.wp.com\/lahoradelcampo.com.uy\/site\/wp-content\/uploads\/2021\/06\/Lecheria.jpg?fit=880%2C440&ssl=1&resize=350%2C200 1x, https:\/\/i0.wp.com\/lahoradelcampo.com.uy\/site\/wp-content\/uploads\/2021\/06\/Lecheria.jpg?fit=880%2C440&ssl=1&resize=525%2C300 1.5x, https:\/\/i0.wp.com\/lahoradelcampo.com.uy\/site\/wp-content\/uploads\/2021\/06\/Lecheria.jpg?fit=880%2C440&ssl=1&resize=700%2C400 2x"},"classes":[]},{"id":37025,"url":"https:\/\/lahoradelcampo.com.uy\/site\/remision-de-leche-a-la-industria-uruguaya-sera-record-en-2021\/","url_meta":{"origin":43195,"position":2},"title":"Remisi\u00f3n de leche a la industria uruguaya ser\u00e1 r\u00e9cord en 2021","author":"La Hora del Campo","date":"30 noviembre, 2021","format":false,"excerpt":"Los datos del Instituto Nacional de la Leche (INALE) entre enero y octubre de 2021, marca un volumen de leche remitido a planta de 1.739 millones de litros, lo que implica un incremento del 2,4% respecto a 2020, que fue el mayor a\u00f1o de remisi\u00f3n de leche desde el 2002.\u2026","rel":"","context":"En \u00abActualidad\u00bb","block_context":{"text":"Actualidad","link":"https:\/\/lahoradelcampo.com.uy\/site\/category\/actualidad\/"},"img":{"alt_text":"","src":"https:\/\/i0.wp.com\/lahoradelcampo.com.uy\/site\/wp-content\/uploads\/2018\/05\/Lecheria.jpg?fit=880%2C440&ssl=1&resize=350%2C200","width":350,"height":200,"srcset":"https:\/\/i0.wp.com\/lahoradelcampo.com.uy\/site\/wp-content\/uploads\/2018\/05\/Lecheria.jpg?fit=880%2C440&ssl=1&resize=350%2C200 1x, https:\/\/i0.wp.com\/lahoradelcampo.com.uy\/site\/wp-content\/uploads\/2018\/05\/Lecheria.jpg?fit=880%2C440&ssl=1&resize=525%2C300 1.5x, https:\/\/i0.wp.com\/lahoradelcampo.com.uy\/site\/wp-content\/uploads\/2018\/05\/Lecheria.jpg?fit=880%2C440&ssl=1&resize=700%2C400 2x"},"classes":[]},{"id":32474,"url":"https:\/\/lahoradelcampo.com.uy\/site\/record-de-produccion-de-leche-en-el-primer-semestre\/","url_meta":{"origin":43195,"position":3},"title":"R\u00e9cord de producci\u00f3n  de leche  en el primer semestre","author":"La Hora del Campo","date":"27 julio, 2021","format":false,"excerpt":"Entre enero y junio la remisi\u00f3n de leche a plantas industriales subi\u00f3 5,5% con 940,3 millones de litros, el mayor volumen alcanzado para ese periodo desde que hay registros (2002), de acuerdo a los \u00faltimos datos del Instituto Nacional de la Leche (INALE). Todos los meses en lo que va\u2026","rel":"","context":"En \u00abActualidad\u00bb","block_context":{"text":"Actualidad","link":"https:\/\/lahoradelcampo.com.uy\/site\/category\/actualidad\/"},"img":{"alt_text":"","src":"https:\/\/i0.wp.com\/lahoradelcampo.com.uy\/site\/wp-content\/uploads\/2019\/04\/Lecheria.jpg?fit=880%2C440&ssl=1&resize=350%2C200","width":350,"height":200,"srcset":"https:\/\/i0.wp.com\/lahoradelcampo.com.uy\/site\/wp-content\/uploads\/2019\/04\/Lecheria.jpg?fit=880%2C440&ssl=1&resize=350%2C200 1x, https:\/\/i0.wp.com\/lahoradelcampo.com.uy\/site\/wp-content\/uploads\/2019\/04\/Lecheria.jpg?fit=880%2C440&ssl=1&resize=525%2C300 1.5x, https:\/\/i0.wp.com\/lahoradelcampo.com.uy\/site\/wp-content\/uploads\/2019\/04\/Lecheria.jpg?fit=880%2C440&ssl=1&resize=700%2C400 2x"},"classes":[]},{"id":53902,"url":"https:\/\/lahoradelcampo.com.uy\/site\/informe-de-inale-caida-en-la-remision-de-leche-en-abril\/","url_meta":{"origin":43195,"position":4},"title":"Informe de INALE: Ca\u00edda en la remisi\u00f3n de leche en abril","author":"La Hora del Campo","date":"24 mayo, 2024","format":false,"excerpt":"El Instituto Nacional de la Leche (INALE) inform\u00f3 una disminuci\u00f3n en la remisi\u00f3n de leche a la industria durante el mes de abril, en comparaci\u00f3n con el mismo mes del a\u00f1o anterior. En abril de 2024, se remitieron 143,4 millones de litros, lo que representa una ca\u00edda del 6,6% respecto\u2026","rel":"","context":"En \u00abActualidad\u00bb","block_context":{"text":"Actualidad","link":"https:\/\/lahoradelcampo.com.uy\/site\/category\/actualidad\/"},"img":{"alt_text":"","src":"https:\/\/i0.wp.com\/lahoradelcampo.com.uy\/site\/wp-content\/uploads\/2017\/11\/lecheria.jpg?fit=880%2C440&ssl=1&resize=350%2C200","width":350,"height":200,"srcset":"https:\/\/i0.wp.com\/lahoradelcampo.com.uy\/site\/wp-content\/uploads\/2017\/11\/lecheria.jpg?fit=880%2C440&ssl=1&resize=350%2C200 1x, https:\/\/i0.wp.com\/lahoradelcampo.com.uy\/site\/wp-content\/uploads\/2017\/11\/lecheria.jpg?fit=880%2C440&ssl=1&resize=525%2C300 1.5x, https:\/\/i0.wp.com\/lahoradelcampo.com.uy\/site\/wp-content\/uploads\/2017\/11\/lecheria.jpg?fit=880%2C440&ssl=1&resize=700%2C400 2x"},"classes":[]},{"id":35983,"url":"https:\/\/lahoradelcampo.com.uy\/site\/remision-de-leche-ha-sido-record-en-setiembre\/","url_meta":{"origin":43195,"position":5},"title":"Remisi\u00f3n de leche ha sido r\u00e9cord en setiembre","author":"La Hora del Campo","date":"27 octubre, 2021","format":false,"excerpt":"Desde mayo la producci\u00f3n lechera viene con batiendo r\u00e9cord mensual de forma consecutiva. Los \u00faltimos datos muestran que en setiembre la remisi\u00f3n a planta alcanz\u00f3 210,4 millones de litros de leche, el mayor volumen hist\u00f3rico para ese mes, de acuerdo a los datos preliminares de INALE, con registros desde 2002.\u2026","rel":"","context":"En \u00abActualidad\u00bb","block_context":{"text":"Actualidad","link":"https:\/\/lahoradelcampo.com.uy\/site\/category\/actualidad\/"},"img":{"alt_text":"","src":"https:\/\/i0.wp.com\/lahoradelcampo.com.uy\/site\/wp-content\/uploads\/2019\/04\/Lecheria.jpg?fit=880%2C440&ssl=1&resize=350%2C200","width":350,"height":200,"srcset":"https:\/\/i0.wp.com\/lahoradelcampo.com.uy\/site\/wp-content\/uploads\/2019\/04\/Lecheria.jpg?fit=880%2C440&ssl=1&resize=350%2C200 1x, https:\/\/i0.wp.com\/lahoradelcampo.com.uy\/site\/wp-content\/uploads\/2019\/04\/Lecheria.jpg?fit=880%2C440&ssl=1&resize=525%2C300 1.5x, https:\/\/i0.wp.com\/lahoradelcampo.com.uy\/site\/wp-content\/uploads\/2019\/04\/Lecheria.jpg?fit=880%2C440&ssl=1&resize=700%2C400 2x"},"classes":[]}],"jetpack_likes_enabled":true,"_links":{"self":[{"href":"https:\/\/lahoradelcampo.com.uy\/site\/wp-json\/wp\/v2\/posts\/43195","targetHints":{"allow":["GET"]}}],"collection":[{"href":"https:\/\/lahoradelcampo.com.uy\/site\/wp-json\/wp\/v2\/posts"}],"about":[{"href":"https:\/\/lahoradelcampo.com.uy\/site\/wp-json\/wp\/v2\/types\/post"}],"author":[{"embeddable":true,"href":"https:\/\/lahoradelcampo.com.uy\/site\/wp-json\/wp\/v2\/users\/5"}],"replies":[{"embeddable":true,"href":"https:\/\/lahoradelcampo.com.uy\/site\/wp-json\/wp\/v2\/comments?post=43195"}],"version-history":[{"count":1,"href":"https:\/\/lahoradelcampo.com.uy\/site\/wp-json\/wp\/v2\/posts\/43195\/revisions"}],"predecessor-version":[{"id":43197,"href":"https:\/\/lahoradelcampo.com.uy\/site\/wp-json\/wp\/v2\/posts\/43195\/revisions\/43197"}],"wp:featuredmedia":[{"embeddable":true,"href":"https:\/\/lahoradelcampo.com.uy\/site\/wp-json\/wp\/v2\/media\/40787"}],"wp:attachment":[{"href":"https:\/\/lahoradelcampo.com.uy\/site\/wp-json\/wp\/v2\/media?parent=43195"}],"wp:term":[{"taxonomy":"category","embeddable":true,"href":"https:\/\/lahoradelcampo.com.uy\/site\/wp-json\/wp\/v2\/categories?post=43195"},{"taxonomy":"post_tag","embeddable":true,"href":"https:\/\/lahoradelcampo.com.uy\/site\/wp-json\/wp\/v2\/tags?post=43195"}],"curies":[{"name":"wp","href":"https:\/\/api.w.org\/{rel}","templated":true}]}}